{"id":21543,"date":"2022-03-16T09:08:30","date_gmt":"2022-03-16T08:08:30","guid":{"rendered":"https:\/\/vosgesinfo.fr\/laplainedesvosgesinfo\/2022\/03\/casting-le-telefilm-meurtres-a-nancy-diffuse-sur-france-3-recherche-des-comediens\/"},"modified":"2022-03-16T09:08:30","modified_gmt":"2022-03-16T08:08:30","slug":"casting-le-telefilm-meurtres-a-nancy-diffuse-sur-france-3-recherche-des-comediens","status":"publish","type":"post","link":"https:\/\/vosgesinfo.fr\/laplainedesvosgesinfo\/2022\/03\/casting-le-telefilm-meurtres-a-nancy-diffuse-sur-france-3-recherche-des-comediens\/","title":{"rendered":"Casting \u2013 Le t\u00e9l\u00e9film \u00ab Meurtres \u00e0 Nancy \u00bb diffus\u00e9 sur France 3, recherche des com\u00e9diens"},"content":{"rendered":"<h2><strong>Patafilm\u00a0est \u00e0 la recherche de plusieurs com\u00e9diennes et com\u00e9diens pour le tournage du t\u00e9l\u00e9film \u00ab\u00a0Meurtres \u00e0 Nancy\u00a0\u00bb, pr\u00e9vu du 26 avril au 24 mai \u00e0 Nancy. La production est \u00e0 la recherche de com\u00e9diens et com\u00e9diennes avec des\u00a0prestations r\u00e9mun\u00e9r\u00e9es. Pour postuler, il est n\u00e9cessaire d\u2019avoir plus de 16 ans\u00a0et d\u2019\u00eatre domicili\u00e9 dans le Grand-Est.<\/strong><\/h2>\n","protected":false},"excerpt":{"rendered":"<p>Patafilm\u00a0est \u00e0 la recherche de plusieurs com\u00e9diennes et com\u00e9diens pour le tournage du t\u00e9l\u00e9film \u00ab\u00a0Meurtres \u00e0 Nancy\u00a0\u00bb, pr\u00e9vu du 26 [&hellip;]<\/p>\n","protected":false},"author":126,"featured_media":21544,"comment_status":"open","ping_status":"open","sticky":false,"template":"","format":"standard","meta":{"footnotes":""},"categories":[29,4,18],"tags":[],"class_list":["post-21543","post","type-post","status-publish","format-standard","has-post-thumbnail","hentry","category-a-la-une","category-culture","category-vosges"],"acf":[],"yoast_head":"<!-- This site is optimized with the Yoast SEO plugin v22.5 - https:\/\/yoast.com\/wordpress\/plugins\/seo\/ -->\n<title>Casting \u2013 Le t\u00e9l\u00e9film \u00ab Meurtres \u00e0 Nancy \u00bb diffus\u00e9 sur France 3, recherche des com\u00e9diens - La Plaine des Vosges<\/title>\n<meta name=\"robots\" content=\"index, follow, max-snippet:-1, max-image-preview:large, max-video-preview:-1\" \/>\n<link rel=\"canonical\" href=\"https:\/\/vosgesinfo.fr\/laplainedesvosgesinfo\/2022\/03\/casting-le-telefilm-meurtres-a-nancy-diffuse-sur-france-3-recherche-des-comediens\/\" \/>\n<meta name=\"twitter:card\" content=\"summary_large_image\" \/>\n<meta name=\"twitter:title\" content=\"Casting \u2013 Le t\u00e9l\u00e9film \u00ab Meurtres \u00e0 Nancy \u00bb diffus\u00e9 sur France 3, recherche des com\u00e9diens - La Plaine des Vosges\" \/>\n<meta name=\"twitter:description\" content=\"Patafilm\u00a0est \u00e0 la recherche de plusieurs com\u00e9diennes et com\u00e9diens pour le tournage du t\u00e9l\u00e9film \u00ab\u00a0Meurtres \u00e0 Nancy\u00a0\u00bb, pr\u00e9vu du 26 [&hellip;]\" \/>\n<meta name=\"twitter:image\" content=\"https:\/\/vosgesinfo.fr\/app\/uploads\/sites\/2\/2024\/07\/202203nancy-gbfcf7adf5-1920.jpg\" \/>\n<meta name=\"twitter:creator\" content=\"@VosgesInfo88\" \/>\n<meta name=\"twitter:site\" content=\"@VosgesInfo88\" \/>\n<meta name=\"twitter:label1\" content=\"\u00c9crit par\" \/>\n\t<meta name=\"twitter:data1\" content=\"La R\u00e9daction\" \/>\n<script type=\"application\/ld+json\" class=\"yoast-schema-graph\">{\"@context\":\"https:\/\/schema.org\",\"@graph\":[{\"@type\":\"Article\",\"@id\":\"https:\/\/vosgesinfo.fr\/laplainedesvosgesinfo\/2022\/03\/casting-le-telefilm-meurtres-a-nancy-diffuse-sur-france-3-recherche-des-comediens\/#article\",\"isPartOf\":{\"@id\":\"https:\/\/vosgesinfo.fr\/laplainedesvosgesinfo\/2022\/03\/casting-le-telefilm-meurtres-a-nancy-diffuse-sur-france-3-recherche-des-comediens\/\"},\"author\":{\"name\":\"La R\u00e9daction\",\"@id\":\"https:\/\/vosgesinfo.fr\/laplainedesvosgesinfo\/#\/schema\/person\/db412391f749f1ee67e177e1dc017316\"},\"headline\":\"Casting \u2013 Le t\u00e9l\u00e9film \u00ab Meurtres \u00e0 Nancy \u00bb diffus\u00e9 sur France 3, recherche des com\u00e9diens\",\"datePublished\":\"2022-03-16T08:08:30+00:00\",\"dateModified\":\"2022-03-16T08:08:30+00:00\",\"mainEntityOfPage\":{\"@id\":\"https:\/\/vosgesinfo.fr\/laplainedesvosgesinfo\/2022\/03\/casting-le-telefilm-meurtres-a-nancy-diffuse-sur-france-3-recherche-des-comediens\/\"},\"wordCount\":77,\"commentCount\":0,\"publisher\":{\"@id\":\"https:\/\/vosgesinfo.fr\/laplainedesvosgesinfo\/#organization\"},\"image\":{\"@id\":\"https:\/\/vosgesinfo.fr\/laplainedesvosgesinfo\/2022\/03\/casting-le-telefilm-meurtres-a-nancy-diffuse-sur-france-3-recherche-des-comediens\/#primaryimage\"},\"thumbnailUrl\":\"https:\/\/vosgesinfo.fr\/app\/uploads\/sites\/2\/2024\/07\/202203nancy-gbfcf7adf5-1920.jpg\",\"articleSection\":[\"A la Une\",\"Culture\",\"Vosges\"],\"inLanguage\":\"fr-FR\",\"potentialAction\":[{\"@type\":\"CommentAction\",\"name\":\"Comment\",\"target\":[\"https:\/\/vosgesinfo.fr\/laplainedesvosgesinfo\/2022\/03\/casting-le-telefilm-meurtres-a-nancy-diffuse-sur-france-3-recherche-des-comediens\/#respond\"]}]},{\"@type\":\"WebPage\",\"@id\":\"https:\/\/vosgesinfo.fr\/laplainedesvosgesinfo\/2022\/03\/casting-le-telefilm-meurtres-a-nancy-diffuse-sur-france-3-recherche-des-comediens\/\",\"url\":\"https:\/\/vosgesinfo.fr\/laplainedesvosgesinfo\/2022\/03\/casting-le-telefilm-meurtres-a-nancy-diffuse-sur-france-3-recherche-des-comediens\/\",\"name\":\"Casting \u2013 Le t\u00e9l\u00e9film \u00ab Meurtres \u00e0 Nancy \u00bb diffus\u00e9 sur France 3, recherche des com\u00e9diens - La Plaine des Vosges\",\"isPartOf\":{\"@id\":\"https:\/\/vosgesinfo.fr\/laplainedesvosgesinfo\/#website\"},\"primaryImageOfPage\":{\"@id\":\"https:\/\/vosgesinfo.fr\/laplainedesvosgesinfo\/2022\/03\/casting-le-telefilm-meurtres-a-nancy-diffuse-sur-france-3-recherche-des-comediens\/#primaryimage\"},\"image\":{\"@id\":\"https:\/\/vosgesinfo.fr\/laplainedesvosgesinfo\/2022\/03\/casting-le-telefilm-meurtres-a-nancy-diffuse-sur-france-3-recherche-des-comediens\/#primaryimage\"},\"thumbnailUrl\":\"https:\/\/vosgesinfo.fr\/app\/uploads\/sites\/2\/2024\/07\/202203nancy-gbfcf7adf5-1920.jpg\",\"datePublished\":\"2022-03-16T08:08:30+00:00\",\"dateModified\":\"2022-03-16T08:08:30+00:00\",\"breadcrumb\":{\"@id\":\"https:\/\/vosgesinfo.fr\/laplainedesvosgesinfo\/2022\/03\/casting-le-telefilm-meurtres-a-nancy-diffuse-sur-france-3-recherche-des-comediens\/#breadcrumb\"},\"inLanguage\":\"fr-FR\",\"potentialAction\":[{\"@type\":\"ReadAction\",\"target\":[\"https:\/\/vosgesinfo.fr\/laplainedesvosgesinfo\/2022\/03\/casting-le-telefilm-meurtres-a-nancy-diffuse-sur-france-3-recherche-des-comediens\/\"]}]},{\"@type\":\"ImageObject\",\"inLanguage\":\"fr-FR\",\"@id\":\"https:\/\/vosgesinfo.fr\/laplainedesvosgesinfo\/2022\/03\/casting-le-telefilm-meurtres-a-nancy-diffuse-sur-france-3-recherche-des-comediens\/#primaryimage\",\"url\":\"https:\/\/vosgesinfo.fr\/app\/uploads\/sites\/2\/2024\/07\/202203nancy-gbfcf7adf5-1920.jpg\",\"contentUrl\":\"https:\/\/vosgesinfo.fr\/app\/uploads\/sites\/2\/2024\/07\/202203nancy-gbfcf7adf5-1920.jpg\",\"width\":800,\"height\":533},{\"@type\":\"BreadcrumbList\",\"@id\":\"https:\/\/vosgesinfo.fr\/laplainedesvosgesinfo\/2022\/03\/casting-le-telefilm-meurtres-a-nancy-diffuse-sur-france-3-recherche-des-comediens\/#breadcrumb\",\"itemListElement\":[{\"@type\":\"ListItem\",\"position\":1,\"name\":\"Home\",\"item\":\"https:\/\/vosgesinfo.fr\/laplainedesvosgesinfo\/\"},{\"@type\":\"ListItem\",\"position\":2,\"name\":\"Casting \u2013 Le t\u00e9l\u00e9film \u00ab Meurtres \u00e0 Nancy \u00bb diffus\u00e9 sur France 3, recherche des com\u00e9diens\"}]},{\"@type\":\"WebSite\",\"@id\":\"https:\/\/vosgesinfo.fr\/laplainedesvosgesinfo\/#website\",\"url\":\"https:\/\/vosgesinfo.fr\/laplainedesvosgesinfo\/\",\"name\":\"La Plaine des Vosges\",\"description\":\"Toute l&#039;actualit\u00e9 de la plaine de Vosges\",\"publisher\":{\"@id\":\"https:\/\/vosgesinfo.fr\/laplainedesvosgesinfo\/#organization\"},\"alternateName\":\"Toute l'actualit\u00e9 de la plaine des Vosges\",\"potentialAction\":[{\"@type\":\"SearchAction\",\"target\":{\"@type\":\"EntryPoint\",\"urlTemplate\":\"https:\/\/vosgesinfo.fr\/laplainedesvosgesinfo\/?s={search_term_string}\"},\"query-input\":\"required name=search_term_string\"}],\"inLanguage\":\"fr-FR\"},{\"@type\":\"Organization\",\"@id\":\"https:\/\/vosgesinfo.fr\/laplainedesvosgesinfo\/#organization\",\"name\":\"La Plaine des Vosges\",\"url\":\"https:\/\/vosgesinfo.fr\/laplainedesvosgesinfo\/\",\"logo\":{\"@type\":\"ImageObject\",\"inLanguage\":\"fr-FR\",\"@id\":\"https:\/\/vosgesinfo.fr\/laplainedesvosgesinfo\/#\/schema\/logo\/image\/\",\"url\":\"https:\/\/vosgesinfo.fr\/app\/uploads\/sites\/2\/2023\/08\/logo-laplaineinfo.svg\",\"contentUrl\":\"https:\/\/vosgesinfo.fr\/app\/uploads\/sites\/2\/2023\/08\/logo-laplaineinfo.svg\",\"width\":1,\"height\":1,\"caption\":\"La Plaine des Vosges\"},\"image\":{\"@id\":\"https:\/\/vosgesinfo.fr\/laplainedesvosgesinfo\/#\/schema\/logo\/image\/\"},\"sameAs\":[\"https:\/\/www.facebook.com\/laplainedesvosges\",\"https:\/\/x.com\/VosgesInfo88\",\"https:\/\/www.youtube.com\/@vosgesinfo\"]},{\"@type\":\"Person\",\"@id\":\"https:\/\/vosgesinfo.fr\/laplainedesvosgesinfo\/#\/schema\/person\/db412391f749f1ee67e177e1dc017316\",\"name\":\"La R\u00e9daction\",\"image\":{\"@type\":\"ImageObject\",\"inLanguage\":\"fr-FR\",\"@id\":\"https:\/\/vosgesinfo.fr\/laplainedesvosgesinfo\/#\/schema\/person\/image\/\",\"url\":\"https:\/\/secure.gravatar.com\/avatar\/d10cfbea47ec464014dd9e55d3c353f7c4017b65068eb823d0882be0ff3b0ff6?s=96&d=mm&r=g\",\"contentUrl\":\"https:\/\/secure.gravatar.com\/avatar\/d10cfbea47ec464014dd9e55d3c353f7c4017b65068eb823d0882be0ff3b0ff6?s=96&d=mm&r=g\",\"caption\":\"La R\u00e9daction\"},\"url\":\"https:\/\/vosgesinfo.fr\/laplainedesvosgesinfo\/author\/redaction\/\"}]}<\/script>\n<!-- \/ Yoast SEO plugin. -->","yoast_head_json":{"title":"Casting \u2013 Le t\u00e9l\u00e9film \u00ab Meurtres \u00e0 Nancy \u00bb diffus\u00e9 sur France 3, recherche des com\u00e9diens - La Plaine des Vosges","robots":{"index":"index","follow":"follow","max-snippet":"max-snippet:-1","max-image-preview":"max-image-preview:large","max-video-preview":"max-video-preview:-1"},"canonical":"https:\/\/vosgesinfo.fr\/laplainedesvosgesinfo\/2022\/03\/casting-le-telefilm-meurtres-a-nancy-diffuse-sur-france-3-recherche-des-comediens\/","twitter_card":"summary_large_image","twitter_title":"Casting \u2013 Le t\u00e9l\u00e9film \u00ab Meurtres \u00e0 Nancy \u00bb diffus\u00e9 sur France 3, recherche des com\u00e9diens - La Plaine des Vosges","twitter_description":"Patafilm\u00a0est \u00e0 la recherche de plusieurs com\u00e9diennes et com\u00e9diens pour le tournage du t\u00e9l\u00e9film \u00ab\u00a0Meurtres \u00e0 Nancy\u00a0\u00bb, pr\u00e9vu du 26 [&hellip;]","twitter_image":"https:\/\/vosgesinfo.fr\/app\/uploads\/sites\/2\/2024\/07\/202203nancy-gbfcf7adf5-1920.jpg","twitter_creator":"@VosgesInfo88","twitter_site":"@VosgesInfo88","twitter_misc":{"\u00c9crit par":"La R\u00e9daction"},"schema":{"@context":"https:\/\/schema.org","@graph":[{"@type":"Article","@id":"https:\/\/vosgesinfo.fr\/laplainedesvosgesinfo\/2022\/03\/casting-le-telefilm-meurtres-a-nancy-diffuse-sur-france-3-recherche-des-comediens\/#article","isPartOf":{"@id":"https:\/\/vosgesinfo.fr\/laplainedesvosgesinfo\/2022\/03\/casting-le-telefilm-meurtres-a-nancy-diffuse-sur-france-3-recherche-des-comediens\/"},"author":{"name":"La R\u00e9daction","@id":"https:\/\/vosgesinfo.fr\/laplainedesvosgesinfo\/#\/schema\/person\/db412391f749f1ee67e177e1dc017316"},"headline":"Casting \u2013 Le t\u00e9l\u00e9film \u00ab Meurtres \u00e0 Nancy \u00bb diffus\u00e9 sur France 3, recherche des com\u00e9diens","datePublished":"2022-03-16T08:08:30+00:00","dateModified":"2022-03-16T08:08:30+00:00","mainEntityOfPage":{"@id":"https:\/\/vosgesinfo.fr\/laplainedesvosgesinfo\/2022\/03\/casting-le-telefilm-meurtres-a-nancy-diffuse-sur-france-3-recherche-des-comediens\/"},"wordCount":77,"commentCount":0,"publisher":{"@id":"https:\/\/vosgesinfo.fr\/laplainedesvosgesinfo\/#organization"},"image":{"@id":"https:\/\/vosgesinfo.fr\/laplainedesvosgesinfo\/2022\/03\/casting-le-telefilm-meurtres-a-nancy-diffuse-sur-france-3-recherche-des-comediens\/#primaryimage"},"thumbnailUrl":"https:\/\/vosgesinfo.fr\/app\/uploads\/sites\/2\/2024\/07\/202203nancy-gbfcf7adf5-1920.jpg","articleSection":["A la Une","Culture","Vosges"],"inLanguage":"fr-FR","potentialAction":[{"@type":"CommentAction","name":"Comment","target":["https:\/\/vosgesinfo.fr\/laplainedesvosgesinfo\/2022\/03\/casting-le-telefilm-meurtres-a-nancy-diffuse-sur-france-3-recherche-des-comediens\/#respond"]}]},{"@type":"WebPage","@id":"https:\/\/vosgesinfo.fr\/laplainedesvosgesinfo\/2022\/03\/casting-le-telefilm-meurtres-a-nancy-diffuse-sur-france-3-recherche-des-comediens\/","url":"https:\/\/vosgesinfo.fr\/laplainedesvosgesinfo\/2022\/03\/casting-le-telefilm-meurtres-a-nancy-diffuse-sur-france-3-recherche-des-comediens\/","name":"Casting \u2013 Le t\u00e9l\u00e9film \u00ab Meurtres \u00e0 Nancy \u00bb diffus\u00e9 sur France 3, recherche des com\u00e9diens - La Plaine des Vosges","isPartOf":{"@id":"https:\/\/vosgesinfo.fr\/laplainedesvosgesinfo\/#website"},"primaryImageOfPage":{"@id":"https:\/\/vosgesinfo.fr\/laplainedesvosgesinfo\/2022\/03\/casting-le-telefilm-meurtres-a-nancy-diffuse-sur-france-3-recherche-des-comediens\/#primaryimage"},"image":{"@id":"https:\/\/vosgesinfo.fr\/laplainedesvosgesinfo\/2022\/03\/casting-le-telefilm-meurtres-a-nancy-diffuse-sur-france-3-recherche-des-comediens\/#primaryimage"},"thumbnailUrl":"https:\/\/vosgesinfo.fr\/app\/uploads\/sites\/2\/2024\/07\/202203nancy-gbfcf7adf5-1920.jpg","datePublished":"2022-03-16T08:08:30+00:00","dateModified":"2022-03-16T08:08:30+00:00","breadcrumb":{"@id":"https:\/\/vosgesinfo.fr\/laplainedesvosgesinfo\/2022\/03\/casting-le-telefilm-meurtres-a-nancy-diffuse-sur-france-3-recherche-des-comediens\/#breadcrumb"},"inLanguage":"fr-FR","potentialAction":[{"@type":"ReadAction","target":["https:\/\/vosgesinfo.fr\/laplainedesvosgesinfo\/2022\/03\/casting-le-telefilm-meurtres-a-nancy-diffuse-sur-france-3-recherche-des-comediens\/"]}]},{"@type":"ImageObject","inLanguage":"fr-FR","@id":"https:\/\/vosgesinfo.fr\/laplainedesvosgesinfo\/2022\/03\/casting-le-telefilm-meurtres-a-nancy-diffuse-sur-france-3-recherche-des-comediens\/#primaryimage","url":"https:\/\/vosgesinfo.fr\/app\/uploads\/sites\/2\/2024\/07\/202203nancy-gbfcf7adf5-1920.jpg","contentUrl":"https:\/\/vosgesinfo.fr\/app\/uploads\/sites\/2\/2024\/07\/202203nancy-gbfcf7adf5-1920.jpg","width":800,"height":533},{"@type":"BreadcrumbList","@id":"https:\/\/vosgesinfo.fr\/laplainedesvosgesinfo\/2022\/03\/casting-le-telefilm-meurtres-a-nancy-diffuse-sur-france-3-recherche-des-comediens\/#breadcrumb","itemListElement":[{"@type":"ListItem","position":1,"name":"Home","item":"https:\/\/vosgesinfo.fr\/laplainedesvosgesinfo\/"},{"@type":"ListItem","position":2,"name":"Casting \u2013 Le t\u00e9l\u00e9film \u00ab Meurtres \u00e0 Nancy \u00bb diffus\u00e9 sur France 3, recherche des com\u00e9diens"}]},{"@type":"WebSite","@id":"https:\/\/vosgesinfo.fr\/laplainedesvosgesinfo\/#website","url":"https:\/\/vosgesinfo.fr\/laplainedesvosgesinfo\/","name":"La Plaine des Vosges","description":"Toute l&#039;actualit\u00e9 de la plaine de Vosges","publisher":{"@id":"https:\/\/vosgesinfo.fr\/laplainedesvosgesinfo\/#organization"},"alternateName":"Toute l'actualit\u00e9 de la plaine des Vosges","potentialAction":[{"@type":"SearchAction","target":{"@type":"EntryPoint","urlTemplate":"https:\/\/vosgesinfo.fr\/laplainedesvosgesinfo\/?s={search_term_string}"},"query-input":"required name=search_term_string"}],"inLanguage":"fr-FR"},{"@type":"Organization","@id":"https:\/\/vosgesinfo.fr\/laplainedesvosgesinfo\/#organization","name":"La Plaine des Vosges","url":"https:\/\/vosgesinfo.fr\/laplainedesvosgesinfo\/","logo":{"@type":"ImageObject","inLanguage":"fr-FR","@id":"https:\/\/vosgesinfo.fr\/laplainedesvosgesinfo\/#\/schema\/logo\/image\/","url":"https:\/\/vosgesinfo.fr\/app\/uploads\/sites\/2\/2023\/08\/logo-laplaineinfo.svg","contentUrl":"https:\/\/vosgesinfo.fr\/app\/uploads\/sites\/2\/2023\/08\/logo-laplaineinfo.svg","width":1,"height":1,"caption":"La Plaine des Vosges"},"image":{"@id":"https:\/\/vosgesinfo.fr\/laplainedesvosgesinfo\/#\/schema\/logo\/image\/"},"sameAs":["https:\/\/www.facebook.com\/laplainedesvosges","https:\/\/x.com\/VosgesInfo88","https:\/\/www.youtube.com\/@vosgesinfo"]},{"@type":"Person","@id":"https:\/\/vosgesinfo.fr\/laplainedesvosgesinfo\/#\/schema\/person\/db412391f749f1ee67e177e1dc017316","name":"La R\u00e9daction","image":{"@type":"ImageObject","inLanguage":"fr-FR","@id":"https:\/\/vosgesinfo.fr\/laplainedesvosgesinfo\/#\/schema\/person\/image\/","url":"https:\/\/secure.gravatar.com\/avatar\/d10cfbea47ec464014dd9e55d3c353f7c4017b65068eb823d0882be0ff3b0ff6?s=96&d=mm&r=g","contentUrl":"https:\/\/secure.gravatar.com\/avatar\/d10cfbea47ec464014dd9e55d3c353f7c4017b65068eb823d0882be0ff3b0ff6?s=96&d=mm&r=g","caption":"La R\u00e9daction"},"url":"https:\/\/vosgesinfo.fr\/laplainedesvosgesinfo\/author\/redaction\/"}]}},"_links":{"self":[{"href":"https:\/\/vosgesinfo.fr\/laplainedesvosgesinfo\/wp-json\/wp\/v2\/posts\/21543","targetHints":{"allow":["GET"]}}],"collection":[{"href":"https:\/\/vosgesinfo.fr\/laplainedesvosgesinfo\/wp-json\/wp\/v2\/posts"}],"about":[{"href":"https:\/\/vosgesinfo.fr\/laplainedesvosgesinfo\/wp-json\/wp\/v2\/types\/post"}],"author":[{"embeddable":true,"href":"https:\/\/vosgesinfo.fr\/laplainedesvosgesinfo\/wp-json\/wp\/v2\/users\/126"}],"replies":[{"embeddable":true,"href":"https:\/\/vosgesinfo.fr\/laplainedesvosgesinfo\/wp-json\/wp\/v2\/comments?post=21543"}],"version-history":[{"count":0,"href":"https:\/\/vosgesinfo.fr\/laplainedesvosgesinfo\/wp-json\/wp\/v2\/posts\/21543\/revisions"}],"wp:featuredmedia":[{"embeddable":true,"href":"https:\/\/vosgesinfo.fr\/laplainedesvosgesinfo\/wp-json\/wp\/v2\/media\/21544"}],"wp:attachment":[{"href":"https:\/\/vosgesinfo.fr\/laplainedesvosgesinfo\/wp-json\/wp\/v2\/media?parent=21543"}],"wp:term":[{"taxonomy":"category","embeddable":true,"href":"https:\/\/vosgesinfo.fr\/laplainedesvosgesinfo\/wp-json\/wp\/v2\/categories?post=21543"},{"taxonomy":"post_tag","embeddable":true,"href":"https:\/\/vosgesinfo.fr\/laplainedesvosgesinfo\/wp-json\/wp\/v2\/tags?post=21543"}],"curies":[{"name":"wp","href":"https:\/\/api.w.org\/{rel}","templated":true}]}}