{"id":21638,"date":"2022-03-23T14:33:38","date_gmt":"2022-03-23T13:33:38","guid":{"rendered":"https:\/\/vosgesinfo.fr\/laplainedesvosgesinfo\/2022\/03\/un-hotel-pour-chat-ouvre-le-1er-avril-a-neufchateau\/"},"modified":"2022-03-23T14:33:38","modified_gmt":"2022-03-23T13:33:38","slug":"un-hotel-pour-chat-ouvre-le-1er-avril-a-neufchateau","status":"publish","type":"post","link":"https:\/\/vosgesinfo.fr\/laplainedesvosgesinfo\/2022\/03\/un-hotel-pour-chat-ouvre-le-1er-avril-a-neufchateau\/","title":{"rendered":"Un h\u00f4tel pour chat ouvre le 1er avril \u00e0 Neufch\u00e2teau"},"content":{"rendered":"<p><a href=\"\/2022\/03\/IMG_20220323_104217.jpg\"><img decoding=\"async\" class=\"alignnone size-medium wp-image-126033\" src=\"\/2022\/03\/IMG_20220323_104217-341x255.jpg\" alt=\"IMG_20220323_104217\" width=\"341\" height=\"255\" \/><\/a><\/p>\n<p><span id=\"p21\">\u00c0 partir du 1er avril, les chats auront leur h\u00f4tel les petites moustaches \u00e0 Neufch\u00e2teau digne d\u2019un trois-\u00e9toiles.<\/span><br \/>\n<span id=\"p22\">Au 24 chemin de Grety, Pascal Pierre jeune retrait\u00e9 \u00e9ducateur canin depuis plus de 20 ans avait son id\u00e9e bien en t\u00eate, et apr\u00e8s un an de travaux effectu\u00e9 et tout un tas de d\u00e9marche administrative, la pension pour chats va ouvrir ses portes.<\/span><br \/>\n<span id=\"p23\">L\u2019\u00e9tablissement peut accueillir une petite dizaine de f\u00e9lins dans six chambres chauff\u00e9es individuelles ou multiples pour les animaux d\u2019une m\u00eame famille \u00e9quip\u00e9es de tout ce qui fait leur bonheur avec chacune une sortie sur un lieu de verdure privatis\u00e9.<\/span><br \/>\n<span id=\"p24\">Seul obligation pour les propri\u00e9taires, les chats doivent obligatoirement \u00eatre vaccin\u00e9s et\u00a0<span id=\"32\" class=\"s-rg-t\">puc\u00e9s<\/span>\u00a0comme l\u2019oblige la loi.<\/span><\/p>\n<p><a href=\"\/2022\/03\/received_372976511365257.jpeg\"><img decoding=\"async\" class=\"alignnone size-medium wp-image-126032\" src=\"\/2022\/03\/received_372976511365257-123x255.jpeg\" alt=\"received_372976511365257\" width=\"123\" height=\"255\" \/><\/a><br \/>\n<span id=\"p25\">Il est possible de venir avec la nourriture habituelle ce qui est conseill\u00e9 mais non-obligatoire, en revanche Pascal se charge de fournir la liti\u00e8re.<\/span><span id=\"p26\">\u00a0Les tarifs sont d\u00e9gressifs \u00e0 partir du dixi\u00e8me jour de pension. Avec\u00a0<\/span>Pascal Pierre,\u00a0<span id=\"33\" class=\"s-rg-t\">plus aucune n\u2019excuse pour partir en week-end ou en vacances, il saura chouchouter vos minous et minette<\/span>.<\/p>\n<p><span id=\"p29\">Pas encore ouvert au public que les appels arrivent d\u00e9j\u00e0 au standard des r\u00e9servations, un nouveau service sur la ville qui devrait en satisfaire plus d\u2019un.<\/span><br \/>\n<span id=\"p36\">Pour tout renseignement :<\/span><br \/>\n<span id=\"p31\">Les petites Moustaches au 06 78 20 73 17 ou au 06 09 01 47 07<\/span><\/p>\n<p><a href=\"\/2022\/03\/received_276424931320368.jpeg\"><img decoding=\"async\" class=\"alignnone size-medium wp-image-126034\" src=\"\/2022\/03\/received_276424931320368-361x255.jpeg\" alt=\"received_276424931320368\" width=\"361\" height=\"255\" \/><\/a><\/p>\n<p>&nbsp;<\/p>\n","protected":false},"excerpt":{"rendered":"<p>\u00c0 partir du 1er avril, les chats auront leur h\u00f4tel les petites moustaches \u00e0 Neufch\u00e2teau digne d\u2019un trois-\u00e9toiles. Au 24 [&hellip;]<\/p>\n","protected":false},"author":1,"featured_media":21639,"comment_status":"open","ping_status":"open","sticky":false,"template":"","format":"standard","meta":{"footnotes":""},"categories":[29,22],"tags":[455],"class_list":["post-21638","post","type-post","status-publish","format-standard","has-post-thumbnail","hentry","category-a-la-une","category-neufchateau","tag-neufchateau"],"acf":[],"yoast_head":"<!-- This site is optimized with the Yoast SEO plugin v22.5 - https:\/\/yoast.com\/wordpress\/plugins\/seo\/ -->\n<title>Un h\u00f4tel pour chat ouvre le 1er avril \u00e0 Neufch\u00e2teau - La Plaine des Vosges<\/title>\n<meta name=\"robots\" content=\"index, follow, max-snippet:-1, max-image-preview:large, max-video-preview:-1\" \/>\n<link rel=\"canonical\" href=\"https:\/\/vosgesinfo.fr\/laplainedesvosgesinfo\/2022\/03\/un-hotel-pour-chat-ouvre-le-1er-avril-a-neufchateau\/\" \/>\n<meta name=\"twitter:card\" content=\"summary_large_image\" \/>\n<meta name=\"twitter:title\" content=\"Un h\u00f4tel pour chat ouvre le 1er avril \u00e0 Neufch\u00e2teau - La Plaine des Vosges\" \/>\n<meta name=\"twitter:description\" content=\"\u00c0 partir du 1er avril, les chats auront leur h\u00f4tel les petites moustaches \u00e0 Neufch\u00e2teau digne d\u2019un trois-\u00e9toiles. Au 24 [&hellip;]\" \/>\n<meta name=\"twitter:image\" content=\"https:\/\/vosgesinfo.fr\/app\/uploads\/sites\/2\/2024\/07\/202203img-20220323-104217.jpg\" \/>\n<meta name=\"twitter:creator\" content=\"@VosgesInfo88\" \/>\n<meta name=\"twitter:site\" content=\"@VosgesInfo88\" \/>\n<meta name=\"twitter:label1\" content=\"\u00c9crit par\" \/>\n\t<meta name=\"twitter:data1\" content=\"qs_admin\" \/>\n\t<meta name=\"twitter:label2\" content=\"Dur\u00e9e de lecture estim\u00e9e\" \/>\n\t<meta name=\"twitter:data2\" content=\"1 minute\" \/>\n<script type=\"application\/ld+json\" class=\"yoast-schema-graph\">{\"@context\":\"https:\/\/schema.org\",\"@graph\":[{\"@type\":\"Article\",\"@id\":\"https:\/\/vosgesinfo.fr\/laplainedesvosgesinfo\/2022\/03\/un-hotel-pour-chat-ouvre-le-1er-avril-a-neufchateau\/#article\",\"isPartOf\":{\"@id\":\"https:\/\/vosgesinfo.fr\/laplainedesvosgesinfo\/2022\/03\/un-hotel-pour-chat-ouvre-le-1er-avril-a-neufchateau\/\"},\"author\":{\"name\":\"qs_admin\",\"@id\":\"https:\/\/vosgesinfo.fr\/laplainedesvosgesinfo\/#\/schema\/person\/bc5d02d71e6932e81b6dadb7386667b1\"},\"headline\":\"Un h\u00f4tel pour chat ouvre le 1er avril \u00e0 Neufch\u00e2teau\",\"datePublished\":\"2022-03-23T13:33:38+00:00\",\"dateModified\":\"2022-03-23T13:33:38+00:00\",\"mainEntityOfPage\":{\"@id\":\"https:\/\/vosgesinfo.fr\/laplainedesvosgesinfo\/2022\/03\/un-hotel-pour-chat-ouvre-le-1er-avril-a-neufchateau\/\"},\"wordCount\":240,\"commentCount\":0,\"publisher\":{\"@id\":\"https:\/\/vosgesinfo.fr\/laplainedesvosgesinfo\/#organization\"},\"image\":{\"@id\":\"https:\/\/vosgesinfo.fr\/laplainedesvosgesinfo\/2022\/03\/un-hotel-pour-chat-ouvre-le-1er-avril-a-neufchateau\/#primaryimage\"},\"thumbnailUrl\":\"https:\/\/vosgesinfo.fr\/app\/uploads\/sites\/2\/2024\/07\/202203img-20220323-104217.jpg\",\"keywords\":[\"neufchateau\"],\"articleSection\":[\"A la Une\",\"Neufch\u00e2teau\"],\"inLanguage\":\"fr-FR\",\"potentialAction\":[{\"@type\":\"CommentAction\",\"name\":\"Comment\",\"target\":[\"https:\/\/vosgesinfo.fr\/laplainedesvosgesinfo\/2022\/03\/un-hotel-pour-chat-ouvre-le-1er-avril-a-neufchateau\/#respond\"]}]},{\"@type\":\"WebPage\",\"@id\":\"https:\/\/vosgesinfo.fr\/laplainedesvosgesinfo\/2022\/03\/un-hotel-pour-chat-ouvre-le-1er-avril-a-neufchateau\/\",\"url\":\"https:\/\/vosgesinfo.fr\/laplainedesvosgesinfo\/2022\/03\/un-hotel-pour-chat-ouvre-le-1er-avril-a-neufchateau\/\",\"name\":\"Un h\u00f4tel pour chat ouvre le 1er avril \u00e0 Neufch\u00e2teau - La Plaine des Vosges\",\"isPartOf\":{\"@id\":\"https:\/\/vosgesinfo.fr\/laplainedesvosgesinfo\/#website\"},\"primaryImageOfPage\":{\"@id\":\"https:\/\/vosgesinfo.fr\/laplainedesvosgesinfo\/2022\/03\/un-hotel-pour-chat-ouvre-le-1er-avril-a-neufchateau\/#primaryimage\"},\"image\":{\"@id\":\"https:\/\/vosgesinfo.fr\/laplainedesvosgesinfo\/2022\/03\/un-hotel-pour-chat-ouvre-le-1er-avril-a-neufchateau\/#primaryimage\"},\"thumbnailUrl\":\"https:\/\/vosgesinfo.fr\/app\/uploads\/sites\/2\/2024\/07\/202203img-20220323-104217.jpg\",\"datePublished\":\"2022-03-23T13:33:38+00:00\",\"dateModified\":\"2022-03-23T13:33:38+00:00\",\"breadcrumb\":{\"@id\":\"https:\/\/vosgesinfo.fr\/laplainedesvosgesinfo\/2022\/03\/un-hotel-pour-chat-ouvre-le-1er-avril-a-neufchateau\/#breadcrumb\"},\"inLanguage\":\"fr-FR\",\"potentialAction\":[{\"@type\":\"ReadAction\",\"target\":[\"https:\/\/vosgesinfo.fr\/laplainedesvosgesinfo\/2022\/03\/un-hotel-pour-chat-ouvre-le-1er-avril-a-neufchateau\/\"]}]},{\"@type\":\"ImageObject\",\"inLanguage\":\"fr-FR\",\"@id\":\"https:\/\/vosgesinfo.fr\/laplainedesvosgesinfo\/2022\/03\/un-hotel-pour-chat-ouvre-le-1er-avril-a-neufchateau\/#primaryimage\",\"url\":\"https:\/\/vosgesinfo.fr\/app\/uploads\/sites\/2\/2024\/07\/202203img-20220323-104217.jpg\",\"contentUrl\":\"https:\/\/vosgesinfo.fr\/app\/uploads\/sites\/2\/2024\/07\/202203img-20220323-104217.jpg\",\"width\":800,\"height\":599},{\"@type\":\"BreadcrumbList\",\"@id\":\"https:\/\/vosgesinfo.fr\/laplainedesvosgesinfo\/2022\/03\/un-hotel-pour-chat-ouvre-le-1er-avril-a-neufchateau\/#breadcrumb\",\"itemListElement\":[{\"@type\":\"ListItem\",\"position\":1,\"name\":\"Home\",\"item\":\"https:\/\/vosgesinfo.fr\/laplainedesvosgesinfo\/\"},{\"@type\":\"ListItem\",\"position\":2,\"name\":\"Un h\u00f4tel pour chat ouvre le 1er avril \u00e0 Neufch\u00e2teau\"}]},{\"@type\":\"WebSite\",\"@id\":\"https:\/\/vosgesinfo.fr\/laplainedesvosgesinfo\/#website\",\"url\":\"https:\/\/vosgesinfo.fr\/laplainedesvosgesinfo\/\",\"name\":\"La Plaine des Vosges\",\"description\":\"Toute l&#039;actualit\u00e9 de la plaine de Vosges\",\"publisher\":{\"@id\":\"https:\/\/vosgesinfo.fr\/laplainedesvosgesinfo\/#organization\"},\"alternateName\":\"Toute l'actualit\u00e9 de la plaine des Vosges\",\"potentialAction\":[{\"@type\":\"SearchAction\",\"target\":{\"@type\":\"EntryPoint\",\"urlTemplate\":\"https:\/\/vosgesinfo.fr\/laplainedesvosgesinfo\/?s={search_term_string}\"},\"query-input\":\"required name=search_term_string\"}],\"inLanguage\":\"fr-FR\"},{\"@type\":\"Organization\",\"@id\":\"https:\/\/vosgesinfo.fr\/laplainedesvosgesinfo\/#organization\",\"name\":\"La Plaine des Vosges\",\"url\":\"https:\/\/vosgesinfo.fr\/laplainedesvosgesinfo\/\",\"logo\":{\"@type\":\"ImageObject\",\"inLanguage\":\"fr-FR\",\"@id\":\"https:\/\/vosgesinfo.fr\/laplainedesvosgesinfo\/#\/schema\/logo\/image\/\",\"url\":\"https:\/\/vosgesinfo.fr\/app\/uploads\/sites\/2\/2023\/08\/logo-laplaineinfo.svg\",\"contentUrl\":\"https:\/\/vosgesinfo.fr\/app\/uploads\/sites\/2\/2023\/08\/logo-laplaineinfo.svg\",\"width\":1,\"height\":1,\"caption\":\"La Plaine des Vosges\"},\"image\":{\"@id\":\"https:\/\/vosgesinfo.fr\/laplainedesvosgesinfo\/#\/schema\/logo\/image\/\"},\"sameAs\":[\"https:\/\/www.facebook.com\/laplainedesvosges\",\"https:\/\/x.com\/VosgesInfo88\",\"https:\/\/www.youtube.com\/@vosgesinfo\"]},{\"@type\":\"Person\",\"@id\":\"https:\/\/vosgesinfo.fr\/laplainedesvosgesinfo\/#\/schema\/person\/bc5d02d71e6932e81b6dadb7386667b1\",\"name\":\"qs_admin\",\"image\":{\"@type\":\"ImageObject\",\"inLanguage\":\"fr-FR\",\"@id\":\"https:\/\/vosgesinfo.fr\/laplainedesvosgesinfo\/#\/schema\/person\/image\/\",\"url\":\"https:\/\/secure.gravatar.com\/avatar\/94b18ee0ed79e4a42ea2f2931277b6841a8999fc6fde214600c78057cf1fe1de?s=96&d=mm&r=g\",\"contentUrl\":\"https:\/\/secure.gravatar.com\/avatar\/94b18ee0ed79e4a42ea2f2931277b6841a8999fc6fde214600c78057cf1fe1de?s=96&d=mm&r=g\",\"caption\":\"qs_admin\"},\"sameAs\":[\"https:\/\/vosgesinfo.fr\/wp\"],\"url\":\"https:\/\/vosgesinfo.fr\/laplainedesvosgesinfo\/author\/qs_admin\/\"}]}<\/script>\n<!-- \/ Yoast SEO plugin. -->","yoast_head_json":{"title":"Un h\u00f4tel pour chat ouvre le 1er avril \u00e0 Neufch\u00e2teau - La Plaine des Vosges","robots":{"index":"index","follow":"follow","max-snippet":"max-snippet:-1","max-image-preview":"max-image-preview:large","max-video-preview":"max-video-preview:-1"},"canonical":"https:\/\/vosgesinfo.fr\/laplainedesvosgesinfo\/2022\/03\/un-hotel-pour-chat-ouvre-le-1er-avril-a-neufchateau\/","twitter_card":"summary_large_image","twitter_title":"Un h\u00f4tel pour chat ouvre le 1er avril \u00e0 Neufch\u00e2teau - La Plaine des Vosges","twitter_description":"\u00c0 partir du 1er avril, les chats auront leur h\u00f4tel les petites moustaches \u00e0 Neufch\u00e2teau digne d\u2019un trois-\u00e9toiles. Au 24 [&hellip;]","twitter_image":"https:\/\/vosgesinfo.fr\/app\/uploads\/sites\/2\/2024\/07\/202203img-20220323-104217.jpg","twitter_creator":"@VosgesInfo88","twitter_site":"@VosgesInfo88","twitter_misc":{"\u00c9crit par":"qs_admin","Dur\u00e9e de lecture estim\u00e9e":"1 minute"},"schema":{"@context":"https:\/\/schema.org","@graph":[{"@type":"Article","@id":"https:\/\/vosgesinfo.fr\/laplainedesvosgesinfo\/2022\/03\/un-hotel-pour-chat-ouvre-le-1er-avril-a-neufchateau\/#article","isPartOf":{"@id":"https:\/\/vosgesinfo.fr\/laplainedesvosgesinfo\/2022\/03\/un-hotel-pour-chat-ouvre-le-1er-avril-a-neufchateau\/"},"author":{"name":"qs_admin","@id":"https:\/\/vosgesinfo.fr\/laplainedesvosgesinfo\/#\/schema\/person\/bc5d02d71e6932e81b6dadb7386667b1"},"headline":"Un h\u00f4tel pour chat ouvre le 1er avril \u00e0 Neufch\u00e2teau","datePublished":"2022-03-23T13:33:38+00:00","dateModified":"2022-03-23T13:33:38+00:00","mainEntityOfPage":{"@id":"https:\/\/vosgesinfo.fr\/laplainedesvosgesinfo\/2022\/03\/un-hotel-pour-chat-ouvre-le-1er-avril-a-neufchateau\/"},"wordCount":240,"commentCount":0,"publisher":{"@id":"https:\/\/vosgesinfo.fr\/laplainedesvosgesinfo\/#organization"},"image":{"@id":"https:\/\/vosgesinfo.fr\/laplainedesvosgesinfo\/2022\/03\/un-hotel-pour-chat-ouvre-le-1er-avril-a-neufchateau\/#primaryimage"},"thumbnailUrl":"https:\/\/vosgesinfo.fr\/app\/uploads\/sites\/2\/2024\/07\/202203img-20220323-104217.jpg","keywords":["neufchateau"],"articleSection":["A la Une","Neufch\u00e2teau"],"inLanguage":"fr-FR","potentialAction":[{"@type":"CommentAction","name":"Comment","target":["https:\/\/vosgesinfo.fr\/laplainedesvosgesinfo\/2022\/03\/un-hotel-pour-chat-ouvre-le-1er-avril-a-neufchateau\/#respond"]}]},{"@type":"WebPage","@id":"https:\/\/vosgesinfo.fr\/laplainedesvosgesinfo\/2022\/03\/un-hotel-pour-chat-ouvre-le-1er-avril-a-neufchateau\/","url":"https:\/\/vosgesinfo.fr\/laplainedesvosgesinfo\/2022\/03\/un-hotel-pour-chat-ouvre-le-1er-avril-a-neufchateau\/","name":"Un h\u00f4tel pour chat ouvre le 1er avril \u00e0 Neufch\u00e2teau - La Plaine des Vosges","isPartOf":{"@id":"https:\/\/vosgesinfo.fr\/laplainedesvosgesinfo\/#website"},"primaryImageOfPage":{"@id":"https:\/\/vosgesinfo.fr\/laplainedesvosgesinfo\/2022\/03\/un-hotel-pour-chat-ouvre-le-1er-avril-a-neufchateau\/#primaryimage"},"image":{"@id":"https:\/\/vosgesinfo.fr\/laplainedesvosgesinfo\/2022\/03\/un-hotel-pour-chat-ouvre-le-1er-avril-a-neufchateau\/#primaryimage"},"thumbnailUrl":"https:\/\/vosgesinfo.fr\/app\/uploads\/sites\/2\/2024\/07\/202203img-20220323-104217.jpg","datePublished":"2022-03-23T13:33:38+00:00","dateModified":"2022-03-23T13:33:38+00:00","breadcrumb":{"@id":"https:\/\/vosgesinfo.fr\/laplainedesvosgesinfo\/2022\/03\/un-hotel-pour-chat-ouvre-le-1er-avril-a-neufchateau\/#breadcrumb"},"inLanguage":"fr-FR","potentialAction":[{"@type":"ReadAction","target":["https:\/\/vosgesinfo.fr\/laplainedesvosgesinfo\/2022\/03\/un-hotel-pour-chat-ouvre-le-1er-avril-a-neufchateau\/"]}]},{"@type":"ImageObject","inLanguage":"fr-FR","@id":"https:\/\/vosgesinfo.fr\/laplainedesvosgesinfo\/2022\/03\/un-hotel-pour-chat-ouvre-le-1er-avril-a-neufchateau\/#primaryimage","url":"https:\/\/vosgesinfo.fr\/app\/uploads\/sites\/2\/2024\/07\/202203img-20220323-104217.jpg","contentUrl":"https:\/\/vosgesinfo.fr\/app\/uploads\/sites\/2\/2024\/07\/202203img-20220323-104217.jpg","width":800,"height":599},{"@type":"BreadcrumbList","@id":"https:\/\/vosgesinfo.fr\/laplainedesvosgesinfo\/2022\/03\/un-hotel-pour-chat-ouvre-le-1er-avril-a-neufchateau\/#breadcrumb","itemListElement":[{"@type":"ListItem","position":1,"name":"Home","item":"https:\/\/vosgesinfo.fr\/laplainedesvosgesinfo\/"},{"@type":"ListItem","position":2,"name":"Un h\u00f4tel pour chat ouvre le 1er avril \u00e0 Neufch\u00e2teau"}]},{"@type":"WebSite","@id":"https:\/\/vosgesinfo.fr\/laplainedesvosgesinfo\/#website","url":"https:\/\/vosgesinfo.fr\/laplainedesvosgesinfo\/","name":"La Plaine des Vosges","description":"Toute l&#039;actualit\u00e9 de la plaine de Vosges","publisher":{"@id":"https:\/\/vosgesinfo.fr\/laplainedesvosgesinfo\/#organization"},"alternateName":"Toute l'actualit\u00e9 de la plaine des Vosges","potentialAction":[{"@type":"SearchAction","target":{"@type":"EntryPoint","urlTemplate":"https:\/\/vosgesinfo.fr\/laplainedesvosgesinfo\/?s={search_term_string}"},"query-input":"required name=search_term_string"}],"inLanguage":"fr-FR"},{"@type":"Organization","@id":"https:\/\/vosgesinfo.fr\/laplainedesvosgesinfo\/#organization","name":"La Plaine des Vosges","url":"https:\/\/vosgesinfo.fr\/laplainedesvosgesinfo\/","logo":{"@type":"ImageObject","inLanguage":"fr-FR","@id":"https:\/\/vosgesinfo.fr\/laplainedesvosgesinfo\/#\/schema\/logo\/image\/","url":"https:\/\/vosgesinfo.fr\/app\/uploads\/sites\/2\/2023\/08\/logo-laplaineinfo.svg","contentUrl":"https:\/\/vosgesinfo.fr\/app\/uploads\/sites\/2\/2023\/08\/logo-laplaineinfo.svg","width":1,"height":1,"caption":"La Plaine des Vosges"},"image":{"@id":"https:\/\/vosgesinfo.fr\/laplainedesvosgesinfo\/#\/schema\/logo\/image\/"},"sameAs":["https:\/\/www.facebook.com\/laplainedesvosges","https:\/\/x.com\/VosgesInfo88","https:\/\/www.youtube.com\/@vosgesinfo"]},{"@type":"Person","@id":"https:\/\/vosgesinfo.fr\/laplainedesvosgesinfo\/#\/schema\/person\/bc5d02d71e6932e81b6dadb7386667b1","name":"qs_admin","image":{"@type":"ImageObject","inLanguage":"fr-FR","@id":"https:\/\/vosgesinfo.fr\/laplainedesvosgesinfo\/#\/schema\/person\/image\/","url":"https:\/\/secure.gravatar.com\/avatar\/94b18ee0ed79e4a42ea2f2931277b6841a8999fc6fde214600c78057cf1fe1de?s=96&d=mm&r=g","contentUrl":"https:\/\/secure.gravatar.com\/avatar\/94b18ee0ed79e4a42ea2f2931277b6841a8999fc6fde214600c78057cf1fe1de?s=96&d=mm&r=g","caption":"qs_admin"},"sameAs":["https:\/\/vosgesinfo.fr\/wp"],"url":"https:\/\/vosgesinfo.fr\/laplainedesvosgesinfo\/author\/qs_admin\/"}]}},"_links":{"self":[{"href":"https:\/\/vosgesinfo.fr\/laplainedesvosgesinfo\/wp-json\/wp\/v2\/posts\/21638","targetHints":{"allow":["GET"]}}],"collection":[{"href":"https:\/\/vosgesinfo.fr\/laplainedesvosgesinfo\/wp-json\/wp\/v2\/posts"}],"about":[{"href":"https:\/\/vosgesinfo.fr\/laplainedesvosgesinfo\/wp-json\/wp\/v2\/types\/post"}],"author":[{"embeddable":true,"href":"https:\/\/vosgesinfo.fr\/laplainedesvosgesinfo\/wp-json\/wp\/v2\/users\/1"}],"replies":[{"embeddable":true,"href":"https:\/\/vosgesinfo.fr\/laplainedesvosgesinfo\/wp-json\/wp\/v2\/comments?post=21638"}],"version-history":[{"count":0,"href":"https:\/\/vosgesinfo.fr\/laplainedesvosgesinfo\/wp-json\/wp\/v2\/posts\/21638\/revisions"}],"wp:featuredmedia":[{"embeddable":true,"href":"https:\/\/vosgesinfo.fr\/laplainedesvosgesinfo\/wp-json\/wp\/v2\/media\/21639"}],"wp:attachment":[{"href":"https:\/\/vosgesinfo.fr\/laplainedesvosgesinfo\/wp-json\/wp\/v2\/media?parent=21638"}],"wp:term":[{"taxonomy":"category","embeddable":true,"href":"https:\/\/vosgesinfo.fr\/laplainedesvosgesinfo\/wp-json\/wp\/v2\/categories?post=21638"},{"taxonomy":"post_tag","embeddable":true,"href":"https:\/\/vosgesinfo.fr\/laplainedesvosgesinfo\/wp-json\/wp\/v2\/tags?post=21638"}],"curies":[{"name":"wp","href":"https:\/\/api.w.org\/{rel}","templated":true}]}}