{"id":2190,"date":"2016-01-22T13:26:36","date_gmt":"2016-01-22T12:26:36","guid":{"rendered":"https:\/\/vosgesinfo.fr\/laplainedesvosgesinfo\/2016\/01\/vittel-le-voyage-de-chloris-a-lalhambra-les-2-et-3-fevrier\/"},"modified":"2016-01-22T13:26:36","modified_gmt":"2016-01-22T12:26:36","slug":"vittel-le-voyage-de-chloris-a-lalhambra-les-2-et-3-fevrier","status":"publish","type":"post","link":"https:\/\/vosgesinfo.fr\/laplainedesvosgesinfo\/2016\/01\/vittel-le-voyage-de-chloris-a-lalhambra-les-2-et-3-fevrier\/","title":{"rendered":"Vittel &#8211; \u00ab\u00a0Le Voyage de Chloris\u00a0\u00bb \u00e0 l&rsquo;Alhambra les 2 et 3 f\u00e9vrier"},"content":{"rendered":"<p><a href=\"\/2016\/01\/800_600_1_02-et-03-fev-le-voyage-de-chloris.jpg\"><img decoding=\"async\" class=\"wp-image-71734 aligncenter\" src=\"\/2016\/01\/800_600_1_02-et-03-fev-le-voyage-de-chloris.jpg\" alt=\"800_600_1_02-et-03-fev-le-voyage-de-chloris\" width=\"576\" height=\"361\" \/><\/a><\/p>\n<p><em>Fantaisie lyrique pour les petits. Un spectacle musical de Duo Miscellaneous.<\/em><\/p>\n<p>C\u2019est le soir. Chloris dort et r\u00eave. Il \u00e9ternue dans son sommeil mais un autre \u00e9ternuement le r\u00e9veille&#8230; C\u2019est Z\u00e9phyr ! Un chat musicien, un chat magicien, qui l\u2019invite \u00e0 voyager en musique \u00e0 la d\u00e9couverte du monde, des langues, des \u00e9motions et des \u00e9poques. De l\u2019\u00e9mouvant <em>Music for a while<\/em> au dr\u00f4latique <em>Duo des chats<\/em> de Rossini, le grand r\u00e9pertoire lyrique nous en fait voir de toutes les couleurs.<\/p>\n<p>L\u2019alliance de la voix et de la guitare offre d\u2019in\u00e9puisables possibilit\u00e9s, dont l\u2019\u00e9vidence a travers\u00e9 les si\u00e8cles.\u00a0 C\u00e9line Barcaroli, \u00e9tonnante jeune interpr\u00e8te d\u2019op\u00e9rette notamment, et son acolyte Tristan Manoukian, 1er Prix du CNSMD de Paris et laur\u00e9at du concours international d\u2019Aix-en-Provence, ont choisi de les faire d\u00e9couvrir aux plus petits, en leur livrant des m\u00e9lodies comme autant d\u2019histoires. Avec des moments de myst\u00e8re, des rebondissements qui tiennent en haleine, des instants de peur, de rire et d\u2019amour.<\/p>\n<p><strong>Mardi 2: 9h45 et 14h15<\/strong><\/p>\n<p><strong>Mercredi 3: 9h45<\/strong><\/p>\n<p><strong>Espace Alhambra. Tarifs: 4\u20ac pour les enfants et 8\u20ac pour les adultes. Renseignements: 06.83.20.52.07.<\/strong><\/p>\n","protected":false},"excerpt":{"rendered":"<p>Fantaisie lyrique pour les petits. Un spectacle musical de Duo Miscellaneous. C\u2019est le soir. Chloris dort et r\u00eave. Il \u00e9ternue [&hellip;]<\/p>\n","protected":false},"author":1,"featured_media":2191,"comment_status":"open","ping_status":"open","sticky":false,"template":"","format":"standard","meta":{"footnotes":""},"categories":[4,37,38],"tags":[],"class_list":["post-2190","post","type-post","status-publish","format-standard","has-post-thumbnail","hentry","category-culture","category-la-plaine","category-vittel-la-plaine"],"acf":[],"yoast_head":"<!-- This site is optimized with the Yoast SEO plugin v22.5 - https:\/\/yoast.com\/wordpress\/plugins\/seo\/ -->\n<title>Vittel - &quot;Le Voyage de Chloris&quot; \u00e0 l&#039;Alhambra les 2 et 3 f\u00e9vrier - La Plaine des Vosges<\/title>\n<meta name=\"robots\" content=\"index, follow, max-snippet:-1, max-image-preview:large, max-video-preview:-1\" \/>\n<link rel=\"canonical\" href=\"https:\/\/vosgesinfo.fr\/laplainedesvosgesinfo\/2016\/01\/vittel-le-voyage-de-chloris-a-lalhambra-les-2-et-3-fevrier\/\" \/>\n<meta name=\"twitter:card\" content=\"summary_large_image\" \/>\n<meta name=\"twitter:title\" content=\"Vittel - &quot;Le Voyage de Chloris&quot; \u00e0 l&#039;Alhambra les 2 et 3 f\u00e9vrier - La Plaine des Vosges\" \/>\n<meta name=\"twitter:description\" content=\"Fantaisie lyrique pour les petits. Un spectacle musical de Duo Miscellaneous. C\u2019est le soir. Chloris dort et r\u00eave. Il \u00e9ternue [&hellip;]\" \/>\n<meta name=\"twitter:image\" content=\"https:\/\/vosgesinfo.fr\/app\/uploads\/sites\/2\/2024\/06\/201601800-600-1-02-et-03-fev-le-voyage-de-chloris.jpg\" \/>\n<meta name=\"twitter:creator\" content=\"@VosgesInfo88\" \/>\n<meta name=\"twitter:site\" content=\"@VosgesInfo88\" \/>\n<meta name=\"twitter:label1\" content=\"\u00c9crit par\" \/>\n\t<meta name=\"twitter:data1\" content=\"qs_admin\" \/>\n\t<meta name=\"twitter:label2\" content=\"Dur\u00e9e de lecture estim\u00e9e\" \/>\n\t<meta name=\"twitter:data2\" content=\"1 minute\" \/>\n<script type=\"application\/ld+json\" class=\"yoast-schema-graph\">{\"@context\":\"https:\/\/schema.org\",\"@graph\":[{\"@type\":\"Article\",\"@id\":\"https:\/\/vosgesinfo.fr\/laplainedesvosgesinfo\/2016\/01\/vittel-le-voyage-de-chloris-a-lalhambra-les-2-et-3-fevrier\/#article\",\"isPartOf\":{\"@id\":\"https:\/\/vosgesinfo.fr\/laplainedesvosgesinfo\/2016\/01\/vittel-le-voyage-de-chloris-a-lalhambra-les-2-et-3-fevrier\/\"},\"author\":{\"name\":\"qs_admin\",\"@id\":\"https:\/\/vosgesinfo.fr\/laplainedesvosgesinfo\/#\/schema\/person\/bc5d02d71e6932e81b6dadb7386667b1\"},\"headline\":\"Vittel &#8211; \u00ab\u00a0Le Voyage de Chloris\u00a0\u00bb \u00e0 l&rsquo;Alhambra les 2 et 3 f\u00e9vrier\",\"datePublished\":\"2016-01-22T12:26:36+00:00\",\"dateModified\":\"2016-01-22T12:26:36+00:00\",\"mainEntityOfPage\":{\"@id\":\"https:\/\/vosgesinfo.fr\/laplainedesvosgesinfo\/2016\/01\/vittel-le-voyage-de-chloris-a-lalhambra-les-2-et-3-fevrier\/\"},\"wordCount\":211,\"commentCount\":0,\"publisher\":{\"@id\":\"https:\/\/vosgesinfo.fr\/laplainedesvosgesinfo\/#organization\"},\"image\":{\"@id\":\"https:\/\/vosgesinfo.fr\/laplainedesvosgesinfo\/2016\/01\/vittel-le-voyage-de-chloris-a-lalhambra-les-2-et-3-fevrier\/#primaryimage\"},\"thumbnailUrl\":\"https:\/\/vosgesinfo.fr\/app\/uploads\/sites\/2\/2024\/06\/201601800-600-1-02-et-03-fev-le-voyage-de-chloris.jpg\",\"articleSection\":[\"Culture\",\"La Plaine\",\"Vittel\"],\"inLanguage\":\"fr-FR\",\"potentialAction\":[{\"@type\":\"CommentAction\",\"name\":\"Comment\",\"target\":[\"https:\/\/vosgesinfo.fr\/laplainedesvosgesinfo\/2016\/01\/vittel-le-voyage-de-chloris-a-lalhambra-les-2-et-3-fevrier\/#respond\"]}]},{\"@type\":\"WebPage\",\"@id\":\"https:\/\/vosgesinfo.fr\/laplainedesvosgesinfo\/2016\/01\/vittel-le-voyage-de-chloris-a-lalhambra-les-2-et-3-fevrier\/\",\"url\":\"https:\/\/vosgesinfo.fr\/laplainedesvosgesinfo\/2016\/01\/vittel-le-voyage-de-chloris-a-lalhambra-les-2-et-3-fevrier\/\",\"name\":\"Vittel - \\\"Le Voyage de Chloris\\\" \u00e0 l'Alhambra les 2 et 3 f\u00e9vrier - La Plaine des Vosges\",\"isPartOf\":{\"@id\":\"https:\/\/vosgesinfo.fr\/laplainedesvosgesinfo\/#website\"},\"primaryImageOfPage\":{\"@id\":\"https:\/\/vosgesinfo.fr\/laplainedesvosgesinfo\/2016\/01\/vittel-le-voyage-de-chloris-a-lalhambra-les-2-et-3-fevrier\/#primaryimage\"},\"image\":{\"@id\":\"https:\/\/vosgesinfo.fr\/laplainedesvosgesinfo\/2016\/01\/vittel-le-voyage-de-chloris-a-lalhambra-les-2-et-3-fevrier\/#primaryimage\"},\"thumbnailUrl\":\"https:\/\/vosgesinfo.fr\/app\/uploads\/sites\/2\/2024\/06\/201601800-600-1-02-et-03-fev-le-voyage-de-chloris.jpg\",\"datePublished\":\"2016-01-22T12:26:36+00:00\",\"dateModified\":\"2016-01-22T12:26:36+00:00\",\"breadcrumb\":{\"@id\":\"https:\/\/vosgesinfo.fr\/laplainedesvosgesinfo\/2016\/01\/vittel-le-voyage-de-chloris-a-lalhambra-les-2-et-3-fevrier\/#breadcrumb\"},\"inLanguage\":\"fr-FR\",\"potentialAction\":[{\"@type\":\"ReadAction\",\"target\":[\"https:\/\/vosgesinfo.fr\/laplainedesvosgesinfo\/2016\/01\/vittel-le-voyage-de-chloris-a-lalhambra-les-2-et-3-fevrier\/\"]}]},{\"@type\":\"ImageObject\",\"inLanguage\":\"fr-FR\",\"@id\":\"https:\/\/vosgesinfo.fr\/laplainedesvosgesinfo\/2016\/01\/vittel-le-voyage-de-chloris-a-lalhambra-les-2-et-3-fevrier\/#primaryimage\",\"url\":\"https:\/\/vosgesinfo.fr\/app\/uploads\/sites\/2\/2024\/06\/201601800-600-1-02-et-03-fev-le-voyage-de-chloris.jpg\",\"contentUrl\":\"https:\/\/vosgesinfo.fr\/app\/uploads\/sites\/2\/2024\/06\/201601800-600-1-02-et-03-fev-le-voyage-de-chloris.jpg\",\"width\":800,\"height\":501},{\"@type\":\"BreadcrumbList\",\"@id\":\"https:\/\/vosgesinfo.fr\/laplainedesvosgesinfo\/2016\/01\/vittel-le-voyage-de-chloris-a-lalhambra-les-2-et-3-fevrier\/#breadcrumb\",\"itemListElement\":[{\"@type\":\"ListItem\",\"position\":1,\"name\":\"Home\",\"item\":\"https:\/\/vosgesinfo.fr\/laplainedesvosgesinfo\/\"},{\"@type\":\"ListItem\",\"position\":2,\"name\":\"Vittel &#8211; \u00ab\u00a0Le Voyage de Chloris\u00a0\u00bb \u00e0 l&rsquo;Alhambra les 2 et 3 f\u00e9vrier\"}]},{\"@type\":\"WebSite\",\"@id\":\"https:\/\/vosgesinfo.fr\/laplainedesvosgesinfo\/#website\",\"url\":\"https:\/\/vosgesinfo.fr\/laplainedesvosgesinfo\/\",\"name\":\"La Plaine des Vosges\",\"description\":\"Toute l&#039;actualit\u00e9 de la plaine de Vosges\",\"publisher\":{\"@id\":\"https:\/\/vosgesinfo.fr\/laplainedesvosgesinfo\/#organization\"},\"alternateName\":\"Toute l'actualit\u00e9 de la plaine des Vosges\",\"potentialAction\":[{\"@type\":\"SearchAction\",\"target\":{\"@type\":\"EntryPoint\",\"urlTemplate\":\"https:\/\/vosgesinfo.fr\/laplainedesvosgesinfo\/?s={search_term_string}\"},\"query-input\":\"required name=search_term_string\"}],\"inLanguage\":\"fr-FR\"},{\"@type\":\"Organization\",\"@id\":\"https:\/\/vosgesinfo.fr\/laplainedesvosgesinfo\/#organization\",\"name\":\"La Plaine des Vosges\",\"url\":\"https:\/\/vosgesinfo.fr\/laplainedesvosgesinfo\/\",\"logo\":{\"@type\":\"ImageObject\",\"inLanguage\":\"fr-FR\",\"@id\":\"https:\/\/vosgesinfo.fr\/laplainedesvosgesinfo\/#\/schema\/logo\/image\/\",\"url\":\"https:\/\/vosgesinfo.fr\/app\/uploads\/sites\/2\/2023\/08\/logo-laplaineinfo.svg\",\"contentUrl\":\"https:\/\/vosgesinfo.fr\/app\/uploads\/sites\/2\/2023\/08\/logo-laplaineinfo.svg\",\"width\":1,\"height\":1,\"caption\":\"La Plaine des Vosges\"},\"image\":{\"@id\":\"https:\/\/vosgesinfo.fr\/laplainedesvosgesinfo\/#\/schema\/logo\/image\/\"},\"sameAs\":[\"https:\/\/www.facebook.com\/laplainedesvosges\",\"https:\/\/x.com\/VosgesInfo88\",\"https:\/\/www.youtube.com\/@vosgesinfo\"]},{\"@type\":\"Person\",\"@id\":\"https:\/\/vosgesinfo.fr\/laplainedesvosgesinfo\/#\/schema\/person\/bc5d02d71e6932e81b6dadb7386667b1\",\"name\":\"qs_admin\",\"image\":{\"@type\":\"ImageObject\",\"inLanguage\":\"fr-FR\",\"@id\":\"https:\/\/vosgesinfo.fr\/laplainedesvosgesinfo\/#\/schema\/person\/image\/\",\"url\":\"https:\/\/secure.gravatar.com\/avatar\/94b18ee0ed79e4a42ea2f2931277b6841a8999fc6fde214600c78057cf1fe1de?s=96&d=mm&r=g\",\"contentUrl\":\"https:\/\/secure.gravatar.com\/avatar\/94b18ee0ed79e4a42ea2f2931277b6841a8999fc6fde214600c78057cf1fe1de?s=96&d=mm&r=g\",\"caption\":\"qs_admin\"},\"sameAs\":[\"https:\/\/vosgesinfo.fr\/wp\"],\"url\":\"https:\/\/vosgesinfo.fr\/laplainedesvosgesinfo\/author\/qs_admin\/\"}]}<\/script>\n<!-- \/ Yoast SEO plugin. -->","yoast_head_json":{"title":"Vittel - \"Le Voyage de Chloris\" \u00e0 l'Alhambra les 2 et 3 f\u00e9vrier - La Plaine des Vosges","robots":{"index":"index","follow":"follow","max-snippet":"max-snippet:-1","max-image-preview":"max-image-preview:large","max-video-preview":"max-video-preview:-1"},"canonical":"https:\/\/vosgesinfo.fr\/laplainedesvosgesinfo\/2016\/01\/vittel-le-voyage-de-chloris-a-lalhambra-les-2-et-3-fevrier\/","twitter_card":"summary_large_image","twitter_title":"Vittel - \"Le Voyage de Chloris\" \u00e0 l'Alhambra les 2 et 3 f\u00e9vrier - La Plaine des Vosges","twitter_description":"Fantaisie lyrique pour les petits. Un spectacle musical de Duo Miscellaneous. C\u2019est le soir. Chloris dort et r\u00eave. Il \u00e9ternue [&hellip;]","twitter_image":"https:\/\/vosgesinfo.fr\/app\/uploads\/sites\/2\/2024\/06\/201601800-600-1-02-et-03-fev-le-voyage-de-chloris.jpg","twitter_creator":"@VosgesInfo88","twitter_site":"@VosgesInfo88","twitter_misc":{"\u00c9crit par":"qs_admin","Dur\u00e9e de lecture estim\u00e9e":"1 minute"},"schema":{"@context":"https:\/\/schema.org","@graph":[{"@type":"Article","@id":"https:\/\/vosgesinfo.fr\/laplainedesvosgesinfo\/2016\/01\/vittel-le-voyage-de-chloris-a-lalhambra-les-2-et-3-fevrier\/#article","isPartOf":{"@id":"https:\/\/vosgesinfo.fr\/laplainedesvosgesinfo\/2016\/01\/vittel-le-voyage-de-chloris-a-lalhambra-les-2-et-3-fevrier\/"},"author":{"name":"qs_admin","@id":"https:\/\/vosgesinfo.fr\/laplainedesvosgesinfo\/#\/schema\/person\/bc5d02d71e6932e81b6dadb7386667b1"},"headline":"Vittel &#8211; \u00ab\u00a0Le Voyage de Chloris\u00a0\u00bb \u00e0 l&rsquo;Alhambra les 2 et 3 f\u00e9vrier","datePublished":"2016-01-22T12:26:36+00:00","dateModified":"2016-01-22T12:26:36+00:00","mainEntityOfPage":{"@id":"https:\/\/vosgesinfo.fr\/laplainedesvosgesinfo\/2016\/01\/vittel-le-voyage-de-chloris-a-lalhambra-les-2-et-3-fevrier\/"},"wordCount":211,"commentCount":0,"publisher":{"@id":"https:\/\/vosgesinfo.fr\/laplainedesvosgesinfo\/#organization"},"image":{"@id":"https:\/\/vosgesinfo.fr\/laplainedesvosgesinfo\/2016\/01\/vittel-le-voyage-de-chloris-a-lalhambra-les-2-et-3-fevrier\/#primaryimage"},"thumbnailUrl":"https:\/\/vosgesinfo.fr\/app\/uploads\/sites\/2\/2024\/06\/201601800-600-1-02-et-03-fev-le-voyage-de-chloris.jpg","articleSection":["Culture","La Plaine","Vittel"],"inLanguage":"fr-FR","potentialAction":[{"@type":"CommentAction","name":"Comment","target":["https:\/\/vosgesinfo.fr\/laplainedesvosgesinfo\/2016\/01\/vittel-le-voyage-de-chloris-a-lalhambra-les-2-et-3-fevrier\/#respond"]}]},{"@type":"WebPage","@id":"https:\/\/vosgesinfo.fr\/laplainedesvosgesinfo\/2016\/01\/vittel-le-voyage-de-chloris-a-lalhambra-les-2-et-3-fevrier\/","url":"https:\/\/vosgesinfo.fr\/laplainedesvosgesinfo\/2016\/01\/vittel-le-voyage-de-chloris-a-lalhambra-les-2-et-3-fevrier\/","name":"Vittel - \"Le Voyage de Chloris\" \u00e0 l'Alhambra les 2 et 3 f\u00e9vrier - La Plaine des Vosges","isPartOf":{"@id":"https:\/\/vosgesinfo.fr\/laplainedesvosgesinfo\/#website"},"primaryImageOfPage":{"@id":"https:\/\/vosgesinfo.fr\/laplainedesvosgesinfo\/2016\/01\/vittel-le-voyage-de-chloris-a-lalhambra-les-2-et-3-fevrier\/#primaryimage"},"image":{"@id":"https:\/\/vosgesinfo.fr\/laplainedesvosgesinfo\/2016\/01\/vittel-le-voyage-de-chloris-a-lalhambra-les-2-et-3-fevrier\/#primaryimage"},"thumbnailUrl":"https:\/\/vosgesinfo.fr\/app\/uploads\/sites\/2\/2024\/06\/201601800-600-1-02-et-03-fev-le-voyage-de-chloris.jpg","datePublished":"2016-01-22T12:26:36+00:00","dateModified":"2016-01-22T12:26:36+00:00","breadcrumb":{"@id":"https:\/\/vosgesinfo.fr\/laplainedesvosgesinfo\/2016\/01\/vittel-le-voyage-de-chloris-a-lalhambra-les-2-et-3-fevrier\/#breadcrumb"},"inLanguage":"fr-FR","potentialAction":[{"@type":"ReadAction","target":["https:\/\/vosgesinfo.fr\/laplainedesvosgesinfo\/2016\/01\/vittel-le-voyage-de-chloris-a-lalhambra-les-2-et-3-fevrier\/"]}]},{"@type":"ImageObject","inLanguage":"fr-FR","@id":"https:\/\/vosgesinfo.fr\/laplainedesvosgesinfo\/2016\/01\/vittel-le-voyage-de-chloris-a-lalhambra-les-2-et-3-fevrier\/#primaryimage","url":"https:\/\/vosgesinfo.fr\/app\/uploads\/sites\/2\/2024\/06\/201601800-600-1-02-et-03-fev-le-voyage-de-chloris.jpg","contentUrl":"https:\/\/vosgesinfo.fr\/app\/uploads\/sites\/2\/2024\/06\/201601800-600-1-02-et-03-fev-le-voyage-de-chloris.jpg","width":800,"height":501},{"@type":"BreadcrumbList","@id":"https:\/\/vosgesinfo.fr\/laplainedesvosgesinfo\/2016\/01\/vittel-le-voyage-de-chloris-a-lalhambra-les-2-et-3-fevrier\/#breadcrumb","itemListElement":[{"@type":"ListItem","position":1,"name":"Home","item":"https:\/\/vosgesinfo.fr\/laplainedesvosgesinfo\/"},{"@type":"ListItem","position":2,"name":"Vittel &#8211; \u00ab\u00a0Le Voyage de Chloris\u00a0\u00bb \u00e0 l&rsquo;Alhambra les 2 et 3 f\u00e9vrier"}]},{"@type":"WebSite","@id":"https:\/\/vosgesinfo.fr\/laplainedesvosgesinfo\/#website","url":"https:\/\/vosgesinfo.fr\/laplainedesvosgesinfo\/","name":"La Plaine des Vosges","description":"Toute l&#039;actualit\u00e9 de la plaine de Vosges","publisher":{"@id":"https:\/\/vosgesinfo.fr\/laplainedesvosgesinfo\/#organization"},"alternateName":"Toute l'actualit\u00e9 de la plaine des Vosges","potentialAction":[{"@type":"SearchAction","target":{"@type":"EntryPoint","urlTemplate":"https:\/\/vosgesinfo.fr\/laplainedesvosgesinfo\/?s={search_term_string}"},"query-input":"required name=search_term_string"}],"inLanguage":"fr-FR"},{"@type":"Organization","@id":"https:\/\/vosgesinfo.fr\/laplainedesvosgesinfo\/#organization","name":"La Plaine des Vosges","url":"https:\/\/vosgesinfo.fr\/laplainedesvosgesinfo\/","logo":{"@type":"ImageObject","inLanguage":"fr-FR","@id":"https:\/\/vosgesinfo.fr\/laplainedesvosgesinfo\/#\/schema\/logo\/image\/","url":"https:\/\/vosgesinfo.fr\/app\/uploads\/sites\/2\/2023\/08\/logo-laplaineinfo.svg","contentUrl":"https:\/\/vosgesinfo.fr\/app\/uploads\/sites\/2\/2023\/08\/logo-laplaineinfo.svg","width":1,"height":1,"caption":"La Plaine des Vosges"},"image":{"@id":"https:\/\/vosgesinfo.fr\/laplainedesvosgesinfo\/#\/schema\/logo\/image\/"},"sameAs":["https:\/\/www.facebook.com\/laplainedesvosges","https:\/\/x.com\/VosgesInfo88","https:\/\/www.youtube.com\/@vosgesinfo"]},{"@type":"Person","@id":"https:\/\/vosgesinfo.fr\/laplainedesvosgesinfo\/#\/schema\/person\/bc5d02d71e6932e81b6dadb7386667b1","name":"qs_admin","image":{"@type":"ImageObject","inLanguage":"fr-FR","@id":"https:\/\/vosgesinfo.fr\/laplainedesvosgesinfo\/#\/schema\/person\/image\/","url":"https:\/\/secure.gravatar.com\/avatar\/94b18ee0ed79e4a42ea2f2931277b6841a8999fc6fde214600c78057cf1fe1de?s=96&d=mm&r=g","contentUrl":"https:\/\/secure.gravatar.com\/avatar\/94b18ee0ed79e4a42ea2f2931277b6841a8999fc6fde214600c78057cf1fe1de?s=96&d=mm&r=g","caption":"qs_admin"},"sameAs":["https:\/\/vosgesinfo.fr\/wp"],"url":"https:\/\/vosgesinfo.fr\/laplainedesvosgesinfo\/author\/qs_admin\/"}]}},"_links":{"self":[{"href":"https:\/\/vosgesinfo.fr\/laplainedesvosgesinfo\/wp-json\/wp\/v2\/posts\/2190","targetHints":{"allow":["GET"]}}],"collection":[{"href":"https:\/\/vosgesinfo.fr\/laplainedesvosgesinfo\/wp-json\/wp\/v2\/posts"}],"about":[{"href":"https:\/\/vosgesinfo.fr\/laplainedesvosgesinfo\/wp-json\/wp\/v2\/types\/post"}],"author":[{"embeddable":true,"href":"https:\/\/vosgesinfo.fr\/laplainedesvosgesinfo\/wp-json\/wp\/v2\/users\/1"}],"replies":[{"embeddable":true,"href":"https:\/\/vosgesinfo.fr\/laplainedesvosgesinfo\/wp-json\/wp\/v2\/comments?post=2190"}],"version-history":[{"count":0,"href":"https:\/\/vosgesinfo.fr\/laplainedesvosgesinfo\/wp-json\/wp\/v2\/posts\/2190\/revisions"}],"wp:featuredmedia":[{"embeddable":true,"href":"https:\/\/vosgesinfo.fr\/laplainedesvosgesinfo\/wp-json\/wp\/v2\/media\/2191"}],"wp:attachment":[{"href":"https:\/\/vosgesinfo.fr\/laplainedesvosgesinfo\/wp-json\/wp\/v2\/media?parent=2190"}],"wp:term":[{"taxonomy":"category","embeddable":true,"href":"https:\/\/vosgesinfo.fr\/laplainedesvosgesinfo\/wp-json\/wp\/v2\/categories?post=2190"},{"taxonomy":"post_tag","embeddable":true,"href":"https:\/\/vosgesinfo.fr\/laplainedesvosgesinfo\/wp-json\/wp\/v2\/tags?post=2190"}],"curies":[{"name":"wp","href":"https:\/\/api.w.org\/{rel}","templated":true}]}}