{"id":22091,"date":"2022-05-03T08:51:43","date_gmt":"2022-05-03T06:51:43","guid":{"rendered":"https:\/\/vosgesinfo.fr\/laplainedesvosgesinfo\/2022\/05\/le-departement-vote-plus-de-18-million-pour-soutenir-les-communes\/"},"modified":"2022-05-03T08:51:43","modified_gmt":"2022-05-03T06:51:43","slug":"le-departement-vote-plus-de-18-million-pour-soutenir-les-communes","status":"publish","type":"post","link":"https:\/\/vosgesinfo.fr\/laplainedesvosgesinfo\/2022\/05\/le-departement-vote-plus-de-18-million-pour-soutenir-les-communes\/","title":{"rendered":"Le D\u00e9partement vote plus de 1,8 million pour soutenir les communes"},"content":{"rendered":"<h2>Lors de la derni\u00e8re commission permanente les \u00e9lus ont adopt\u00e9 75 rapports. Zoom sur\u00a0: l\u2019\u00e9conomie, le social, le tourisme\u2026<\/h2>\n<p><strong>Economie\u00a0: <\/strong><\/p>\n<p>Les \u00e9lus d\u00e9partementaux ont approuv\u00e9 deux subventions l\u2019une en faveur de la CCI (Chambre de Commerce et d\u2019Industrie) et l\u2019autre en faveur de la Chambre des m\u00e9tiers et de l\u2019artisanat pour un montant total de 200.000 euros. Ces conventions permettront notamment de promouvoir l\u2019attractivit\u00e9 du territoire, des fili\u00e8res et des m\u00e9tiers, de promouvoir la maison de la montagne\u2026<\/p>\n","protected":false},"excerpt":{"rendered":"<p>Lors de la derni\u00e8re commission permanente les \u00e9lus ont adopt\u00e9 75 rapports. Zoom sur\u00a0: l\u2019\u00e9conomie, le social, le tourisme\u2026 Economie\u00a0: [&hellip;]<\/p>\n","protected":false},"author":126,"featured_media":22092,"comment_status":"open","ping_status":"open","sticky":false,"template":"","format":"standard","meta":{"footnotes":""},"categories":[29,5,15,18],"tags":[],"class_list":["post-22091","post","type-post","status-publish","format-standard","has-post-thumbnail","hentry","category-a-la-une","category-economie","category-tourisme","category-vosges"],"acf":[],"yoast_head":"<!-- This site is optimized with the Yoast SEO plugin v22.5 - https:\/\/yoast.com\/wordpress\/plugins\/seo\/ -->\n<title>Le D\u00e9partement vote plus de 1,8 million pour soutenir les communes - La Plaine des Vosges<\/title>\n<meta name=\"robots\" content=\"index, follow, max-snippet:-1, max-image-preview:large, max-video-preview:-1\" \/>\n<link rel=\"canonical\" href=\"https:\/\/vosgesinfo.fr\/laplainedesvosgesinfo\/2022\/05\/le-departement-vote-plus-de-18-million-pour-soutenir-les-communes\/\" \/>\n<meta name=\"twitter:card\" content=\"summary_large_image\" \/>\n<meta name=\"twitter:title\" content=\"Le D\u00e9partement vote plus de 1,8 million pour soutenir les communes - La Plaine des Vosges\" \/>\n<meta name=\"twitter:description\" content=\"Lors de la derni\u00e8re commission permanente les \u00e9lus ont adopt\u00e9 75 rapports. Zoom sur\u00a0: l\u2019\u00e9conomie, le social, le tourisme\u2026 Economie\u00a0: [&hellip;]\" \/>\n<meta name=\"twitter:image\" content=\"https:\/\/vosgesinfo.fr\/app\/uploads\/sites\/2\/2024\/07\/202205cd88-conseil-dep-vosges.jpg\" \/>\n<meta name=\"twitter:creator\" content=\"@VosgesInfo88\" \/>\n<meta name=\"twitter:site\" content=\"@VosgesInfo88\" \/>\n<meta name=\"twitter:label1\" content=\"\u00c9crit par\" \/>\n\t<meta name=\"twitter:data1\" content=\"La R\u00e9daction\" \/>\n<script type=\"application\/ld+json\" class=\"yoast-schema-graph\">{\"@context\":\"https:\/\/schema.org\",\"@graph\":[{\"@type\":\"Article\",\"@id\":\"https:\/\/vosgesinfo.fr\/laplainedesvosgesinfo\/2022\/05\/le-departement-vote-plus-de-18-million-pour-soutenir-les-communes\/#article\",\"isPartOf\":{\"@id\":\"https:\/\/vosgesinfo.fr\/laplainedesvosgesinfo\/2022\/05\/le-departement-vote-plus-de-18-million-pour-soutenir-les-communes\/\"},\"author\":{\"name\":\"La R\u00e9daction\",\"@id\":\"https:\/\/vosgesinfo.fr\/laplainedesvosgesinfo\/#\/schema\/person\/db412391f749f1ee67e177e1dc017316\"},\"headline\":\"Le D\u00e9partement vote plus de 1,8 million pour soutenir les communes\",\"datePublished\":\"2022-05-03T06:51:43+00:00\",\"dateModified\":\"2022-05-03T06:51:43+00:00\",\"mainEntityOfPage\":{\"@id\":\"https:\/\/vosgesinfo.fr\/laplainedesvosgesinfo\/2022\/05\/le-departement-vote-plus-de-18-million-pour-soutenir-les-communes\/\"},\"wordCount\":98,\"commentCount\":0,\"publisher\":{\"@id\":\"https:\/\/vosgesinfo.fr\/laplainedesvosgesinfo\/#organization\"},\"image\":{\"@id\":\"https:\/\/vosgesinfo.fr\/laplainedesvosgesinfo\/2022\/05\/le-departement-vote-plus-de-18-million-pour-soutenir-les-communes\/#primaryimage\"},\"thumbnailUrl\":\"https:\/\/vosgesinfo.fr\/app\/uploads\/sites\/2\/2024\/07\/202205cd88-conseil-dep-vosges.jpg\",\"articleSection\":[\"A la Une\",\"\u00c9conomie\",\"Tourisme\",\"Vosges\"],\"inLanguage\":\"fr-FR\",\"potentialAction\":[{\"@type\":\"CommentAction\",\"name\":\"Comment\",\"target\":[\"https:\/\/vosgesinfo.fr\/laplainedesvosgesinfo\/2022\/05\/le-departement-vote-plus-de-18-million-pour-soutenir-les-communes\/#respond\"]}]},{\"@type\":\"WebPage\",\"@id\":\"https:\/\/vosgesinfo.fr\/laplainedesvosgesinfo\/2022\/05\/le-departement-vote-plus-de-18-million-pour-soutenir-les-communes\/\",\"url\":\"https:\/\/vosgesinfo.fr\/laplainedesvosgesinfo\/2022\/05\/le-departement-vote-plus-de-18-million-pour-soutenir-les-communes\/\",\"name\":\"Le D\u00e9partement vote plus de 1,8 million pour soutenir les communes - La Plaine des Vosges\",\"isPartOf\":{\"@id\":\"https:\/\/vosgesinfo.fr\/laplainedesvosgesinfo\/#website\"},\"primaryImageOfPage\":{\"@id\":\"https:\/\/vosgesinfo.fr\/laplainedesvosgesinfo\/2022\/05\/le-departement-vote-plus-de-18-million-pour-soutenir-les-communes\/#primaryimage\"},\"image\":{\"@id\":\"https:\/\/vosgesinfo.fr\/laplainedesvosgesinfo\/2022\/05\/le-departement-vote-plus-de-18-million-pour-soutenir-les-communes\/#primaryimage\"},\"thumbnailUrl\":\"https:\/\/vosgesinfo.fr\/app\/uploads\/sites\/2\/2024\/07\/202205cd88-conseil-dep-vosges.jpg\",\"datePublished\":\"2022-05-03T06:51:43+00:00\",\"dateModified\":\"2022-05-03T06:51:43+00:00\",\"breadcrumb\":{\"@id\":\"https:\/\/vosgesinfo.fr\/laplainedesvosgesinfo\/2022\/05\/le-departement-vote-plus-de-18-million-pour-soutenir-les-communes\/#breadcrumb\"},\"inLanguage\":\"fr-FR\",\"potentialAction\":[{\"@type\":\"ReadAction\",\"target\":[\"https:\/\/vosgesinfo.fr\/laplainedesvosgesinfo\/2022\/05\/le-departement-vote-plus-de-18-million-pour-soutenir-les-communes\/\"]}]},{\"@type\":\"ImageObject\",\"inLanguage\":\"fr-FR\",\"@id\":\"https:\/\/vosgesinfo.fr\/laplainedesvosgesinfo\/2022\/05\/le-departement-vote-plus-de-18-million-pour-soutenir-les-communes\/#primaryimage\",\"url\":\"https:\/\/vosgesinfo.fr\/app\/uploads\/sites\/2\/2024\/07\/202205cd88-conseil-dep-vosges.jpg\",\"contentUrl\":\"https:\/\/vosgesinfo.fr\/app\/uploads\/sites\/2\/2024\/07\/202205cd88-conseil-dep-vosges.jpg\",\"width\":800,\"height\":450},{\"@type\":\"BreadcrumbList\",\"@id\":\"https:\/\/vosgesinfo.fr\/laplainedesvosgesinfo\/2022\/05\/le-departement-vote-plus-de-18-million-pour-soutenir-les-communes\/#breadcrumb\",\"itemListElement\":[{\"@type\":\"ListItem\",\"position\":1,\"name\":\"Home\",\"item\":\"https:\/\/vosgesinfo.fr\/laplainedesvosgesinfo\/\"},{\"@type\":\"ListItem\",\"position\":2,\"name\":\"Le D\u00e9partement vote plus de 1,8 million pour soutenir les communes\"}]},{\"@type\":\"WebSite\",\"@id\":\"https:\/\/vosgesinfo.fr\/laplainedesvosgesinfo\/#website\",\"url\":\"https:\/\/vosgesinfo.fr\/laplainedesvosgesinfo\/\",\"name\":\"La Plaine des Vosges\",\"description\":\"Toute l&#039;actualit\u00e9 de la plaine de Vosges\",\"publisher\":{\"@id\":\"https:\/\/vosgesinfo.fr\/laplainedesvosgesinfo\/#organization\"},\"alternateName\":\"Toute l'actualit\u00e9 de la plaine des Vosges\",\"potentialAction\":[{\"@type\":\"SearchAction\",\"target\":{\"@type\":\"EntryPoint\",\"urlTemplate\":\"https:\/\/vosgesinfo.fr\/laplainedesvosgesinfo\/?s={search_term_string}\"},\"query-input\":\"required name=search_term_string\"}],\"inLanguage\":\"fr-FR\"},{\"@type\":\"Organization\",\"@id\":\"https:\/\/vosgesinfo.fr\/laplainedesvosgesinfo\/#organization\",\"name\":\"La Plaine des Vosges\",\"url\":\"https:\/\/vosgesinfo.fr\/laplainedesvosgesinfo\/\",\"logo\":{\"@type\":\"ImageObject\",\"inLanguage\":\"fr-FR\",\"@id\":\"https:\/\/vosgesinfo.fr\/laplainedesvosgesinfo\/#\/schema\/logo\/image\/\",\"url\":\"https:\/\/vosgesinfo.fr\/app\/uploads\/sites\/2\/2023\/08\/logo-laplaineinfo.svg\",\"contentUrl\":\"https:\/\/vosgesinfo.fr\/app\/uploads\/sites\/2\/2023\/08\/logo-laplaineinfo.svg\",\"width\":1,\"height\":1,\"caption\":\"La Plaine des Vosges\"},\"image\":{\"@id\":\"https:\/\/vosgesinfo.fr\/laplainedesvosgesinfo\/#\/schema\/logo\/image\/\"},\"sameAs\":[\"https:\/\/www.facebook.com\/laplainedesvosges\",\"https:\/\/x.com\/VosgesInfo88\",\"https:\/\/www.youtube.com\/@vosgesinfo\"]},{\"@type\":\"Person\",\"@id\":\"https:\/\/vosgesinfo.fr\/laplainedesvosgesinfo\/#\/schema\/person\/db412391f749f1ee67e177e1dc017316\",\"name\":\"La R\u00e9daction\",\"image\":{\"@type\":\"ImageObject\",\"inLanguage\":\"fr-FR\",\"@id\":\"https:\/\/vosgesinfo.fr\/laplainedesvosgesinfo\/#\/schema\/person\/image\/\",\"url\":\"https:\/\/secure.gravatar.com\/avatar\/d10cfbea47ec464014dd9e55d3c353f7c4017b65068eb823d0882be0ff3b0ff6?s=96&d=mm&r=g\",\"contentUrl\":\"https:\/\/secure.gravatar.com\/avatar\/d10cfbea47ec464014dd9e55d3c353f7c4017b65068eb823d0882be0ff3b0ff6?s=96&d=mm&r=g\",\"caption\":\"La R\u00e9daction\"},\"url\":\"https:\/\/vosgesinfo.fr\/laplainedesvosgesinfo\/author\/redaction\/\"}]}<\/script>\n<!-- \/ Yoast SEO plugin. -->","yoast_head_json":{"title":"Le D\u00e9partement vote plus de 1,8 million pour soutenir les communes - La Plaine des Vosges","robots":{"index":"index","follow":"follow","max-snippet":"max-snippet:-1","max-image-preview":"max-image-preview:large","max-video-preview":"max-video-preview:-1"},"canonical":"https:\/\/vosgesinfo.fr\/laplainedesvosgesinfo\/2022\/05\/le-departement-vote-plus-de-18-million-pour-soutenir-les-communes\/","twitter_card":"summary_large_image","twitter_title":"Le D\u00e9partement vote plus de 1,8 million pour soutenir les communes - La Plaine des Vosges","twitter_description":"Lors de la derni\u00e8re commission permanente les \u00e9lus ont adopt\u00e9 75 rapports. Zoom sur\u00a0: l\u2019\u00e9conomie, le social, le tourisme\u2026 Economie\u00a0: [&hellip;]","twitter_image":"https:\/\/vosgesinfo.fr\/app\/uploads\/sites\/2\/2024\/07\/202205cd88-conseil-dep-vosges.jpg","twitter_creator":"@VosgesInfo88","twitter_site":"@VosgesInfo88","twitter_misc":{"\u00c9crit par":"La R\u00e9daction"},"schema":{"@context":"https:\/\/schema.org","@graph":[{"@type":"Article","@id":"https:\/\/vosgesinfo.fr\/laplainedesvosgesinfo\/2022\/05\/le-departement-vote-plus-de-18-million-pour-soutenir-les-communes\/#article","isPartOf":{"@id":"https:\/\/vosgesinfo.fr\/laplainedesvosgesinfo\/2022\/05\/le-departement-vote-plus-de-18-million-pour-soutenir-les-communes\/"},"author":{"name":"La R\u00e9daction","@id":"https:\/\/vosgesinfo.fr\/laplainedesvosgesinfo\/#\/schema\/person\/db412391f749f1ee67e177e1dc017316"},"headline":"Le D\u00e9partement vote plus de 1,8 million pour soutenir les communes","datePublished":"2022-05-03T06:51:43+00:00","dateModified":"2022-05-03T06:51:43+00:00","mainEntityOfPage":{"@id":"https:\/\/vosgesinfo.fr\/laplainedesvosgesinfo\/2022\/05\/le-departement-vote-plus-de-18-million-pour-soutenir-les-communes\/"},"wordCount":98,"commentCount":0,"publisher":{"@id":"https:\/\/vosgesinfo.fr\/laplainedesvosgesinfo\/#organization"},"image":{"@id":"https:\/\/vosgesinfo.fr\/laplainedesvosgesinfo\/2022\/05\/le-departement-vote-plus-de-18-million-pour-soutenir-les-communes\/#primaryimage"},"thumbnailUrl":"https:\/\/vosgesinfo.fr\/app\/uploads\/sites\/2\/2024\/07\/202205cd88-conseil-dep-vosges.jpg","articleSection":["A la Une","\u00c9conomie","Tourisme","Vosges"],"inLanguage":"fr-FR","potentialAction":[{"@type":"CommentAction","name":"Comment","target":["https:\/\/vosgesinfo.fr\/laplainedesvosgesinfo\/2022\/05\/le-departement-vote-plus-de-18-million-pour-soutenir-les-communes\/#respond"]}]},{"@type":"WebPage","@id":"https:\/\/vosgesinfo.fr\/laplainedesvosgesinfo\/2022\/05\/le-departement-vote-plus-de-18-million-pour-soutenir-les-communes\/","url":"https:\/\/vosgesinfo.fr\/laplainedesvosgesinfo\/2022\/05\/le-departement-vote-plus-de-18-million-pour-soutenir-les-communes\/","name":"Le D\u00e9partement vote plus de 1,8 million pour soutenir les communes - La Plaine des Vosges","isPartOf":{"@id":"https:\/\/vosgesinfo.fr\/laplainedesvosgesinfo\/#website"},"primaryImageOfPage":{"@id":"https:\/\/vosgesinfo.fr\/laplainedesvosgesinfo\/2022\/05\/le-departement-vote-plus-de-18-million-pour-soutenir-les-communes\/#primaryimage"},"image":{"@id":"https:\/\/vosgesinfo.fr\/laplainedesvosgesinfo\/2022\/05\/le-departement-vote-plus-de-18-million-pour-soutenir-les-communes\/#primaryimage"},"thumbnailUrl":"https:\/\/vosgesinfo.fr\/app\/uploads\/sites\/2\/2024\/07\/202205cd88-conseil-dep-vosges.jpg","datePublished":"2022-05-03T06:51:43+00:00","dateModified":"2022-05-03T06:51:43+00:00","breadcrumb":{"@id":"https:\/\/vosgesinfo.fr\/laplainedesvosgesinfo\/2022\/05\/le-departement-vote-plus-de-18-million-pour-soutenir-les-communes\/#breadcrumb"},"inLanguage":"fr-FR","potentialAction":[{"@type":"ReadAction","target":["https:\/\/vosgesinfo.fr\/laplainedesvosgesinfo\/2022\/05\/le-departement-vote-plus-de-18-million-pour-soutenir-les-communes\/"]}]},{"@type":"ImageObject","inLanguage":"fr-FR","@id":"https:\/\/vosgesinfo.fr\/laplainedesvosgesinfo\/2022\/05\/le-departement-vote-plus-de-18-million-pour-soutenir-les-communes\/#primaryimage","url":"https:\/\/vosgesinfo.fr\/app\/uploads\/sites\/2\/2024\/07\/202205cd88-conseil-dep-vosges.jpg","contentUrl":"https:\/\/vosgesinfo.fr\/app\/uploads\/sites\/2\/2024\/07\/202205cd88-conseil-dep-vosges.jpg","width":800,"height":450},{"@type":"BreadcrumbList","@id":"https:\/\/vosgesinfo.fr\/laplainedesvosgesinfo\/2022\/05\/le-departement-vote-plus-de-18-million-pour-soutenir-les-communes\/#breadcrumb","itemListElement":[{"@type":"ListItem","position":1,"name":"Home","item":"https:\/\/vosgesinfo.fr\/laplainedesvosgesinfo\/"},{"@type":"ListItem","position":2,"name":"Le D\u00e9partement vote plus de 1,8 million pour soutenir les communes"}]},{"@type":"WebSite","@id":"https:\/\/vosgesinfo.fr\/laplainedesvosgesinfo\/#website","url":"https:\/\/vosgesinfo.fr\/laplainedesvosgesinfo\/","name":"La Plaine des Vosges","description":"Toute l&#039;actualit\u00e9 de la plaine de Vosges","publisher":{"@id":"https:\/\/vosgesinfo.fr\/laplainedesvosgesinfo\/#organization"},"alternateName":"Toute l'actualit\u00e9 de la plaine des Vosges","potentialAction":[{"@type":"SearchAction","target":{"@type":"EntryPoint","urlTemplate":"https:\/\/vosgesinfo.fr\/laplainedesvosgesinfo\/?s={search_term_string}"},"query-input":"required name=search_term_string"}],"inLanguage":"fr-FR"},{"@type":"Organization","@id":"https:\/\/vosgesinfo.fr\/laplainedesvosgesinfo\/#organization","name":"La Plaine des Vosges","url":"https:\/\/vosgesinfo.fr\/laplainedesvosgesinfo\/","logo":{"@type":"ImageObject","inLanguage":"fr-FR","@id":"https:\/\/vosgesinfo.fr\/laplainedesvosgesinfo\/#\/schema\/logo\/image\/","url":"https:\/\/vosgesinfo.fr\/app\/uploads\/sites\/2\/2023\/08\/logo-laplaineinfo.svg","contentUrl":"https:\/\/vosgesinfo.fr\/app\/uploads\/sites\/2\/2023\/08\/logo-laplaineinfo.svg","width":1,"height":1,"caption":"La Plaine des Vosges"},"image":{"@id":"https:\/\/vosgesinfo.fr\/laplainedesvosgesinfo\/#\/schema\/logo\/image\/"},"sameAs":["https:\/\/www.facebook.com\/laplainedesvosges","https:\/\/x.com\/VosgesInfo88","https:\/\/www.youtube.com\/@vosgesinfo"]},{"@type":"Person","@id":"https:\/\/vosgesinfo.fr\/laplainedesvosgesinfo\/#\/schema\/person\/db412391f749f1ee67e177e1dc017316","name":"La R\u00e9daction","image":{"@type":"ImageObject","inLanguage":"fr-FR","@id":"https:\/\/vosgesinfo.fr\/laplainedesvosgesinfo\/#\/schema\/person\/image\/","url":"https:\/\/secure.gravatar.com\/avatar\/d10cfbea47ec464014dd9e55d3c353f7c4017b65068eb823d0882be0ff3b0ff6?s=96&d=mm&r=g","contentUrl":"https:\/\/secure.gravatar.com\/avatar\/d10cfbea47ec464014dd9e55d3c353f7c4017b65068eb823d0882be0ff3b0ff6?s=96&d=mm&r=g","caption":"La R\u00e9daction"},"url":"https:\/\/vosgesinfo.fr\/laplainedesvosgesinfo\/author\/redaction\/"}]}},"_links":{"self":[{"href":"https:\/\/vosgesinfo.fr\/laplainedesvosgesinfo\/wp-json\/wp\/v2\/posts\/22091","targetHints":{"allow":["GET"]}}],"collection":[{"href":"https:\/\/vosgesinfo.fr\/laplainedesvosgesinfo\/wp-json\/wp\/v2\/posts"}],"about":[{"href":"https:\/\/vosgesinfo.fr\/laplainedesvosgesinfo\/wp-json\/wp\/v2\/types\/post"}],"author":[{"embeddable":true,"href":"https:\/\/vosgesinfo.fr\/laplainedesvosgesinfo\/wp-json\/wp\/v2\/users\/126"}],"replies":[{"embeddable":true,"href":"https:\/\/vosgesinfo.fr\/laplainedesvosgesinfo\/wp-json\/wp\/v2\/comments?post=22091"}],"version-history":[{"count":0,"href":"https:\/\/vosgesinfo.fr\/laplainedesvosgesinfo\/wp-json\/wp\/v2\/posts\/22091\/revisions"}],"wp:featuredmedia":[{"embeddable":true,"href":"https:\/\/vosgesinfo.fr\/laplainedesvosgesinfo\/wp-json\/wp\/v2\/media\/22092"}],"wp:attachment":[{"href":"https:\/\/vosgesinfo.fr\/laplainedesvosgesinfo\/wp-json\/wp\/v2\/media?parent=22091"}],"wp:term":[{"taxonomy":"category","embeddable":true,"href":"https:\/\/vosgesinfo.fr\/laplainedesvosgesinfo\/wp-json\/wp\/v2\/categories?post=22091"},{"taxonomy":"post_tag","embeddable":true,"href":"https:\/\/vosgesinfo.fr\/laplainedesvosgesinfo\/wp-json\/wp\/v2\/tags?post=22091"}],"curies":[{"name":"wp","href":"https:\/\/api.w.org\/{rel}","templated":true}]}}