{"id":22220,"date":"2022-05-12T13:51:03","date_gmt":"2022-05-12T11:51:03","guid":{"rendered":"https:\/\/vosgesinfo.fr\/laplainedesvosgesinfo\/2022\/05\/lamicale-des-donneurs-de-sang-vittel-contrexeville-appelle-aux-dons\/"},"modified":"2022-05-12T13:51:03","modified_gmt":"2022-05-12T11:51:03","slug":"lamicale-des-donneurs-de-sang-vittel-contrexeville-appelle-aux-dons","status":"publish","type":"post","link":"https:\/\/vosgesinfo.fr\/laplainedesvosgesinfo\/2022\/05\/lamicale-des-donneurs-de-sang-vittel-contrexeville-appelle-aux-dons\/","title":{"rendered":"L\u2019amicale des donneurs de sang Vittel &#8211; Contrex\u00e9ville appelle aux dons"},"content":{"rendered":"<p><a href=\"\/2022\/05\/Don-du-sang.jpeg\"><img decoding=\"async\" class=\"aligncenter size-full wp-image-127846\" src=\"\/2022\/05\/Don-du-sang.jpeg\" alt=\"Don du sang\" width=\"800\" height=\"450\" \/><\/a><\/p>\n<p>L&rsquo;amicale des donneurs de sang de Vittel &#8211; Contrex\u00e9ville donne rendez-vous le mercredi 18 mai 2022 \u00e0\u00a0la salle du Moulin pour une nouvelle collecte de sang.<\/p>\n<p>\u00ab Le don de sang permet de pr\u00e9lever des globules rouges ainsi que du plasma et des plaquettes. Il n\u2019existe \u00e0 ce jour aucun produit capable de se substituer au sang humain. Le don du sang est donc un acte citoyen indispensable. La collecte se tiendra de 8 heures 30 \u00e0 12 heures et de 16 heures \u00e0 19 heures 30 \u00bb, d\u00e9clare V\u00e9ronique Grossier pr\u00e9sidente de l\u2019amicale des donneurs de sang de Vittel &#8211; Contrex\u00e9ville.<br \/>\n<a href=\"mailto:amicalesangvittel@yahoo.fr\">amicalesangvittel@yahoo.fr<\/a><\/p>\n","protected":false},"excerpt":{"rendered":"<p>L&rsquo;amicale des donneurs de sang de Vittel &#8211; Contrex\u00e9ville donne rendez-vous le mercredi 18 mai 2022 \u00e0\u00a0la salle du Moulin [&hellip;]<\/p>\n","protected":false},"author":128,"featured_media":573,"comment_status":"open","ping_status":"open","sticky":false,"template":"","format":"standard","meta":{"footnotes":""},"categories":[29,37,12,17,38],"tags":[6576,6413,36],"class_list":["post-22220","post","type-post","status-publish","format-standard","has-post-thumbnail","hentry","category-a-la-une","category-la-plaine","category-sante","category-vie-associative","category-vittel-la-plaine","tag-amicale-des-donneurs-de-sang-vittel","tag-veronique-grossier","tag-ville-de-vittel"],"acf":[],"yoast_head":"<!-- This site is optimized with the Yoast SEO plugin v22.5 - https:\/\/yoast.com\/wordpress\/plugins\/seo\/ -->\n<title>L\u2019amicale des donneurs de sang Vittel - Contrex\u00e9ville appelle aux dons - La Plaine des Vosges<\/title>\n<meta name=\"robots\" content=\"index, follow, max-snippet:-1, max-image-preview:large, max-video-preview:-1\" \/>\n<link rel=\"canonical\" href=\"https:\/\/vosgesinfo.fr\/laplainedesvosgesinfo\/2022\/05\/lamicale-des-donneurs-de-sang-vittel-contrexeville-appelle-aux-dons\/\" \/>\n<meta name=\"twitter:card\" content=\"summary_large_image\" \/>\n<meta name=\"twitter:title\" content=\"L\u2019amicale des donneurs de sang Vittel - Contrex\u00e9ville appelle aux dons - La Plaine des Vosges\" \/>\n<meta name=\"twitter:description\" content=\"L&rsquo;amicale des donneurs de sang de Vittel &#8211; Contrex\u00e9ville donne rendez-vous le mercredi 18 mai 2022 \u00e0\u00a0la salle du Moulin [&hellip;]\" \/>\n<meta name=\"twitter:image\" content=\"https:\/\/vosgesinfo.fr\/app\/uploads\/sites\/2\/2019\/02\/don-du-sang.jpg\" \/>\n<meta name=\"twitter:creator\" content=\"@VosgesInfo88\" \/>\n<meta name=\"twitter:site\" content=\"@VosgesInfo88\" \/>\n<meta name=\"twitter:label1\" content=\"\u00c9crit par\" \/>\n\t<meta name=\"twitter:data1\" content=\"F L\" \/>\n\t<meta name=\"twitter:label2\" content=\"Dur\u00e9e de lecture estim\u00e9e\" \/>\n\t<meta name=\"twitter:data2\" content=\"1 minute\" \/>\n<script type=\"application\/ld+json\" class=\"yoast-schema-graph\">{\"@context\":\"https:\/\/schema.org\",\"@graph\":[{\"@type\":\"Article\",\"@id\":\"https:\/\/vosgesinfo.fr\/laplainedesvosgesinfo\/2022\/05\/lamicale-des-donneurs-de-sang-vittel-contrexeville-appelle-aux-dons\/#article\",\"isPartOf\":{\"@id\":\"https:\/\/vosgesinfo.fr\/laplainedesvosgesinfo\/2022\/05\/lamicale-des-donneurs-de-sang-vittel-contrexeville-appelle-aux-dons\/\"},\"author\":{\"name\":\"F L\",\"@id\":\"https:\/\/vosgesinfo.fr\/laplainedesvosgesinfo\/#\/schema\/person\/79e32bebcee803e323d575130a214cb1\"},\"headline\":\"L\u2019amicale des donneurs de sang Vittel &#8211; Contrex\u00e9ville appelle aux dons\",\"datePublished\":\"2022-05-12T11:51:03+00:00\",\"dateModified\":\"2022-05-12T11:51:03+00:00\",\"mainEntityOfPage\":{\"@id\":\"https:\/\/vosgesinfo.fr\/laplainedesvosgesinfo\/2022\/05\/lamicale-des-donneurs-de-sang-vittel-contrexeville-appelle-aux-dons\/\"},\"wordCount\":114,\"commentCount\":0,\"publisher\":{\"@id\":\"https:\/\/vosgesinfo.fr\/laplainedesvosgesinfo\/#organization\"},\"image\":{\"@id\":\"https:\/\/vosgesinfo.fr\/laplainedesvosgesinfo\/2022\/05\/lamicale-des-donneurs-de-sang-vittel-contrexeville-appelle-aux-dons\/#primaryimage\"},\"thumbnailUrl\":\"https:\/\/vosgesinfo.fr\/app\/uploads\/sites\/2\/2019\/02\/don-du-sang.jpg\",\"keywords\":[\"Amicale des donneurs de sang Vittel\",\"V\u00e9ronique Grossier\",\"Ville de Vittel\"],\"articleSection\":[\"A la Une\",\"La Plaine\",\"Sant\u00e9\",\"Vie Associative\",\"Vittel\"],\"inLanguage\":\"fr-FR\",\"potentialAction\":[{\"@type\":\"CommentAction\",\"name\":\"Comment\",\"target\":[\"https:\/\/vosgesinfo.fr\/laplainedesvosgesinfo\/2022\/05\/lamicale-des-donneurs-de-sang-vittel-contrexeville-appelle-aux-dons\/#respond\"]}]},{\"@type\":\"WebPage\",\"@id\":\"https:\/\/vosgesinfo.fr\/laplainedesvosgesinfo\/2022\/05\/lamicale-des-donneurs-de-sang-vittel-contrexeville-appelle-aux-dons\/\",\"url\":\"https:\/\/vosgesinfo.fr\/laplainedesvosgesinfo\/2022\/05\/lamicale-des-donneurs-de-sang-vittel-contrexeville-appelle-aux-dons\/\",\"name\":\"L\u2019amicale des donneurs de sang Vittel - Contrex\u00e9ville appelle aux dons - La Plaine des Vosges\",\"isPartOf\":{\"@id\":\"https:\/\/vosgesinfo.fr\/laplainedesvosgesinfo\/#website\"},\"primaryImageOfPage\":{\"@id\":\"https:\/\/vosgesinfo.fr\/laplainedesvosgesinfo\/2022\/05\/lamicale-des-donneurs-de-sang-vittel-contrexeville-appelle-aux-dons\/#primaryimage\"},\"image\":{\"@id\":\"https:\/\/vosgesinfo.fr\/laplainedesvosgesinfo\/2022\/05\/lamicale-des-donneurs-de-sang-vittel-contrexeville-appelle-aux-dons\/#primaryimage\"},\"thumbnailUrl\":\"https:\/\/vosgesinfo.fr\/app\/uploads\/sites\/2\/2019\/02\/don-du-sang.jpg\",\"datePublished\":\"2022-05-12T11:51:03+00:00\",\"dateModified\":\"2022-05-12T11:51:03+00:00\",\"breadcrumb\":{\"@id\":\"https:\/\/vosgesinfo.fr\/laplainedesvosgesinfo\/2022\/05\/lamicale-des-donneurs-de-sang-vittel-contrexeville-appelle-aux-dons\/#breadcrumb\"},\"inLanguage\":\"fr-FR\",\"potentialAction\":[{\"@type\":\"ReadAction\",\"target\":[\"https:\/\/vosgesinfo.fr\/laplainedesvosgesinfo\/2022\/05\/lamicale-des-donneurs-de-sang-vittel-contrexeville-appelle-aux-dons\/\"]}]},{\"@type\":\"ImageObject\",\"inLanguage\":\"fr-FR\",\"@id\":\"https:\/\/vosgesinfo.fr\/laplainedesvosgesinfo\/2022\/05\/lamicale-des-donneurs-de-sang-vittel-contrexeville-appelle-aux-dons\/#primaryimage\",\"url\":\"https:\/\/vosgesinfo.fr\/app\/uploads\/sites\/2\/2019\/02\/don-du-sang.jpg\",\"contentUrl\":\"https:\/\/vosgesinfo.fr\/app\/uploads\/sites\/2\/2019\/02\/don-du-sang.jpg\",\"width\":1080,\"height\":1162},{\"@type\":\"BreadcrumbList\",\"@id\":\"https:\/\/vosgesinfo.fr\/laplainedesvosgesinfo\/2022\/05\/lamicale-des-donneurs-de-sang-vittel-contrexeville-appelle-aux-dons\/#breadcrumb\",\"itemListElement\":[{\"@type\":\"ListItem\",\"position\":1,\"name\":\"Home\",\"item\":\"https:\/\/vosgesinfo.fr\/laplainedesvosgesinfo\/\"},{\"@type\":\"ListItem\",\"position\":2,\"name\":\"L\u2019amicale des donneurs de sang Vittel &#8211; Contrex\u00e9ville appelle aux dons\"}]},{\"@type\":\"WebSite\",\"@id\":\"https:\/\/vosgesinfo.fr\/laplainedesvosgesinfo\/#website\",\"url\":\"https:\/\/vosgesinfo.fr\/laplainedesvosgesinfo\/\",\"name\":\"La Plaine des Vosges\",\"description\":\"Toute l&#039;actualit\u00e9 de la plaine de Vosges\",\"publisher\":{\"@id\":\"https:\/\/vosgesinfo.fr\/laplainedesvosgesinfo\/#organization\"},\"alternateName\":\"Toute l'actualit\u00e9 de la plaine des Vosges\",\"potentialAction\":[{\"@type\":\"SearchAction\",\"target\":{\"@type\":\"EntryPoint\",\"urlTemplate\":\"https:\/\/vosgesinfo.fr\/laplainedesvosgesinfo\/?s={search_term_string}\"},\"query-input\":\"required name=search_term_string\"}],\"inLanguage\":\"fr-FR\"},{\"@type\":\"Organization\",\"@id\":\"https:\/\/vosgesinfo.fr\/laplainedesvosgesinfo\/#organization\",\"name\":\"La Plaine des Vosges\",\"url\":\"https:\/\/vosgesinfo.fr\/laplainedesvosgesinfo\/\",\"logo\":{\"@type\":\"ImageObject\",\"inLanguage\":\"fr-FR\",\"@id\":\"https:\/\/vosgesinfo.fr\/laplainedesvosgesinfo\/#\/schema\/logo\/image\/\",\"url\":\"https:\/\/vosgesinfo.fr\/app\/uploads\/sites\/2\/2023\/08\/logo-laplaineinfo.svg\",\"contentUrl\":\"https:\/\/vosgesinfo.fr\/app\/uploads\/sites\/2\/2023\/08\/logo-laplaineinfo.svg\",\"width\":1,\"height\":1,\"caption\":\"La Plaine des Vosges\"},\"image\":{\"@id\":\"https:\/\/vosgesinfo.fr\/laplainedesvosgesinfo\/#\/schema\/logo\/image\/\"},\"sameAs\":[\"https:\/\/www.facebook.com\/laplainedesvosges\",\"https:\/\/x.com\/VosgesInfo88\",\"https:\/\/www.youtube.com\/@vosgesinfo\"]},{\"@type\":\"Person\",\"@id\":\"https:\/\/vosgesinfo.fr\/laplainedesvosgesinfo\/#\/schema\/person\/79e32bebcee803e323d575130a214cb1\",\"name\":\"F L\",\"image\":{\"@type\":\"ImageObject\",\"inLanguage\":\"fr-FR\",\"@id\":\"https:\/\/vosgesinfo.fr\/laplainedesvosgesinfo\/#\/schema\/person\/image\/\",\"url\":\"https:\/\/secure.gravatar.com\/avatar\/d357c72e152089867fde6ef62184057ee532a6f21b254c937a932e835554cfb3?s=96&d=mm&r=g\",\"contentUrl\":\"https:\/\/secure.gravatar.com\/avatar\/d357c72e152089867fde6ef62184057ee532a6f21b254c937a932e835554cfb3?s=96&d=mm&r=g\",\"caption\":\"F L\"},\"url\":\"https:\/\/vosgesinfo.fr\/laplainedesvosgesinfo\/author\/frlevyp88\/\"}]}<\/script>\n<!-- \/ Yoast SEO plugin. -->","yoast_head_json":{"title":"L\u2019amicale des donneurs de sang Vittel - Contrex\u00e9ville appelle aux dons - La Plaine des Vosges","robots":{"index":"index","follow":"follow","max-snippet":"max-snippet:-1","max-image-preview":"max-image-preview:large","max-video-preview":"max-video-preview:-1"},"canonical":"https:\/\/vosgesinfo.fr\/laplainedesvosgesinfo\/2022\/05\/lamicale-des-donneurs-de-sang-vittel-contrexeville-appelle-aux-dons\/","twitter_card":"summary_large_image","twitter_title":"L\u2019amicale des donneurs de sang Vittel - Contrex\u00e9ville appelle aux dons - La Plaine des Vosges","twitter_description":"L&rsquo;amicale des donneurs de sang de Vittel &#8211; Contrex\u00e9ville donne rendez-vous le mercredi 18 mai 2022 \u00e0\u00a0la salle du Moulin [&hellip;]","twitter_image":"https:\/\/vosgesinfo.fr\/app\/uploads\/sites\/2\/2019\/02\/don-du-sang.jpg","twitter_creator":"@VosgesInfo88","twitter_site":"@VosgesInfo88","twitter_misc":{"\u00c9crit par":"F L","Dur\u00e9e de lecture estim\u00e9e":"1 minute"},"schema":{"@context":"https:\/\/schema.org","@graph":[{"@type":"Article","@id":"https:\/\/vosgesinfo.fr\/laplainedesvosgesinfo\/2022\/05\/lamicale-des-donneurs-de-sang-vittel-contrexeville-appelle-aux-dons\/#article","isPartOf":{"@id":"https:\/\/vosgesinfo.fr\/laplainedesvosgesinfo\/2022\/05\/lamicale-des-donneurs-de-sang-vittel-contrexeville-appelle-aux-dons\/"},"author":{"name":"F L","@id":"https:\/\/vosgesinfo.fr\/laplainedesvosgesinfo\/#\/schema\/person\/79e32bebcee803e323d575130a214cb1"},"headline":"L\u2019amicale des donneurs de sang Vittel &#8211; Contrex\u00e9ville appelle aux dons","datePublished":"2022-05-12T11:51:03+00:00","dateModified":"2022-05-12T11:51:03+00:00","mainEntityOfPage":{"@id":"https:\/\/vosgesinfo.fr\/laplainedesvosgesinfo\/2022\/05\/lamicale-des-donneurs-de-sang-vittel-contrexeville-appelle-aux-dons\/"},"wordCount":114,"commentCount":0,"publisher":{"@id":"https:\/\/vosgesinfo.fr\/laplainedesvosgesinfo\/#organization"},"image":{"@id":"https:\/\/vosgesinfo.fr\/laplainedesvosgesinfo\/2022\/05\/lamicale-des-donneurs-de-sang-vittel-contrexeville-appelle-aux-dons\/#primaryimage"},"thumbnailUrl":"https:\/\/vosgesinfo.fr\/app\/uploads\/sites\/2\/2019\/02\/don-du-sang.jpg","keywords":["Amicale des donneurs de sang Vittel","V\u00e9ronique Grossier","Ville de Vittel"],"articleSection":["A la Une","La Plaine","Sant\u00e9","Vie Associative","Vittel"],"inLanguage":"fr-FR","potentialAction":[{"@type":"CommentAction","name":"Comment","target":["https:\/\/vosgesinfo.fr\/laplainedesvosgesinfo\/2022\/05\/lamicale-des-donneurs-de-sang-vittel-contrexeville-appelle-aux-dons\/#respond"]}]},{"@type":"WebPage","@id":"https:\/\/vosgesinfo.fr\/laplainedesvosgesinfo\/2022\/05\/lamicale-des-donneurs-de-sang-vittel-contrexeville-appelle-aux-dons\/","url":"https:\/\/vosgesinfo.fr\/laplainedesvosgesinfo\/2022\/05\/lamicale-des-donneurs-de-sang-vittel-contrexeville-appelle-aux-dons\/","name":"L\u2019amicale des donneurs de sang Vittel - Contrex\u00e9ville appelle aux dons - La Plaine des Vosges","isPartOf":{"@id":"https:\/\/vosgesinfo.fr\/laplainedesvosgesinfo\/#website"},"primaryImageOfPage":{"@id":"https:\/\/vosgesinfo.fr\/laplainedesvosgesinfo\/2022\/05\/lamicale-des-donneurs-de-sang-vittel-contrexeville-appelle-aux-dons\/#primaryimage"},"image":{"@id":"https:\/\/vosgesinfo.fr\/laplainedesvosgesinfo\/2022\/05\/lamicale-des-donneurs-de-sang-vittel-contrexeville-appelle-aux-dons\/#primaryimage"},"thumbnailUrl":"https:\/\/vosgesinfo.fr\/app\/uploads\/sites\/2\/2019\/02\/don-du-sang.jpg","datePublished":"2022-05-12T11:51:03+00:00","dateModified":"2022-05-12T11:51:03+00:00","breadcrumb":{"@id":"https:\/\/vosgesinfo.fr\/laplainedesvosgesinfo\/2022\/05\/lamicale-des-donneurs-de-sang-vittel-contrexeville-appelle-aux-dons\/#breadcrumb"},"inLanguage":"fr-FR","potentialAction":[{"@type":"ReadAction","target":["https:\/\/vosgesinfo.fr\/laplainedesvosgesinfo\/2022\/05\/lamicale-des-donneurs-de-sang-vittel-contrexeville-appelle-aux-dons\/"]}]},{"@type":"ImageObject","inLanguage":"fr-FR","@id":"https:\/\/vosgesinfo.fr\/laplainedesvosgesinfo\/2022\/05\/lamicale-des-donneurs-de-sang-vittel-contrexeville-appelle-aux-dons\/#primaryimage","url":"https:\/\/vosgesinfo.fr\/app\/uploads\/sites\/2\/2019\/02\/don-du-sang.jpg","contentUrl":"https:\/\/vosgesinfo.fr\/app\/uploads\/sites\/2\/2019\/02\/don-du-sang.jpg","width":1080,"height":1162},{"@type":"BreadcrumbList","@id":"https:\/\/vosgesinfo.fr\/laplainedesvosgesinfo\/2022\/05\/lamicale-des-donneurs-de-sang-vittel-contrexeville-appelle-aux-dons\/#breadcrumb","itemListElement":[{"@type":"ListItem","position":1,"name":"Home","item":"https:\/\/vosgesinfo.fr\/laplainedesvosgesinfo\/"},{"@type":"ListItem","position":2,"name":"L\u2019amicale des donneurs de sang Vittel &#8211; Contrex\u00e9ville appelle aux dons"}]},{"@type":"WebSite","@id":"https:\/\/vosgesinfo.fr\/laplainedesvosgesinfo\/#website","url":"https:\/\/vosgesinfo.fr\/laplainedesvosgesinfo\/","name":"La Plaine des Vosges","description":"Toute l&#039;actualit\u00e9 de la plaine de Vosges","publisher":{"@id":"https:\/\/vosgesinfo.fr\/laplainedesvosgesinfo\/#organization"},"alternateName":"Toute l'actualit\u00e9 de la plaine des Vosges","potentialAction":[{"@type":"SearchAction","target":{"@type":"EntryPoint","urlTemplate":"https:\/\/vosgesinfo.fr\/laplainedesvosgesinfo\/?s={search_term_string}"},"query-input":"required name=search_term_string"}],"inLanguage":"fr-FR"},{"@type":"Organization","@id":"https:\/\/vosgesinfo.fr\/laplainedesvosgesinfo\/#organization","name":"La Plaine des Vosges","url":"https:\/\/vosgesinfo.fr\/laplainedesvosgesinfo\/","logo":{"@type":"ImageObject","inLanguage":"fr-FR","@id":"https:\/\/vosgesinfo.fr\/laplainedesvosgesinfo\/#\/schema\/logo\/image\/","url":"https:\/\/vosgesinfo.fr\/app\/uploads\/sites\/2\/2023\/08\/logo-laplaineinfo.svg","contentUrl":"https:\/\/vosgesinfo.fr\/app\/uploads\/sites\/2\/2023\/08\/logo-laplaineinfo.svg","width":1,"height":1,"caption":"La Plaine des Vosges"},"image":{"@id":"https:\/\/vosgesinfo.fr\/laplainedesvosgesinfo\/#\/schema\/logo\/image\/"},"sameAs":["https:\/\/www.facebook.com\/laplainedesvosges","https:\/\/x.com\/VosgesInfo88","https:\/\/www.youtube.com\/@vosgesinfo"]},{"@type":"Person","@id":"https:\/\/vosgesinfo.fr\/laplainedesvosgesinfo\/#\/schema\/person\/79e32bebcee803e323d575130a214cb1","name":"F L","image":{"@type":"ImageObject","inLanguage":"fr-FR","@id":"https:\/\/vosgesinfo.fr\/laplainedesvosgesinfo\/#\/schema\/person\/image\/","url":"https:\/\/secure.gravatar.com\/avatar\/d357c72e152089867fde6ef62184057ee532a6f21b254c937a932e835554cfb3?s=96&d=mm&r=g","contentUrl":"https:\/\/secure.gravatar.com\/avatar\/d357c72e152089867fde6ef62184057ee532a6f21b254c937a932e835554cfb3?s=96&d=mm&r=g","caption":"F L"},"url":"https:\/\/vosgesinfo.fr\/laplainedesvosgesinfo\/author\/frlevyp88\/"}]}},"_links":{"self":[{"href":"https:\/\/vosgesinfo.fr\/laplainedesvosgesinfo\/wp-json\/wp\/v2\/posts\/22220","targetHints":{"allow":["GET"]}}],"collection":[{"href":"https:\/\/vosgesinfo.fr\/laplainedesvosgesinfo\/wp-json\/wp\/v2\/posts"}],"about":[{"href":"https:\/\/vosgesinfo.fr\/laplainedesvosgesinfo\/wp-json\/wp\/v2\/types\/post"}],"author":[{"embeddable":true,"href":"https:\/\/vosgesinfo.fr\/laplainedesvosgesinfo\/wp-json\/wp\/v2\/users\/128"}],"replies":[{"embeddable":true,"href":"https:\/\/vosgesinfo.fr\/laplainedesvosgesinfo\/wp-json\/wp\/v2\/comments?post=22220"}],"version-history":[{"count":0,"href":"https:\/\/vosgesinfo.fr\/laplainedesvosgesinfo\/wp-json\/wp\/v2\/posts\/22220\/revisions"}],"wp:featuredmedia":[{"embeddable":true,"href":"https:\/\/vosgesinfo.fr\/laplainedesvosgesinfo\/wp-json\/wp\/v2\/media\/573"}],"wp:attachment":[{"href":"https:\/\/vosgesinfo.fr\/laplainedesvosgesinfo\/wp-json\/wp\/v2\/media?parent=22220"}],"wp:term":[{"taxonomy":"category","embeddable":true,"href":"https:\/\/vosgesinfo.fr\/laplainedesvosgesinfo\/wp-json\/wp\/v2\/categories?post=22220"},{"taxonomy":"post_tag","embeddable":true,"href":"https:\/\/vosgesinfo.fr\/laplainedesvosgesinfo\/wp-json\/wp\/v2\/tags?post=22220"}],"curies":[{"name":"wp","href":"https:\/\/api.w.org\/{rel}","templated":true}]}}