{"id":2249,"date":"2016-01-25T15:45:09","date_gmt":"2016-01-25T14:45:09","guid":{"rendered":"https:\/\/vosgesinfo.fr\/laplainedesvosgesinfo\/2016\/01\/vittel-4eme-concours-hivernal-de-8-quadrettes-organise-par-la-boule-vittelloise\/"},"modified":"2016-01-25T15:45:09","modified_gmt":"2016-01-25T14:45:09","slug":"vittel-4eme-concours-hivernal-de-8-quadrettes-organise-par-la-boule-vittelloise","status":"publish","type":"post","link":"https:\/\/vosgesinfo.fr\/laplainedesvosgesinfo\/2016\/01\/vittel-4eme-concours-hivernal-de-8-quadrettes-organise-par-la-boule-vittelloise\/","title":{"rendered":"Vittel &#8211; 4\u00e8me concours hivernal de 8 quadrettes organis\u00e9 par \u00ab\u00a0La Boule Vittelloise\u00a0\u00bb"},"content":{"rendered":"<p><a href=\"\/2016\/01\/boule_lyonaise-compressed.jpg\"><img decoding=\"async\" class=\"wp-image-71850 aligncenter\" src=\"\/2016\/01\/boule_lyonaise-compressed.jpg\" alt=\"boule_lyonaise-compressed\" width=\"620\" height=\"413\" \/><\/a><\/p>\n<p>8 \u00e9quipes de boule lyonnaise venant de G\u00e9rardmer, Pont-de-Roide, Epinal, Vincey, Nancy et bien entendu Vittel, se sont affront\u00e9es sur les terrains du boulodrome de l&rsquo;Alpha. Le challenge \u00ab\u00a0<strong>Alain Roy<\/strong>\u00a0\u00bb a r\u00e9unit bonne ambiance et sport. R\u00e9partis sur 4 terrains, les joueurs se sont affront\u00e9s durant toute la journ\u00e9e. L&rsquo;\u00e9quipe Gasparetti du club de l&rsquo;ASPTT Nancy et l&rsquo;\u00e9quipe Piscaglia pour celui de G\u00e9rardmer se sont affront\u00e9s pour d\u00e9terminer le grand gagnant de ce challenge. <strong>Au bout d&rsquo;1h45 de match c&rsquo;est l&rsquo;\u00e9quipe Piscaglia du club de G\u00e9rardmer qui est sortie vainqueur.<\/strong><\/p>\n<div id=\"attachment_71851\" style=\"width: 466px\" class=\"wp-caption alignleft\"><a href=\"\/2016\/01\/nancy-compressed.jpg\"><img decoding=\"async\" aria-describedby=\"caption-attachment-71851\" class=\"wp-image-71851\" src=\"\/2016\/01\/nancy-compressed.jpg\" alt=\"\u00c9quipe finaliste de l'ASPTT Nancy\" width=\"456\" height=\"304\" \/><\/a><p id=\"caption-attachment-71851\" class=\"wp-caption-text\">(\u00c9quipe finaliste de l&rsquo;ASPTT Nancy)<\/p><\/div>\n<p>&nbsp;<\/p>\n<p>Classement : 8\u00e8me: \u00e9quipe Demesy de Pont-de-Roide, 7\u00e8me et 6\u00e8me: \u00e9quipes Kniest et Gerardin de Vittel, 5\u00e8me: \u00e9quipe Renaudin de G\u00e9rardmer, 4\u00e8me: \u00e9quipe Leval de Vincey, 3\u00e8me: \u00e9quipe Galmiche d&rsquo;\u00c9pinal, 2\u00e8me: \u00e9quipe Gasparetti de l&rsquo;ASPTT Nancy et 1er: \u00e9quipe Piscaglia de G\u00e9rardmer.<\/p>\n<p>&nbsp;<\/p>\n<p>&nbsp;<\/p>\n<p>&nbsp;<\/p>\n<p><strong>La boule lyonnaise repr\u00e9sente 20 clubs lorrains dont 6 vosgiens. La Boule Vittelloise quant \u00e0 elle, compte plus d&rsquo;une trentaine d&rsquo;adh\u00e9rents.<\/strong><\/p>\n<div id=\"attachment_71852\" style=\"width: 486px\" class=\"wp-caption aligncenter\"><a href=\"\/2016\/01\/gerardmer-compressed.jpg\"><img decoding=\"async\" aria-describedby=\"caption-attachment-71852\" class=\"wp-image-71852\" src=\"\/2016\/01\/gerardmer-compressed.jpg\" alt=\"\u00c9quipe gagnante de G\u00e9rardmer\" width=\"476\" height=\"317\" \/><\/a><p id=\"caption-attachment-71852\" class=\"wp-caption-text\">(\u00c9quipe gagnante de G\u00e9rardmer)<\/p><\/div>\n<p><strong>Le 5\u00e8me concours hivernal organis\u00e9 par La Boule Vittelloise aura lieu le dimanche 21 f\u00e9vrier au boulodrome de l&rsquo;Alpha.<\/strong><\/p>\n<p>&nbsp;<\/p>\n<p>A.J.<\/p>\n","protected":false},"excerpt":{"rendered":"<p>8 \u00e9quipes de boule lyonnaise venant de G\u00e9rardmer, Pont-de-Roide, Epinal, Vincey, Nancy et bien entendu Vittel, se sont affront\u00e9es sur [&hellip;]<\/p>\n","protected":false},"author":1,"featured_media":2250,"comment_status":"open","ping_status":"open","sticky":false,"template":"","format":"standard","meta":{"footnotes":""},"categories":[37,17,38],"tags":[],"class_list":["post-2249","post","type-post","status-publish","format-standard","has-post-thumbnail","hentry","category-la-plaine","category-vie-associative","category-vittel-la-plaine"],"acf":[],"yoast_head":"<!-- This site is optimized with the Yoast SEO plugin v22.5 - https:\/\/yoast.com\/wordpress\/plugins\/seo\/ -->\n<title>Vittel - 4\u00e8me concours hivernal de 8 quadrettes organis\u00e9 par &quot;La Boule Vittelloise&quot; - La Plaine des Vosges<\/title>\n<meta name=\"robots\" content=\"index, follow, max-snippet:-1, max-image-preview:large, max-video-preview:-1\" \/>\n<link rel=\"canonical\" href=\"https:\/\/vosgesinfo.fr\/laplainedesvosgesinfo\/2016\/01\/vittel-4eme-concours-hivernal-de-8-quadrettes-organise-par-la-boule-vittelloise\/\" \/>\n<meta name=\"twitter:card\" content=\"summary_large_image\" \/>\n<meta name=\"twitter:title\" content=\"Vittel - 4\u00e8me concours hivernal de 8 quadrettes organis\u00e9 par &quot;La Boule Vittelloise&quot; - La Plaine des Vosges\" \/>\n<meta name=\"twitter:description\" content=\"8 \u00e9quipes de boule lyonnaise venant de G\u00e9rardmer, Pont-de-Roide, Epinal, Vincey, Nancy et bien entendu Vittel, se sont affront\u00e9es sur [&hellip;]\" \/>\n<meta name=\"twitter:image\" content=\"https:\/\/vosgesinfo.fr\/app\/uploads\/sites\/2\/2024\/06\/201601boule-lyonaise-compressed.jpg\" \/>\n<meta name=\"twitter:creator\" content=\"@VosgesInfo88\" \/>\n<meta name=\"twitter:site\" content=\"@VosgesInfo88\" \/>\n<meta name=\"twitter:label1\" content=\"\u00c9crit par\" \/>\n\t<meta name=\"twitter:data1\" content=\"qs_admin\" \/>\n\t<meta name=\"twitter:label2\" content=\"Dur\u00e9e de lecture estim\u00e9e\" \/>\n\t<meta name=\"twitter:data2\" content=\"1 minute\" \/>\n<script type=\"application\/ld+json\" class=\"yoast-schema-graph\">{\"@context\":\"https:\/\/schema.org\",\"@graph\":[{\"@type\":\"Article\",\"@id\":\"https:\/\/vosgesinfo.fr\/laplainedesvosgesinfo\/2016\/01\/vittel-4eme-concours-hivernal-de-8-quadrettes-organise-par-la-boule-vittelloise\/#article\",\"isPartOf\":{\"@id\":\"https:\/\/vosgesinfo.fr\/laplainedesvosgesinfo\/2016\/01\/vittel-4eme-concours-hivernal-de-8-quadrettes-organise-par-la-boule-vittelloise\/\"},\"author\":{\"name\":\"qs_admin\",\"@id\":\"https:\/\/vosgesinfo.fr\/laplainedesvosgesinfo\/#\/schema\/person\/bc5d02d71e6932e81b6dadb7386667b1\"},\"headline\":\"Vittel &#8211; 4\u00e8me concours hivernal de 8 quadrettes organis\u00e9 par \u00ab\u00a0La Boule Vittelloise\u00a0\u00bb\",\"datePublished\":\"2016-01-25T14:45:09+00:00\",\"dateModified\":\"2016-01-25T14:45:09+00:00\",\"mainEntityOfPage\":{\"@id\":\"https:\/\/vosgesinfo.fr\/laplainedesvosgesinfo\/2016\/01\/vittel-4eme-concours-hivernal-de-8-quadrettes-organise-par-la-boule-vittelloise\/\"},\"wordCount\":236,\"commentCount\":0,\"publisher\":{\"@id\":\"https:\/\/vosgesinfo.fr\/laplainedesvosgesinfo\/#organization\"},\"image\":{\"@id\":\"https:\/\/vosgesinfo.fr\/laplainedesvosgesinfo\/2016\/01\/vittel-4eme-concours-hivernal-de-8-quadrettes-organise-par-la-boule-vittelloise\/#primaryimage\"},\"thumbnailUrl\":\"https:\/\/vosgesinfo.fr\/app\/uploads\/sites\/2\/2024\/06\/201601boule-lyonaise-compressed.jpg\",\"articleSection\":[\"La Plaine\",\"Vie Associative\",\"Vittel\"],\"inLanguage\":\"fr-FR\",\"potentialAction\":[{\"@type\":\"CommentAction\",\"name\":\"Comment\",\"target\":[\"https:\/\/vosgesinfo.fr\/laplainedesvosgesinfo\/2016\/01\/vittel-4eme-concours-hivernal-de-8-quadrettes-organise-par-la-boule-vittelloise\/#respond\"]}]},{\"@type\":\"WebPage\",\"@id\":\"https:\/\/vosgesinfo.fr\/laplainedesvosgesinfo\/2016\/01\/vittel-4eme-concours-hivernal-de-8-quadrettes-organise-par-la-boule-vittelloise\/\",\"url\":\"https:\/\/vosgesinfo.fr\/laplainedesvosgesinfo\/2016\/01\/vittel-4eme-concours-hivernal-de-8-quadrettes-organise-par-la-boule-vittelloise\/\",\"name\":\"Vittel - 4\u00e8me concours hivernal de 8 quadrettes organis\u00e9 par \\\"La Boule Vittelloise\\\" - La Plaine des Vosges\",\"isPartOf\":{\"@id\":\"https:\/\/vosgesinfo.fr\/laplainedesvosgesinfo\/#website\"},\"primaryImageOfPage\":{\"@id\":\"https:\/\/vosgesinfo.fr\/laplainedesvosgesinfo\/2016\/01\/vittel-4eme-concours-hivernal-de-8-quadrettes-organise-par-la-boule-vittelloise\/#primaryimage\"},\"image\":{\"@id\":\"https:\/\/vosgesinfo.fr\/laplainedesvosgesinfo\/2016\/01\/vittel-4eme-concours-hivernal-de-8-quadrettes-organise-par-la-boule-vittelloise\/#primaryimage\"},\"thumbnailUrl\":\"https:\/\/vosgesinfo.fr\/app\/uploads\/sites\/2\/2024\/06\/201601boule-lyonaise-compressed.jpg\",\"datePublished\":\"2016-01-25T14:45:09+00:00\",\"dateModified\":\"2016-01-25T14:45:09+00:00\",\"breadcrumb\":{\"@id\":\"https:\/\/vosgesinfo.fr\/laplainedesvosgesinfo\/2016\/01\/vittel-4eme-concours-hivernal-de-8-quadrettes-organise-par-la-boule-vittelloise\/#breadcrumb\"},\"inLanguage\":\"fr-FR\",\"potentialAction\":[{\"@type\":\"ReadAction\",\"target\":[\"https:\/\/vosgesinfo.fr\/laplainedesvosgesinfo\/2016\/01\/vittel-4eme-concours-hivernal-de-8-quadrettes-organise-par-la-boule-vittelloise\/\"]}]},{\"@type\":\"ImageObject\",\"inLanguage\":\"fr-FR\",\"@id\":\"https:\/\/vosgesinfo.fr\/laplainedesvosgesinfo\/2016\/01\/vittel-4eme-concours-hivernal-de-8-quadrettes-organise-par-la-boule-vittelloise\/#primaryimage\",\"url\":\"https:\/\/vosgesinfo.fr\/app\/uploads\/sites\/2\/2024\/06\/201601boule-lyonaise-compressed.jpg\",\"contentUrl\":\"https:\/\/vosgesinfo.fr\/app\/uploads\/sites\/2\/2024\/06\/201601boule-lyonaise-compressed.jpg\",\"width\":800,\"height\":534},{\"@type\":\"BreadcrumbList\",\"@id\":\"https:\/\/vosgesinfo.fr\/laplainedesvosgesinfo\/2016\/01\/vittel-4eme-concours-hivernal-de-8-quadrettes-organise-par-la-boule-vittelloise\/#breadcrumb\",\"itemListElement\":[{\"@type\":\"ListItem\",\"position\":1,\"name\":\"Home\",\"item\":\"https:\/\/vosgesinfo.fr\/laplainedesvosgesinfo\/\"},{\"@type\":\"ListItem\",\"position\":2,\"name\":\"Vittel &#8211; 4\u00e8me concours hivernal de 8 quadrettes organis\u00e9 par \u00ab\u00a0La Boule Vittelloise\u00a0\u00bb\"}]},{\"@type\":\"WebSite\",\"@id\":\"https:\/\/vosgesinfo.fr\/laplainedesvosgesinfo\/#website\",\"url\":\"https:\/\/vosgesinfo.fr\/laplainedesvosgesinfo\/\",\"name\":\"La Plaine des Vosges\",\"description\":\"Toute l&#039;actualit\u00e9 de la plaine de Vosges\",\"publisher\":{\"@id\":\"https:\/\/vosgesinfo.fr\/laplainedesvosgesinfo\/#organization\"},\"alternateName\":\"Toute l'actualit\u00e9 de la plaine des Vosges\",\"potentialAction\":[{\"@type\":\"SearchAction\",\"target\":{\"@type\":\"EntryPoint\",\"urlTemplate\":\"https:\/\/vosgesinfo.fr\/laplainedesvosgesinfo\/?s={search_term_string}\"},\"query-input\":\"required name=search_term_string\"}],\"inLanguage\":\"fr-FR\"},{\"@type\":\"Organization\",\"@id\":\"https:\/\/vosgesinfo.fr\/laplainedesvosgesinfo\/#organization\",\"name\":\"La Plaine des Vosges\",\"url\":\"https:\/\/vosgesinfo.fr\/laplainedesvosgesinfo\/\",\"logo\":{\"@type\":\"ImageObject\",\"inLanguage\":\"fr-FR\",\"@id\":\"https:\/\/vosgesinfo.fr\/laplainedesvosgesinfo\/#\/schema\/logo\/image\/\",\"url\":\"https:\/\/vosgesinfo.fr\/app\/uploads\/sites\/2\/2023\/08\/logo-laplaineinfo.svg\",\"contentUrl\":\"https:\/\/vosgesinfo.fr\/app\/uploads\/sites\/2\/2023\/08\/logo-laplaineinfo.svg\",\"width\":1,\"height\":1,\"caption\":\"La Plaine des Vosges\"},\"image\":{\"@id\":\"https:\/\/vosgesinfo.fr\/laplainedesvosgesinfo\/#\/schema\/logo\/image\/\"},\"sameAs\":[\"https:\/\/www.facebook.com\/laplainedesvosges\",\"https:\/\/x.com\/VosgesInfo88\",\"https:\/\/www.youtube.com\/@vosgesinfo\"]},{\"@type\":\"Person\",\"@id\":\"https:\/\/vosgesinfo.fr\/laplainedesvosgesinfo\/#\/schema\/person\/bc5d02d71e6932e81b6dadb7386667b1\",\"name\":\"qs_admin\",\"image\":{\"@type\":\"ImageObject\",\"inLanguage\":\"fr-FR\",\"@id\":\"https:\/\/vosgesinfo.fr\/laplainedesvosgesinfo\/#\/schema\/person\/image\/\",\"url\":\"https:\/\/secure.gravatar.com\/avatar\/94b18ee0ed79e4a42ea2f2931277b6841a8999fc6fde214600c78057cf1fe1de?s=96&d=mm&r=g\",\"contentUrl\":\"https:\/\/secure.gravatar.com\/avatar\/94b18ee0ed79e4a42ea2f2931277b6841a8999fc6fde214600c78057cf1fe1de?s=96&d=mm&r=g\",\"caption\":\"qs_admin\"},\"sameAs\":[\"https:\/\/vosgesinfo.fr\/wp\"],\"url\":\"https:\/\/vosgesinfo.fr\/laplainedesvosgesinfo\/author\/qs_admin\/\"}]}<\/script>\n<!-- \/ Yoast SEO plugin. -->","yoast_head_json":{"title":"Vittel - 4\u00e8me concours hivernal de 8 quadrettes organis\u00e9 par \"La Boule Vittelloise\" - La Plaine des Vosges","robots":{"index":"index","follow":"follow","max-snippet":"max-snippet:-1","max-image-preview":"max-image-preview:large","max-video-preview":"max-video-preview:-1"},"canonical":"https:\/\/vosgesinfo.fr\/laplainedesvosgesinfo\/2016\/01\/vittel-4eme-concours-hivernal-de-8-quadrettes-organise-par-la-boule-vittelloise\/","twitter_card":"summary_large_image","twitter_title":"Vittel - 4\u00e8me concours hivernal de 8 quadrettes organis\u00e9 par \"La Boule Vittelloise\" - La Plaine des Vosges","twitter_description":"8 \u00e9quipes de boule lyonnaise venant de G\u00e9rardmer, Pont-de-Roide, Epinal, Vincey, Nancy et bien entendu Vittel, se sont affront\u00e9es sur [&hellip;]","twitter_image":"https:\/\/vosgesinfo.fr\/app\/uploads\/sites\/2\/2024\/06\/201601boule-lyonaise-compressed.jpg","twitter_creator":"@VosgesInfo88","twitter_site":"@VosgesInfo88","twitter_misc":{"\u00c9crit par":"qs_admin","Dur\u00e9e de lecture estim\u00e9e":"1 minute"},"schema":{"@context":"https:\/\/schema.org","@graph":[{"@type":"Article","@id":"https:\/\/vosgesinfo.fr\/laplainedesvosgesinfo\/2016\/01\/vittel-4eme-concours-hivernal-de-8-quadrettes-organise-par-la-boule-vittelloise\/#article","isPartOf":{"@id":"https:\/\/vosgesinfo.fr\/laplainedesvosgesinfo\/2016\/01\/vittel-4eme-concours-hivernal-de-8-quadrettes-organise-par-la-boule-vittelloise\/"},"author":{"name":"qs_admin","@id":"https:\/\/vosgesinfo.fr\/laplainedesvosgesinfo\/#\/schema\/person\/bc5d02d71e6932e81b6dadb7386667b1"},"headline":"Vittel &#8211; 4\u00e8me concours hivernal de 8 quadrettes organis\u00e9 par \u00ab\u00a0La Boule Vittelloise\u00a0\u00bb","datePublished":"2016-01-25T14:45:09+00:00","dateModified":"2016-01-25T14:45:09+00:00","mainEntityOfPage":{"@id":"https:\/\/vosgesinfo.fr\/laplainedesvosgesinfo\/2016\/01\/vittel-4eme-concours-hivernal-de-8-quadrettes-organise-par-la-boule-vittelloise\/"},"wordCount":236,"commentCount":0,"publisher":{"@id":"https:\/\/vosgesinfo.fr\/laplainedesvosgesinfo\/#organization"},"image":{"@id":"https:\/\/vosgesinfo.fr\/laplainedesvosgesinfo\/2016\/01\/vittel-4eme-concours-hivernal-de-8-quadrettes-organise-par-la-boule-vittelloise\/#primaryimage"},"thumbnailUrl":"https:\/\/vosgesinfo.fr\/app\/uploads\/sites\/2\/2024\/06\/201601boule-lyonaise-compressed.jpg","articleSection":["La Plaine","Vie Associative","Vittel"],"inLanguage":"fr-FR","potentialAction":[{"@type":"CommentAction","name":"Comment","target":["https:\/\/vosgesinfo.fr\/laplainedesvosgesinfo\/2016\/01\/vittel-4eme-concours-hivernal-de-8-quadrettes-organise-par-la-boule-vittelloise\/#respond"]}]},{"@type":"WebPage","@id":"https:\/\/vosgesinfo.fr\/laplainedesvosgesinfo\/2016\/01\/vittel-4eme-concours-hivernal-de-8-quadrettes-organise-par-la-boule-vittelloise\/","url":"https:\/\/vosgesinfo.fr\/laplainedesvosgesinfo\/2016\/01\/vittel-4eme-concours-hivernal-de-8-quadrettes-organise-par-la-boule-vittelloise\/","name":"Vittel - 4\u00e8me concours hivernal de 8 quadrettes organis\u00e9 par \"La Boule Vittelloise\" - La Plaine des Vosges","isPartOf":{"@id":"https:\/\/vosgesinfo.fr\/laplainedesvosgesinfo\/#website"},"primaryImageOfPage":{"@id":"https:\/\/vosgesinfo.fr\/laplainedesvosgesinfo\/2016\/01\/vittel-4eme-concours-hivernal-de-8-quadrettes-organise-par-la-boule-vittelloise\/#primaryimage"},"image":{"@id":"https:\/\/vosgesinfo.fr\/laplainedesvosgesinfo\/2016\/01\/vittel-4eme-concours-hivernal-de-8-quadrettes-organise-par-la-boule-vittelloise\/#primaryimage"},"thumbnailUrl":"https:\/\/vosgesinfo.fr\/app\/uploads\/sites\/2\/2024\/06\/201601boule-lyonaise-compressed.jpg","datePublished":"2016-01-25T14:45:09+00:00","dateModified":"2016-01-25T14:45:09+00:00","breadcrumb":{"@id":"https:\/\/vosgesinfo.fr\/laplainedesvosgesinfo\/2016\/01\/vittel-4eme-concours-hivernal-de-8-quadrettes-organise-par-la-boule-vittelloise\/#breadcrumb"},"inLanguage":"fr-FR","potentialAction":[{"@type":"ReadAction","target":["https:\/\/vosgesinfo.fr\/laplainedesvosgesinfo\/2016\/01\/vittel-4eme-concours-hivernal-de-8-quadrettes-organise-par-la-boule-vittelloise\/"]}]},{"@type":"ImageObject","inLanguage":"fr-FR","@id":"https:\/\/vosgesinfo.fr\/laplainedesvosgesinfo\/2016\/01\/vittel-4eme-concours-hivernal-de-8-quadrettes-organise-par-la-boule-vittelloise\/#primaryimage","url":"https:\/\/vosgesinfo.fr\/app\/uploads\/sites\/2\/2024\/06\/201601boule-lyonaise-compressed.jpg","contentUrl":"https:\/\/vosgesinfo.fr\/app\/uploads\/sites\/2\/2024\/06\/201601boule-lyonaise-compressed.jpg","width":800,"height":534},{"@type":"BreadcrumbList","@id":"https:\/\/vosgesinfo.fr\/laplainedesvosgesinfo\/2016\/01\/vittel-4eme-concours-hivernal-de-8-quadrettes-organise-par-la-boule-vittelloise\/#breadcrumb","itemListElement":[{"@type":"ListItem","position":1,"name":"Home","item":"https:\/\/vosgesinfo.fr\/laplainedesvosgesinfo\/"},{"@type":"ListItem","position":2,"name":"Vittel &#8211; 4\u00e8me concours hivernal de 8 quadrettes organis\u00e9 par \u00ab\u00a0La Boule Vittelloise\u00a0\u00bb"}]},{"@type":"WebSite","@id":"https:\/\/vosgesinfo.fr\/laplainedesvosgesinfo\/#website","url":"https:\/\/vosgesinfo.fr\/laplainedesvosgesinfo\/","name":"La Plaine des Vosges","description":"Toute l&#039;actualit\u00e9 de la plaine de Vosges","publisher":{"@id":"https:\/\/vosgesinfo.fr\/laplainedesvosgesinfo\/#organization"},"alternateName":"Toute l'actualit\u00e9 de la plaine des Vosges","potentialAction":[{"@type":"SearchAction","target":{"@type":"EntryPoint","urlTemplate":"https:\/\/vosgesinfo.fr\/laplainedesvosgesinfo\/?s={search_term_string}"},"query-input":"required name=search_term_string"}],"inLanguage":"fr-FR"},{"@type":"Organization","@id":"https:\/\/vosgesinfo.fr\/laplainedesvosgesinfo\/#organization","name":"La Plaine des Vosges","url":"https:\/\/vosgesinfo.fr\/laplainedesvosgesinfo\/","logo":{"@type":"ImageObject","inLanguage":"fr-FR","@id":"https:\/\/vosgesinfo.fr\/laplainedesvosgesinfo\/#\/schema\/logo\/image\/","url":"https:\/\/vosgesinfo.fr\/app\/uploads\/sites\/2\/2023\/08\/logo-laplaineinfo.svg","contentUrl":"https:\/\/vosgesinfo.fr\/app\/uploads\/sites\/2\/2023\/08\/logo-laplaineinfo.svg","width":1,"height":1,"caption":"La Plaine des Vosges"},"image":{"@id":"https:\/\/vosgesinfo.fr\/laplainedesvosgesinfo\/#\/schema\/logo\/image\/"},"sameAs":["https:\/\/www.facebook.com\/laplainedesvosges","https:\/\/x.com\/VosgesInfo88","https:\/\/www.youtube.com\/@vosgesinfo"]},{"@type":"Person","@id":"https:\/\/vosgesinfo.fr\/laplainedesvosgesinfo\/#\/schema\/person\/bc5d02d71e6932e81b6dadb7386667b1","name":"qs_admin","image":{"@type":"ImageObject","inLanguage":"fr-FR","@id":"https:\/\/vosgesinfo.fr\/laplainedesvosgesinfo\/#\/schema\/person\/image\/","url":"https:\/\/secure.gravatar.com\/avatar\/94b18ee0ed79e4a42ea2f2931277b6841a8999fc6fde214600c78057cf1fe1de?s=96&d=mm&r=g","contentUrl":"https:\/\/secure.gravatar.com\/avatar\/94b18ee0ed79e4a42ea2f2931277b6841a8999fc6fde214600c78057cf1fe1de?s=96&d=mm&r=g","caption":"qs_admin"},"sameAs":["https:\/\/vosgesinfo.fr\/wp"],"url":"https:\/\/vosgesinfo.fr\/laplainedesvosgesinfo\/author\/qs_admin\/"}]}},"_links":{"self":[{"href":"https:\/\/vosgesinfo.fr\/laplainedesvosgesinfo\/wp-json\/wp\/v2\/posts\/2249","targetHints":{"allow":["GET"]}}],"collection":[{"href":"https:\/\/vosgesinfo.fr\/laplainedesvosgesinfo\/wp-json\/wp\/v2\/posts"}],"about":[{"href":"https:\/\/vosgesinfo.fr\/laplainedesvosgesinfo\/wp-json\/wp\/v2\/types\/post"}],"author":[{"embeddable":true,"href":"https:\/\/vosgesinfo.fr\/laplainedesvosgesinfo\/wp-json\/wp\/v2\/users\/1"}],"replies":[{"embeddable":true,"href":"https:\/\/vosgesinfo.fr\/laplainedesvosgesinfo\/wp-json\/wp\/v2\/comments?post=2249"}],"version-history":[{"count":0,"href":"https:\/\/vosgesinfo.fr\/laplainedesvosgesinfo\/wp-json\/wp\/v2\/posts\/2249\/revisions"}],"wp:featuredmedia":[{"embeddable":true,"href":"https:\/\/vosgesinfo.fr\/laplainedesvosgesinfo\/wp-json\/wp\/v2\/media\/2250"}],"wp:attachment":[{"href":"https:\/\/vosgesinfo.fr\/laplainedesvosgesinfo\/wp-json\/wp\/v2\/media?parent=2249"}],"wp:term":[{"taxonomy":"category","embeddable":true,"href":"https:\/\/vosgesinfo.fr\/laplainedesvosgesinfo\/wp-json\/wp\/v2\/categories?post=2249"},{"taxonomy":"post_tag","embeddable":true,"href":"https:\/\/vosgesinfo.fr\/laplainedesvosgesinfo\/wp-json\/wp\/v2\/tags?post=2249"}],"curies":[{"name":"wp","href":"https:\/\/api.w.org\/{rel}","templated":true}]}}