{"id":2261,"date":"2016-01-26T09:15:08","date_gmt":"2016-01-26T08:15:08","guid":{"rendered":"https:\/\/vosgesinfo.fr\/laplainedesvosgesinfo\/2016\/01\/contrexeville-2016-une-annee-dense-pour-la-ville\/"},"modified":"2016-01-26T09:15:08","modified_gmt":"2016-01-26T08:15:08","slug":"contrexeville-2016-une-annee-dense-pour-la-ville","status":"publish","type":"post","link":"https:\/\/vosgesinfo.fr\/laplainedesvosgesinfo\/2016\/01\/contrexeville-2016-une-annee-dense-pour-la-ville\/","title":{"rendered":"Contrex\u00e9ville &#8211; 2016, une ann\u00e9e dense pour la ville"},"content":{"rendered":"<p><a href=\"\/2016\/01\/IMG_7525-compressed.jpg\"><img decoding=\"async\" class=\"wp-image-71874 aligncenter\" src=\"\/2016\/01\/IMG_7525-compressed.jpg\" alt=\"IMG_7525-compressed\" width=\"652\" height=\"435\" \/><\/a><\/p>\n<p>La traditionnelle c\u00e9r\u00e9monie des voeux du maire s&rsquo;est tenue, mardi soir, \u00e0 la salle G. Brassens. L&rsquo;occasion pour Luc Gerecke de faire un point sur l&rsquo;ann\u00e9e pass\u00e9e et d&rsquo;aborder l&rsquo;ann\u00e9e \u00e0 venir, devant les corps constitu\u00e9s ainsi que Contrex\u00e9villois et Contrex\u00e9villoises venus nombreux pour l&rsquo;occasion.<\/p>\n<p>Le maire a d\u00e9but\u00e9 en comm\u00e9morant les tragiques \u00e9v\u00e8nements qui ont marqu\u00e9s le d\u00e9but de l&rsquo;ann\u00e9e 2015. A ensuite \u00e9t\u00e9 abord\u00e9 les changements nationaux comme l&rsquo;\u00e9laboration de la loi NOTRe, la mise en place des nouvelles r\u00e9gions, les nouvelles intercommunalit\u00e9s sans oublier le d\u00e9mant\u00e8lement des services publics ruraux. Le maire a trait\u00e9 le sujet du budget avec le changement des subventions, moins 625 000\u20ac de dotation de l&rsquo;\u00c9tat, perte de 2 Millions d&rsquo;Euros d\u00fb \u00e0 la r\u00e9forme des rythmes scolaires et enfin la subvention limit\u00e9e \u00e0 6% lors de travaux dans la commune.<\/p>\n<p><a href=\"\/2016\/01\/IMG_7528_2-compressed.jpg\"><img decoding=\"async\" class=\"wp-image-71875 alignleft\" src=\"\/2016\/01\/IMG_7528_2-compressed.jpg\" alt=\"IMG_7528_2-compressed\" width=\"439\" height=\"293\" \/><\/a>Le sujet des thermes a bien entendu \u00e9t\u00e9 mis sur le tapis, \u00ab\u00a0<em>En 2015, les thermes de Contrex\u00e9ville ont vu leurs chiffres d&rsquo;affaire augmenter de 30% et son d\u00e9ficit diminuer. La mise a disposition des bassins toute la journ\u00e9e, attire de nouveaux clients et de nouvelles activit\u00e9s. L&rsquo;objectif en 2016, est de stabiliser les finances<\/em>\u00a0\u00bb note Luc Gerecke.<\/p>\n<p>\u00ab\u00a0<em>Les manifestations tant sportives, culturelles, le site des lacs et le traditionnel feu d&rsquo;artifices du 14 juillet ont aussi \u00e9t\u00e9 marqu\u00e9s par une influence record en 2015.<\/em>\u00a0\u00bb Les travaux r\u00e9alis\u00e9 par la r\u00e9gie, le tissu commercial ainsi que le changement de gestion de la station d&rsquo;\u00e9puration ont aussi \u00e9t\u00e9 pass\u00e9 en revue. Pour 2016, la municipalit\u00e9 compte \u00ab\u00a0<em>\u00e9tudier les diff\u00e9rents mode de gestion possibles, afin de continuer \u00e0 avoir une qualit\u00e9 de service ainsi qu&rsquo;une baisse de prix<\/em>.\u00a0\u00bb<\/p>\n<p>Les travaux en 2016 concernent le patrimoine de la ville, le camping, les thermes ainsi que la consolidation des berges du lac. Et enfin, le projet d&rsquo;une structure m\u00e9dicale et sa faisabilit\u00e9 \u00e0 \u00e9t\u00e9 \u00e9voqu\u00e9.<\/p>\n<p>Le premier magistrat a f\u00e9licit\u00e9 \u00ab\u00a0<em>les agents des espaces verts de la commune, qui gr\u00e2ce \u00e0 eux, a conserv\u00e9e son classement trois fleurs pour l&rsquo;ann\u00e9e 2016.<\/em>\u00a0\u00bb<\/p>\n<p>&nbsp;<\/p>\n<p>A.J.<\/p>\n","protected":false},"excerpt":{"rendered":"<p>La traditionnelle c\u00e9r\u00e9monie des voeux du maire s&rsquo;est tenue, mardi soir, \u00e0 la salle G. Brassens. L&rsquo;occasion pour Luc Gerecke [&hellip;]<\/p>\n","protected":false},"author":1,"featured_media":2262,"comment_status":"open","ping_status":"open","sticky":false,"template":"","format":"standard","meta":{"footnotes":""},"categories":[79,37,13],"tags":[],"class_list":["post-2261","post","type-post","status-publish","format-standard","has-post-thumbnail","hentry","category-contrexeville-la-plaine","category-la-plaine","category-societe"],"acf":[],"yoast_head":"<!-- This site is optimized with the Yoast SEO plugin v22.5 - https:\/\/yoast.com\/wordpress\/plugins\/seo\/ -->\n<title>Contrex\u00e9ville - 2016, une ann\u00e9e dense pour la ville - La Plaine des Vosges<\/title>\n<meta name=\"robots\" content=\"index, follow, max-snippet:-1, max-image-preview:large, max-video-preview:-1\" \/>\n<link rel=\"canonical\" href=\"https:\/\/vosgesinfo.fr\/laplainedesvosgesinfo\/2016\/01\/contrexeville-2016-une-annee-dense-pour-la-ville\/\" \/>\n<meta name=\"twitter:card\" content=\"summary_large_image\" \/>\n<meta name=\"twitter:title\" content=\"Contrex\u00e9ville - 2016, une ann\u00e9e dense pour la ville - La Plaine des Vosges\" \/>\n<meta name=\"twitter:description\" content=\"La traditionnelle c\u00e9r\u00e9monie des voeux du maire s&rsquo;est tenue, mardi soir, \u00e0 la salle G. Brassens. L&rsquo;occasion pour Luc Gerecke [&hellip;]\" \/>\n<meta name=\"twitter:image\" content=\"https:\/\/vosgesinfo.fr\/app\/uploads\/sites\/2\/2024\/06\/201601img-7525-compressed.jpg\" \/>\n<meta name=\"twitter:creator\" content=\"@VosgesInfo88\" \/>\n<meta name=\"twitter:site\" content=\"@VosgesInfo88\" \/>\n<meta name=\"twitter:label1\" content=\"\u00c9crit par\" \/>\n\t<meta name=\"twitter:data1\" content=\"qs_admin\" \/>\n\t<meta name=\"twitter:label2\" content=\"Dur\u00e9e de lecture estim\u00e9e\" \/>\n\t<meta name=\"twitter:data2\" content=\"2 minutes\" \/>\n<script type=\"application\/ld+json\" class=\"yoast-schema-graph\">{\"@context\":\"https:\/\/schema.org\",\"@graph\":[{\"@type\":\"Article\",\"@id\":\"https:\/\/vosgesinfo.fr\/laplainedesvosgesinfo\/2016\/01\/contrexeville-2016-une-annee-dense-pour-la-ville\/#article\",\"isPartOf\":{\"@id\":\"https:\/\/vosgesinfo.fr\/laplainedesvosgesinfo\/2016\/01\/contrexeville-2016-une-annee-dense-pour-la-ville\/\"},\"author\":{\"name\":\"qs_admin\",\"@id\":\"https:\/\/vosgesinfo.fr\/laplainedesvosgesinfo\/#\/schema\/person\/bc5d02d71e6932e81b6dadb7386667b1\"},\"headline\":\"Contrex\u00e9ville &#8211; 2016, une ann\u00e9e dense pour la ville\",\"datePublished\":\"2016-01-26T08:15:08+00:00\",\"dateModified\":\"2016-01-26T08:15:08+00:00\",\"mainEntityOfPage\":{\"@id\":\"https:\/\/vosgesinfo.fr\/laplainedesvosgesinfo\/2016\/01\/contrexeville-2016-une-annee-dense-pour-la-ville\/\"},\"wordCount\":378,\"commentCount\":0,\"publisher\":{\"@id\":\"https:\/\/vosgesinfo.fr\/laplainedesvosgesinfo\/#organization\"},\"image\":{\"@id\":\"https:\/\/vosgesinfo.fr\/laplainedesvosgesinfo\/2016\/01\/contrexeville-2016-une-annee-dense-pour-la-ville\/#primaryimage\"},\"thumbnailUrl\":\"https:\/\/vosgesinfo.fr\/app\/uploads\/sites\/2\/2024\/06\/201601img-7525-compressed.jpg\",\"articleSection\":[\"Contrex\u00e9ville\",\"La Plaine\",\"Soci\u00e9t\u00e9\"],\"inLanguage\":\"fr-FR\",\"potentialAction\":[{\"@type\":\"CommentAction\",\"name\":\"Comment\",\"target\":[\"https:\/\/vosgesinfo.fr\/laplainedesvosgesinfo\/2016\/01\/contrexeville-2016-une-annee-dense-pour-la-ville\/#respond\"]}]},{\"@type\":\"WebPage\",\"@id\":\"https:\/\/vosgesinfo.fr\/laplainedesvosgesinfo\/2016\/01\/contrexeville-2016-une-annee-dense-pour-la-ville\/\",\"url\":\"https:\/\/vosgesinfo.fr\/laplainedesvosgesinfo\/2016\/01\/contrexeville-2016-une-annee-dense-pour-la-ville\/\",\"name\":\"Contrex\u00e9ville - 2016, une ann\u00e9e dense pour la ville - La Plaine des Vosges\",\"isPartOf\":{\"@id\":\"https:\/\/vosgesinfo.fr\/laplainedesvosgesinfo\/#website\"},\"primaryImageOfPage\":{\"@id\":\"https:\/\/vosgesinfo.fr\/laplainedesvosgesinfo\/2016\/01\/contrexeville-2016-une-annee-dense-pour-la-ville\/#primaryimage\"},\"image\":{\"@id\":\"https:\/\/vosgesinfo.fr\/laplainedesvosgesinfo\/2016\/01\/contrexeville-2016-une-annee-dense-pour-la-ville\/#primaryimage\"},\"thumbnailUrl\":\"https:\/\/vosgesinfo.fr\/app\/uploads\/sites\/2\/2024\/06\/201601img-7525-compressed.jpg\",\"datePublished\":\"2016-01-26T08:15:08+00:00\",\"dateModified\":\"2016-01-26T08:15:08+00:00\",\"breadcrumb\":{\"@id\":\"https:\/\/vosgesinfo.fr\/laplainedesvosgesinfo\/2016\/01\/contrexeville-2016-une-annee-dense-pour-la-ville\/#breadcrumb\"},\"inLanguage\":\"fr-FR\",\"potentialAction\":[{\"@type\":\"ReadAction\",\"target\":[\"https:\/\/vosgesinfo.fr\/laplainedesvosgesinfo\/2016\/01\/contrexeville-2016-une-annee-dense-pour-la-ville\/\"]}]},{\"@type\":\"ImageObject\",\"inLanguage\":\"fr-FR\",\"@id\":\"https:\/\/vosgesinfo.fr\/laplainedesvosgesinfo\/2016\/01\/contrexeville-2016-une-annee-dense-pour-la-ville\/#primaryimage\",\"url\":\"https:\/\/vosgesinfo.fr\/app\/uploads\/sites\/2\/2024\/06\/201601img-7525-compressed.jpg\",\"contentUrl\":\"https:\/\/vosgesinfo.fr\/app\/uploads\/sites\/2\/2024\/06\/201601img-7525-compressed.jpg\",\"width\":800,\"height\":534},{\"@type\":\"BreadcrumbList\",\"@id\":\"https:\/\/vosgesinfo.fr\/laplainedesvosgesinfo\/2016\/01\/contrexeville-2016-une-annee-dense-pour-la-ville\/#breadcrumb\",\"itemListElement\":[{\"@type\":\"ListItem\",\"position\":1,\"name\":\"Home\",\"item\":\"https:\/\/vosgesinfo.fr\/laplainedesvosgesinfo\/\"},{\"@type\":\"ListItem\",\"position\":2,\"name\":\"Contrex\u00e9ville &#8211; 2016, une ann\u00e9e dense pour la ville\"}]},{\"@type\":\"WebSite\",\"@id\":\"https:\/\/vosgesinfo.fr\/laplainedesvosgesinfo\/#website\",\"url\":\"https:\/\/vosgesinfo.fr\/laplainedesvosgesinfo\/\",\"name\":\"La Plaine des Vosges\",\"description\":\"Toute l&#039;actualit\u00e9 de la plaine de Vosges\",\"publisher\":{\"@id\":\"https:\/\/vosgesinfo.fr\/laplainedesvosgesinfo\/#organization\"},\"alternateName\":\"Toute l'actualit\u00e9 de la plaine des Vosges\",\"potentialAction\":[{\"@type\":\"SearchAction\",\"target\":{\"@type\":\"EntryPoint\",\"urlTemplate\":\"https:\/\/vosgesinfo.fr\/laplainedesvosgesinfo\/?s={search_term_string}\"},\"query-input\":\"required name=search_term_string\"}],\"inLanguage\":\"fr-FR\"},{\"@type\":\"Organization\",\"@id\":\"https:\/\/vosgesinfo.fr\/laplainedesvosgesinfo\/#organization\",\"name\":\"La Plaine des Vosges\",\"url\":\"https:\/\/vosgesinfo.fr\/laplainedesvosgesinfo\/\",\"logo\":{\"@type\":\"ImageObject\",\"inLanguage\":\"fr-FR\",\"@id\":\"https:\/\/vosgesinfo.fr\/laplainedesvosgesinfo\/#\/schema\/logo\/image\/\",\"url\":\"https:\/\/vosgesinfo.fr\/app\/uploads\/sites\/2\/2023\/08\/logo-laplaineinfo.svg\",\"contentUrl\":\"https:\/\/vosgesinfo.fr\/app\/uploads\/sites\/2\/2023\/08\/logo-laplaineinfo.svg\",\"width\":1,\"height\":1,\"caption\":\"La Plaine des Vosges\"},\"image\":{\"@id\":\"https:\/\/vosgesinfo.fr\/laplainedesvosgesinfo\/#\/schema\/logo\/image\/\"},\"sameAs\":[\"https:\/\/www.facebook.com\/laplainedesvosges\",\"https:\/\/x.com\/VosgesInfo88\",\"https:\/\/www.youtube.com\/@vosgesinfo\"]},{\"@type\":\"Person\",\"@id\":\"https:\/\/vosgesinfo.fr\/laplainedesvosgesinfo\/#\/schema\/person\/bc5d02d71e6932e81b6dadb7386667b1\",\"name\":\"qs_admin\",\"image\":{\"@type\":\"ImageObject\",\"inLanguage\":\"fr-FR\",\"@id\":\"https:\/\/vosgesinfo.fr\/laplainedesvosgesinfo\/#\/schema\/person\/image\/\",\"url\":\"https:\/\/secure.gravatar.com\/avatar\/94b18ee0ed79e4a42ea2f2931277b6841a8999fc6fde214600c78057cf1fe1de?s=96&d=mm&r=g\",\"contentUrl\":\"https:\/\/secure.gravatar.com\/avatar\/94b18ee0ed79e4a42ea2f2931277b6841a8999fc6fde214600c78057cf1fe1de?s=96&d=mm&r=g\",\"caption\":\"qs_admin\"},\"sameAs\":[\"https:\/\/vosgesinfo.fr\/wp\"],\"url\":\"https:\/\/vosgesinfo.fr\/laplainedesvosgesinfo\/author\/qs_admin\/\"}]}<\/script>\n<!-- \/ Yoast SEO plugin. -->","yoast_head_json":{"title":"Contrex\u00e9ville - 2016, une ann\u00e9e dense pour la ville - La Plaine des Vosges","robots":{"index":"index","follow":"follow","max-snippet":"max-snippet:-1","max-image-preview":"max-image-preview:large","max-video-preview":"max-video-preview:-1"},"canonical":"https:\/\/vosgesinfo.fr\/laplainedesvosgesinfo\/2016\/01\/contrexeville-2016-une-annee-dense-pour-la-ville\/","twitter_card":"summary_large_image","twitter_title":"Contrex\u00e9ville - 2016, une ann\u00e9e dense pour la ville - La Plaine des Vosges","twitter_description":"La traditionnelle c\u00e9r\u00e9monie des voeux du maire s&rsquo;est tenue, mardi soir, \u00e0 la salle G. Brassens. L&rsquo;occasion pour Luc Gerecke [&hellip;]","twitter_image":"https:\/\/vosgesinfo.fr\/app\/uploads\/sites\/2\/2024\/06\/201601img-7525-compressed.jpg","twitter_creator":"@VosgesInfo88","twitter_site":"@VosgesInfo88","twitter_misc":{"\u00c9crit par":"qs_admin","Dur\u00e9e de lecture estim\u00e9e":"2 minutes"},"schema":{"@context":"https:\/\/schema.org","@graph":[{"@type":"Article","@id":"https:\/\/vosgesinfo.fr\/laplainedesvosgesinfo\/2016\/01\/contrexeville-2016-une-annee-dense-pour-la-ville\/#article","isPartOf":{"@id":"https:\/\/vosgesinfo.fr\/laplainedesvosgesinfo\/2016\/01\/contrexeville-2016-une-annee-dense-pour-la-ville\/"},"author":{"name":"qs_admin","@id":"https:\/\/vosgesinfo.fr\/laplainedesvosgesinfo\/#\/schema\/person\/bc5d02d71e6932e81b6dadb7386667b1"},"headline":"Contrex\u00e9ville &#8211; 2016, une ann\u00e9e dense pour la ville","datePublished":"2016-01-26T08:15:08+00:00","dateModified":"2016-01-26T08:15:08+00:00","mainEntityOfPage":{"@id":"https:\/\/vosgesinfo.fr\/laplainedesvosgesinfo\/2016\/01\/contrexeville-2016-une-annee-dense-pour-la-ville\/"},"wordCount":378,"commentCount":0,"publisher":{"@id":"https:\/\/vosgesinfo.fr\/laplainedesvosgesinfo\/#organization"},"image":{"@id":"https:\/\/vosgesinfo.fr\/laplainedesvosgesinfo\/2016\/01\/contrexeville-2016-une-annee-dense-pour-la-ville\/#primaryimage"},"thumbnailUrl":"https:\/\/vosgesinfo.fr\/app\/uploads\/sites\/2\/2024\/06\/201601img-7525-compressed.jpg","articleSection":["Contrex\u00e9ville","La Plaine","Soci\u00e9t\u00e9"],"inLanguage":"fr-FR","potentialAction":[{"@type":"CommentAction","name":"Comment","target":["https:\/\/vosgesinfo.fr\/laplainedesvosgesinfo\/2016\/01\/contrexeville-2016-une-annee-dense-pour-la-ville\/#respond"]}]},{"@type":"WebPage","@id":"https:\/\/vosgesinfo.fr\/laplainedesvosgesinfo\/2016\/01\/contrexeville-2016-une-annee-dense-pour-la-ville\/","url":"https:\/\/vosgesinfo.fr\/laplainedesvosgesinfo\/2016\/01\/contrexeville-2016-une-annee-dense-pour-la-ville\/","name":"Contrex\u00e9ville - 2016, une ann\u00e9e dense pour la ville - La Plaine des Vosges","isPartOf":{"@id":"https:\/\/vosgesinfo.fr\/laplainedesvosgesinfo\/#website"},"primaryImageOfPage":{"@id":"https:\/\/vosgesinfo.fr\/laplainedesvosgesinfo\/2016\/01\/contrexeville-2016-une-annee-dense-pour-la-ville\/#primaryimage"},"image":{"@id":"https:\/\/vosgesinfo.fr\/laplainedesvosgesinfo\/2016\/01\/contrexeville-2016-une-annee-dense-pour-la-ville\/#primaryimage"},"thumbnailUrl":"https:\/\/vosgesinfo.fr\/app\/uploads\/sites\/2\/2024\/06\/201601img-7525-compressed.jpg","datePublished":"2016-01-26T08:15:08+00:00","dateModified":"2016-01-26T08:15:08+00:00","breadcrumb":{"@id":"https:\/\/vosgesinfo.fr\/laplainedesvosgesinfo\/2016\/01\/contrexeville-2016-une-annee-dense-pour-la-ville\/#breadcrumb"},"inLanguage":"fr-FR","potentialAction":[{"@type":"ReadAction","target":["https:\/\/vosgesinfo.fr\/laplainedesvosgesinfo\/2016\/01\/contrexeville-2016-une-annee-dense-pour-la-ville\/"]}]},{"@type":"ImageObject","inLanguage":"fr-FR","@id":"https:\/\/vosgesinfo.fr\/laplainedesvosgesinfo\/2016\/01\/contrexeville-2016-une-annee-dense-pour-la-ville\/#primaryimage","url":"https:\/\/vosgesinfo.fr\/app\/uploads\/sites\/2\/2024\/06\/201601img-7525-compressed.jpg","contentUrl":"https:\/\/vosgesinfo.fr\/app\/uploads\/sites\/2\/2024\/06\/201601img-7525-compressed.jpg","width":800,"height":534},{"@type":"BreadcrumbList","@id":"https:\/\/vosgesinfo.fr\/laplainedesvosgesinfo\/2016\/01\/contrexeville-2016-une-annee-dense-pour-la-ville\/#breadcrumb","itemListElement":[{"@type":"ListItem","position":1,"name":"Home","item":"https:\/\/vosgesinfo.fr\/laplainedesvosgesinfo\/"},{"@type":"ListItem","position":2,"name":"Contrex\u00e9ville &#8211; 2016, une ann\u00e9e dense pour la ville"}]},{"@type":"WebSite","@id":"https:\/\/vosgesinfo.fr\/laplainedesvosgesinfo\/#website","url":"https:\/\/vosgesinfo.fr\/laplainedesvosgesinfo\/","name":"La Plaine des Vosges","description":"Toute l&#039;actualit\u00e9 de la plaine de Vosges","publisher":{"@id":"https:\/\/vosgesinfo.fr\/laplainedesvosgesinfo\/#organization"},"alternateName":"Toute l'actualit\u00e9 de la plaine des Vosges","potentialAction":[{"@type":"SearchAction","target":{"@type":"EntryPoint","urlTemplate":"https:\/\/vosgesinfo.fr\/laplainedesvosgesinfo\/?s={search_term_string}"},"query-input":"required name=search_term_string"}],"inLanguage":"fr-FR"},{"@type":"Organization","@id":"https:\/\/vosgesinfo.fr\/laplainedesvosgesinfo\/#organization","name":"La Plaine des Vosges","url":"https:\/\/vosgesinfo.fr\/laplainedesvosgesinfo\/","logo":{"@type":"ImageObject","inLanguage":"fr-FR","@id":"https:\/\/vosgesinfo.fr\/laplainedesvosgesinfo\/#\/schema\/logo\/image\/","url":"https:\/\/vosgesinfo.fr\/app\/uploads\/sites\/2\/2023\/08\/logo-laplaineinfo.svg","contentUrl":"https:\/\/vosgesinfo.fr\/app\/uploads\/sites\/2\/2023\/08\/logo-laplaineinfo.svg","width":1,"height":1,"caption":"La Plaine des Vosges"},"image":{"@id":"https:\/\/vosgesinfo.fr\/laplainedesvosgesinfo\/#\/schema\/logo\/image\/"},"sameAs":["https:\/\/www.facebook.com\/laplainedesvosges","https:\/\/x.com\/VosgesInfo88","https:\/\/www.youtube.com\/@vosgesinfo"]},{"@type":"Person","@id":"https:\/\/vosgesinfo.fr\/laplainedesvosgesinfo\/#\/schema\/person\/bc5d02d71e6932e81b6dadb7386667b1","name":"qs_admin","image":{"@type":"ImageObject","inLanguage":"fr-FR","@id":"https:\/\/vosgesinfo.fr\/laplainedesvosgesinfo\/#\/schema\/person\/image\/","url":"https:\/\/secure.gravatar.com\/avatar\/94b18ee0ed79e4a42ea2f2931277b6841a8999fc6fde214600c78057cf1fe1de?s=96&d=mm&r=g","contentUrl":"https:\/\/secure.gravatar.com\/avatar\/94b18ee0ed79e4a42ea2f2931277b6841a8999fc6fde214600c78057cf1fe1de?s=96&d=mm&r=g","caption":"qs_admin"},"sameAs":["https:\/\/vosgesinfo.fr\/wp"],"url":"https:\/\/vosgesinfo.fr\/laplainedesvosgesinfo\/author\/qs_admin\/"}]}},"_links":{"self":[{"href":"https:\/\/vosgesinfo.fr\/laplainedesvosgesinfo\/wp-json\/wp\/v2\/posts\/2261","targetHints":{"allow":["GET"]}}],"collection":[{"href":"https:\/\/vosgesinfo.fr\/laplainedesvosgesinfo\/wp-json\/wp\/v2\/posts"}],"about":[{"href":"https:\/\/vosgesinfo.fr\/laplainedesvosgesinfo\/wp-json\/wp\/v2\/types\/post"}],"author":[{"embeddable":true,"href":"https:\/\/vosgesinfo.fr\/laplainedesvosgesinfo\/wp-json\/wp\/v2\/users\/1"}],"replies":[{"embeddable":true,"href":"https:\/\/vosgesinfo.fr\/laplainedesvosgesinfo\/wp-json\/wp\/v2\/comments?post=2261"}],"version-history":[{"count":0,"href":"https:\/\/vosgesinfo.fr\/laplainedesvosgesinfo\/wp-json\/wp\/v2\/posts\/2261\/revisions"}],"wp:featuredmedia":[{"embeddable":true,"href":"https:\/\/vosgesinfo.fr\/laplainedesvosgesinfo\/wp-json\/wp\/v2\/media\/2262"}],"wp:attachment":[{"href":"https:\/\/vosgesinfo.fr\/laplainedesvosgesinfo\/wp-json\/wp\/v2\/media?parent=2261"}],"wp:term":[{"taxonomy":"category","embeddable":true,"href":"https:\/\/vosgesinfo.fr\/laplainedesvosgesinfo\/wp-json\/wp\/v2\/categories?post=2261"},{"taxonomy":"post_tag","embeddable":true,"href":"https:\/\/vosgesinfo.fr\/laplainedesvosgesinfo\/wp-json\/wp\/v2\/tags?post=2261"}],"curies":[{"name":"wp","href":"https:\/\/api.w.org\/{rel}","templated":true}]}}