{"id":22730,"date":"2022-06-19T07:53:52","date_gmt":"2022-06-19T05:53:52","guid":{"rendered":"https:\/\/vosgesinfo.fr\/laplainedesvosgesinfo\/2022\/06\/lappel-du-18-juin-1940-commemore-sous-un-soleil-de-plomb\/"},"modified":"2022-06-19T07:53:52","modified_gmt":"2022-06-19T05:53:52","slug":"lappel-du-18-juin-1940-commemore-sous-un-soleil-de-plomb","status":"publish","type":"post","link":"https:\/\/vosgesinfo.fr\/laplainedesvosgesinfo\/2022\/06\/lappel-du-18-juin-1940-commemore-sous-un-soleil-de-plomb\/","title":{"rendered":"L\u2019appel du 18 juin 1940 comm\u00e9mor\u00e9 sous un soleil de plomb"},"content":{"rendered":"\n<p style=\"text-align: left;\">C\u2019est sous un soleil de plomb que Franck Perry Maire de Vittel, entour\u00e9 de nombreux \u00e9lus du Conseil Municipal ont comm\u00e9mor\u00e9 samedi 18 juin 2022, l\u2019appel du G\u00e9n\u00e9ral de Gaulle pass\u00e9 depuis Londres. Une gerbe a \u00e9t\u00e9 d\u00e9pos\u00e9 au pied du monument aux morts proche de l\u2019\u00e9glise Saint &#8211; R\u00e9my.<\/p>\n<p style=\"text-align: left;\">De nombreux officiels avaient \u00e9galement fait le d\u00e9placement au c\u00f4t\u00e9 du maire dont Daniel Gremillet S\u00e9nateur des Vosges aux c\u00f4t\u00e9s de Patrick Floquet Conseiller R\u00e9gional. Sandrine Patard repr\u00e9sentait quant \u00e0 elle le pr\u00e9sident Vannson, sans oublier le patron de la brigade locale de gendarmerie de Vittel, le Major Polsinelli.<\/p>\n","protected":false},"excerpt":{"rendered":"<p>C\u2019est sous un soleil de plomb que Franck Perry Maire de Vittel, entour\u00e9 de nombreux \u00e9lus du Conseil Municipal ont [&hellip;]<\/p>\n","protected":false},"author":128,"featured_media":22731,"comment_status":"open","ping_status":"open","sticky":false,"template":"","format":"standard","meta":{"footnotes":""},"categories":[29,120,37,38],"tags":[6670,39,6686,122,6687,36],"class_list":["post-22730","post","type-post","status-publish","format-standard","has-post-thumbnail","hentry","category-a-la-une","category-ceremonie-commemorative","category-la-plaine","category-vittel-la-plaine","tag-ceremonie-du-18-juin-vittel","tag-franck-perry","tag-major-polsinelli","tag-patrick-floquet","tag-sandrine-patard","tag-ville-de-vittel"],"acf":[],"yoast_head":"<!-- This site is optimized with the Yoast SEO plugin v22.5 - https:\/\/yoast.com\/wordpress\/plugins\/seo\/ -->\n<title>L\u2019appel du 18 juin 1940 comm\u00e9mor\u00e9 sous un soleil de plomb - La Plaine des Vosges<\/title>\n<meta name=\"robots\" content=\"index, follow, max-snippet:-1, max-image-preview:large, max-video-preview:-1\" \/>\n<link rel=\"canonical\" href=\"https:\/\/vosgesinfo.fr\/laplainedesvosgesinfo\/2022\/06\/lappel-du-18-juin-1940-commemore-sous-un-soleil-de-plomb\/\" \/>\n<meta name=\"twitter:card\" content=\"summary_large_image\" \/>\n<meta name=\"twitter:title\" content=\"L\u2019appel du 18 juin 1940 comm\u00e9mor\u00e9 sous un soleil de plomb - La Plaine des Vosges\" \/>\n<meta name=\"twitter:description\" content=\"C\u2019est sous un soleil de plomb que Franck Perry Maire de Vittel, entour\u00e9 de nombreux \u00e9lus du Conseil Municipal ont [&hellip;]\" \/>\n<meta name=\"twitter:image\" content=\"https:\/\/vosgesinfo.fr\/app\/uploads\/sites\/2\/2024\/07\/202206ceremonie-du-18-juin.jpeg\" \/>\n<meta name=\"twitter:creator\" content=\"@VosgesInfo88\" \/>\n<meta name=\"twitter:site\" content=\"@VosgesInfo88\" \/>\n<meta name=\"twitter:label1\" content=\"\u00c9crit par\" \/>\n\t<meta name=\"twitter:data1\" content=\"F L\" \/>\n\t<meta name=\"twitter:label2\" content=\"Dur\u00e9e de lecture estim\u00e9e\" \/>\n\t<meta name=\"twitter:data2\" content=\"1 minute\" \/>\n<script type=\"application\/ld+json\" class=\"yoast-schema-graph\">{\"@context\":\"https:\/\/schema.org\",\"@graph\":[{\"@type\":\"Article\",\"@id\":\"https:\/\/vosgesinfo.fr\/laplainedesvosgesinfo\/2022\/06\/lappel-du-18-juin-1940-commemore-sous-un-soleil-de-plomb\/#article\",\"isPartOf\":{\"@id\":\"https:\/\/vosgesinfo.fr\/laplainedesvosgesinfo\/2022\/06\/lappel-du-18-juin-1940-commemore-sous-un-soleil-de-plomb\/\"},\"author\":{\"name\":\"F L\",\"@id\":\"https:\/\/vosgesinfo.fr\/laplainedesvosgesinfo\/#\/schema\/person\/79e32bebcee803e323d575130a214cb1\"},\"headline\":\"L\u2019appel du 18 juin 1940 comm\u00e9mor\u00e9 sous un soleil de plomb\",\"datePublished\":\"2022-06-19T05:53:52+00:00\",\"dateModified\":\"2022-06-19T05:53:52+00:00\",\"mainEntityOfPage\":{\"@id\":\"https:\/\/vosgesinfo.fr\/laplainedesvosgesinfo\/2022\/06\/lappel-du-18-juin-1940-commemore-sous-un-soleil-de-plomb\/\"},\"wordCount\":127,\"commentCount\":0,\"publisher\":{\"@id\":\"https:\/\/vosgesinfo.fr\/laplainedesvosgesinfo\/#organization\"},\"image\":{\"@id\":\"https:\/\/vosgesinfo.fr\/laplainedesvosgesinfo\/2022\/06\/lappel-du-18-juin-1940-commemore-sous-un-soleil-de-plomb\/#primaryimage\"},\"thumbnailUrl\":\"https:\/\/vosgesinfo.fr\/app\/uploads\/sites\/2\/2024\/07\/202206ceremonie-du-18-juin.jpeg\",\"keywords\":[\"C\u00e9r\u00e9monie du 18 juin Vittel\",\"Franck Perry\",\"Major Polsinelli\",\"Patrick Floquet\",\"Sandrine Patard\",\"Ville de Vittel\"],\"articleSection\":[\"A la Une\",\"C\u00e9r\u00e9monie comm\u00e9morative\",\"La Plaine\",\"Vittel\"],\"inLanguage\":\"fr-FR\",\"potentialAction\":[{\"@type\":\"CommentAction\",\"name\":\"Comment\",\"target\":[\"https:\/\/vosgesinfo.fr\/laplainedesvosgesinfo\/2022\/06\/lappel-du-18-juin-1940-commemore-sous-un-soleil-de-plomb\/#respond\"]}]},{\"@type\":\"WebPage\",\"@id\":\"https:\/\/vosgesinfo.fr\/laplainedesvosgesinfo\/2022\/06\/lappel-du-18-juin-1940-commemore-sous-un-soleil-de-plomb\/\",\"url\":\"https:\/\/vosgesinfo.fr\/laplainedesvosgesinfo\/2022\/06\/lappel-du-18-juin-1940-commemore-sous-un-soleil-de-plomb\/\",\"name\":\"L\u2019appel du 18 juin 1940 comm\u00e9mor\u00e9 sous un soleil de plomb - La Plaine des Vosges\",\"isPartOf\":{\"@id\":\"https:\/\/vosgesinfo.fr\/laplainedesvosgesinfo\/#website\"},\"primaryImageOfPage\":{\"@id\":\"https:\/\/vosgesinfo.fr\/laplainedesvosgesinfo\/2022\/06\/lappel-du-18-juin-1940-commemore-sous-un-soleil-de-plomb\/#primaryimage\"},\"image\":{\"@id\":\"https:\/\/vosgesinfo.fr\/laplainedesvosgesinfo\/2022\/06\/lappel-du-18-juin-1940-commemore-sous-un-soleil-de-plomb\/#primaryimage\"},\"thumbnailUrl\":\"https:\/\/vosgesinfo.fr\/app\/uploads\/sites\/2\/2024\/07\/202206ceremonie-du-18-juin.jpeg\",\"datePublished\":\"2022-06-19T05:53:52+00:00\",\"dateModified\":\"2022-06-19T05:53:52+00:00\",\"breadcrumb\":{\"@id\":\"https:\/\/vosgesinfo.fr\/laplainedesvosgesinfo\/2022\/06\/lappel-du-18-juin-1940-commemore-sous-un-soleil-de-plomb\/#breadcrumb\"},\"inLanguage\":\"fr-FR\",\"potentialAction\":[{\"@type\":\"ReadAction\",\"target\":[\"https:\/\/vosgesinfo.fr\/laplainedesvosgesinfo\/2022\/06\/lappel-du-18-juin-1940-commemore-sous-un-soleil-de-plomb\/\"]}]},{\"@type\":\"ImageObject\",\"inLanguage\":\"fr-FR\",\"@id\":\"https:\/\/vosgesinfo.fr\/laplainedesvosgesinfo\/2022\/06\/lappel-du-18-juin-1940-commemore-sous-un-soleil-de-plomb\/#primaryimage\",\"url\":\"https:\/\/vosgesinfo.fr\/app\/uploads\/sites\/2\/2024\/07\/202206ceremonie-du-18-juin.jpeg\",\"contentUrl\":\"https:\/\/vosgesinfo.fr\/app\/uploads\/sites\/2\/2024\/07\/202206ceremonie-du-18-juin.jpeg\",\"width\":800,\"height\":450},{\"@type\":\"BreadcrumbList\",\"@id\":\"https:\/\/vosgesinfo.fr\/laplainedesvosgesinfo\/2022\/06\/lappel-du-18-juin-1940-commemore-sous-un-soleil-de-plomb\/#breadcrumb\",\"itemListElement\":[{\"@type\":\"ListItem\",\"position\":1,\"name\":\"Home\",\"item\":\"https:\/\/vosgesinfo.fr\/laplainedesvosgesinfo\/\"},{\"@type\":\"ListItem\",\"position\":2,\"name\":\"L\u2019appel du 18 juin 1940 comm\u00e9mor\u00e9 sous un soleil de plomb\"}]},{\"@type\":\"WebSite\",\"@id\":\"https:\/\/vosgesinfo.fr\/laplainedesvosgesinfo\/#website\",\"url\":\"https:\/\/vosgesinfo.fr\/laplainedesvosgesinfo\/\",\"name\":\"La Plaine des Vosges\",\"description\":\"Toute l&#039;actualit\u00e9 de la plaine de Vosges\",\"publisher\":{\"@id\":\"https:\/\/vosgesinfo.fr\/laplainedesvosgesinfo\/#organization\"},\"alternateName\":\"Toute l'actualit\u00e9 de la plaine des Vosges\",\"potentialAction\":[{\"@type\":\"SearchAction\",\"target\":{\"@type\":\"EntryPoint\",\"urlTemplate\":\"https:\/\/vosgesinfo.fr\/laplainedesvosgesinfo\/?s={search_term_string}\"},\"query-input\":\"required name=search_term_string\"}],\"inLanguage\":\"fr-FR\"},{\"@type\":\"Organization\",\"@id\":\"https:\/\/vosgesinfo.fr\/laplainedesvosgesinfo\/#organization\",\"name\":\"La Plaine des Vosges\",\"url\":\"https:\/\/vosgesinfo.fr\/laplainedesvosgesinfo\/\",\"logo\":{\"@type\":\"ImageObject\",\"inLanguage\":\"fr-FR\",\"@id\":\"https:\/\/vosgesinfo.fr\/laplainedesvosgesinfo\/#\/schema\/logo\/image\/\",\"url\":\"https:\/\/vosgesinfo.fr\/app\/uploads\/sites\/2\/2023\/08\/logo-laplaineinfo.svg\",\"contentUrl\":\"https:\/\/vosgesinfo.fr\/app\/uploads\/sites\/2\/2023\/08\/logo-laplaineinfo.svg\",\"width\":1,\"height\":1,\"caption\":\"La Plaine des Vosges\"},\"image\":{\"@id\":\"https:\/\/vosgesinfo.fr\/laplainedesvosgesinfo\/#\/schema\/logo\/image\/\"},\"sameAs\":[\"https:\/\/www.facebook.com\/laplainedesvosges\",\"https:\/\/x.com\/VosgesInfo88\",\"https:\/\/www.youtube.com\/@vosgesinfo\"]},{\"@type\":\"Person\",\"@id\":\"https:\/\/vosgesinfo.fr\/laplainedesvosgesinfo\/#\/schema\/person\/79e32bebcee803e323d575130a214cb1\",\"name\":\"F L\",\"image\":{\"@type\":\"ImageObject\",\"inLanguage\":\"fr-FR\",\"@id\":\"https:\/\/vosgesinfo.fr\/laplainedesvosgesinfo\/#\/schema\/person\/image\/\",\"url\":\"https:\/\/secure.gravatar.com\/avatar\/d357c72e152089867fde6ef62184057ee532a6f21b254c937a932e835554cfb3?s=96&d=mm&r=g\",\"contentUrl\":\"https:\/\/secure.gravatar.com\/avatar\/d357c72e152089867fde6ef62184057ee532a6f21b254c937a932e835554cfb3?s=96&d=mm&r=g\",\"caption\":\"F L\"},\"url\":\"https:\/\/vosgesinfo.fr\/laplainedesvosgesinfo\/author\/frlevyp88\/\"}]}<\/script>\n<!-- \/ Yoast SEO plugin. -->","yoast_head_json":{"title":"L\u2019appel du 18 juin 1940 comm\u00e9mor\u00e9 sous un soleil de plomb - La Plaine des Vosges","robots":{"index":"index","follow":"follow","max-snippet":"max-snippet:-1","max-image-preview":"max-image-preview:large","max-video-preview":"max-video-preview:-1"},"canonical":"https:\/\/vosgesinfo.fr\/laplainedesvosgesinfo\/2022\/06\/lappel-du-18-juin-1940-commemore-sous-un-soleil-de-plomb\/","twitter_card":"summary_large_image","twitter_title":"L\u2019appel du 18 juin 1940 comm\u00e9mor\u00e9 sous un soleil de plomb - La Plaine des Vosges","twitter_description":"C\u2019est sous un soleil de plomb que Franck Perry Maire de Vittel, entour\u00e9 de nombreux \u00e9lus du Conseil Municipal ont [&hellip;]","twitter_image":"https:\/\/vosgesinfo.fr\/app\/uploads\/sites\/2\/2024\/07\/202206ceremonie-du-18-juin.jpeg","twitter_creator":"@VosgesInfo88","twitter_site":"@VosgesInfo88","twitter_misc":{"\u00c9crit par":"F L","Dur\u00e9e de lecture estim\u00e9e":"1 minute"},"schema":{"@context":"https:\/\/schema.org","@graph":[{"@type":"Article","@id":"https:\/\/vosgesinfo.fr\/laplainedesvosgesinfo\/2022\/06\/lappel-du-18-juin-1940-commemore-sous-un-soleil-de-plomb\/#article","isPartOf":{"@id":"https:\/\/vosgesinfo.fr\/laplainedesvosgesinfo\/2022\/06\/lappel-du-18-juin-1940-commemore-sous-un-soleil-de-plomb\/"},"author":{"name":"F L","@id":"https:\/\/vosgesinfo.fr\/laplainedesvosgesinfo\/#\/schema\/person\/79e32bebcee803e323d575130a214cb1"},"headline":"L\u2019appel du 18 juin 1940 comm\u00e9mor\u00e9 sous un soleil de plomb","datePublished":"2022-06-19T05:53:52+00:00","dateModified":"2022-06-19T05:53:52+00:00","mainEntityOfPage":{"@id":"https:\/\/vosgesinfo.fr\/laplainedesvosgesinfo\/2022\/06\/lappel-du-18-juin-1940-commemore-sous-un-soleil-de-plomb\/"},"wordCount":127,"commentCount":0,"publisher":{"@id":"https:\/\/vosgesinfo.fr\/laplainedesvosgesinfo\/#organization"},"image":{"@id":"https:\/\/vosgesinfo.fr\/laplainedesvosgesinfo\/2022\/06\/lappel-du-18-juin-1940-commemore-sous-un-soleil-de-plomb\/#primaryimage"},"thumbnailUrl":"https:\/\/vosgesinfo.fr\/app\/uploads\/sites\/2\/2024\/07\/202206ceremonie-du-18-juin.jpeg","keywords":["C\u00e9r\u00e9monie du 18 juin Vittel","Franck Perry","Major Polsinelli","Patrick Floquet","Sandrine Patard","Ville de Vittel"],"articleSection":["A la Une","C\u00e9r\u00e9monie comm\u00e9morative","La Plaine","Vittel"],"inLanguage":"fr-FR","potentialAction":[{"@type":"CommentAction","name":"Comment","target":["https:\/\/vosgesinfo.fr\/laplainedesvosgesinfo\/2022\/06\/lappel-du-18-juin-1940-commemore-sous-un-soleil-de-plomb\/#respond"]}]},{"@type":"WebPage","@id":"https:\/\/vosgesinfo.fr\/laplainedesvosgesinfo\/2022\/06\/lappel-du-18-juin-1940-commemore-sous-un-soleil-de-plomb\/","url":"https:\/\/vosgesinfo.fr\/laplainedesvosgesinfo\/2022\/06\/lappel-du-18-juin-1940-commemore-sous-un-soleil-de-plomb\/","name":"L\u2019appel du 18 juin 1940 comm\u00e9mor\u00e9 sous un soleil de plomb - La Plaine des Vosges","isPartOf":{"@id":"https:\/\/vosgesinfo.fr\/laplainedesvosgesinfo\/#website"},"primaryImageOfPage":{"@id":"https:\/\/vosgesinfo.fr\/laplainedesvosgesinfo\/2022\/06\/lappel-du-18-juin-1940-commemore-sous-un-soleil-de-plomb\/#primaryimage"},"image":{"@id":"https:\/\/vosgesinfo.fr\/laplainedesvosgesinfo\/2022\/06\/lappel-du-18-juin-1940-commemore-sous-un-soleil-de-plomb\/#primaryimage"},"thumbnailUrl":"https:\/\/vosgesinfo.fr\/app\/uploads\/sites\/2\/2024\/07\/202206ceremonie-du-18-juin.jpeg","datePublished":"2022-06-19T05:53:52+00:00","dateModified":"2022-06-19T05:53:52+00:00","breadcrumb":{"@id":"https:\/\/vosgesinfo.fr\/laplainedesvosgesinfo\/2022\/06\/lappel-du-18-juin-1940-commemore-sous-un-soleil-de-plomb\/#breadcrumb"},"inLanguage":"fr-FR","potentialAction":[{"@type":"ReadAction","target":["https:\/\/vosgesinfo.fr\/laplainedesvosgesinfo\/2022\/06\/lappel-du-18-juin-1940-commemore-sous-un-soleil-de-plomb\/"]}]},{"@type":"ImageObject","inLanguage":"fr-FR","@id":"https:\/\/vosgesinfo.fr\/laplainedesvosgesinfo\/2022\/06\/lappel-du-18-juin-1940-commemore-sous-un-soleil-de-plomb\/#primaryimage","url":"https:\/\/vosgesinfo.fr\/app\/uploads\/sites\/2\/2024\/07\/202206ceremonie-du-18-juin.jpeg","contentUrl":"https:\/\/vosgesinfo.fr\/app\/uploads\/sites\/2\/2024\/07\/202206ceremonie-du-18-juin.jpeg","width":800,"height":450},{"@type":"BreadcrumbList","@id":"https:\/\/vosgesinfo.fr\/laplainedesvosgesinfo\/2022\/06\/lappel-du-18-juin-1940-commemore-sous-un-soleil-de-plomb\/#breadcrumb","itemListElement":[{"@type":"ListItem","position":1,"name":"Home","item":"https:\/\/vosgesinfo.fr\/laplainedesvosgesinfo\/"},{"@type":"ListItem","position":2,"name":"L\u2019appel du 18 juin 1940 comm\u00e9mor\u00e9 sous un soleil de plomb"}]},{"@type":"WebSite","@id":"https:\/\/vosgesinfo.fr\/laplainedesvosgesinfo\/#website","url":"https:\/\/vosgesinfo.fr\/laplainedesvosgesinfo\/","name":"La Plaine des Vosges","description":"Toute l&#039;actualit\u00e9 de la plaine de Vosges","publisher":{"@id":"https:\/\/vosgesinfo.fr\/laplainedesvosgesinfo\/#organization"},"alternateName":"Toute l'actualit\u00e9 de la plaine des Vosges","potentialAction":[{"@type":"SearchAction","target":{"@type":"EntryPoint","urlTemplate":"https:\/\/vosgesinfo.fr\/laplainedesvosgesinfo\/?s={search_term_string}"},"query-input":"required name=search_term_string"}],"inLanguage":"fr-FR"},{"@type":"Organization","@id":"https:\/\/vosgesinfo.fr\/laplainedesvosgesinfo\/#organization","name":"La Plaine des Vosges","url":"https:\/\/vosgesinfo.fr\/laplainedesvosgesinfo\/","logo":{"@type":"ImageObject","inLanguage":"fr-FR","@id":"https:\/\/vosgesinfo.fr\/laplainedesvosgesinfo\/#\/schema\/logo\/image\/","url":"https:\/\/vosgesinfo.fr\/app\/uploads\/sites\/2\/2023\/08\/logo-laplaineinfo.svg","contentUrl":"https:\/\/vosgesinfo.fr\/app\/uploads\/sites\/2\/2023\/08\/logo-laplaineinfo.svg","width":1,"height":1,"caption":"La Plaine des Vosges"},"image":{"@id":"https:\/\/vosgesinfo.fr\/laplainedesvosgesinfo\/#\/schema\/logo\/image\/"},"sameAs":["https:\/\/www.facebook.com\/laplainedesvosges","https:\/\/x.com\/VosgesInfo88","https:\/\/www.youtube.com\/@vosgesinfo"]},{"@type":"Person","@id":"https:\/\/vosgesinfo.fr\/laplainedesvosgesinfo\/#\/schema\/person\/79e32bebcee803e323d575130a214cb1","name":"F L","image":{"@type":"ImageObject","inLanguage":"fr-FR","@id":"https:\/\/vosgesinfo.fr\/laplainedesvosgesinfo\/#\/schema\/person\/image\/","url":"https:\/\/secure.gravatar.com\/avatar\/d357c72e152089867fde6ef62184057ee532a6f21b254c937a932e835554cfb3?s=96&d=mm&r=g","contentUrl":"https:\/\/secure.gravatar.com\/avatar\/d357c72e152089867fde6ef62184057ee532a6f21b254c937a932e835554cfb3?s=96&d=mm&r=g","caption":"F L"},"url":"https:\/\/vosgesinfo.fr\/laplainedesvosgesinfo\/author\/frlevyp88\/"}]}},"_links":{"self":[{"href":"https:\/\/vosgesinfo.fr\/laplainedesvosgesinfo\/wp-json\/wp\/v2\/posts\/22730","targetHints":{"allow":["GET"]}}],"collection":[{"href":"https:\/\/vosgesinfo.fr\/laplainedesvosgesinfo\/wp-json\/wp\/v2\/posts"}],"about":[{"href":"https:\/\/vosgesinfo.fr\/laplainedesvosgesinfo\/wp-json\/wp\/v2\/types\/post"}],"author":[{"embeddable":true,"href":"https:\/\/vosgesinfo.fr\/laplainedesvosgesinfo\/wp-json\/wp\/v2\/users\/128"}],"replies":[{"embeddable":true,"href":"https:\/\/vosgesinfo.fr\/laplainedesvosgesinfo\/wp-json\/wp\/v2\/comments?post=22730"}],"version-history":[{"count":0,"href":"https:\/\/vosgesinfo.fr\/laplainedesvosgesinfo\/wp-json\/wp\/v2\/posts\/22730\/revisions"}],"wp:featuredmedia":[{"embeddable":true,"href":"https:\/\/vosgesinfo.fr\/laplainedesvosgesinfo\/wp-json\/wp\/v2\/media\/22731"}],"wp:attachment":[{"href":"https:\/\/vosgesinfo.fr\/laplainedesvosgesinfo\/wp-json\/wp\/v2\/media?parent=22730"}],"wp:term":[{"taxonomy":"category","embeddable":true,"href":"https:\/\/vosgesinfo.fr\/laplainedesvosgesinfo\/wp-json\/wp\/v2\/categories?post=22730"},{"taxonomy":"post_tag","embeddable":true,"href":"https:\/\/vosgesinfo.fr\/laplainedesvosgesinfo\/wp-json\/wp\/v2\/tags?post=22730"}],"curies":[{"name":"wp","href":"https:\/\/api.w.org\/{rel}","templated":true}]}}