{"id":23071,"date":"2022-07-18T19:24:09","date_gmt":"2022-07-18T17:24:09","guid":{"rendered":"https:\/\/vosgesinfo.fr\/laplainedesvosgesinfo\/2022\/07\/francois-vannson-installe-le-nouveau-comite-departemental-du-tourisme\/"},"modified":"2022-07-18T19:24:09","modified_gmt":"2022-07-18T17:24:09","slug":"francois-vannson-installe-le-nouveau-comite-departemental-du-tourisme","status":"publish","type":"post","link":"https:\/\/vosgesinfo.fr\/laplainedesvosgesinfo\/2022\/07\/francois-vannson-installe-le-nouveau-comite-departemental-du-tourisme\/","title":{"rendered":"Fran\u00e7ois Vannson installe le nouveau Comit\u00e9 D\u00e9partemental du Tourisme"},"content":{"rendered":"\n<h4>Importante r\u00e9union au Conseil D\u00e9partemental des Vosges ce lundi 18 juillet 2022 en tout d\u00e9but d\u2019apr\u00e8s &#8211; midi.\u00a0Fran\u00e7ois Vannson Pr\u00e9sident du D\u00e9partement\u00a0des Vosges, viens d\u2019installer au Conseil D\u00e9partemental\u00a0le nouveau Comit\u00e9 d\u00e9partemental du tourisme et la r\u00e9gie Vosges tourisme. La mission de cette nouvelle structure aura pour vocation de porter et rendre visible la politique d\u00e9partementale du tourisme sur le territoire.<\/h4>\n<p><a href=\"\/2022\/07\/BD038F63-A2C8-458F-9808-BDAF87D4238D.jpeg\"><img decoding=\"async\" class=\"aligncenter size-full wp-image-130945\" src=\"\/2022\/07\/BD038F63-A2C8-458F-9808-BDAF87D4238D.jpeg\" alt=\"Franck Perry Maire de Vittel\" width=\"800\" height=\"599\" \/><\/a><\/p>\n<p>Le conseil d\u2019exploitation de la r\u00e9gie Vosges Tourisme est compos\u00e9 de 27 membres r\u00e9partis en 2 coll\u00e8ges. Le premier de ces deux coll\u00e8ges est compos\u00e9 des repr\u00e9sentants du d\u00e9partement des Vosges tout comme le\u00a0second\u00a0coll\u00e8ge. Ces deux groupes sont compos\u00e9s de personnes qualifi\u00e9es et acteurs du tourisme sur le territoire.\u00a0Franck Perry Maire de Vittel a \u00e9t\u00e9 \u00e9lu ce jour pr\u00e9sident VP au Conseil D\u00e9partemental, aux c\u00f4t\u00e9s de\u00a0Brigitte Vanson Conseill\u00e8re d\u00e9partementale et Maire de Ventron qui quant \u00e0 elle a \u00e9t\u00e9 \u00e9lue vice &#8211; pr\u00e9sidente.<\/p>\n","protected":false},"excerpt":{"rendered":"<p>Importante r\u00e9union au Conseil D\u00e9partemental des Vosges ce lundi 18 juillet 2022 en tout d\u00e9but d\u2019apr\u00e8s &#8211; midi.\u00a0Fran\u00e7ois Vannson Pr\u00e9sident [&hellip;]<\/p>\n","protected":false},"author":128,"featured_media":23072,"comment_status":"open","ping_status":"open","sticky":false,"template":"","format":"standard","meta":{"footnotes":""},"categories":[29,6064,37,15,38,18],"tags":[6744,865,39],"class_list":["post-23071","post","type-post","status-publish","format-standard","has-post-thumbnail","hentry","category-a-la-une","category-elections-departementales","category-la-plaine","category-tourisme","category-vittel-la-plaine","category-vosges","tag-brigitte-vanson","tag-conseil-departemental-des-vosges","tag-franck-perry"],"acf":[],"yoast_head":"<!-- This site is optimized with the Yoast SEO plugin v22.5 - https:\/\/yoast.com\/wordpress\/plugins\/seo\/ -->\n<title>Fran\u00e7ois Vannson installe le nouveau Comit\u00e9 D\u00e9partemental du Tourisme - La Plaine des Vosges<\/title>\n<meta name=\"robots\" content=\"index, follow, max-snippet:-1, max-image-preview:large, max-video-preview:-1\" \/>\n<link rel=\"canonical\" href=\"https:\/\/vosgesinfo.fr\/laplainedesvosgesinfo\/2022\/07\/francois-vannson-installe-le-nouveau-comite-departemental-du-tourisme\/\" \/>\n<meta name=\"twitter:card\" content=\"summary_large_image\" \/>\n<meta name=\"twitter:title\" content=\"Fran\u00e7ois Vannson installe le nouveau Comit\u00e9 D\u00e9partemental du Tourisme - La Plaine des Vosges\" \/>\n<meta name=\"twitter:description\" content=\"Importante r\u00e9union au Conseil D\u00e9partemental des Vosges ce lundi 18 juillet 2022 en tout d\u00e9but d\u2019apr\u00e8s &#8211; midi.\u00a0Fran\u00e7ois Vannson Pr\u00e9sident [&hellip;]\" \/>\n<meta name=\"twitter:image\" content=\"https:\/\/vosgesinfo.fr\/app\/uploads\/sites\/2\/2024\/07\/2022070463a170-e518-461e-be4b-8ac399e52c0a.jpeg\" \/>\n<meta name=\"twitter:creator\" content=\"@VosgesInfo88\" \/>\n<meta name=\"twitter:site\" content=\"@VosgesInfo88\" \/>\n<meta name=\"twitter:label1\" content=\"\u00c9crit par\" \/>\n\t<meta name=\"twitter:data1\" content=\"F L\" \/>\n\t<meta name=\"twitter:label2\" content=\"Dur\u00e9e de lecture estim\u00e9e\" \/>\n\t<meta name=\"twitter:data2\" content=\"1 minute\" \/>\n<script type=\"application\/ld+json\" class=\"yoast-schema-graph\">{\"@context\":\"https:\/\/schema.org\",\"@graph\":[{\"@type\":\"Article\",\"@id\":\"https:\/\/vosgesinfo.fr\/laplainedesvosgesinfo\/2022\/07\/francois-vannson-installe-le-nouveau-comite-departemental-du-tourisme\/#article\",\"isPartOf\":{\"@id\":\"https:\/\/vosgesinfo.fr\/laplainedesvosgesinfo\/2022\/07\/francois-vannson-installe-le-nouveau-comite-departemental-du-tourisme\/\"},\"author\":{\"name\":\"F L\",\"@id\":\"https:\/\/vosgesinfo.fr\/laplainedesvosgesinfo\/#\/schema\/person\/79e32bebcee803e323d575130a214cb1\"},\"headline\":\"Fran\u00e7ois Vannson installe le nouveau Comit\u00e9 D\u00e9partemental du Tourisme\",\"datePublished\":\"2022-07-18T17:24:09+00:00\",\"dateModified\":\"2022-07-18T17:24:09+00:00\",\"mainEntityOfPage\":{\"@id\":\"https:\/\/vosgesinfo.fr\/laplainedesvosgesinfo\/2022\/07\/francois-vannson-installe-le-nouveau-comite-departemental-du-tourisme\/\"},\"wordCount\":190,\"commentCount\":0,\"publisher\":{\"@id\":\"https:\/\/vosgesinfo.fr\/laplainedesvosgesinfo\/#organization\"},\"image\":{\"@id\":\"https:\/\/vosgesinfo.fr\/laplainedesvosgesinfo\/2022\/07\/francois-vannson-installe-le-nouveau-comite-departemental-du-tourisme\/#primaryimage\"},\"thumbnailUrl\":\"https:\/\/vosgesinfo.fr\/app\/uploads\/sites\/2\/2024\/07\/2022070463a170-e518-461e-be4b-8ac399e52c0a.jpeg\",\"keywords\":[\"Brigitte Vanson\",\"Conseil d\u00e9partemental des Vosges\",\"Franck Perry\"],\"articleSection\":[\"A la Une\",\"Elections d\u00e9partementales\",\"La Plaine\",\"Tourisme\",\"Vittel\",\"Vosges\"],\"inLanguage\":\"fr-FR\",\"potentialAction\":[{\"@type\":\"CommentAction\",\"name\":\"Comment\",\"target\":[\"https:\/\/vosgesinfo.fr\/laplainedesvosgesinfo\/2022\/07\/francois-vannson-installe-le-nouveau-comite-departemental-du-tourisme\/#respond\"]}]},{\"@type\":\"WebPage\",\"@id\":\"https:\/\/vosgesinfo.fr\/laplainedesvosgesinfo\/2022\/07\/francois-vannson-installe-le-nouveau-comite-departemental-du-tourisme\/\",\"url\":\"https:\/\/vosgesinfo.fr\/laplainedesvosgesinfo\/2022\/07\/francois-vannson-installe-le-nouveau-comite-departemental-du-tourisme\/\",\"name\":\"Fran\u00e7ois Vannson installe le nouveau Comit\u00e9 D\u00e9partemental du Tourisme - La Plaine des Vosges\",\"isPartOf\":{\"@id\":\"https:\/\/vosgesinfo.fr\/laplainedesvosgesinfo\/#website\"},\"primaryImageOfPage\":{\"@id\":\"https:\/\/vosgesinfo.fr\/laplainedesvosgesinfo\/2022\/07\/francois-vannson-installe-le-nouveau-comite-departemental-du-tourisme\/#primaryimage\"},\"image\":{\"@id\":\"https:\/\/vosgesinfo.fr\/laplainedesvosgesinfo\/2022\/07\/francois-vannson-installe-le-nouveau-comite-departemental-du-tourisme\/#primaryimage\"},\"thumbnailUrl\":\"https:\/\/vosgesinfo.fr\/app\/uploads\/sites\/2\/2024\/07\/2022070463a170-e518-461e-be4b-8ac399e52c0a.jpeg\",\"datePublished\":\"2022-07-18T17:24:09+00:00\",\"dateModified\":\"2022-07-18T17:24:09+00:00\",\"breadcrumb\":{\"@id\":\"https:\/\/vosgesinfo.fr\/laplainedesvosgesinfo\/2022\/07\/francois-vannson-installe-le-nouveau-comite-departemental-du-tourisme\/#breadcrumb\"},\"inLanguage\":\"fr-FR\",\"potentialAction\":[{\"@type\":\"ReadAction\",\"target\":[\"https:\/\/vosgesinfo.fr\/laplainedesvosgesinfo\/2022\/07\/francois-vannson-installe-le-nouveau-comite-departemental-du-tourisme\/\"]}]},{\"@type\":\"ImageObject\",\"inLanguage\":\"fr-FR\",\"@id\":\"https:\/\/vosgesinfo.fr\/laplainedesvosgesinfo\/2022\/07\/francois-vannson-installe-le-nouveau-comite-departemental-du-tourisme\/#primaryimage\",\"url\":\"https:\/\/vosgesinfo.fr\/app\/uploads\/sites\/2\/2024\/07\/2022070463a170-e518-461e-be4b-8ac399e52c0a.jpeg\",\"contentUrl\":\"https:\/\/vosgesinfo.fr\/app\/uploads\/sites\/2\/2024\/07\/2022070463a170-e518-461e-be4b-8ac399e52c0a.jpeg\",\"width\":800,\"height\":599},{\"@type\":\"BreadcrumbList\",\"@id\":\"https:\/\/vosgesinfo.fr\/laplainedesvosgesinfo\/2022\/07\/francois-vannson-installe-le-nouveau-comite-departemental-du-tourisme\/#breadcrumb\",\"itemListElement\":[{\"@type\":\"ListItem\",\"position\":1,\"name\":\"Home\",\"item\":\"https:\/\/vosgesinfo.fr\/laplainedesvosgesinfo\/\"},{\"@type\":\"ListItem\",\"position\":2,\"name\":\"Fran\u00e7ois Vannson installe le nouveau Comit\u00e9 D\u00e9partemental du Tourisme\"}]},{\"@type\":\"WebSite\",\"@id\":\"https:\/\/vosgesinfo.fr\/laplainedesvosgesinfo\/#website\",\"url\":\"https:\/\/vosgesinfo.fr\/laplainedesvosgesinfo\/\",\"name\":\"La Plaine des Vosges\",\"description\":\"Toute l&#039;actualit\u00e9 de la plaine de Vosges\",\"publisher\":{\"@id\":\"https:\/\/vosgesinfo.fr\/laplainedesvosgesinfo\/#organization\"},\"alternateName\":\"Toute l'actualit\u00e9 de la plaine des Vosges\",\"potentialAction\":[{\"@type\":\"SearchAction\",\"target\":{\"@type\":\"EntryPoint\",\"urlTemplate\":\"https:\/\/vosgesinfo.fr\/laplainedesvosgesinfo\/?s={search_term_string}\"},\"query-input\":\"required name=search_term_string\"}],\"inLanguage\":\"fr-FR\"},{\"@type\":\"Organization\",\"@id\":\"https:\/\/vosgesinfo.fr\/laplainedesvosgesinfo\/#organization\",\"name\":\"La Plaine des Vosges\",\"url\":\"https:\/\/vosgesinfo.fr\/laplainedesvosgesinfo\/\",\"logo\":{\"@type\":\"ImageObject\",\"inLanguage\":\"fr-FR\",\"@id\":\"https:\/\/vosgesinfo.fr\/laplainedesvosgesinfo\/#\/schema\/logo\/image\/\",\"url\":\"https:\/\/vosgesinfo.fr\/app\/uploads\/sites\/2\/2023\/08\/logo-laplaineinfo.svg\",\"contentUrl\":\"https:\/\/vosgesinfo.fr\/app\/uploads\/sites\/2\/2023\/08\/logo-laplaineinfo.svg\",\"width\":1,\"height\":1,\"caption\":\"La Plaine des Vosges\"},\"image\":{\"@id\":\"https:\/\/vosgesinfo.fr\/laplainedesvosgesinfo\/#\/schema\/logo\/image\/\"},\"sameAs\":[\"https:\/\/www.facebook.com\/laplainedesvosges\",\"https:\/\/x.com\/VosgesInfo88\",\"https:\/\/www.youtube.com\/@vosgesinfo\"]},{\"@type\":\"Person\",\"@id\":\"https:\/\/vosgesinfo.fr\/laplainedesvosgesinfo\/#\/schema\/person\/79e32bebcee803e323d575130a214cb1\",\"name\":\"F L\",\"image\":{\"@type\":\"ImageObject\",\"inLanguage\":\"fr-FR\",\"@id\":\"https:\/\/vosgesinfo.fr\/laplainedesvosgesinfo\/#\/schema\/person\/image\/\",\"url\":\"https:\/\/secure.gravatar.com\/avatar\/d357c72e152089867fde6ef62184057ee532a6f21b254c937a932e835554cfb3?s=96&d=mm&r=g\",\"contentUrl\":\"https:\/\/secure.gravatar.com\/avatar\/d357c72e152089867fde6ef62184057ee532a6f21b254c937a932e835554cfb3?s=96&d=mm&r=g\",\"caption\":\"F L\"},\"url\":\"https:\/\/vosgesinfo.fr\/laplainedesvosgesinfo\/author\/frlevyp88\/\"}]}<\/script>\n<!-- \/ Yoast SEO plugin. -->","yoast_head_json":{"title":"Fran\u00e7ois Vannson installe le nouveau Comit\u00e9 D\u00e9partemental du Tourisme - La Plaine des Vosges","robots":{"index":"index","follow":"follow","max-snippet":"max-snippet:-1","max-image-preview":"max-image-preview:large","max-video-preview":"max-video-preview:-1"},"canonical":"https:\/\/vosgesinfo.fr\/laplainedesvosgesinfo\/2022\/07\/francois-vannson-installe-le-nouveau-comite-departemental-du-tourisme\/","twitter_card":"summary_large_image","twitter_title":"Fran\u00e7ois Vannson installe le nouveau Comit\u00e9 D\u00e9partemental du Tourisme - La Plaine des Vosges","twitter_description":"Importante r\u00e9union au Conseil D\u00e9partemental des Vosges ce lundi 18 juillet 2022 en tout d\u00e9but d\u2019apr\u00e8s &#8211; midi.\u00a0Fran\u00e7ois Vannson Pr\u00e9sident [&hellip;]","twitter_image":"https:\/\/vosgesinfo.fr\/app\/uploads\/sites\/2\/2024\/07\/2022070463a170-e518-461e-be4b-8ac399e52c0a.jpeg","twitter_creator":"@VosgesInfo88","twitter_site":"@VosgesInfo88","twitter_misc":{"\u00c9crit par":"F L","Dur\u00e9e de lecture estim\u00e9e":"1 minute"},"schema":{"@context":"https:\/\/schema.org","@graph":[{"@type":"Article","@id":"https:\/\/vosgesinfo.fr\/laplainedesvosgesinfo\/2022\/07\/francois-vannson-installe-le-nouveau-comite-departemental-du-tourisme\/#article","isPartOf":{"@id":"https:\/\/vosgesinfo.fr\/laplainedesvosgesinfo\/2022\/07\/francois-vannson-installe-le-nouveau-comite-departemental-du-tourisme\/"},"author":{"name":"F L","@id":"https:\/\/vosgesinfo.fr\/laplainedesvosgesinfo\/#\/schema\/person\/79e32bebcee803e323d575130a214cb1"},"headline":"Fran\u00e7ois Vannson installe le nouveau Comit\u00e9 D\u00e9partemental du Tourisme","datePublished":"2022-07-18T17:24:09+00:00","dateModified":"2022-07-18T17:24:09+00:00","mainEntityOfPage":{"@id":"https:\/\/vosgesinfo.fr\/laplainedesvosgesinfo\/2022\/07\/francois-vannson-installe-le-nouveau-comite-departemental-du-tourisme\/"},"wordCount":190,"commentCount":0,"publisher":{"@id":"https:\/\/vosgesinfo.fr\/laplainedesvosgesinfo\/#organization"},"image":{"@id":"https:\/\/vosgesinfo.fr\/laplainedesvosgesinfo\/2022\/07\/francois-vannson-installe-le-nouveau-comite-departemental-du-tourisme\/#primaryimage"},"thumbnailUrl":"https:\/\/vosgesinfo.fr\/app\/uploads\/sites\/2\/2024\/07\/2022070463a170-e518-461e-be4b-8ac399e52c0a.jpeg","keywords":["Brigitte Vanson","Conseil d\u00e9partemental des Vosges","Franck Perry"],"articleSection":["A la Une","Elections d\u00e9partementales","La Plaine","Tourisme","Vittel","Vosges"],"inLanguage":"fr-FR","potentialAction":[{"@type":"CommentAction","name":"Comment","target":["https:\/\/vosgesinfo.fr\/laplainedesvosgesinfo\/2022\/07\/francois-vannson-installe-le-nouveau-comite-departemental-du-tourisme\/#respond"]}]},{"@type":"WebPage","@id":"https:\/\/vosgesinfo.fr\/laplainedesvosgesinfo\/2022\/07\/francois-vannson-installe-le-nouveau-comite-departemental-du-tourisme\/","url":"https:\/\/vosgesinfo.fr\/laplainedesvosgesinfo\/2022\/07\/francois-vannson-installe-le-nouveau-comite-departemental-du-tourisme\/","name":"Fran\u00e7ois Vannson installe le nouveau Comit\u00e9 D\u00e9partemental du Tourisme - La Plaine des Vosges","isPartOf":{"@id":"https:\/\/vosgesinfo.fr\/laplainedesvosgesinfo\/#website"},"primaryImageOfPage":{"@id":"https:\/\/vosgesinfo.fr\/laplainedesvosgesinfo\/2022\/07\/francois-vannson-installe-le-nouveau-comite-departemental-du-tourisme\/#primaryimage"},"image":{"@id":"https:\/\/vosgesinfo.fr\/laplainedesvosgesinfo\/2022\/07\/francois-vannson-installe-le-nouveau-comite-departemental-du-tourisme\/#primaryimage"},"thumbnailUrl":"https:\/\/vosgesinfo.fr\/app\/uploads\/sites\/2\/2024\/07\/2022070463a170-e518-461e-be4b-8ac399e52c0a.jpeg","datePublished":"2022-07-18T17:24:09+00:00","dateModified":"2022-07-18T17:24:09+00:00","breadcrumb":{"@id":"https:\/\/vosgesinfo.fr\/laplainedesvosgesinfo\/2022\/07\/francois-vannson-installe-le-nouveau-comite-departemental-du-tourisme\/#breadcrumb"},"inLanguage":"fr-FR","potentialAction":[{"@type":"ReadAction","target":["https:\/\/vosgesinfo.fr\/laplainedesvosgesinfo\/2022\/07\/francois-vannson-installe-le-nouveau-comite-departemental-du-tourisme\/"]}]},{"@type":"ImageObject","inLanguage":"fr-FR","@id":"https:\/\/vosgesinfo.fr\/laplainedesvosgesinfo\/2022\/07\/francois-vannson-installe-le-nouveau-comite-departemental-du-tourisme\/#primaryimage","url":"https:\/\/vosgesinfo.fr\/app\/uploads\/sites\/2\/2024\/07\/2022070463a170-e518-461e-be4b-8ac399e52c0a.jpeg","contentUrl":"https:\/\/vosgesinfo.fr\/app\/uploads\/sites\/2\/2024\/07\/2022070463a170-e518-461e-be4b-8ac399e52c0a.jpeg","width":800,"height":599},{"@type":"BreadcrumbList","@id":"https:\/\/vosgesinfo.fr\/laplainedesvosgesinfo\/2022\/07\/francois-vannson-installe-le-nouveau-comite-departemental-du-tourisme\/#breadcrumb","itemListElement":[{"@type":"ListItem","position":1,"name":"Home","item":"https:\/\/vosgesinfo.fr\/laplainedesvosgesinfo\/"},{"@type":"ListItem","position":2,"name":"Fran\u00e7ois Vannson installe le nouveau Comit\u00e9 D\u00e9partemental du Tourisme"}]},{"@type":"WebSite","@id":"https:\/\/vosgesinfo.fr\/laplainedesvosgesinfo\/#website","url":"https:\/\/vosgesinfo.fr\/laplainedesvosgesinfo\/","name":"La Plaine des Vosges","description":"Toute l&#039;actualit\u00e9 de la plaine de Vosges","publisher":{"@id":"https:\/\/vosgesinfo.fr\/laplainedesvosgesinfo\/#organization"},"alternateName":"Toute l'actualit\u00e9 de la plaine des Vosges","potentialAction":[{"@type":"SearchAction","target":{"@type":"EntryPoint","urlTemplate":"https:\/\/vosgesinfo.fr\/laplainedesvosgesinfo\/?s={search_term_string}"},"query-input":"required name=search_term_string"}],"inLanguage":"fr-FR"},{"@type":"Organization","@id":"https:\/\/vosgesinfo.fr\/laplainedesvosgesinfo\/#organization","name":"La Plaine des Vosges","url":"https:\/\/vosgesinfo.fr\/laplainedesvosgesinfo\/","logo":{"@type":"ImageObject","inLanguage":"fr-FR","@id":"https:\/\/vosgesinfo.fr\/laplainedesvosgesinfo\/#\/schema\/logo\/image\/","url":"https:\/\/vosgesinfo.fr\/app\/uploads\/sites\/2\/2023\/08\/logo-laplaineinfo.svg","contentUrl":"https:\/\/vosgesinfo.fr\/app\/uploads\/sites\/2\/2023\/08\/logo-laplaineinfo.svg","width":1,"height":1,"caption":"La Plaine des Vosges"},"image":{"@id":"https:\/\/vosgesinfo.fr\/laplainedesvosgesinfo\/#\/schema\/logo\/image\/"},"sameAs":["https:\/\/www.facebook.com\/laplainedesvosges","https:\/\/x.com\/VosgesInfo88","https:\/\/www.youtube.com\/@vosgesinfo"]},{"@type":"Person","@id":"https:\/\/vosgesinfo.fr\/laplainedesvosgesinfo\/#\/schema\/person\/79e32bebcee803e323d575130a214cb1","name":"F L","image":{"@type":"ImageObject","inLanguage":"fr-FR","@id":"https:\/\/vosgesinfo.fr\/laplainedesvosgesinfo\/#\/schema\/person\/image\/","url":"https:\/\/secure.gravatar.com\/avatar\/d357c72e152089867fde6ef62184057ee532a6f21b254c937a932e835554cfb3?s=96&d=mm&r=g","contentUrl":"https:\/\/secure.gravatar.com\/avatar\/d357c72e152089867fde6ef62184057ee532a6f21b254c937a932e835554cfb3?s=96&d=mm&r=g","caption":"F L"},"url":"https:\/\/vosgesinfo.fr\/laplainedesvosgesinfo\/author\/frlevyp88\/"}]}},"_links":{"self":[{"href":"https:\/\/vosgesinfo.fr\/laplainedesvosgesinfo\/wp-json\/wp\/v2\/posts\/23071","targetHints":{"allow":["GET"]}}],"collection":[{"href":"https:\/\/vosgesinfo.fr\/laplainedesvosgesinfo\/wp-json\/wp\/v2\/posts"}],"about":[{"href":"https:\/\/vosgesinfo.fr\/laplainedesvosgesinfo\/wp-json\/wp\/v2\/types\/post"}],"author":[{"embeddable":true,"href":"https:\/\/vosgesinfo.fr\/laplainedesvosgesinfo\/wp-json\/wp\/v2\/users\/128"}],"replies":[{"embeddable":true,"href":"https:\/\/vosgesinfo.fr\/laplainedesvosgesinfo\/wp-json\/wp\/v2\/comments?post=23071"}],"version-history":[{"count":0,"href":"https:\/\/vosgesinfo.fr\/laplainedesvosgesinfo\/wp-json\/wp\/v2\/posts\/23071\/revisions"}],"wp:featuredmedia":[{"embeddable":true,"href":"https:\/\/vosgesinfo.fr\/laplainedesvosgesinfo\/wp-json\/wp\/v2\/media\/23072"}],"wp:attachment":[{"href":"https:\/\/vosgesinfo.fr\/laplainedesvosgesinfo\/wp-json\/wp\/v2\/media?parent=23071"}],"wp:term":[{"taxonomy":"category","embeddable":true,"href":"https:\/\/vosgesinfo.fr\/laplainedesvosgesinfo\/wp-json\/wp\/v2\/categories?post=23071"},{"taxonomy":"post_tag","embeddable":true,"href":"https:\/\/vosgesinfo.fr\/laplainedesvosgesinfo\/wp-json\/wp\/v2\/tags?post=23071"}],"curies":[{"name":"wp","href":"https:\/\/api.w.org\/{rel}","templated":true}]}}