{"id":23104,"date":"2022-07-20T06:29:44","date_gmt":"2022-07-20T04:29:44","guid":{"rendered":"https:\/\/vosgesinfo.fr\/laplainedesvosgesinfo\/2022\/07\/le-club-de-tennis-de-table-de-vittel-anime-la-galerie-thermale\/"},"modified":"2022-07-20T06:29:44","modified_gmt":"2022-07-20T04:29:44","slug":"le-club-de-tennis-de-table-de-vittel-anime-la-galerie-thermale","status":"publish","type":"post","link":"https:\/\/vosgesinfo.fr\/laplainedesvosgesinfo\/2022\/07\/le-club-de-tennis-de-table-de-vittel-anime-la-galerie-thermale\/","title":{"rendered":"Le Club de Tennis de Table de Vittel anime la galerie thermale"},"content":{"rendered":"<div><a href=\"\/2022\/07\/Tennis-de-table-Vittel.jpg\"><img decoding=\"async\" class=\"aligncenter size-full wp-image-131017\" src=\"\/2022\/07\/Tennis-de-table-Vittel.jpg\" alt=\"Tennis de table Vittel\" width=\"800\" height=\"566\" \/><\/a>\u00a0<a href=\"\/2022\/07\/Tennis-de-table-Vittel.jpg\"><br \/>\n<\/a><\/div>\n<div><\/div>\n<h4>La galerie thermale du parc de Vittel est le lieu embl\u00e9matique de la ville, o\u00f9 se retrouvent tout au long du week &#8211; end les touristes en visite. D\u00e9ambuler sous la galerie, c\u2019est la certitude de retrouver des amis et d\u2019\u00e9changer dans la fra\u00eecheur du parc. Si avoir\u00a0la galerie thermale restaur\u00e9e est une chance, l\u2019utiliser comme lieu de rencontres et d\u2019animations en est une autre. De tr\u00e8s nombreux \u00e9v\u00e9nements prennent place dans ce lieu historique, dont les march\u00e9s d\u2019Artisanant et du go\u00fbt tout comme le traditionnel concert des dimanches apr\u00e8s &#8211; midi. \u00c0 partir du jeudi 21 juillet 2022 et jusqu\u2019au jeudi 25 ao\u00fbt, il faudra \u00e9galement compter sur la pr\u00e9sence du\u00a0Club de Tennis de Table de Vittel.<\/h4>\n<div>Le club vittellois sera pr\u00e9sent au fond de la galerie thermale, proche du pavillon de la grande source tous les jeudis de 17 heures \u00e0 20 heures ainsi que les samedis entre 16 heures et 18 heures. \u00a0\u00c0 cette occasion, il\u00a0sera possible pour les Vittellois et pour les touristes petits et grands ainsi que pour les licenci\u00e9s du club, de venir taper la balle sur de grandes tables. Ces tables seront au nombre de 4 en grande taille ainsi que 2 en taille mini. Une occasion de se retrouver et de d\u00e9couvrir le club vittellois qui fonctionne toute l\u2019ann\u00e9e.<\/div>\n<div dir=\"ltr\"><\/div>\n<div dir=\"ltr\"><\/div>\n<div id=\"AppleMailSignature\" dir=\"ltr\"><img alt=\"\" \/><\/div>\n","protected":false},"excerpt":{"rendered":"<p>\u00a0 La galerie thermale du parc de Vittel est le lieu embl\u00e9matique de la ville, o\u00f9 se retrouvent tout au [&hellip;]<\/p>\n","protected":false},"author":128,"featured_media":23105,"comment_status":"open","ping_status":"open","sticky":false,"template":"","format":"standard","meta":{"footnotes":""},"categories":[29,37,25,38],"tags":[6749,36],"class_list":["post-23104","post","type-post","status-publish","format-standard","has-post-thumbnail","hentry","category-a-la-une","category-la-plaine","category-loisirs","category-vittel-la-plaine","tag-tennis-de-table-vittel","tag-ville-de-vittel"],"acf":[],"yoast_head":"<!-- This site is optimized with the Yoast SEO plugin v22.5 - https:\/\/yoast.com\/wordpress\/plugins\/seo\/ -->\n<title>Le Club de Tennis de Table de Vittel anime la galerie thermale - La Plaine des Vosges<\/title>\n<meta name=\"robots\" content=\"index, follow, max-snippet:-1, max-image-preview:large, max-video-preview:-1\" \/>\n<link rel=\"canonical\" href=\"https:\/\/vosgesinfo.fr\/laplainedesvosgesinfo\/2022\/07\/le-club-de-tennis-de-table-de-vittel-anime-la-galerie-thermale\/\" \/>\n<meta name=\"twitter:card\" content=\"summary_large_image\" \/>\n<meta name=\"twitter:title\" content=\"Le Club de Tennis de Table de Vittel anime la galerie thermale - La Plaine des Vosges\" \/>\n<meta name=\"twitter:description\" content=\"\u00a0 La galerie thermale du parc de Vittel est le lieu embl\u00e9matique de la ville, o\u00f9 se retrouvent tout au [&hellip;]\" \/>\n<meta name=\"twitter:image\" content=\"https:\/\/vosgesinfo.fr\/app\/uploads\/sites\/2\/2024\/07\/202207tennis-de-table-vittel.jpg\" \/>\n<meta name=\"twitter:creator\" content=\"@VosgesInfo88\" \/>\n<meta name=\"twitter:site\" content=\"@VosgesInfo88\" \/>\n<meta name=\"twitter:label1\" content=\"\u00c9crit par\" \/>\n\t<meta name=\"twitter:data1\" content=\"F L\" \/>\n\t<meta name=\"twitter:label2\" content=\"Dur\u00e9e de lecture estim\u00e9e\" \/>\n\t<meta name=\"twitter:data2\" content=\"1 minute\" \/>\n<script type=\"application\/ld+json\" class=\"yoast-schema-graph\">{\"@context\":\"https:\/\/schema.org\",\"@graph\":[{\"@type\":\"Article\",\"@id\":\"https:\/\/vosgesinfo.fr\/laplainedesvosgesinfo\/2022\/07\/le-club-de-tennis-de-table-de-vittel-anime-la-galerie-thermale\/#article\",\"isPartOf\":{\"@id\":\"https:\/\/vosgesinfo.fr\/laplainedesvosgesinfo\/2022\/07\/le-club-de-tennis-de-table-de-vittel-anime-la-galerie-thermale\/\"},\"author\":{\"name\":\"F L\",\"@id\":\"https:\/\/vosgesinfo.fr\/laplainedesvosgesinfo\/#\/schema\/person\/79e32bebcee803e323d575130a214cb1\"},\"headline\":\"Le Club de Tennis de Table de Vittel anime la galerie thermale\",\"datePublished\":\"2022-07-20T04:29:44+00:00\",\"dateModified\":\"2022-07-20T04:29:44+00:00\",\"mainEntityOfPage\":{\"@id\":\"https:\/\/vosgesinfo.fr\/laplainedesvosgesinfo\/2022\/07\/le-club-de-tennis-de-table-de-vittel-anime-la-galerie-thermale\/\"},\"wordCount\":242,\"commentCount\":0,\"publisher\":{\"@id\":\"https:\/\/vosgesinfo.fr\/laplainedesvosgesinfo\/#organization\"},\"image\":{\"@id\":\"https:\/\/vosgesinfo.fr\/laplainedesvosgesinfo\/2022\/07\/le-club-de-tennis-de-table-de-vittel-anime-la-galerie-thermale\/#primaryimage\"},\"thumbnailUrl\":\"https:\/\/vosgesinfo.fr\/app\/uploads\/sites\/2\/2024\/07\/202207tennis-de-table-vittel.jpg\",\"keywords\":[\"Tennis de table Vittel\",\"Ville de Vittel\"],\"articleSection\":[\"A la Une\",\"La Plaine\",\"Loisirs\",\"Vittel\"],\"inLanguage\":\"fr-FR\",\"potentialAction\":[{\"@type\":\"CommentAction\",\"name\":\"Comment\",\"target\":[\"https:\/\/vosgesinfo.fr\/laplainedesvosgesinfo\/2022\/07\/le-club-de-tennis-de-table-de-vittel-anime-la-galerie-thermale\/#respond\"]}]},{\"@type\":\"WebPage\",\"@id\":\"https:\/\/vosgesinfo.fr\/laplainedesvosgesinfo\/2022\/07\/le-club-de-tennis-de-table-de-vittel-anime-la-galerie-thermale\/\",\"url\":\"https:\/\/vosgesinfo.fr\/laplainedesvosgesinfo\/2022\/07\/le-club-de-tennis-de-table-de-vittel-anime-la-galerie-thermale\/\",\"name\":\"Le Club de Tennis de Table de Vittel anime la galerie thermale - La Plaine des Vosges\",\"isPartOf\":{\"@id\":\"https:\/\/vosgesinfo.fr\/laplainedesvosgesinfo\/#website\"},\"primaryImageOfPage\":{\"@id\":\"https:\/\/vosgesinfo.fr\/laplainedesvosgesinfo\/2022\/07\/le-club-de-tennis-de-table-de-vittel-anime-la-galerie-thermale\/#primaryimage\"},\"image\":{\"@id\":\"https:\/\/vosgesinfo.fr\/laplainedesvosgesinfo\/2022\/07\/le-club-de-tennis-de-table-de-vittel-anime-la-galerie-thermale\/#primaryimage\"},\"thumbnailUrl\":\"https:\/\/vosgesinfo.fr\/app\/uploads\/sites\/2\/2024\/07\/202207tennis-de-table-vittel.jpg\",\"datePublished\":\"2022-07-20T04:29:44+00:00\",\"dateModified\":\"2022-07-20T04:29:44+00:00\",\"breadcrumb\":{\"@id\":\"https:\/\/vosgesinfo.fr\/laplainedesvosgesinfo\/2022\/07\/le-club-de-tennis-de-table-de-vittel-anime-la-galerie-thermale\/#breadcrumb\"},\"inLanguage\":\"fr-FR\",\"potentialAction\":[{\"@type\":\"ReadAction\",\"target\":[\"https:\/\/vosgesinfo.fr\/laplainedesvosgesinfo\/2022\/07\/le-club-de-tennis-de-table-de-vittel-anime-la-galerie-thermale\/\"]}]},{\"@type\":\"ImageObject\",\"inLanguage\":\"fr-FR\",\"@id\":\"https:\/\/vosgesinfo.fr\/laplainedesvosgesinfo\/2022\/07\/le-club-de-tennis-de-table-de-vittel-anime-la-galerie-thermale\/#primaryimage\",\"url\":\"https:\/\/vosgesinfo.fr\/app\/uploads\/sites\/2\/2024\/07\/202207tennis-de-table-vittel.jpg\",\"contentUrl\":\"https:\/\/vosgesinfo.fr\/app\/uploads\/sites\/2\/2024\/07\/202207tennis-de-table-vittel.jpg\",\"width\":800,\"height\":566},{\"@type\":\"BreadcrumbList\",\"@id\":\"https:\/\/vosgesinfo.fr\/laplainedesvosgesinfo\/2022\/07\/le-club-de-tennis-de-table-de-vittel-anime-la-galerie-thermale\/#breadcrumb\",\"itemListElement\":[{\"@type\":\"ListItem\",\"position\":1,\"name\":\"Home\",\"item\":\"https:\/\/vosgesinfo.fr\/laplainedesvosgesinfo\/\"},{\"@type\":\"ListItem\",\"position\":2,\"name\":\"Le Club de Tennis de Table de Vittel anime la galerie thermale\"}]},{\"@type\":\"WebSite\",\"@id\":\"https:\/\/vosgesinfo.fr\/laplainedesvosgesinfo\/#website\",\"url\":\"https:\/\/vosgesinfo.fr\/laplainedesvosgesinfo\/\",\"name\":\"La Plaine des Vosges\",\"description\":\"Toute l&#039;actualit\u00e9 de la plaine de Vosges\",\"publisher\":{\"@id\":\"https:\/\/vosgesinfo.fr\/laplainedesvosgesinfo\/#organization\"},\"alternateName\":\"Toute l'actualit\u00e9 de la plaine des Vosges\",\"potentialAction\":[{\"@type\":\"SearchAction\",\"target\":{\"@type\":\"EntryPoint\",\"urlTemplate\":\"https:\/\/vosgesinfo.fr\/laplainedesvosgesinfo\/?s={search_term_string}\"},\"query-input\":\"required name=search_term_string\"}],\"inLanguage\":\"fr-FR\"},{\"@type\":\"Organization\",\"@id\":\"https:\/\/vosgesinfo.fr\/laplainedesvosgesinfo\/#organization\",\"name\":\"La Plaine des Vosges\",\"url\":\"https:\/\/vosgesinfo.fr\/laplainedesvosgesinfo\/\",\"logo\":{\"@type\":\"ImageObject\",\"inLanguage\":\"fr-FR\",\"@id\":\"https:\/\/vosgesinfo.fr\/laplainedesvosgesinfo\/#\/schema\/logo\/image\/\",\"url\":\"https:\/\/vosgesinfo.fr\/app\/uploads\/sites\/2\/2023\/08\/logo-laplaineinfo.svg\",\"contentUrl\":\"https:\/\/vosgesinfo.fr\/app\/uploads\/sites\/2\/2023\/08\/logo-laplaineinfo.svg\",\"width\":1,\"height\":1,\"caption\":\"La Plaine des Vosges\"},\"image\":{\"@id\":\"https:\/\/vosgesinfo.fr\/laplainedesvosgesinfo\/#\/schema\/logo\/image\/\"},\"sameAs\":[\"https:\/\/www.facebook.com\/laplainedesvosges\",\"https:\/\/x.com\/VosgesInfo88\",\"https:\/\/www.youtube.com\/@vosgesinfo\"]},{\"@type\":\"Person\",\"@id\":\"https:\/\/vosgesinfo.fr\/laplainedesvosgesinfo\/#\/schema\/person\/79e32bebcee803e323d575130a214cb1\",\"name\":\"F L\",\"image\":{\"@type\":\"ImageObject\",\"inLanguage\":\"fr-FR\",\"@id\":\"https:\/\/vosgesinfo.fr\/laplainedesvosgesinfo\/#\/schema\/person\/image\/\",\"url\":\"https:\/\/secure.gravatar.com\/avatar\/d357c72e152089867fde6ef62184057ee532a6f21b254c937a932e835554cfb3?s=96&d=mm&r=g\",\"contentUrl\":\"https:\/\/secure.gravatar.com\/avatar\/d357c72e152089867fde6ef62184057ee532a6f21b254c937a932e835554cfb3?s=96&d=mm&r=g\",\"caption\":\"F L\"},\"url\":\"https:\/\/vosgesinfo.fr\/laplainedesvosgesinfo\/author\/frlevyp88\/\"}]}<\/script>\n<!-- \/ Yoast SEO plugin. -->","yoast_head_json":{"title":"Le Club de Tennis de Table de Vittel anime la galerie thermale - La Plaine des Vosges","robots":{"index":"index","follow":"follow","max-snippet":"max-snippet:-1","max-image-preview":"max-image-preview:large","max-video-preview":"max-video-preview:-1"},"canonical":"https:\/\/vosgesinfo.fr\/laplainedesvosgesinfo\/2022\/07\/le-club-de-tennis-de-table-de-vittel-anime-la-galerie-thermale\/","twitter_card":"summary_large_image","twitter_title":"Le Club de Tennis de Table de Vittel anime la galerie thermale - La Plaine des Vosges","twitter_description":"\u00a0 La galerie thermale du parc de Vittel est le lieu embl\u00e9matique de la ville, o\u00f9 se retrouvent tout au [&hellip;]","twitter_image":"https:\/\/vosgesinfo.fr\/app\/uploads\/sites\/2\/2024\/07\/202207tennis-de-table-vittel.jpg","twitter_creator":"@VosgesInfo88","twitter_site":"@VosgesInfo88","twitter_misc":{"\u00c9crit par":"F L","Dur\u00e9e de lecture estim\u00e9e":"1 minute"},"schema":{"@context":"https:\/\/schema.org","@graph":[{"@type":"Article","@id":"https:\/\/vosgesinfo.fr\/laplainedesvosgesinfo\/2022\/07\/le-club-de-tennis-de-table-de-vittel-anime-la-galerie-thermale\/#article","isPartOf":{"@id":"https:\/\/vosgesinfo.fr\/laplainedesvosgesinfo\/2022\/07\/le-club-de-tennis-de-table-de-vittel-anime-la-galerie-thermale\/"},"author":{"name":"F L","@id":"https:\/\/vosgesinfo.fr\/laplainedesvosgesinfo\/#\/schema\/person\/79e32bebcee803e323d575130a214cb1"},"headline":"Le Club de Tennis de Table de Vittel anime la galerie thermale","datePublished":"2022-07-20T04:29:44+00:00","dateModified":"2022-07-20T04:29:44+00:00","mainEntityOfPage":{"@id":"https:\/\/vosgesinfo.fr\/laplainedesvosgesinfo\/2022\/07\/le-club-de-tennis-de-table-de-vittel-anime-la-galerie-thermale\/"},"wordCount":242,"commentCount":0,"publisher":{"@id":"https:\/\/vosgesinfo.fr\/laplainedesvosgesinfo\/#organization"},"image":{"@id":"https:\/\/vosgesinfo.fr\/laplainedesvosgesinfo\/2022\/07\/le-club-de-tennis-de-table-de-vittel-anime-la-galerie-thermale\/#primaryimage"},"thumbnailUrl":"https:\/\/vosgesinfo.fr\/app\/uploads\/sites\/2\/2024\/07\/202207tennis-de-table-vittel.jpg","keywords":["Tennis de table Vittel","Ville de Vittel"],"articleSection":["A la Une","La Plaine","Loisirs","Vittel"],"inLanguage":"fr-FR","potentialAction":[{"@type":"CommentAction","name":"Comment","target":["https:\/\/vosgesinfo.fr\/laplainedesvosgesinfo\/2022\/07\/le-club-de-tennis-de-table-de-vittel-anime-la-galerie-thermale\/#respond"]}]},{"@type":"WebPage","@id":"https:\/\/vosgesinfo.fr\/laplainedesvosgesinfo\/2022\/07\/le-club-de-tennis-de-table-de-vittel-anime-la-galerie-thermale\/","url":"https:\/\/vosgesinfo.fr\/laplainedesvosgesinfo\/2022\/07\/le-club-de-tennis-de-table-de-vittel-anime-la-galerie-thermale\/","name":"Le Club de Tennis de Table de Vittel anime la galerie thermale - La Plaine des Vosges","isPartOf":{"@id":"https:\/\/vosgesinfo.fr\/laplainedesvosgesinfo\/#website"},"primaryImageOfPage":{"@id":"https:\/\/vosgesinfo.fr\/laplainedesvosgesinfo\/2022\/07\/le-club-de-tennis-de-table-de-vittel-anime-la-galerie-thermale\/#primaryimage"},"image":{"@id":"https:\/\/vosgesinfo.fr\/laplainedesvosgesinfo\/2022\/07\/le-club-de-tennis-de-table-de-vittel-anime-la-galerie-thermale\/#primaryimage"},"thumbnailUrl":"https:\/\/vosgesinfo.fr\/app\/uploads\/sites\/2\/2024\/07\/202207tennis-de-table-vittel.jpg","datePublished":"2022-07-20T04:29:44+00:00","dateModified":"2022-07-20T04:29:44+00:00","breadcrumb":{"@id":"https:\/\/vosgesinfo.fr\/laplainedesvosgesinfo\/2022\/07\/le-club-de-tennis-de-table-de-vittel-anime-la-galerie-thermale\/#breadcrumb"},"inLanguage":"fr-FR","potentialAction":[{"@type":"ReadAction","target":["https:\/\/vosgesinfo.fr\/laplainedesvosgesinfo\/2022\/07\/le-club-de-tennis-de-table-de-vittel-anime-la-galerie-thermale\/"]}]},{"@type":"ImageObject","inLanguage":"fr-FR","@id":"https:\/\/vosgesinfo.fr\/laplainedesvosgesinfo\/2022\/07\/le-club-de-tennis-de-table-de-vittel-anime-la-galerie-thermale\/#primaryimage","url":"https:\/\/vosgesinfo.fr\/app\/uploads\/sites\/2\/2024\/07\/202207tennis-de-table-vittel.jpg","contentUrl":"https:\/\/vosgesinfo.fr\/app\/uploads\/sites\/2\/2024\/07\/202207tennis-de-table-vittel.jpg","width":800,"height":566},{"@type":"BreadcrumbList","@id":"https:\/\/vosgesinfo.fr\/laplainedesvosgesinfo\/2022\/07\/le-club-de-tennis-de-table-de-vittel-anime-la-galerie-thermale\/#breadcrumb","itemListElement":[{"@type":"ListItem","position":1,"name":"Home","item":"https:\/\/vosgesinfo.fr\/laplainedesvosgesinfo\/"},{"@type":"ListItem","position":2,"name":"Le Club de Tennis de Table de Vittel anime la galerie thermale"}]},{"@type":"WebSite","@id":"https:\/\/vosgesinfo.fr\/laplainedesvosgesinfo\/#website","url":"https:\/\/vosgesinfo.fr\/laplainedesvosgesinfo\/","name":"La Plaine des Vosges","description":"Toute l&#039;actualit\u00e9 de la plaine de Vosges","publisher":{"@id":"https:\/\/vosgesinfo.fr\/laplainedesvosgesinfo\/#organization"},"alternateName":"Toute l'actualit\u00e9 de la plaine des Vosges","potentialAction":[{"@type":"SearchAction","target":{"@type":"EntryPoint","urlTemplate":"https:\/\/vosgesinfo.fr\/laplainedesvosgesinfo\/?s={search_term_string}"},"query-input":"required name=search_term_string"}],"inLanguage":"fr-FR"},{"@type":"Organization","@id":"https:\/\/vosgesinfo.fr\/laplainedesvosgesinfo\/#organization","name":"La Plaine des Vosges","url":"https:\/\/vosgesinfo.fr\/laplainedesvosgesinfo\/","logo":{"@type":"ImageObject","inLanguage":"fr-FR","@id":"https:\/\/vosgesinfo.fr\/laplainedesvosgesinfo\/#\/schema\/logo\/image\/","url":"https:\/\/vosgesinfo.fr\/app\/uploads\/sites\/2\/2023\/08\/logo-laplaineinfo.svg","contentUrl":"https:\/\/vosgesinfo.fr\/app\/uploads\/sites\/2\/2023\/08\/logo-laplaineinfo.svg","width":1,"height":1,"caption":"La Plaine des Vosges"},"image":{"@id":"https:\/\/vosgesinfo.fr\/laplainedesvosgesinfo\/#\/schema\/logo\/image\/"},"sameAs":["https:\/\/www.facebook.com\/laplainedesvosges","https:\/\/x.com\/VosgesInfo88","https:\/\/www.youtube.com\/@vosgesinfo"]},{"@type":"Person","@id":"https:\/\/vosgesinfo.fr\/laplainedesvosgesinfo\/#\/schema\/person\/79e32bebcee803e323d575130a214cb1","name":"F L","image":{"@type":"ImageObject","inLanguage":"fr-FR","@id":"https:\/\/vosgesinfo.fr\/laplainedesvosgesinfo\/#\/schema\/person\/image\/","url":"https:\/\/secure.gravatar.com\/avatar\/d357c72e152089867fde6ef62184057ee532a6f21b254c937a932e835554cfb3?s=96&d=mm&r=g","contentUrl":"https:\/\/secure.gravatar.com\/avatar\/d357c72e152089867fde6ef62184057ee532a6f21b254c937a932e835554cfb3?s=96&d=mm&r=g","caption":"F L"},"url":"https:\/\/vosgesinfo.fr\/laplainedesvosgesinfo\/author\/frlevyp88\/"}]}},"_links":{"self":[{"href":"https:\/\/vosgesinfo.fr\/laplainedesvosgesinfo\/wp-json\/wp\/v2\/posts\/23104","targetHints":{"allow":["GET"]}}],"collection":[{"href":"https:\/\/vosgesinfo.fr\/laplainedesvosgesinfo\/wp-json\/wp\/v2\/posts"}],"about":[{"href":"https:\/\/vosgesinfo.fr\/laplainedesvosgesinfo\/wp-json\/wp\/v2\/types\/post"}],"author":[{"embeddable":true,"href":"https:\/\/vosgesinfo.fr\/laplainedesvosgesinfo\/wp-json\/wp\/v2\/users\/128"}],"replies":[{"embeddable":true,"href":"https:\/\/vosgesinfo.fr\/laplainedesvosgesinfo\/wp-json\/wp\/v2\/comments?post=23104"}],"version-history":[{"count":0,"href":"https:\/\/vosgesinfo.fr\/laplainedesvosgesinfo\/wp-json\/wp\/v2\/posts\/23104\/revisions"}],"wp:featuredmedia":[{"embeddable":true,"href":"https:\/\/vosgesinfo.fr\/laplainedesvosgesinfo\/wp-json\/wp\/v2\/media\/23105"}],"wp:attachment":[{"href":"https:\/\/vosgesinfo.fr\/laplainedesvosgesinfo\/wp-json\/wp\/v2\/media?parent=23104"}],"wp:term":[{"taxonomy":"category","embeddable":true,"href":"https:\/\/vosgesinfo.fr\/laplainedesvosgesinfo\/wp-json\/wp\/v2\/categories?post=23104"},{"taxonomy":"post_tag","embeddable":true,"href":"https:\/\/vosgesinfo.fr\/laplainedesvosgesinfo\/wp-json\/wp\/v2\/tags?post=23104"}],"curies":[{"name":"wp","href":"https:\/\/api.w.org\/{rel}","templated":true}]}}