{"id":23303,"date":"2022-08-09T06:00:48","date_gmt":"2022-08-09T04:00:48","guid":{"rendered":"https:\/\/vosgesinfo.fr\/laplainedesvosgesinfo\/2022\/08\/changement-de-programme-pour-le-festival-desaccords\/"},"modified":"2022-08-09T06:00:48","modified_gmt":"2022-08-09T04:00:48","slug":"changement-de-programme-pour-le-festival-desaccords","status":"publish","type":"post","link":"https:\/\/vosgesinfo.fr\/laplainedesvosgesinfo\/2022\/08\/changement-de-programme-pour-le-festival-desaccords\/","title":{"rendered":"Changement de programme pour le Festival \u00ab\u00a0Des\u2019accords\u00a0\u00bb"},"content":{"rendered":"<h4><a href=\"\/2022\/08\/E63A1D9D-110B-4AC3-A442-D49E8AD5E2C9.jpeg\"><img decoding=\"async\" class=\"aligncenter size-full wp-image-131615\" src=\"\/2022\/08\/E63A1D9D-110B-4AC3-A442-D49E8AD5E2C9.jpeg\" alt=\"Le festival \u00ab\u00a0Des\u2019accords\u00a0\u00bb de Vittel\" width=\"800\" height=\"296\" \/><\/a><br \/>\nLe festival \u00ab Des\u2019accords \u00bb devait se d\u00e9rouler initialement \u00e0 Vittel sur 2 soir\u00e9es, les 2 et 3 septembre 2022\u00a0au Palais des Congr\u00e8s. Pour des raisons de logistique, la premi\u00e8re soir\u00e9e du festival avec les concerts de Laurence Jones et Dead Chic est annul\u00e9e. La deuxi\u00e8me soir\u00e9e avec les concerts de Manu Lanvin et Will Barber est quant \u00e0 elle maintenue, mais se d\u00e9roulera \u00e0 l\u2019Espace Alhambra et non plus au Palais des Congr\u00e8s. Les concerts d\u00e9buteront \u00e0 20 heures 30 et les portes seront ouvertes \u00e0 partir de 19 heures 45.<\/h4>\n<p class=\"p1\"><span class=\"s1\">Manu Lanvin est acclam\u00e9 par un public de plus en plus nombreux aux concerts du \u00ab Diable \u00bb et salu\u00e9 par ses pairs, comme Paul Personne qui le rejoint r\u00e9guli\u00e8rement sur sc\u00e8ne ou\u00a0comme Johnny Hallyday qui l\u2019invite \u00e0 assurer ses premi\u00e8res parties. Quand \u00e0 Will Barber avec sa salopette et sa barbe soigneusement taill\u00e9e, il est \u00e0 n&rsquo;en pas douter un rockeur. Avec sa lap steel sur les genoux, ce grand amateur de Ben Harper est plut\u00f4t du genre \u00e0 avoir le blues \u00e0 l&rsquo;\u00e2me et le rythme dans la peau.<br \/>\n<\/span><br \/>\nLes personnes ayant pris un billet pour le vendredi soir\u00a0pourront se faire rembourser ou demander un \u00e9change avec un billet pour le samedi.<\/p>\n","protected":false},"excerpt":{"rendered":"<p>Le festival \u00ab Des\u2019accords \u00bb devait se d\u00e9rouler initialement \u00e0 Vittel sur 2 soir\u00e9es, les 2 et 3 septembre 2022\u00a0au [&hellip;]<\/p>\n","protected":false},"author":128,"featured_media":23304,"comment_status":"open","ping_status":"open","sticky":false,"template":"","format":"standard","meta":{"footnotes":""},"categories":[29,42,4,37,38],"tags":[6789,36],"class_list":["post-23303","post","type-post","status-publish","format-standard","has-post-thumbnail","hentry","category-a-la-une","category-concert","category-culture","category-la-plaine","category-vittel-la-plaine","tag-festival-desacccords","tag-ville-de-vittel"],"acf":[],"yoast_head":"<!-- This site is optimized with the Yoast SEO plugin v22.5 - https:\/\/yoast.com\/wordpress\/plugins\/seo\/ -->\n<title>Changement de programme pour le Festival \u00ab\u00a0Des\u2019accords\u00a0\u00bb - La Plaine des Vosges<\/title>\n<meta name=\"robots\" content=\"index, follow, max-snippet:-1, max-image-preview:large, max-video-preview:-1\" \/>\n<link rel=\"canonical\" href=\"https:\/\/vosgesinfo.fr\/laplainedesvosgesinfo\/2022\/08\/changement-de-programme-pour-le-festival-desaccords\/\" \/>\n<meta name=\"twitter:card\" content=\"summary_large_image\" \/>\n<meta name=\"twitter:title\" content=\"Changement de programme pour le Festival \u00ab\u00a0Des\u2019accords\u00a0\u00bb - La Plaine des Vosges\" \/>\n<meta name=\"twitter:description\" content=\"Le festival \u00ab Des\u2019accords \u00bb devait se d\u00e9rouler initialement \u00e0 Vittel sur 2 soir\u00e9es, les 2 et 3 septembre 2022\u00a0au [&hellip;]\" \/>\n<meta name=\"twitter:image\" content=\"https:\/\/vosgesinfo.fr\/app\/uploads\/sites\/2\/2024\/07\/202208e63a1d9d-110b-4ac3-a442-d49e8ad5e2c9.jpeg\" \/>\n<meta name=\"twitter:creator\" content=\"@VosgesInfo88\" \/>\n<meta name=\"twitter:site\" content=\"@VosgesInfo88\" \/>\n<meta name=\"twitter:label1\" content=\"\u00c9crit par\" \/>\n\t<meta name=\"twitter:data1\" content=\"F L\" \/>\n\t<meta name=\"twitter:label2\" content=\"Dur\u00e9e de lecture estim\u00e9e\" \/>\n\t<meta name=\"twitter:data2\" content=\"1 minute\" \/>\n<script type=\"application\/ld+json\" class=\"yoast-schema-graph\">{\"@context\":\"https:\/\/schema.org\",\"@graph\":[{\"@type\":\"Article\",\"@id\":\"https:\/\/vosgesinfo.fr\/laplainedesvosgesinfo\/2022\/08\/changement-de-programme-pour-le-festival-desaccords\/#article\",\"isPartOf\":{\"@id\":\"https:\/\/vosgesinfo.fr\/laplainedesvosgesinfo\/2022\/08\/changement-de-programme-pour-le-festival-desaccords\/\"},\"author\":{\"name\":\"F L\",\"@id\":\"https:\/\/vosgesinfo.fr\/laplainedesvosgesinfo\/#\/schema\/person\/79e32bebcee803e323d575130a214cb1\"},\"headline\":\"Changement de programme pour le Festival \u00ab\u00a0Des\u2019accords\u00a0\u00bb\",\"datePublished\":\"2022-08-09T04:00:48+00:00\",\"dateModified\":\"2022-08-09T04:00:48+00:00\",\"mainEntityOfPage\":{\"@id\":\"https:\/\/vosgesinfo.fr\/laplainedesvosgesinfo\/2022\/08\/changement-de-programme-pour-le-festival-desaccords\/\"},\"wordCount\":217,\"commentCount\":0,\"publisher\":{\"@id\":\"https:\/\/vosgesinfo.fr\/laplainedesvosgesinfo\/#organization\"},\"image\":{\"@id\":\"https:\/\/vosgesinfo.fr\/laplainedesvosgesinfo\/2022\/08\/changement-de-programme-pour-le-festival-desaccords\/#primaryimage\"},\"thumbnailUrl\":\"https:\/\/vosgesinfo.fr\/app\/uploads\/sites\/2\/2024\/07\/202208e63a1d9d-110b-4ac3-a442-d49e8ad5e2c9.jpeg\",\"keywords\":[\"Festival \u00ab\u00a0Des\u2019acccords\u00a0\u00bb\",\"Ville de Vittel\"],\"articleSection\":[\"A la Une\",\"Concert\",\"Culture\",\"La Plaine\",\"Vittel\"],\"inLanguage\":\"fr-FR\",\"potentialAction\":[{\"@type\":\"CommentAction\",\"name\":\"Comment\",\"target\":[\"https:\/\/vosgesinfo.fr\/laplainedesvosgesinfo\/2022\/08\/changement-de-programme-pour-le-festival-desaccords\/#respond\"]}]},{\"@type\":\"WebPage\",\"@id\":\"https:\/\/vosgesinfo.fr\/laplainedesvosgesinfo\/2022\/08\/changement-de-programme-pour-le-festival-desaccords\/\",\"url\":\"https:\/\/vosgesinfo.fr\/laplainedesvosgesinfo\/2022\/08\/changement-de-programme-pour-le-festival-desaccords\/\",\"name\":\"Changement de programme pour le Festival \u00ab\u00a0Des\u2019accords\u00a0\u00bb - La Plaine des Vosges\",\"isPartOf\":{\"@id\":\"https:\/\/vosgesinfo.fr\/laplainedesvosgesinfo\/#website\"},\"primaryImageOfPage\":{\"@id\":\"https:\/\/vosgesinfo.fr\/laplainedesvosgesinfo\/2022\/08\/changement-de-programme-pour-le-festival-desaccords\/#primaryimage\"},\"image\":{\"@id\":\"https:\/\/vosgesinfo.fr\/laplainedesvosgesinfo\/2022\/08\/changement-de-programme-pour-le-festival-desaccords\/#primaryimage\"},\"thumbnailUrl\":\"https:\/\/vosgesinfo.fr\/app\/uploads\/sites\/2\/2024\/07\/202208e63a1d9d-110b-4ac3-a442-d49e8ad5e2c9.jpeg\",\"datePublished\":\"2022-08-09T04:00:48+00:00\",\"dateModified\":\"2022-08-09T04:00:48+00:00\",\"breadcrumb\":{\"@id\":\"https:\/\/vosgesinfo.fr\/laplainedesvosgesinfo\/2022\/08\/changement-de-programme-pour-le-festival-desaccords\/#breadcrumb\"},\"inLanguage\":\"fr-FR\",\"potentialAction\":[{\"@type\":\"ReadAction\",\"target\":[\"https:\/\/vosgesinfo.fr\/laplainedesvosgesinfo\/2022\/08\/changement-de-programme-pour-le-festival-desaccords\/\"]}]},{\"@type\":\"ImageObject\",\"inLanguage\":\"fr-FR\",\"@id\":\"https:\/\/vosgesinfo.fr\/laplainedesvosgesinfo\/2022\/08\/changement-de-programme-pour-le-festival-desaccords\/#primaryimage\",\"url\":\"https:\/\/vosgesinfo.fr\/app\/uploads\/sites\/2\/2024\/07\/202208e63a1d9d-110b-4ac3-a442-d49e8ad5e2c9.jpeg\",\"contentUrl\":\"https:\/\/vosgesinfo.fr\/app\/uploads\/sites\/2\/2024\/07\/202208e63a1d9d-110b-4ac3-a442-d49e8ad5e2c9.jpeg\",\"width\":800,\"height\":296},{\"@type\":\"BreadcrumbList\",\"@id\":\"https:\/\/vosgesinfo.fr\/laplainedesvosgesinfo\/2022\/08\/changement-de-programme-pour-le-festival-desaccords\/#breadcrumb\",\"itemListElement\":[{\"@type\":\"ListItem\",\"position\":1,\"name\":\"Home\",\"item\":\"https:\/\/vosgesinfo.fr\/laplainedesvosgesinfo\/\"},{\"@type\":\"ListItem\",\"position\":2,\"name\":\"Changement de programme pour le Festival \u00ab\u00a0Des\u2019accords\u00a0\u00bb\"}]},{\"@type\":\"WebSite\",\"@id\":\"https:\/\/vosgesinfo.fr\/laplainedesvosgesinfo\/#website\",\"url\":\"https:\/\/vosgesinfo.fr\/laplainedesvosgesinfo\/\",\"name\":\"La Plaine des Vosges\",\"description\":\"Toute l&#039;actualit\u00e9 de la plaine de Vosges\",\"publisher\":{\"@id\":\"https:\/\/vosgesinfo.fr\/laplainedesvosgesinfo\/#organization\"},\"alternateName\":\"Toute l'actualit\u00e9 de la plaine des Vosges\",\"potentialAction\":[{\"@type\":\"SearchAction\",\"target\":{\"@type\":\"EntryPoint\",\"urlTemplate\":\"https:\/\/vosgesinfo.fr\/laplainedesvosgesinfo\/?s={search_term_string}\"},\"query-input\":\"required name=search_term_string\"}],\"inLanguage\":\"fr-FR\"},{\"@type\":\"Organization\",\"@id\":\"https:\/\/vosgesinfo.fr\/laplainedesvosgesinfo\/#organization\",\"name\":\"La Plaine des Vosges\",\"url\":\"https:\/\/vosgesinfo.fr\/laplainedesvosgesinfo\/\",\"logo\":{\"@type\":\"ImageObject\",\"inLanguage\":\"fr-FR\",\"@id\":\"https:\/\/vosgesinfo.fr\/laplainedesvosgesinfo\/#\/schema\/logo\/image\/\",\"url\":\"https:\/\/vosgesinfo.fr\/app\/uploads\/sites\/2\/2023\/08\/logo-laplaineinfo.svg\",\"contentUrl\":\"https:\/\/vosgesinfo.fr\/app\/uploads\/sites\/2\/2023\/08\/logo-laplaineinfo.svg\",\"width\":1,\"height\":1,\"caption\":\"La Plaine des Vosges\"},\"image\":{\"@id\":\"https:\/\/vosgesinfo.fr\/laplainedesvosgesinfo\/#\/schema\/logo\/image\/\"},\"sameAs\":[\"https:\/\/www.facebook.com\/laplainedesvosges\",\"https:\/\/x.com\/VosgesInfo88\",\"https:\/\/www.youtube.com\/@vosgesinfo\"]},{\"@type\":\"Person\",\"@id\":\"https:\/\/vosgesinfo.fr\/laplainedesvosgesinfo\/#\/schema\/person\/79e32bebcee803e323d575130a214cb1\",\"name\":\"F L\",\"image\":{\"@type\":\"ImageObject\",\"inLanguage\":\"fr-FR\",\"@id\":\"https:\/\/vosgesinfo.fr\/laplainedesvosgesinfo\/#\/schema\/person\/image\/\",\"url\":\"https:\/\/secure.gravatar.com\/avatar\/d357c72e152089867fde6ef62184057ee532a6f21b254c937a932e835554cfb3?s=96&d=mm&r=g\",\"contentUrl\":\"https:\/\/secure.gravatar.com\/avatar\/d357c72e152089867fde6ef62184057ee532a6f21b254c937a932e835554cfb3?s=96&d=mm&r=g\",\"caption\":\"F L\"},\"url\":\"https:\/\/vosgesinfo.fr\/laplainedesvosgesinfo\/author\/frlevyp88\/\"}]}<\/script>\n<!-- \/ Yoast SEO plugin. -->","yoast_head_json":{"title":"Changement de programme pour le Festival \u00ab\u00a0Des\u2019accords\u00a0\u00bb - La Plaine des Vosges","robots":{"index":"index","follow":"follow","max-snippet":"max-snippet:-1","max-image-preview":"max-image-preview:large","max-video-preview":"max-video-preview:-1"},"canonical":"https:\/\/vosgesinfo.fr\/laplainedesvosgesinfo\/2022\/08\/changement-de-programme-pour-le-festival-desaccords\/","twitter_card":"summary_large_image","twitter_title":"Changement de programme pour le Festival \u00ab\u00a0Des\u2019accords\u00a0\u00bb - La Plaine des Vosges","twitter_description":"Le festival \u00ab Des\u2019accords \u00bb devait se d\u00e9rouler initialement \u00e0 Vittel sur 2 soir\u00e9es, les 2 et 3 septembre 2022\u00a0au [&hellip;]","twitter_image":"https:\/\/vosgesinfo.fr\/app\/uploads\/sites\/2\/2024\/07\/202208e63a1d9d-110b-4ac3-a442-d49e8ad5e2c9.jpeg","twitter_creator":"@VosgesInfo88","twitter_site":"@VosgesInfo88","twitter_misc":{"\u00c9crit par":"F L","Dur\u00e9e de lecture estim\u00e9e":"1 minute"},"schema":{"@context":"https:\/\/schema.org","@graph":[{"@type":"Article","@id":"https:\/\/vosgesinfo.fr\/laplainedesvosgesinfo\/2022\/08\/changement-de-programme-pour-le-festival-desaccords\/#article","isPartOf":{"@id":"https:\/\/vosgesinfo.fr\/laplainedesvosgesinfo\/2022\/08\/changement-de-programme-pour-le-festival-desaccords\/"},"author":{"name":"F L","@id":"https:\/\/vosgesinfo.fr\/laplainedesvosgesinfo\/#\/schema\/person\/79e32bebcee803e323d575130a214cb1"},"headline":"Changement de programme pour le Festival \u00ab\u00a0Des\u2019accords\u00a0\u00bb","datePublished":"2022-08-09T04:00:48+00:00","dateModified":"2022-08-09T04:00:48+00:00","mainEntityOfPage":{"@id":"https:\/\/vosgesinfo.fr\/laplainedesvosgesinfo\/2022\/08\/changement-de-programme-pour-le-festival-desaccords\/"},"wordCount":217,"commentCount":0,"publisher":{"@id":"https:\/\/vosgesinfo.fr\/laplainedesvosgesinfo\/#organization"},"image":{"@id":"https:\/\/vosgesinfo.fr\/laplainedesvosgesinfo\/2022\/08\/changement-de-programme-pour-le-festival-desaccords\/#primaryimage"},"thumbnailUrl":"https:\/\/vosgesinfo.fr\/app\/uploads\/sites\/2\/2024\/07\/202208e63a1d9d-110b-4ac3-a442-d49e8ad5e2c9.jpeg","keywords":["Festival \u00ab\u00a0Des\u2019acccords\u00a0\u00bb","Ville de Vittel"],"articleSection":["A la Une","Concert","Culture","La Plaine","Vittel"],"inLanguage":"fr-FR","potentialAction":[{"@type":"CommentAction","name":"Comment","target":["https:\/\/vosgesinfo.fr\/laplainedesvosgesinfo\/2022\/08\/changement-de-programme-pour-le-festival-desaccords\/#respond"]}]},{"@type":"WebPage","@id":"https:\/\/vosgesinfo.fr\/laplainedesvosgesinfo\/2022\/08\/changement-de-programme-pour-le-festival-desaccords\/","url":"https:\/\/vosgesinfo.fr\/laplainedesvosgesinfo\/2022\/08\/changement-de-programme-pour-le-festival-desaccords\/","name":"Changement de programme pour le Festival \u00ab\u00a0Des\u2019accords\u00a0\u00bb - La Plaine des Vosges","isPartOf":{"@id":"https:\/\/vosgesinfo.fr\/laplainedesvosgesinfo\/#website"},"primaryImageOfPage":{"@id":"https:\/\/vosgesinfo.fr\/laplainedesvosgesinfo\/2022\/08\/changement-de-programme-pour-le-festival-desaccords\/#primaryimage"},"image":{"@id":"https:\/\/vosgesinfo.fr\/laplainedesvosgesinfo\/2022\/08\/changement-de-programme-pour-le-festival-desaccords\/#primaryimage"},"thumbnailUrl":"https:\/\/vosgesinfo.fr\/app\/uploads\/sites\/2\/2024\/07\/202208e63a1d9d-110b-4ac3-a442-d49e8ad5e2c9.jpeg","datePublished":"2022-08-09T04:00:48+00:00","dateModified":"2022-08-09T04:00:48+00:00","breadcrumb":{"@id":"https:\/\/vosgesinfo.fr\/laplainedesvosgesinfo\/2022\/08\/changement-de-programme-pour-le-festival-desaccords\/#breadcrumb"},"inLanguage":"fr-FR","potentialAction":[{"@type":"ReadAction","target":["https:\/\/vosgesinfo.fr\/laplainedesvosgesinfo\/2022\/08\/changement-de-programme-pour-le-festival-desaccords\/"]}]},{"@type":"ImageObject","inLanguage":"fr-FR","@id":"https:\/\/vosgesinfo.fr\/laplainedesvosgesinfo\/2022\/08\/changement-de-programme-pour-le-festival-desaccords\/#primaryimage","url":"https:\/\/vosgesinfo.fr\/app\/uploads\/sites\/2\/2024\/07\/202208e63a1d9d-110b-4ac3-a442-d49e8ad5e2c9.jpeg","contentUrl":"https:\/\/vosgesinfo.fr\/app\/uploads\/sites\/2\/2024\/07\/202208e63a1d9d-110b-4ac3-a442-d49e8ad5e2c9.jpeg","width":800,"height":296},{"@type":"BreadcrumbList","@id":"https:\/\/vosgesinfo.fr\/laplainedesvosgesinfo\/2022\/08\/changement-de-programme-pour-le-festival-desaccords\/#breadcrumb","itemListElement":[{"@type":"ListItem","position":1,"name":"Home","item":"https:\/\/vosgesinfo.fr\/laplainedesvosgesinfo\/"},{"@type":"ListItem","position":2,"name":"Changement de programme pour le Festival \u00ab\u00a0Des\u2019accords\u00a0\u00bb"}]},{"@type":"WebSite","@id":"https:\/\/vosgesinfo.fr\/laplainedesvosgesinfo\/#website","url":"https:\/\/vosgesinfo.fr\/laplainedesvosgesinfo\/","name":"La Plaine des Vosges","description":"Toute l&#039;actualit\u00e9 de la plaine de Vosges","publisher":{"@id":"https:\/\/vosgesinfo.fr\/laplainedesvosgesinfo\/#organization"},"alternateName":"Toute l'actualit\u00e9 de la plaine des Vosges","potentialAction":[{"@type":"SearchAction","target":{"@type":"EntryPoint","urlTemplate":"https:\/\/vosgesinfo.fr\/laplainedesvosgesinfo\/?s={search_term_string}"},"query-input":"required name=search_term_string"}],"inLanguage":"fr-FR"},{"@type":"Organization","@id":"https:\/\/vosgesinfo.fr\/laplainedesvosgesinfo\/#organization","name":"La Plaine des Vosges","url":"https:\/\/vosgesinfo.fr\/laplainedesvosgesinfo\/","logo":{"@type":"ImageObject","inLanguage":"fr-FR","@id":"https:\/\/vosgesinfo.fr\/laplainedesvosgesinfo\/#\/schema\/logo\/image\/","url":"https:\/\/vosgesinfo.fr\/app\/uploads\/sites\/2\/2023\/08\/logo-laplaineinfo.svg","contentUrl":"https:\/\/vosgesinfo.fr\/app\/uploads\/sites\/2\/2023\/08\/logo-laplaineinfo.svg","width":1,"height":1,"caption":"La Plaine des Vosges"},"image":{"@id":"https:\/\/vosgesinfo.fr\/laplainedesvosgesinfo\/#\/schema\/logo\/image\/"},"sameAs":["https:\/\/www.facebook.com\/laplainedesvosges","https:\/\/x.com\/VosgesInfo88","https:\/\/www.youtube.com\/@vosgesinfo"]},{"@type":"Person","@id":"https:\/\/vosgesinfo.fr\/laplainedesvosgesinfo\/#\/schema\/person\/79e32bebcee803e323d575130a214cb1","name":"F L","image":{"@type":"ImageObject","inLanguage":"fr-FR","@id":"https:\/\/vosgesinfo.fr\/laplainedesvosgesinfo\/#\/schema\/person\/image\/","url":"https:\/\/secure.gravatar.com\/avatar\/d357c72e152089867fde6ef62184057ee532a6f21b254c937a932e835554cfb3?s=96&d=mm&r=g","contentUrl":"https:\/\/secure.gravatar.com\/avatar\/d357c72e152089867fde6ef62184057ee532a6f21b254c937a932e835554cfb3?s=96&d=mm&r=g","caption":"F L"},"url":"https:\/\/vosgesinfo.fr\/laplainedesvosgesinfo\/author\/frlevyp88\/"}]}},"_links":{"self":[{"href":"https:\/\/vosgesinfo.fr\/laplainedesvosgesinfo\/wp-json\/wp\/v2\/posts\/23303","targetHints":{"allow":["GET"]}}],"collection":[{"href":"https:\/\/vosgesinfo.fr\/laplainedesvosgesinfo\/wp-json\/wp\/v2\/posts"}],"about":[{"href":"https:\/\/vosgesinfo.fr\/laplainedesvosgesinfo\/wp-json\/wp\/v2\/types\/post"}],"author":[{"embeddable":true,"href":"https:\/\/vosgesinfo.fr\/laplainedesvosgesinfo\/wp-json\/wp\/v2\/users\/128"}],"replies":[{"embeddable":true,"href":"https:\/\/vosgesinfo.fr\/laplainedesvosgesinfo\/wp-json\/wp\/v2\/comments?post=23303"}],"version-history":[{"count":0,"href":"https:\/\/vosgesinfo.fr\/laplainedesvosgesinfo\/wp-json\/wp\/v2\/posts\/23303\/revisions"}],"wp:featuredmedia":[{"embeddable":true,"href":"https:\/\/vosgesinfo.fr\/laplainedesvosgesinfo\/wp-json\/wp\/v2\/media\/23304"}],"wp:attachment":[{"href":"https:\/\/vosgesinfo.fr\/laplainedesvosgesinfo\/wp-json\/wp\/v2\/media?parent=23303"}],"wp:term":[{"taxonomy":"category","embeddable":true,"href":"https:\/\/vosgesinfo.fr\/laplainedesvosgesinfo\/wp-json\/wp\/v2\/categories?post=23303"},{"taxonomy":"post_tag","embeddable":true,"href":"https:\/\/vosgesinfo.fr\/laplainedesvosgesinfo\/wp-json\/wp\/v2\/tags?post=23303"}],"curies":[{"name":"wp","href":"https:\/\/api.w.org\/{rel}","templated":true}]}}