{"id":23305,"date":"2022-08-10T06:48:07","date_gmt":"2022-08-10T04:48:07","guid":{"rendered":"https:\/\/vosgesinfo.fr\/laplainedesvosgesinfo\/2022\/08\/la-secheresse-inquiete-les-agriculteurs-vosgiens\/"},"modified":"2022-08-10T06:48:07","modified_gmt":"2022-08-10T04:48:07","slug":"la-secheresse-inquiete-les-agriculteurs-vosgiens","status":"publish","type":"post","link":"https:\/\/vosgesinfo.fr\/laplainedesvosgesinfo\/2022\/08\/la-secheresse-inquiete-les-agriculteurs-vosgiens\/","title":{"rendered":"La s\u00e9cheresse inqui\u00e8te les agriculteurs vosgiens"},"content":{"rendered":"<h2><span style=\"font-size: 14pt;\"><a href=\"\/2022\/08\/chev.jpg\"><img decoding=\"async\" class=\"alignright size-medium wp-image-131618\" src=\"\/2022\/08\/chev-191x255.jpg\" alt=\"chev\" width=\"191\" height=\"255\" \/><\/a>La s\u00e9cheresse extr\u00eame inqui\u00e8te les agriculteurs vosgiens. Le d\u00e9ficit pluviom\u00e9trique enregistr\u00e9 ces derniers mois est catastrophique pour l\u2019agriculture et\u00a0menace les r\u00e9coltes c\u00e9r\u00e9ali\u00e8res et fourrag\u00e8res.\u00a0Philippe Cl\u00e9ment, Pr\u00e9sident de la FDSEA des Vosges s\u2019est exprim\u00e9 sur cette situation qui le d\u00e9sole.\u00a0<\/span><\/h2>\n<div class=\"kvgmc6g5 cxmmr5t8 oygrvhab hcukyx3x c1et5uql ii04i59q\">\n<div dir=\"auto\"><em>\u00ab La d\u00e9solation\u2026. voici l\u2019\u00e9tat de nos prairies, et ce depuis presque 1 mois, dans les Vosges comme dans quasiment toute la France.<\/em><\/div>\n<\/div>\n<div class=\"cxmmr5t8 oygrvhab hcukyx3x c1et5uql o9v6fnle ii04i59q\">\n<div dir=\"auto\"><em>Difficile de s\u2019imaginer avec ces temp\u00e9ratures caniculaires, que l\u2019hiver pour les \u00e9leveurs \u00e0 commenc\u00e9 autour du 15 juillet avec l\u2019alimentation et l\u2019abreuvement de nos animaux en p\u00e2ture\u2026. oui, nous tapons dans nos stocks hivernaux pour passer ce cap\u2026 apr\u00e8s\u00a0on verra bien.<\/em><\/div>\n<\/div>\n<div class=\"cxmmr5t8 oygrvhab hcukyx3x c1et5uql o9v6fnle ii04i59q\">\n<div dir=\"auto\"><em>\u00c0 ceux qui ne veulent que de l\u2019\u00e9levage \u00e0 l\u2019herbe, rappelons que c\u2019est un mode d\u2019\u00e9levage dextrement\u00a0fragile face aux al\u00e9as climatiques\u2026 que comme nous, nos animaux sont mieux \u00e0 l\u2019ombre, parfois m\u00eame dans des b\u00e2timents ventil\u00e9s.<\/em><\/div>\n<\/div>\n<div class=\"cxmmr5t8 oygrvhab hcukyx3x c1et5uql o9v6fnle ii04i59q\">\n<div dir=\"auto\"><em>Rappeler aussi que nous obliger \u00e0 semer des intercultures par cette s\u00e9cheresse est une folie administrative, que notre bon sens paysan d\u00e9nonce.<\/em><\/div>\n<\/div>\n<div class=\"cxmmr5t8 oygrvhab hcukyx3x c1et5uql o9v6fnle ii04i59q\">\n<div dir=\"auto\"><em>Courage \u00e0 tous mes coll\u00e8gues \u00e9leveurs , mara\u00eechers, apiculteurs, arboriculteurs, c\u00e9r\u00e9aliers pour faire face \u00e0 cette situation difficile qui n\u00e9cessitera l\u2019accompagnement de l\u2019Etat .\u00a0<\/em><\/div>\n<\/div>\n<div class=\"cxmmr5t8 oygrvhab hcukyx3x c1et5uql o9v6fnle ii04i59q\">\n<div dir=\"auto\"><em>Et puis peut \u00eatre aussi, Courage pour la suite aux consommateurs qui se battront dans les rayons des supermarch\u00e9s devant des rayons vides ou rationn\u00e9s.\u00a0<\/em><\/div>\n<\/div>\n<div class=\"cxmmr5t8 oygrvhab hcukyx3x c1et5uql o9v6fnle ii04i59q\">\n<div dir=\"auto\"><em>La s\u00e9cheresse est le coup de gr\u00e2ce \u00e0 des productions ayant \u00e9t\u00e9 sous pay\u00e9es depuis trop longtemps\u2026 au nom du sacro Saint pouvoir d\u2019achat! \u00bb<\/em><\/div>\n<\/div>\n<div class=\"cxmmr5t8 oygrvhab hcukyx3x c1et5uql o9v6fnle ii04i59q\">\n<div dir=\"auto\"><\/div>\n<div dir=\"auto\">Philippe Cl\u00e9ment, Pr\u00e9sident de la FDSEA des Vosges.<\/div>\n<\/div>\n","protected":false},"excerpt":{"rendered":"<p>La s\u00e9cheresse extr\u00eame inqui\u00e8te les agriculteurs vosgiens. Le d\u00e9ficit pluviom\u00e9trique enregistr\u00e9 ces derniers mois est catastrophique pour l\u2019agriculture et\u00a0menace les [&hellip;]<\/p>\n","protected":false},"author":126,"featured_media":23306,"comment_status":"open","ping_status":"open","sticky":false,"template":"","format":"standard","meta":{"footnotes":""},"categories":[29,168,7,18],"tags":[],"class_list":["post-23305","post","type-post","status-publish","format-standard","has-post-thumbnail","hentry","category-a-la-une","category-agriculture","category-environnement","category-vosges"],"acf":[],"yoast_head":"<!-- This site is optimized with the Yoast SEO plugin v22.5 - https:\/\/yoast.com\/wordpress\/plugins\/seo\/ -->\n<title>La s\u00e9cheresse inqui\u00e8te les agriculteurs vosgiens - La Plaine des Vosges<\/title>\n<meta name=\"robots\" content=\"index, follow, max-snippet:-1, max-image-preview:large, max-video-preview:-1\" \/>\n<link rel=\"canonical\" href=\"https:\/\/vosgesinfo.fr\/laplainedesvosgesinfo\/2022\/08\/la-secheresse-inquiete-les-agriculteurs-vosgiens\/\" \/>\n<meta name=\"twitter:card\" content=\"summary_large_image\" \/>\n<meta name=\"twitter:title\" content=\"La s\u00e9cheresse inqui\u00e8te les agriculteurs vosgiens - La Plaine des Vosges\" \/>\n<meta name=\"twitter:description\" content=\"La s\u00e9cheresse extr\u00eame inqui\u00e8te les agriculteurs vosgiens. Le d\u00e9ficit pluviom\u00e9trique enregistr\u00e9 ces derniers mois est catastrophique pour l\u2019agriculture et\u00a0menace les [&hellip;]\" \/>\n<meta name=\"twitter:image\" content=\"https:\/\/vosgesinfo.fr\/app\/uploads\/sites\/2\/2024\/07\/202208chev.jpg\" \/>\n<meta name=\"twitter:creator\" content=\"@VosgesInfo88\" \/>\n<meta name=\"twitter:site\" content=\"@VosgesInfo88\" \/>\n<meta name=\"twitter:label1\" content=\"\u00c9crit par\" \/>\n\t<meta name=\"twitter:data1\" content=\"La R\u00e9daction\" \/>\n\t<meta name=\"twitter:label2\" content=\"Dur\u00e9e de lecture estim\u00e9e\" \/>\n\t<meta name=\"twitter:data2\" content=\"1 minute\" \/>\n<script type=\"application\/ld+json\" class=\"yoast-schema-graph\">{\"@context\":\"https:\/\/schema.org\",\"@graph\":[{\"@type\":\"Article\",\"@id\":\"https:\/\/vosgesinfo.fr\/laplainedesvosgesinfo\/2022\/08\/la-secheresse-inquiete-les-agriculteurs-vosgiens\/#article\",\"isPartOf\":{\"@id\":\"https:\/\/vosgesinfo.fr\/laplainedesvosgesinfo\/2022\/08\/la-secheresse-inquiete-les-agriculteurs-vosgiens\/\"},\"author\":{\"name\":\"La R\u00e9daction\",\"@id\":\"https:\/\/vosgesinfo.fr\/laplainedesvosgesinfo\/#\/schema\/person\/db412391f749f1ee67e177e1dc017316\"},\"headline\":\"La s\u00e9cheresse inqui\u00e8te les agriculteurs vosgiens\",\"datePublished\":\"2022-08-10T04:48:07+00:00\",\"dateModified\":\"2022-08-10T04:48:07+00:00\",\"mainEntityOfPage\":{\"@id\":\"https:\/\/vosgesinfo.fr\/laplainedesvosgesinfo\/2022\/08\/la-secheresse-inquiete-les-agriculteurs-vosgiens\/\"},\"wordCount\":291,\"commentCount\":0,\"publisher\":{\"@id\":\"https:\/\/vosgesinfo.fr\/laplainedesvosgesinfo\/#organization\"},\"image\":{\"@id\":\"https:\/\/vosgesinfo.fr\/laplainedesvosgesinfo\/2022\/08\/la-secheresse-inquiete-les-agriculteurs-vosgiens\/#primaryimage\"},\"thumbnailUrl\":\"https:\/\/vosgesinfo.fr\/app\/uploads\/sites\/2\/2024\/07\/202208chev.jpg\",\"articleSection\":[\"A la Une\",\"Agriculture\",\"Environnement\",\"Vosges\"],\"inLanguage\":\"fr-FR\",\"potentialAction\":[{\"@type\":\"CommentAction\",\"name\":\"Comment\",\"target\":[\"https:\/\/vosgesinfo.fr\/laplainedesvosgesinfo\/2022\/08\/la-secheresse-inquiete-les-agriculteurs-vosgiens\/#respond\"]}]},{\"@type\":\"WebPage\",\"@id\":\"https:\/\/vosgesinfo.fr\/laplainedesvosgesinfo\/2022\/08\/la-secheresse-inquiete-les-agriculteurs-vosgiens\/\",\"url\":\"https:\/\/vosgesinfo.fr\/laplainedesvosgesinfo\/2022\/08\/la-secheresse-inquiete-les-agriculteurs-vosgiens\/\",\"name\":\"La s\u00e9cheresse inqui\u00e8te les agriculteurs vosgiens - La Plaine des Vosges\",\"isPartOf\":{\"@id\":\"https:\/\/vosgesinfo.fr\/laplainedesvosgesinfo\/#website\"},\"primaryImageOfPage\":{\"@id\":\"https:\/\/vosgesinfo.fr\/laplainedesvosgesinfo\/2022\/08\/la-secheresse-inquiete-les-agriculteurs-vosgiens\/#primaryimage\"},\"image\":{\"@id\":\"https:\/\/vosgesinfo.fr\/laplainedesvosgesinfo\/2022\/08\/la-secheresse-inquiete-les-agriculteurs-vosgiens\/#primaryimage\"},\"thumbnailUrl\":\"https:\/\/vosgesinfo.fr\/app\/uploads\/sites\/2\/2024\/07\/202208chev.jpg\",\"datePublished\":\"2022-08-10T04:48:07+00:00\",\"dateModified\":\"2022-08-10T04:48:07+00:00\",\"breadcrumb\":{\"@id\":\"https:\/\/vosgesinfo.fr\/laplainedesvosgesinfo\/2022\/08\/la-secheresse-inquiete-les-agriculteurs-vosgiens\/#breadcrumb\"},\"inLanguage\":\"fr-FR\",\"potentialAction\":[{\"@type\":\"ReadAction\",\"target\":[\"https:\/\/vosgesinfo.fr\/laplainedesvosgesinfo\/2022\/08\/la-secheresse-inquiete-les-agriculteurs-vosgiens\/\"]}]},{\"@type\":\"ImageObject\",\"inLanguage\":\"fr-FR\",\"@id\":\"https:\/\/vosgesinfo.fr\/laplainedesvosgesinfo\/2022\/08\/la-secheresse-inquiete-les-agriculteurs-vosgiens\/#primaryimage\",\"url\":\"https:\/\/vosgesinfo.fr\/app\/uploads\/sites\/2\/2024\/07\/202208chev.jpg\",\"contentUrl\":\"https:\/\/vosgesinfo.fr\/app\/uploads\/sites\/2\/2024\/07\/202208chev.jpg\",\"width\":600,\"height\":800},{\"@type\":\"BreadcrumbList\",\"@id\":\"https:\/\/vosgesinfo.fr\/laplainedesvosgesinfo\/2022\/08\/la-secheresse-inquiete-les-agriculteurs-vosgiens\/#breadcrumb\",\"itemListElement\":[{\"@type\":\"ListItem\",\"position\":1,\"name\":\"Home\",\"item\":\"https:\/\/vosgesinfo.fr\/laplainedesvosgesinfo\/\"},{\"@type\":\"ListItem\",\"position\":2,\"name\":\"La s\u00e9cheresse inqui\u00e8te les agriculteurs vosgiens\"}]},{\"@type\":\"WebSite\",\"@id\":\"https:\/\/vosgesinfo.fr\/laplainedesvosgesinfo\/#website\",\"url\":\"https:\/\/vosgesinfo.fr\/laplainedesvosgesinfo\/\",\"name\":\"La Plaine des Vosges\",\"description\":\"Toute l&#039;actualit\u00e9 de la plaine de Vosges\",\"publisher\":{\"@id\":\"https:\/\/vosgesinfo.fr\/laplainedesvosgesinfo\/#organization\"},\"alternateName\":\"Toute l'actualit\u00e9 de la plaine des Vosges\",\"potentialAction\":[{\"@type\":\"SearchAction\",\"target\":{\"@type\":\"EntryPoint\",\"urlTemplate\":\"https:\/\/vosgesinfo.fr\/laplainedesvosgesinfo\/?s={search_term_string}\"},\"query-input\":\"required name=search_term_string\"}],\"inLanguage\":\"fr-FR\"},{\"@type\":\"Organization\",\"@id\":\"https:\/\/vosgesinfo.fr\/laplainedesvosgesinfo\/#organization\",\"name\":\"La Plaine des Vosges\",\"url\":\"https:\/\/vosgesinfo.fr\/laplainedesvosgesinfo\/\",\"logo\":{\"@type\":\"ImageObject\",\"inLanguage\":\"fr-FR\",\"@id\":\"https:\/\/vosgesinfo.fr\/laplainedesvosgesinfo\/#\/schema\/logo\/image\/\",\"url\":\"https:\/\/vosgesinfo.fr\/app\/uploads\/sites\/2\/2023\/08\/logo-laplaineinfo.svg\",\"contentUrl\":\"https:\/\/vosgesinfo.fr\/app\/uploads\/sites\/2\/2023\/08\/logo-laplaineinfo.svg\",\"width\":1,\"height\":1,\"caption\":\"La Plaine des Vosges\"},\"image\":{\"@id\":\"https:\/\/vosgesinfo.fr\/laplainedesvosgesinfo\/#\/schema\/logo\/image\/\"},\"sameAs\":[\"https:\/\/www.facebook.com\/laplainedesvosges\",\"https:\/\/x.com\/VosgesInfo88\",\"https:\/\/www.youtube.com\/@vosgesinfo\"]},{\"@type\":\"Person\",\"@id\":\"https:\/\/vosgesinfo.fr\/laplainedesvosgesinfo\/#\/schema\/person\/db412391f749f1ee67e177e1dc017316\",\"name\":\"La R\u00e9daction\",\"image\":{\"@type\":\"ImageObject\",\"inLanguage\":\"fr-FR\",\"@id\":\"https:\/\/vosgesinfo.fr\/laplainedesvosgesinfo\/#\/schema\/person\/image\/\",\"url\":\"https:\/\/secure.gravatar.com\/avatar\/d10cfbea47ec464014dd9e55d3c353f7c4017b65068eb823d0882be0ff3b0ff6?s=96&d=mm&r=g\",\"contentUrl\":\"https:\/\/secure.gravatar.com\/avatar\/d10cfbea47ec464014dd9e55d3c353f7c4017b65068eb823d0882be0ff3b0ff6?s=96&d=mm&r=g\",\"caption\":\"La R\u00e9daction\"},\"url\":\"https:\/\/vosgesinfo.fr\/laplainedesvosgesinfo\/author\/redaction\/\"}]}<\/script>\n<!-- \/ Yoast SEO plugin. -->","yoast_head_json":{"title":"La s\u00e9cheresse inqui\u00e8te les agriculteurs vosgiens - La Plaine des Vosges","robots":{"index":"index","follow":"follow","max-snippet":"max-snippet:-1","max-image-preview":"max-image-preview:large","max-video-preview":"max-video-preview:-1"},"canonical":"https:\/\/vosgesinfo.fr\/laplainedesvosgesinfo\/2022\/08\/la-secheresse-inquiete-les-agriculteurs-vosgiens\/","twitter_card":"summary_large_image","twitter_title":"La s\u00e9cheresse inqui\u00e8te les agriculteurs vosgiens - La Plaine des Vosges","twitter_description":"La s\u00e9cheresse extr\u00eame inqui\u00e8te les agriculteurs vosgiens. Le d\u00e9ficit pluviom\u00e9trique enregistr\u00e9 ces derniers mois est catastrophique pour l\u2019agriculture et\u00a0menace les [&hellip;]","twitter_image":"https:\/\/vosgesinfo.fr\/app\/uploads\/sites\/2\/2024\/07\/202208chev.jpg","twitter_creator":"@VosgesInfo88","twitter_site":"@VosgesInfo88","twitter_misc":{"\u00c9crit par":"La R\u00e9daction","Dur\u00e9e de lecture estim\u00e9e":"1 minute"},"schema":{"@context":"https:\/\/schema.org","@graph":[{"@type":"Article","@id":"https:\/\/vosgesinfo.fr\/laplainedesvosgesinfo\/2022\/08\/la-secheresse-inquiete-les-agriculteurs-vosgiens\/#article","isPartOf":{"@id":"https:\/\/vosgesinfo.fr\/laplainedesvosgesinfo\/2022\/08\/la-secheresse-inquiete-les-agriculteurs-vosgiens\/"},"author":{"name":"La R\u00e9daction","@id":"https:\/\/vosgesinfo.fr\/laplainedesvosgesinfo\/#\/schema\/person\/db412391f749f1ee67e177e1dc017316"},"headline":"La s\u00e9cheresse inqui\u00e8te les agriculteurs vosgiens","datePublished":"2022-08-10T04:48:07+00:00","dateModified":"2022-08-10T04:48:07+00:00","mainEntityOfPage":{"@id":"https:\/\/vosgesinfo.fr\/laplainedesvosgesinfo\/2022\/08\/la-secheresse-inquiete-les-agriculteurs-vosgiens\/"},"wordCount":291,"commentCount":0,"publisher":{"@id":"https:\/\/vosgesinfo.fr\/laplainedesvosgesinfo\/#organization"},"image":{"@id":"https:\/\/vosgesinfo.fr\/laplainedesvosgesinfo\/2022\/08\/la-secheresse-inquiete-les-agriculteurs-vosgiens\/#primaryimage"},"thumbnailUrl":"https:\/\/vosgesinfo.fr\/app\/uploads\/sites\/2\/2024\/07\/202208chev.jpg","articleSection":["A la Une","Agriculture","Environnement","Vosges"],"inLanguage":"fr-FR","potentialAction":[{"@type":"CommentAction","name":"Comment","target":["https:\/\/vosgesinfo.fr\/laplainedesvosgesinfo\/2022\/08\/la-secheresse-inquiete-les-agriculteurs-vosgiens\/#respond"]}]},{"@type":"WebPage","@id":"https:\/\/vosgesinfo.fr\/laplainedesvosgesinfo\/2022\/08\/la-secheresse-inquiete-les-agriculteurs-vosgiens\/","url":"https:\/\/vosgesinfo.fr\/laplainedesvosgesinfo\/2022\/08\/la-secheresse-inquiete-les-agriculteurs-vosgiens\/","name":"La s\u00e9cheresse inqui\u00e8te les agriculteurs vosgiens - La Plaine des Vosges","isPartOf":{"@id":"https:\/\/vosgesinfo.fr\/laplainedesvosgesinfo\/#website"},"primaryImageOfPage":{"@id":"https:\/\/vosgesinfo.fr\/laplainedesvosgesinfo\/2022\/08\/la-secheresse-inquiete-les-agriculteurs-vosgiens\/#primaryimage"},"image":{"@id":"https:\/\/vosgesinfo.fr\/laplainedesvosgesinfo\/2022\/08\/la-secheresse-inquiete-les-agriculteurs-vosgiens\/#primaryimage"},"thumbnailUrl":"https:\/\/vosgesinfo.fr\/app\/uploads\/sites\/2\/2024\/07\/202208chev.jpg","datePublished":"2022-08-10T04:48:07+00:00","dateModified":"2022-08-10T04:48:07+00:00","breadcrumb":{"@id":"https:\/\/vosgesinfo.fr\/laplainedesvosgesinfo\/2022\/08\/la-secheresse-inquiete-les-agriculteurs-vosgiens\/#breadcrumb"},"inLanguage":"fr-FR","potentialAction":[{"@type":"ReadAction","target":["https:\/\/vosgesinfo.fr\/laplainedesvosgesinfo\/2022\/08\/la-secheresse-inquiete-les-agriculteurs-vosgiens\/"]}]},{"@type":"ImageObject","inLanguage":"fr-FR","@id":"https:\/\/vosgesinfo.fr\/laplainedesvosgesinfo\/2022\/08\/la-secheresse-inquiete-les-agriculteurs-vosgiens\/#primaryimage","url":"https:\/\/vosgesinfo.fr\/app\/uploads\/sites\/2\/2024\/07\/202208chev.jpg","contentUrl":"https:\/\/vosgesinfo.fr\/app\/uploads\/sites\/2\/2024\/07\/202208chev.jpg","width":600,"height":800},{"@type":"BreadcrumbList","@id":"https:\/\/vosgesinfo.fr\/laplainedesvosgesinfo\/2022\/08\/la-secheresse-inquiete-les-agriculteurs-vosgiens\/#breadcrumb","itemListElement":[{"@type":"ListItem","position":1,"name":"Home","item":"https:\/\/vosgesinfo.fr\/laplainedesvosgesinfo\/"},{"@type":"ListItem","position":2,"name":"La s\u00e9cheresse inqui\u00e8te les agriculteurs vosgiens"}]},{"@type":"WebSite","@id":"https:\/\/vosgesinfo.fr\/laplainedesvosgesinfo\/#website","url":"https:\/\/vosgesinfo.fr\/laplainedesvosgesinfo\/","name":"La Plaine des Vosges","description":"Toute l&#039;actualit\u00e9 de la plaine de Vosges","publisher":{"@id":"https:\/\/vosgesinfo.fr\/laplainedesvosgesinfo\/#organization"},"alternateName":"Toute l'actualit\u00e9 de la plaine des Vosges","potentialAction":[{"@type":"SearchAction","target":{"@type":"EntryPoint","urlTemplate":"https:\/\/vosgesinfo.fr\/laplainedesvosgesinfo\/?s={search_term_string}"},"query-input":"required name=search_term_string"}],"inLanguage":"fr-FR"},{"@type":"Organization","@id":"https:\/\/vosgesinfo.fr\/laplainedesvosgesinfo\/#organization","name":"La Plaine des Vosges","url":"https:\/\/vosgesinfo.fr\/laplainedesvosgesinfo\/","logo":{"@type":"ImageObject","inLanguage":"fr-FR","@id":"https:\/\/vosgesinfo.fr\/laplainedesvosgesinfo\/#\/schema\/logo\/image\/","url":"https:\/\/vosgesinfo.fr\/app\/uploads\/sites\/2\/2023\/08\/logo-laplaineinfo.svg","contentUrl":"https:\/\/vosgesinfo.fr\/app\/uploads\/sites\/2\/2023\/08\/logo-laplaineinfo.svg","width":1,"height":1,"caption":"La Plaine des Vosges"},"image":{"@id":"https:\/\/vosgesinfo.fr\/laplainedesvosgesinfo\/#\/schema\/logo\/image\/"},"sameAs":["https:\/\/www.facebook.com\/laplainedesvosges","https:\/\/x.com\/VosgesInfo88","https:\/\/www.youtube.com\/@vosgesinfo"]},{"@type":"Person","@id":"https:\/\/vosgesinfo.fr\/laplainedesvosgesinfo\/#\/schema\/person\/db412391f749f1ee67e177e1dc017316","name":"La R\u00e9daction","image":{"@type":"ImageObject","inLanguage":"fr-FR","@id":"https:\/\/vosgesinfo.fr\/laplainedesvosgesinfo\/#\/schema\/person\/image\/","url":"https:\/\/secure.gravatar.com\/avatar\/d10cfbea47ec464014dd9e55d3c353f7c4017b65068eb823d0882be0ff3b0ff6?s=96&d=mm&r=g","contentUrl":"https:\/\/secure.gravatar.com\/avatar\/d10cfbea47ec464014dd9e55d3c353f7c4017b65068eb823d0882be0ff3b0ff6?s=96&d=mm&r=g","caption":"La R\u00e9daction"},"url":"https:\/\/vosgesinfo.fr\/laplainedesvosgesinfo\/author\/redaction\/"}]}},"_links":{"self":[{"href":"https:\/\/vosgesinfo.fr\/laplainedesvosgesinfo\/wp-json\/wp\/v2\/posts\/23305","targetHints":{"allow":["GET"]}}],"collection":[{"href":"https:\/\/vosgesinfo.fr\/laplainedesvosgesinfo\/wp-json\/wp\/v2\/posts"}],"about":[{"href":"https:\/\/vosgesinfo.fr\/laplainedesvosgesinfo\/wp-json\/wp\/v2\/types\/post"}],"author":[{"embeddable":true,"href":"https:\/\/vosgesinfo.fr\/laplainedesvosgesinfo\/wp-json\/wp\/v2\/users\/126"}],"replies":[{"embeddable":true,"href":"https:\/\/vosgesinfo.fr\/laplainedesvosgesinfo\/wp-json\/wp\/v2\/comments?post=23305"}],"version-history":[{"count":0,"href":"https:\/\/vosgesinfo.fr\/laplainedesvosgesinfo\/wp-json\/wp\/v2\/posts\/23305\/revisions"}],"wp:featuredmedia":[{"embeddable":true,"href":"https:\/\/vosgesinfo.fr\/laplainedesvosgesinfo\/wp-json\/wp\/v2\/media\/23306"}],"wp:attachment":[{"href":"https:\/\/vosgesinfo.fr\/laplainedesvosgesinfo\/wp-json\/wp\/v2\/media?parent=23305"}],"wp:term":[{"taxonomy":"category","embeddable":true,"href":"https:\/\/vosgesinfo.fr\/laplainedesvosgesinfo\/wp-json\/wp\/v2\/categories?post=23305"},{"taxonomy":"post_tag","embeddable":true,"href":"https:\/\/vosgesinfo.fr\/laplainedesvosgesinfo\/wp-json\/wp\/v2\/tags?post=23305"}],"curies":[{"name":"wp","href":"https:\/\/api.w.org\/{rel}","templated":true}]}}