{"id":23443,"date":"2022-08-22T16:51:02","date_gmt":"2022-08-22T14:51:02","guid":{"rendered":"https:\/\/vosgesinfo.fr\/laplainedesvosgesinfo\/2022\/08\/au-fil-de-lete-avec-loffice-de-tourisme-de-louest-des-vosges-2\/"},"modified":"2022-08-22T16:51:02","modified_gmt":"2022-08-22T14:51:02","slug":"au-fil-de-lete-avec-loffice-de-tourisme-de-louest-des-vosges-2","status":"publish","type":"post","link":"https:\/\/vosgesinfo.fr\/laplainedesvosgesinfo\/2022\/08\/au-fil-de-lete-avec-loffice-de-tourisme-de-louest-des-vosges-2\/","title":{"rendered":"Au fil de l\u2019\u00e9t\u00e9 avec l\u2019Office de Tourisme de l\u2019Ouest des Vosges"},"content":{"rendered":"<p>D\u00e9couvrez le programme des animations pr\u00e9vues\u00a0mardi 23 ao\u00fbt\u00a0au dimanche 28 ao\u00fbt<\/p>\n<p><strong>Mardi 22 ao\u00fbt 2022<\/strong><\/p>\n<p>14h00 <b>: <\/b>Atelier\u00a0\u00abCage \u00e0 oiseau\u00bb &#8211; Neufch\u00e2teau<\/p>\n<p>16h00 :\u00a0Visite guid\u00e9e\u00a0de l&rsquo;ancien tribunal et du Scala\u00a0\u2013\u00a0Neufch\u00e2teau<\/p>\n<p>17h45 : Visite guid\u00e9e\u00a0\u00abLe cimeti\u00e8re, un mus\u00e9e \u00e0 ciel ouvert\u00bb \u2013 Neufch\u00e2teau<\/p>\n<p><strong>Mercredi 24 ao\u00fbt 2022\u00a0<\/strong><\/p>\n<p>11h00 :\u00a0Visite guid\u00e9e\u00a0de l&rsquo;ancien tribunal et du Scala\u00a0\u2013\u00a0Neufch\u00e2teau<\/p>\n<p>14h00 : Visite guid\u00e9e du Prieur\u00e9 de Ch\u00e2tenois \u2013 Ch\u00e2tenois<\/p>\n<p>14h00 : D\u00e9couverte d\u2019un jardin aquaponique \u2013 Rouvres-la-Ch\u00e9tive<\/p>\n<p>17h45 : D\u00e9ambulation comment\u00e9e dans le centre historique \u2013 Neufch\u00e2teau<\/p>\n<p><strong>Jeudi\u00a0 25 ao\u00fbt 2022<\/strong><\/p>\n<p>14h00 :\u00a0Visite guid\u00e9e de Vicherey \u2013\u00a0Vicherey<\/p>\n<p>16h00 :\u00a0Visite guid\u00e9e\u00a0\u00abHistoire de rues\u00bb \u2013\u00a0Neufch\u00e2teau<\/p>\n<p>&nbsp;<\/p>\n<p><strong>Vendredi 26 ao\u00fbt 2022 :<\/strong><\/p>\n<p>&nbsp;<\/p>\n<p>21h30 : Visite guid\u00e9e\u00a0\u00abLe cimeti\u00e8re, un mus\u00e9e \u00e0 ciel ouvert\u00bb \u2013 Neufch\u00e2teau<\/p>\n<p><strong>Samedi 20 ao\u00fbt 2022 :<\/strong><\/p>\n<p>14h00 :\u00a0Visite guid\u00e9e du Prieur\u00e9 de Ch\u00e2tenois \u2013 Ch\u00e2tenois<\/p>\n<p>14h00 :\u00a0Visite historique et bucolique de Lafauche- Lafauche (52)<\/p>\n<p><strong>Dimanche 21 ao\u00fbt 2022 :<\/strong><\/p>\n<p>14h30 : D\u00e9ambulation dans le centre historique &#8211; Neufch\u00e2teau<\/p>\n<p>14h30 :\u00a0Chapelle de Beauregard &#8211; Maxey-sur-Meuse<\/p>\n<p><a href=\"\/2022\/08\/n1-11.jpg\"><img decoding=\"async\" class=\"alignnone size-medium wp-image-131894\" src=\"\/2022\/08\/n1-11-400x134.jpg\" alt=\"n1-11\" width=\"400\" height=\"134\" \/><\/a><\/p>\n","protected":false},"excerpt":{"rendered":"<p>D\u00e9couvrez le programme des animations pr\u00e9vues\u00a0mardi 23 ao\u00fbt\u00a0au dimanche 28 ao\u00fbt Mardi 22 ao\u00fbt 2022 14h00 : Atelier\u00a0\u00abCage \u00e0 oiseau\u00bb [&hellip;]<\/p>\n","protected":false},"author":1,"featured_media":23444,"comment_status":"open","ping_status":"open","sticky":false,"template":"","format":"standard","meta":{"footnotes":""},"categories":[29,110],"tags":[60],"class_list":["post-23443","post","type-post","status-publish","format-standard","has-post-thumbnail","hentry","category-a-la-une","category-ouest-vosgien","tag-ouest-vosgien"],"acf":[],"yoast_head":"<!-- This site is optimized with the Yoast SEO plugin v22.5 - https:\/\/yoast.com\/wordpress\/plugins\/seo\/ -->\n<title>Au fil de l\u2019\u00e9t\u00e9 avec l\u2019Office de Tourisme de l\u2019Ouest des Vosges - La Plaine des Vosges<\/title>\n<meta name=\"robots\" content=\"index, follow, max-snippet:-1, max-image-preview:large, max-video-preview:-1\" \/>\n<link rel=\"canonical\" href=\"https:\/\/vosgesinfo.fr\/laplainedesvosgesinfo\/2022\/08\/au-fil-de-lete-avec-loffice-de-tourisme-de-louest-des-vosges-2\/\" \/>\n<meta name=\"twitter:card\" content=\"summary_large_image\" \/>\n<meta name=\"twitter:title\" content=\"Au fil de l\u2019\u00e9t\u00e9 avec l\u2019Office de Tourisme de l\u2019Ouest des Vosges - La Plaine des Vosges\" \/>\n<meta name=\"twitter:description\" content=\"D\u00e9couvrez le programme des animations pr\u00e9vues\u00a0mardi 23 ao\u00fbt\u00a0au dimanche 28 ao\u00fbt Mardi 22 ao\u00fbt 2022 14h00 : Atelier\u00a0\u00abCage \u00e0 oiseau\u00bb [&hellip;]\" \/>\n<meta name=\"twitter:image\" content=\"https:\/\/vosgesinfo.fr\/app\/uploads\/sites\/2\/2024\/07\/202208n1-11.jpg\" \/>\n<meta name=\"twitter:creator\" content=\"@VosgesInfo88\" \/>\n<meta name=\"twitter:site\" content=\"@VosgesInfo88\" \/>\n<meta name=\"twitter:label1\" content=\"\u00c9crit par\" \/>\n\t<meta name=\"twitter:data1\" content=\"qs_admin\" \/>\n\t<meta name=\"twitter:label2\" content=\"Dur\u00e9e de lecture estim\u00e9e\" \/>\n\t<meta name=\"twitter:data2\" content=\"1 minute\" \/>\n<script type=\"application\/ld+json\" class=\"yoast-schema-graph\">{\"@context\":\"https:\/\/schema.org\",\"@graph\":[{\"@type\":\"Article\",\"@id\":\"https:\/\/vosgesinfo.fr\/laplainedesvosgesinfo\/2022\/08\/au-fil-de-lete-avec-loffice-de-tourisme-de-louest-des-vosges-2\/#article\",\"isPartOf\":{\"@id\":\"https:\/\/vosgesinfo.fr\/laplainedesvosgesinfo\/2022\/08\/au-fil-de-lete-avec-loffice-de-tourisme-de-louest-des-vosges-2\/\"},\"author\":{\"name\":\"qs_admin\",\"@id\":\"https:\/\/vosgesinfo.fr\/laplainedesvosgesinfo\/#\/schema\/person\/bc5d02d71e6932e81b6dadb7386667b1\"},\"headline\":\"Au fil de l\u2019\u00e9t\u00e9 avec l\u2019Office de Tourisme de l\u2019Ouest des Vosges\",\"datePublished\":\"2022-08-22T14:51:02+00:00\",\"dateModified\":\"2022-08-22T14:51:02+00:00\",\"mainEntityOfPage\":{\"@id\":\"https:\/\/vosgesinfo.fr\/laplainedesvosgesinfo\/2022\/08\/au-fil-de-lete-avec-loffice-de-tourisme-de-louest-des-vosges-2\/\"},\"wordCount\":193,\"commentCount\":0,\"publisher\":{\"@id\":\"https:\/\/vosgesinfo.fr\/laplainedesvosgesinfo\/#organization\"},\"image\":{\"@id\":\"https:\/\/vosgesinfo.fr\/laplainedesvosgesinfo\/2022\/08\/au-fil-de-lete-avec-loffice-de-tourisme-de-louest-des-vosges-2\/#primaryimage\"},\"thumbnailUrl\":\"https:\/\/vosgesinfo.fr\/app\/uploads\/sites\/2\/2024\/07\/202208n1-11.jpg\",\"keywords\":[\"Ouest vosgien\"],\"articleSection\":[\"A la Une\",\"Ouest Vosgien\"],\"inLanguage\":\"fr-FR\",\"potentialAction\":[{\"@type\":\"CommentAction\",\"name\":\"Comment\",\"target\":[\"https:\/\/vosgesinfo.fr\/laplainedesvosgesinfo\/2022\/08\/au-fil-de-lete-avec-loffice-de-tourisme-de-louest-des-vosges-2\/#respond\"]}]},{\"@type\":\"WebPage\",\"@id\":\"https:\/\/vosgesinfo.fr\/laplainedesvosgesinfo\/2022\/08\/au-fil-de-lete-avec-loffice-de-tourisme-de-louest-des-vosges-2\/\",\"url\":\"https:\/\/vosgesinfo.fr\/laplainedesvosgesinfo\/2022\/08\/au-fil-de-lete-avec-loffice-de-tourisme-de-louest-des-vosges-2\/\",\"name\":\"Au fil de l\u2019\u00e9t\u00e9 avec l\u2019Office de Tourisme de l\u2019Ouest des Vosges - La Plaine des Vosges\",\"isPartOf\":{\"@id\":\"https:\/\/vosgesinfo.fr\/laplainedesvosgesinfo\/#website\"},\"primaryImageOfPage\":{\"@id\":\"https:\/\/vosgesinfo.fr\/laplainedesvosgesinfo\/2022\/08\/au-fil-de-lete-avec-loffice-de-tourisme-de-louest-des-vosges-2\/#primaryimage\"},\"image\":{\"@id\":\"https:\/\/vosgesinfo.fr\/laplainedesvosgesinfo\/2022\/08\/au-fil-de-lete-avec-loffice-de-tourisme-de-louest-des-vosges-2\/#primaryimage\"},\"thumbnailUrl\":\"https:\/\/vosgesinfo.fr\/app\/uploads\/sites\/2\/2024\/07\/202208n1-11.jpg\",\"datePublished\":\"2022-08-22T14:51:02+00:00\",\"dateModified\":\"2022-08-22T14:51:02+00:00\",\"breadcrumb\":{\"@id\":\"https:\/\/vosgesinfo.fr\/laplainedesvosgesinfo\/2022\/08\/au-fil-de-lete-avec-loffice-de-tourisme-de-louest-des-vosges-2\/#breadcrumb\"},\"inLanguage\":\"fr-FR\",\"potentialAction\":[{\"@type\":\"ReadAction\",\"target\":[\"https:\/\/vosgesinfo.fr\/laplainedesvosgesinfo\/2022\/08\/au-fil-de-lete-avec-loffice-de-tourisme-de-louest-des-vosges-2\/\"]}]},{\"@type\":\"ImageObject\",\"inLanguage\":\"fr-FR\",\"@id\":\"https:\/\/vosgesinfo.fr\/laplainedesvosgesinfo\/2022\/08\/au-fil-de-lete-avec-loffice-de-tourisme-de-louest-des-vosges-2\/#primaryimage\",\"url\":\"https:\/\/vosgesinfo.fr\/app\/uploads\/sites\/2\/2024\/07\/202208n1-11.jpg\",\"contentUrl\":\"https:\/\/vosgesinfo.fr\/app\/uploads\/sites\/2\/2024\/07\/202208n1-11.jpg\",\"width\":800,\"height\":267},{\"@type\":\"BreadcrumbList\",\"@id\":\"https:\/\/vosgesinfo.fr\/laplainedesvosgesinfo\/2022\/08\/au-fil-de-lete-avec-loffice-de-tourisme-de-louest-des-vosges-2\/#breadcrumb\",\"itemListElement\":[{\"@type\":\"ListItem\",\"position\":1,\"name\":\"Home\",\"item\":\"https:\/\/vosgesinfo.fr\/laplainedesvosgesinfo\/\"},{\"@type\":\"ListItem\",\"position\":2,\"name\":\"Au fil de l\u2019\u00e9t\u00e9 avec l\u2019Office de Tourisme de l\u2019Ouest des Vosges\"}]},{\"@type\":\"WebSite\",\"@id\":\"https:\/\/vosgesinfo.fr\/laplainedesvosgesinfo\/#website\",\"url\":\"https:\/\/vosgesinfo.fr\/laplainedesvosgesinfo\/\",\"name\":\"La Plaine des Vosges\",\"description\":\"Toute l&#039;actualit\u00e9 de la plaine de Vosges\",\"publisher\":{\"@id\":\"https:\/\/vosgesinfo.fr\/laplainedesvosgesinfo\/#organization\"},\"alternateName\":\"Toute l'actualit\u00e9 de la plaine des Vosges\",\"potentialAction\":[{\"@type\":\"SearchAction\",\"target\":{\"@type\":\"EntryPoint\",\"urlTemplate\":\"https:\/\/vosgesinfo.fr\/laplainedesvosgesinfo\/?s={search_term_string}\"},\"query-input\":\"required name=search_term_string\"}],\"inLanguage\":\"fr-FR\"},{\"@type\":\"Organization\",\"@id\":\"https:\/\/vosgesinfo.fr\/laplainedesvosgesinfo\/#organization\",\"name\":\"La Plaine des Vosges\",\"url\":\"https:\/\/vosgesinfo.fr\/laplainedesvosgesinfo\/\",\"logo\":{\"@type\":\"ImageObject\",\"inLanguage\":\"fr-FR\",\"@id\":\"https:\/\/vosgesinfo.fr\/laplainedesvosgesinfo\/#\/schema\/logo\/image\/\",\"url\":\"https:\/\/vosgesinfo.fr\/app\/uploads\/sites\/2\/2023\/08\/logo-laplaineinfo.svg\",\"contentUrl\":\"https:\/\/vosgesinfo.fr\/app\/uploads\/sites\/2\/2023\/08\/logo-laplaineinfo.svg\",\"width\":1,\"height\":1,\"caption\":\"La Plaine des Vosges\"},\"image\":{\"@id\":\"https:\/\/vosgesinfo.fr\/laplainedesvosgesinfo\/#\/schema\/logo\/image\/\"},\"sameAs\":[\"https:\/\/www.facebook.com\/laplainedesvosges\",\"https:\/\/x.com\/VosgesInfo88\",\"https:\/\/www.youtube.com\/@vosgesinfo\"]},{\"@type\":\"Person\",\"@id\":\"https:\/\/vosgesinfo.fr\/laplainedesvosgesinfo\/#\/schema\/person\/bc5d02d71e6932e81b6dadb7386667b1\",\"name\":\"qs_admin\",\"image\":{\"@type\":\"ImageObject\",\"inLanguage\":\"fr-FR\",\"@id\":\"https:\/\/vosgesinfo.fr\/laplainedesvosgesinfo\/#\/schema\/person\/image\/\",\"url\":\"https:\/\/secure.gravatar.com\/avatar\/94b18ee0ed79e4a42ea2f2931277b6841a8999fc6fde214600c78057cf1fe1de?s=96&d=mm&r=g\",\"contentUrl\":\"https:\/\/secure.gravatar.com\/avatar\/94b18ee0ed79e4a42ea2f2931277b6841a8999fc6fde214600c78057cf1fe1de?s=96&d=mm&r=g\",\"caption\":\"qs_admin\"},\"sameAs\":[\"https:\/\/vosgesinfo.fr\/wp\"],\"url\":\"https:\/\/vosgesinfo.fr\/laplainedesvosgesinfo\/author\/qs_admin\/\"}]}<\/script>\n<!-- \/ Yoast SEO plugin. -->","yoast_head_json":{"title":"Au fil de l\u2019\u00e9t\u00e9 avec l\u2019Office de Tourisme de l\u2019Ouest des Vosges - La Plaine des Vosges","robots":{"index":"index","follow":"follow","max-snippet":"max-snippet:-1","max-image-preview":"max-image-preview:large","max-video-preview":"max-video-preview:-1"},"canonical":"https:\/\/vosgesinfo.fr\/laplainedesvosgesinfo\/2022\/08\/au-fil-de-lete-avec-loffice-de-tourisme-de-louest-des-vosges-2\/","twitter_card":"summary_large_image","twitter_title":"Au fil de l\u2019\u00e9t\u00e9 avec l\u2019Office de Tourisme de l\u2019Ouest des Vosges - La Plaine des Vosges","twitter_description":"D\u00e9couvrez le programme des animations pr\u00e9vues\u00a0mardi 23 ao\u00fbt\u00a0au dimanche 28 ao\u00fbt Mardi 22 ao\u00fbt 2022 14h00 : Atelier\u00a0\u00abCage \u00e0 oiseau\u00bb [&hellip;]","twitter_image":"https:\/\/vosgesinfo.fr\/app\/uploads\/sites\/2\/2024\/07\/202208n1-11.jpg","twitter_creator":"@VosgesInfo88","twitter_site":"@VosgesInfo88","twitter_misc":{"\u00c9crit par":"qs_admin","Dur\u00e9e de lecture estim\u00e9e":"1 minute"},"schema":{"@context":"https:\/\/schema.org","@graph":[{"@type":"Article","@id":"https:\/\/vosgesinfo.fr\/laplainedesvosgesinfo\/2022\/08\/au-fil-de-lete-avec-loffice-de-tourisme-de-louest-des-vosges-2\/#article","isPartOf":{"@id":"https:\/\/vosgesinfo.fr\/laplainedesvosgesinfo\/2022\/08\/au-fil-de-lete-avec-loffice-de-tourisme-de-louest-des-vosges-2\/"},"author":{"name":"qs_admin","@id":"https:\/\/vosgesinfo.fr\/laplainedesvosgesinfo\/#\/schema\/person\/bc5d02d71e6932e81b6dadb7386667b1"},"headline":"Au fil de l\u2019\u00e9t\u00e9 avec l\u2019Office de Tourisme de l\u2019Ouest des Vosges","datePublished":"2022-08-22T14:51:02+00:00","dateModified":"2022-08-22T14:51:02+00:00","mainEntityOfPage":{"@id":"https:\/\/vosgesinfo.fr\/laplainedesvosgesinfo\/2022\/08\/au-fil-de-lete-avec-loffice-de-tourisme-de-louest-des-vosges-2\/"},"wordCount":193,"commentCount":0,"publisher":{"@id":"https:\/\/vosgesinfo.fr\/laplainedesvosgesinfo\/#organization"},"image":{"@id":"https:\/\/vosgesinfo.fr\/laplainedesvosgesinfo\/2022\/08\/au-fil-de-lete-avec-loffice-de-tourisme-de-louest-des-vosges-2\/#primaryimage"},"thumbnailUrl":"https:\/\/vosgesinfo.fr\/app\/uploads\/sites\/2\/2024\/07\/202208n1-11.jpg","keywords":["Ouest vosgien"],"articleSection":["A la Une","Ouest Vosgien"],"inLanguage":"fr-FR","potentialAction":[{"@type":"CommentAction","name":"Comment","target":["https:\/\/vosgesinfo.fr\/laplainedesvosgesinfo\/2022\/08\/au-fil-de-lete-avec-loffice-de-tourisme-de-louest-des-vosges-2\/#respond"]}]},{"@type":"WebPage","@id":"https:\/\/vosgesinfo.fr\/laplainedesvosgesinfo\/2022\/08\/au-fil-de-lete-avec-loffice-de-tourisme-de-louest-des-vosges-2\/","url":"https:\/\/vosgesinfo.fr\/laplainedesvosgesinfo\/2022\/08\/au-fil-de-lete-avec-loffice-de-tourisme-de-louest-des-vosges-2\/","name":"Au fil de l\u2019\u00e9t\u00e9 avec l\u2019Office de Tourisme de l\u2019Ouest des Vosges - La Plaine des Vosges","isPartOf":{"@id":"https:\/\/vosgesinfo.fr\/laplainedesvosgesinfo\/#website"},"primaryImageOfPage":{"@id":"https:\/\/vosgesinfo.fr\/laplainedesvosgesinfo\/2022\/08\/au-fil-de-lete-avec-loffice-de-tourisme-de-louest-des-vosges-2\/#primaryimage"},"image":{"@id":"https:\/\/vosgesinfo.fr\/laplainedesvosgesinfo\/2022\/08\/au-fil-de-lete-avec-loffice-de-tourisme-de-louest-des-vosges-2\/#primaryimage"},"thumbnailUrl":"https:\/\/vosgesinfo.fr\/app\/uploads\/sites\/2\/2024\/07\/202208n1-11.jpg","datePublished":"2022-08-22T14:51:02+00:00","dateModified":"2022-08-22T14:51:02+00:00","breadcrumb":{"@id":"https:\/\/vosgesinfo.fr\/laplainedesvosgesinfo\/2022\/08\/au-fil-de-lete-avec-loffice-de-tourisme-de-louest-des-vosges-2\/#breadcrumb"},"inLanguage":"fr-FR","potentialAction":[{"@type":"ReadAction","target":["https:\/\/vosgesinfo.fr\/laplainedesvosgesinfo\/2022\/08\/au-fil-de-lete-avec-loffice-de-tourisme-de-louest-des-vosges-2\/"]}]},{"@type":"ImageObject","inLanguage":"fr-FR","@id":"https:\/\/vosgesinfo.fr\/laplainedesvosgesinfo\/2022\/08\/au-fil-de-lete-avec-loffice-de-tourisme-de-louest-des-vosges-2\/#primaryimage","url":"https:\/\/vosgesinfo.fr\/app\/uploads\/sites\/2\/2024\/07\/202208n1-11.jpg","contentUrl":"https:\/\/vosgesinfo.fr\/app\/uploads\/sites\/2\/2024\/07\/202208n1-11.jpg","width":800,"height":267},{"@type":"BreadcrumbList","@id":"https:\/\/vosgesinfo.fr\/laplainedesvosgesinfo\/2022\/08\/au-fil-de-lete-avec-loffice-de-tourisme-de-louest-des-vosges-2\/#breadcrumb","itemListElement":[{"@type":"ListItem","position":1,"name":"Home","item":"https:\/\/vosgesinfo.fr\/laplainedesvosgesinfo\/"},{"@type":"ListItem","position":2,"name":"Au fil de l\u2019\u00e9t\u00e9 avec l\u2019Office de Tourisme de l\u2019Ouest des Vosges"}]},{"@type":"WebSite","@id":"https:\/\/vosgesinfo.fr\/laplainedesvosgesinfo\/#website","url":"https:\/\/vosgesinfo.fr\/laplainedesvosgesinfo\/","name":"La Plaine des Vosges","description":"Toute l&#039;actualit\u00e9 de la plaine de Vosges","publisher":{"@id":"https:\/\/vosgesinfo.fr\/laplainedesvosgesinfo\/#organization"},"alternateName":"Toute l'actualit\u00e9 de la plaine des Vosges","potentialAction":[{"@type":"SearchAction","target":{"@type":"EntryPoint","urlTemplate":"https:\/\/vosgesinfo.fr\/laplainedesvosgesinfo\/?s={search_term_string}"},"query-input":"required name=search_term_string"}],"inLanguage":"fr-FR"},{"@type":"Organization","@id":"https:\/\/vosgesinfo.fr\/laplainedesvosgesinfo\/#organization","name":"La Plaine des Vosges","url":"https:\/\/vosgesinfo.fr\/laplainedesvosgesinfo\/","logo":{"@type":"ImageObject","inLanguage":"fr-FR","@id":"https:\/\/vosgesinfo.fr\/laplainedesvosgesinfo\/#\/schema\/logo\/image\/","url":"https:\/\/vosgesinfo.fr\/app\/uploads\/sites\/2\/2023\/08\/logo-laplaineinfo.svg","contentUrl":"https:\/\/vosgesinfo.fr\/app\/uploads\/sites\/2\/2023\/08\/logo-laplaineinfo.svg","width":1,"height":1,"caption":"La Plaine des Vosges"},"image":{"@id":"https:\/\/vosgesinfo.fr\/laplainedesvosgesinfo\/#\/schema\/logo\/image\/"},"sameAs":["https:\/\/www.facebook.com\/laplainedesvosges","https:\/\/x.com\/VosgesInfo88","https:\/\/www.youtube.com\/@vosgesinfo"]},{"@type":"Person","@id":"https:\/\/vosgesinfo.fr\/laplainedesvosgesinfo\/#\/schema\/person\/bc5d02d71e6932e81b6dadb7386667b1","name":"qs_admin","image":{"@type":"ImageObject","inLanguage":"fr-FR","@id":"https:\/\/vosgesinfo.fr\/laplainedesvosgesinfo\/#\/schema\/person\/image\/","url":"https:\/\/secure.gravatar.com\/avatar\/94b18ee0ed79e4a42ea2f2931277b6841a8999fc6fde214600c78057cf1fe1de?s=96&d=mm&r=g","contentUrl":"https:\/\/secure.gravatar.com\/avatar\/94b18ee0ed79e4a42ea2f2931277b6841a8999fc6fde214600c78057cf1fe1de?s=96&d=mm&r=g","caption":"qs_admin"},"sameAs":["https:\/\/vosgesinfo.fr\/wp"],"url":"https:\/\/vosgesinfo.fr\/laplainedesvosgesinfo\/author\/qs_admin\/"}]}},"_links":{"self":[{"href":"https:\/\/vosgesinfo.fr\/laplainedesvosgesinfo\/wp-json\/wp\/v2\/posts\/23443","targetHints":{"allow":["GET"]}}],"collection":[{"href":"https:\/\/vosgesinfo.fr\/laplainedesvosgesinfo\/wp-json\/wp\/v2\/posts"}],"about":[{"href":"https:\/\/vosgesinfo.fr\/laplainedesvosgesinfo\/wp-json\/wp\/v2\/types\/post"}],"author":[{"embeddable":true,"href":"https:\/\/vosgesinfo.fr\/laplainedesvosgesinfo\/wp-json\/wp\/v2\/users\/1"}],"replies":[{"embeddable":true,"href":"https:\/\/vosgesinfo.fr\/laplainedesvosgesinfo\/wp-json\/wp\/v2\/comments?post=23443"}],"version-history":[{"count":0,"href":"https:\/\/vosgesinfo.fr\/laplainedesvosgesinfo\/wp-json\/wp\/v2\/posts\/23443\/revisions"}],"wp:featuredmedia":[{"embeddable":true,"href":"https:\/\/vosgesinfo.fr\/laplainedesvosgesinfo\/wp-json\/wp\/v2\/media\/23444"}],"wp:attachment":[{"href":"https:\/\/vosgesinfo.fr\/laplainedesvosgesinfo\/wp-json\/wp\/v2\/media?parent=23443"}],"wp:term":[{"taxonomy":"category","embeddable":true,"href":"https:\/\/vosgesinfo.fr\/laplainedesvosgesinfo\/wp-json\/wp\/v2\/categories?post=23443"},{"taxonomy":"post_tag","embeddable":true,"href":"https:\/\/vosgesinfo.fr\/laplainedesvosgesinfo\/wp-json\/wp\/v2\/tags?post=23443"}],"curies":[{"name":"wp","href":"https:\/\/api.w.org\/{rel}","templated":true}]}}