{"id":2356,"date":"2016-01-29T08:30:10","date_gmt":"2016-01-29T07:30:10","guid":{"rendered":"https:\/\/vosgesinfo.fr\/laplainedesvosgesinfo\/2016\/01\/neufchateau-en-fevrier-venez-guincher-au-trait-dunion\/"},"modified":"2016-01-29T08:30:10","modified_gmt":"2016-01-29T07:30:10","slug":"neufchateau-en-fevrier-venez-guincher-au-trait-dunion","status":"publish","type":"post","link":"https:\/\/vosgesinfo.fr\/laplainedesvosgesinfo\/2016\/01\/neufchateau-en-fevrier-venez-guincher-au-trait-dunion\/","title":{"rendered":"Neufch\u00e2teau &#8211; En f\u00e9vrier venez guincher au Trait d&rsquo;Union !"},"content":{"rendered":"<p>\u00ab\u00a0F\u00e9vrier\u00a0\u00bb est synonyme de \u00ab\u00a0guincher\u00a0\u00bb ! En effet, les passionn\u00e9s et amateurs de danse pourront s&rsquo;amuser lors de soir\u00e9es Country, Folk, durant une apr\u00e8s-midi Flamenco, ou encore \u00e0 l&rsquo;occasion du th\u00e9 dansant de la Saint-Valentin !<\/p>\n<ul>\n<li><strong>Samedi 6 f\u00e9vrier 2016 \u00e0 21h\u00a0: Bal country avec le groupe \u00ab\u00a0Trio Wanted\u00a0\u00bb <\/strong><\/li>\n<\/ul>\n<p><strong>Tarif unique : 8 \u20ac \/ Dur\u00e9e : de 21h \u00e0 1h \/ R\u00e9servations\u00a0: 03.29.94.99.50.<\/strong><\/p>\n<p><strong>Atelier gratuit d\u2019initiation aux danses country, anim\u00e9 par Sandy, de 17h15 \u00e0 19h30.<\/strong><\/p>\n<p>&nbsp;<\/p>\n<ul>\n<li><strong>Dimanche 7 f\u00e9vrier 2016 \u00e0 15h\u00a0: Formule cabaret \u2013 Flamenco<\/strong><\/li>\n<\/ul>\n<p><strong>Tarif unique : 8 \u20ac \/ Dur\u00e9e : de 15h \u00e0 17h \/ R\u00e9servations\u00a0: 03.29.94.99.50.<\/strong><\/p>\n<p>N\u00e9ocastrienne d\u2019origine, Charlotte Petitfour, vit et travaille en Espagne, comme danseuse professionnelle. Le spectacle propos\u00e9 est le fruit de sa rencontre avec le danseur R\u00e9mi Page. Accompagn\u00e9 d\u2019un musicien et d\u2019un chanteur, ils nous feront partager l\u2019intensit\u00e9 de cet art originaire du Sud de l\u2019Espagne. Une v\u00e9ritable explosion de lumi\u00e8re, de couleur et de mouvement.<\/p>\n<p><strong>Atelier d\u2019initiation au flamenco dimanche matin de 10h \u00e0 11h30<\/strong><\/p>\n<p>&nbsp;<\/p>\n<ul>\n<li><strong>Samedi 13 f\u00e9vrier 2016 \u00e0 20h30\u00a0: Bal Folk avec les groupes \u00ab\u00a0Viendez Voir\u00a0\u00bb et \u00ab\u00a0Le p\u2019tit blanc\u00a0\u00bb<\/strong><\/li>\n<\/ul>\n<p><strong>Tarif unique : 8 \u20ac \/ Dur\u00e9e : de 20h30 \u00e0 1h30 \/ R\u00e9servations\u00a0: 03.29.94.99.50.<\/strong><\/p>\n<p>\u00ab\u00a0<strong>VIENDEZ VOIR\u00a0\u00bb<\/strong><\/p>\n<p>Depuis plus de 15 ans, Viendez Voir anime concerts et bals folk en Lorraine. Compos\u00e9 de 6 musiciens, le groupe, install\u00e9 \u00e0 Fraize, joue des airs traditionnels, ainsi que ses propres compositions.<\/p>\n<p>\u00ab\u00a0<strong>LE P\u2019TIT BLANC\u00a0\u00bb<\/strong><\/p>\n<p>N\u00e9 en 1980, Le P\u2019tit Blanc constitu\u00e9 de 6 musiciens a une pr\u00e9dilection pour les danses traditionnelles ou populaires d\u2019Alsace (couples, cha\u00eenes, contredanses). Des danses des \u00eeles britanniques, des bourr\u00e9es et des \u00abclassiques\u00bb caract\u00e9ristiques des bals folks compl\u00e8tent et \u00e9quilibrent harmonieusement leur attachement aux fondamentaux intemporels du r\u00e9pertoire, interpr\u00e9t\u00e9 dans une grande libert\u00e9 de style.<\/p>\n<p><strong>Ateliers gratuits d\u2019initiation aux danses folk, anim\u00e9s par les associations folk de l\u2019ouest vosgien : Ch\u00e2tenois (Les<\/strong> <strong>Korrigans), Liffol le Grand (Association Rythme et Danse) et Mirecourt (Un, deux, tr..ad) de 17h \u00e0 19h.<\/strong><\/p>\n<p>&nbsp;<\/p>\n<ul>\n<li><strong>Dimanche 14 f\u00e9vrier 2016 \u00e0 14h30\u00a0: Th\u00e9 dansant de la Saint-valentin avec Bob Piler<\/strong><\/li>\n<\/ul>\n<p><strong>Tarif unique : 10 \u20ac<\/strong><\/p>\n<p>Bob Piler, ce sont quatre musiciens fors d\u2019une exp\u00e9rience de plus de vingt ann\u00e9es : un accord\u00e9oniste, un chanteur, un clavier et un trompettiste, qui manient un r\u00e9pertoire vari\u00e9 et de qualit\u00e9 et utilisent des <strong>instruments acoustiques<\/strong>, sans s\u00e9quence pr\u00e9-programm\u00e9e ou accompagnement automatique. C\u2019est la Saint-Valentin, venez danser avec l\u2019\u00eatre aim\u00e9 sur des rythmes tels que la salsa, le disco, le pasa doble, la valse, le madison et le rock !<\/p>\n<p><strong>Organis\u00e9 par le comit\u00e9 des f\u00eates. Renseignements et R\u00e9servations au : 06.73.53.37.36.<\/strong><\/p>\n<p><a href=\"\/2016\/01\/affiche_festigunch2016.jpg\"><img decoding=\"async\" class=\"wp-image-72030 aligncenter\" src=\"\/2016\/01\/affiche_festigunch2016.jpg\" alt=\"affiche_festigunch2016\" width=\"495\" height=\"737\" \/><\/a><\/p>\n","protected":false},"excerpt":{"rendered":"<p>\u00ab\u00a0F\u00e9vrier\u00a0\u00bb est synonyme de \u00ab\u00a0guincher\u00a0\u00bb ! En effet, les passionn\u00e9s et amateurs de danse pourront s&rsquo;amuser lors de soir\u00e9es Country, [&hellip;]<\/p>\n","protected":false},"author":1,"featured_media":2357,"comment_status":"open","ping_status":"open","sticky":false,"template":"","format":"standard","meta":{"footnotes":""},"categories":[4,37,428],"tags":[],"class_list":["post-2356","post","type-post","status-publish","format-standard","has-post-thumbnail","hentry","category-culture","category-la-plaine","category-neufchateau-la-plaine"],"acf":[],"yoast_head":"<!-- This site is optimized with the Yoast SEO plugin v22.5 - https:\/\/yoast.com\/wordpress\/plugins\/seo\/ -->\n<title>Neufch\u00e2teau - En f\u00e9vrier venez guincher au Trait d&#039;Union ! - La Plaine des Vosges<\/title>\n<meta name=\"robots\" content=\"index, follow, max-snippet:-1, max-image-preview:large, max-video-preview:-1\" \/>\n<link rel=\"canonical\" href=\"https:\/\/vosgesinfo.fr\/laplainedesvosgesinfo\/2016\/01\/neufchateau-en-fevrier-venez-guincher-au-trait-dunion\/\" \/>\n<meta name=\"twitter:card\" content=\"summary_large_image\" \/>\n<meta name=\"twitter:title\" content=\"Neufch\u00e2teau - En f\u00e9vrier venez guincher au Trait d&#039;Union ! - La Plaine des Vosges\" \/>\n<meta name=\"twitter:description\" content=\"\u00ab\u00a0F\u00e9vrier\u00a0\u00bb est synonyme de \u00ab\u00a0guincher\u00a0\u00bb ! En effet, les passionn\u00e9s et amateurs de danse pourront s&rsquo;amuser lors de soir\u00e9es Country, [&hellip;]\" \/>\n<meta name=\"twitter:image\" content=\"https:\/\/vosgesinfo.fr\/app\/uploads\/sites\/2\/2024\/06\/201601affiche-festigunch2016.jpg\" \/>\n<meta name=\"twitter:creator\" content=\"@VosgesInfo88\" \/>\n<meta name=\"twitter:site\" content=\"@VosgesInfo88\" \/>\n<meta name=\"twitter:label1\" content=\"\u00c9crit par\" \/>\n\t<meta name=\"twitter:data1\" content=\"qs_admin\" \/>\n\t<meta name=\"twitter:label2\" content=\"Dur\u00e9e de lecture estim\u00e9e\" \/>\n\t<meta name=\"twitter:data2\" content=\"2 minutes\" \/>\n<script type=\"application\/ld+json\" class=\"yoast-schema-graph\">{\"@context\":\"https:\/\/schema.org\",\"@graph\":[{\"@type\":\"Article\",\"@id\":\"https:\/\/vosgesinfo.fr\/laplainedesvosgesinfo\/2016\/01\/neufchateau-en-fevrier-venez-guincher-au-trait-dunion\/#article\",\"isPartOf\":{\"@id\":\"https:\/\/vosgesinfo.fr\/laplainedesvosgesinfo\/2016\/01\/neufchateau-en-fevrier-venez-guincher-au-trait-dunion\/\"},\"author\":{\"name\":\"qs_admin\",\"@id\":\"https:\/\/vosgesinfo.fr\/laplainedesvosgesinfo\/#\/schema\/person\/bc5d02d71e6932e81b6dadb7386667b1\"},\"headline\":\"Neufch\u00e2teau &#8211; En f\u00e9vrier venez guincher au Trait d&rsquo;Union !\",\"datePublished\":\"2016-01-29T07:30:10+00:00\",\"dateModified\":\"2016-01-29T07:30:10+00:00\",\"mainEntityOfPage\":{\"@id\":\"https:\/\/vosgesinfo.fr\/laplainedesvosgesinfo\/2016\/01\/neufchateau-en-fevrier-venez-guincher-au-trait-dunion\/\"},\"wordCount\":441,\"commentCount\":0,\"publisher\":{\"@id\":\"https:\/\/vosgesinfo.fr\/laplainedesvosgesinfo\/#organization\"},\"image\":{\"@id\":\"https:\/\/vosgesinfo.fr\/laplainedesvosgesinfo\/2016\/01\/neufchateau-en-fevrier-venez-guincher-au-trait-dunion\/#primaryimage\"},\"thumbnailUrl\":\"https:\/\/vosgesinfo.fr\/app\/uploads\/sites\/2\/2024\/06\/201601affiche-festigunch2016.jpg\",\"articleSection\":[\"Culture\",\"La Plaine\",\"Neufch\u00e2teau\"],\"inLanguage\":\"fr-FR\",\"potentialAction\":[{\"@type\":\"CommentAction\",\"name\":\"Comment\",\"target\":[\"https:\/\/vosgesinfo.fr\/laplainedesvosgesinfo\/2016\/01\/neufchateau-en-fevrier-venez-guincher-au-trait-dunion\/#respond\"]}]},{\"@type\":\"WebPage\",\"@id\":\"https:\/\/vosgesinfo.fr\/laplainedesvosgesinfo\/2016\/01\/neufchateau-en-fevrier-venez-guincher-au-trait-dunion\/\",\"url\":\"https:\/\/vosgesinfo.fr\/laplainedesvosgesinfo\/2016\/01\/neufchateau-en-fevrier-venez-guincher-au-trait-dunion\/\",\"name\":\"Neufch\u00e2teau - En f\u00e9vrier venez guincher au Trait d'Union ! - La Plaine des Vosges\",\"isPartOf\":{\"@id\":\"https:\/\/vosgesinfo.fr\/laplainedesvosgesinfo\/#website\"},\"primaryImageOfPage\":{\"@id\":\"https:\/\/vosgesinfo.fr\/laplainedesvosgesinfo\/2016\/01\/neufchateau-en-fevrier-venez-guincher-au-trait-dunion\/#primaryimage\"},\"image\":{\"@id\":\"https:\/\/vosgesinfo.fr\/laplainedesvosgesinfo\/2016\/01\/neufchateau-en-fevrier-venez-guincher-au-trait-dunion\/#primaryimage\"},\"thumbnailUrl\":\"https:\/\/vosgesinfo.fr\/app\/uploads\/sites\/2\/2024\/06\/201601affiche-festigunch2016.jpg\",\"datePublished\":\"2016-01-29T07:30:10+00:00\",\"dateModified\":\"2016-01-29T07:30:10+00:00\",\"breadcrumb\":{\"@id\":\"https:\/\/vosgesinfo.fr\/laplainedesvosgesinfo\/2016\/01\/neufchateau-en-fevrier-venez-guincher-au-trait-dunion\/#breadcrumb\"},\"inLanguage\":\"fr-FR\",\"potentialAction\":[{\"@type\":\"ReadAction\",\"target\":[\"https:\/\/vosgesinfo.fr\/laplainedesvosgesinfo\/2016\/01\/neufchateau-en-fevrier-venez-guincher-au-trait-dunion\/\"]}]},{\"@type\":\"ImageObject\",\"inLanguage\":\"fr-FR\",\"@id\":\"https:\/\/vosgesinfo.fr\/laplainedesvosgesinfo\/2016\/01\/neufchateau-en-fevrier-venez-guincher-au-trait-dunion\/#primaryimage\",\"url\":\"https:\/\/vosgesinfo.fr\/app\/uploads\/sites\/2\/2024\/06\/201601affiche-festigunch2016.jpg\",\"contentUrl\":\"https:\/\/vosgesinfo.fr\/app\/uploads\/sites\/2\/2024\/06\/201601affiche-festigunch2016.jpg\",\"width\":538,\"height\":800},{\"@type\":\"BreadcrumbList\",\"@id\":\"https:\/\/vosgesinfo.fr\/laplainedesvosgesinfo\/2016\/01\/neufchateau-en-fevrier-venez-guincher-au-trait-dunion\/#breadcrumb\",\"itemListElement\":[{\"@type\":\"ListItem\",\"position\":1,\"name\":\"Home\",\"item\":\"https:\/\/vosgesinfo.fr\/laplainedesvosgesinfo\/\"},{\"@type\":\"ListItem\",\"position\":2,\"name\":\"Neufch\u00e2teau &#8211; En f\u00e9vrier venez guincher au Trait d&rsquo;Union !\"}]},{\"@type\":\"WebSite\",\"@id\":\"https:\/\/vosgesinfo.fr\/laplainedesvosgesinfo\/#website\",\"url\":\"https:\/\/vosgesinfo.fr\/laplainedesvosgesinfo\/\",\"name\":\"La Plaine des Vosges\",\"description\":\"Toute l&#039;actualit\u00e9 de la plaine de Vosges\",\"publisher\":{\"@id\":\"https:\/\/vosgesinfo.fr\/laplainedesvosgesinfo\/#organization\"},\"alternateName\":\"Toute l'actualit\u00e9 de la plaine des Vosges\",\"potentialAction\":[{\"@type\":\"SearchAction\",\"target\":{\"@type\":\"EntryPoint\",\"urlTemplate\":\"https:\/\/vosgesinfo.fr\/laplainedesvosgesinfo\/?s={search_term_string}\"},\"query-input\":\"required name=search_term_string\"}],\"inLanguage\":\"fr-FR\"},{\"@type\":\"Organization\",\"@id\":\"https:\/\/vosgesinfo.fr\/laplainedesvosgesinfo\/#organization\",\"name\":\"La Plaine des Vosges\",\"url\":\"https:\/\/vosgesinfo.fr\/laplainedesvosgesinfo\/\",\"logo\":{\"@type\":\"ImageObject\",\"inLanguage\":\"fr-FR\",\"@id\":\"https:\/\/vosgesinfo.fr\/laplainedesvosgesinfo\/#\/schema\/logo\/image\/\",\"url\":\"https:\/\/vosgesinfo.fr\/app\/uploads\/sites\/2\/2023\/08\/logo-laplaineinfo.svg\",\"contentUrl\":\"https:\/\/vosgesinfo.fr\/app\/uploads\/sites\/2\/2023\/08\/logo-laplaineinfo.svg\",\"width\":1,\"height\":1,\"caption\":\"La Plaine des Vosges\"},\"image\":{\"@id\":\"https:\/\/vosgesinfo.fr\/laplainedesvosgesinfo\/#\/schema\/logo\/image\/\"},\"sameAs\":[\"https:\/\/www.facebook.com\/laplainedesvosges\",\"https:\/\/x.com\/VosgesInfo88\",\"https:\/\/www.youtube.com\/@vosgesinfo\"]},{\"@type\":\"Person\",\"@id\":\"https:\/\/vosgesinfo.fr\/laplainedesvosgesinfo\/#\/schema\/person\/bc5d02d71e6932e81b6dadb7386667b1\",\"name\":\"qs_admin\",\"image\":{\"@type\":\"ImageObject\",\"inLanguage\":\"fr-FR\",\"@id\":\"https:\/\/vosgesinfo.fr\/laplainedesvosgesinfo\/#\/schema\/person\/image\/\",\"url\":\"https:\/\/secure.gravatar.com\/avatar\/94b18ee0ed79e4a42ea2f2931277b6841a8999fc6fde214600c78057cf1fe1de?s=96&d=mm&r=g\",\"contentUrl\":\"https:\/\/secure.gravatar.com\/avatar\/94b18ee0ed79e4a42ea2f2931277b6841a8999fc6fde214600c78057cf1fe1de?s=96&d=mm&r=g\",\"caption\":\"qs_admin\"},\"sameAs\":[\"https:\/\/vosgesinfo.fr\/wp\"],\"url\":\"https:\/\/vosgesinfo.fr\/laplainedesvosgesinfo\/author\/qs_admin\/\"}]}<\/script>\n<!-- \/ Yoast SEO plugin. -->","yoast_head_json":{"title":"Neufch\u00e2teau - En f\u00e9vrier venez guincher au Trait d'Union ! - La Plaine des Vosges","robots":{"index":"index","follow":"follow","max-snippet":"max-snippet:-1","max-image-preview":"max-image-preview:large","max-video-preview":"max-video-preview:-1"},"canonical":"https:\/\/vosgesinfo.fr\/laplainedesvosgesinfo\/2016\/01\/neufchateau-en-fevrier-venez-guincher-au-trait-dunion\/","twitter_card":"summary_large_image","twitter_title":"Neufch\u00e2teau - En f\u00e9vrier venez guincher au Trait d'Union ! - La Plaine des Vosges","twitter_description":"\u00ab\u00a0F\u00e9vrier\u00a0\u00bb est synonyme de \u00ab\u00a0guincher\u00a0\u00bb ! En effet, les passionn\u00e9s et amateurs de danse pourront s&rsquo;amuser lors de soir\u00e9es Country, [&hellip;]","twitter_image":"https:\/\/vosgesinfo.fr\/app\/uploads\/sites\/2\/2024\/06\/201601affiche-festigunch2016.jpg","twitter_creator":"@VosgesInfo88","twitter_site":"@VosgesInfo88","twitter_misc":{"\u00c9crit par":"qs_admin","Dur\u00e9e de lecture estim\u00e9e":"2 minutes"},"schema":{"@context":"https:\/\/schema.org","@graph":[{"@type":"Article","@id":"https:\/\/vosgesinfo.fr\/laplainedesvosgesinfo\/2016\/01\/neufchateau-en-fevrier-venez-guincher-au-trait-dunion\/#article","isPartOf":{"@id":"https:\/\/vosgesinfo.fr\/laplainedesvosgesinfo\/2016\/01\/neufchateau-en-fevrier-venez-guincher-au-trait-dunion\/"},"author":{"name":"qs_admin","@id":"https:\/\/vosgesinfo.fr\/laplainedesvosgesinfo\/#\/schema\/person\/bc5d02d71e6932e81b6dadb7386667b1"},"headline":"Neufch\u00e2teau &#8211; En f\u00e9vrier venez guincher au Trait d&rsquo;Union !","datePublished":"2016-01-29T07:30:10+00:00","dateModified":"2016-01-29T07:30:10+00:00","mainEntityOfPage":{"@id":"https:\/\/vosgesinfo.fr\/laplainedesvosgesinfo\/2016\/01\/neufchateau-en-fevrier-venez-guincher-au-trait-dunion\/"},"wordCount":441,"commentCount":0,"publisher":{"@id":"https:\/\/vosgesinfo.fr\/laplainedesvosgesinfo\/#organization"},"image":{"@id":"https:\/\/vosgesinfo.fr\/laplainedesvosgesinfo\/2016\/01\/neufchateau-en-fevrier-venez-guincher-au-trait-dunion\/#primaryimage"},"thumbnailUrl":"https:\/\/vosgesinfo.fr\/app\/uploads\/sites\/2\/2024\/06\/201601affiche-festigunch2016.jpg","articleSection":["Culture","La Plaine","Neufch\u00e2teau"],"inLanguage":"fr-FR","potentialAction":[{"@type":"CommentAction","name":"Comment","target":["https:\/\/vosgesinfo.fr\/laplainedesvosgesinfo\/2016\/01\/neufchateau-en-fevrier-venez-guincher-au-trait-dunion\/#respond"]}]},{"@type":"WebPage","@id":"https:\/\/vosgesinfo.fr\/laplainedesvosgesinfo\/2016\/01\/neufchateau-en-fevrier-venez-guincher-au-trait-dunion\/","url":"https:\/\/vosgesinfo.fr\/laplainedesvosgesinfo\/2016\/01\/neufchateau-en-fevrier-venez-guincher-au-trait-dunion\/","name":"Neufch\u00e2teau - En f\u00e9vrier venez guincher au Trait d'Union ! - La Plaine des Vosges","isPartOf":{"@id":"https:\/\/vosgesinfo.fr\/laplainedesvosgesinfo\/#website"},"primaryImageOfPage":{"@id":"https:\/\/vosgesinfo.fr\/laplainedesvosgesinfo\/2016\/01\/neufchateau-en-fevrier-venez-guincher-au-trait-dunion\/#primaryimage"},"image":{"@id":"https:\/\/vosgesinfo.fr\/laplainedesvosgesinfo\/2016\/01\/neufchateau-en-fevrier-venez-guincher-au-trait-dunion\/#primaryimage"},"thumbnailUrl":"https:\/\/vosgesinfo.fr\/app\/uploads\/sites\/2\/2024\/06\/201601affiche-festigunch2016.jpg","datePublished":"2016-01-29T07:30:10+00:00","dateModified":"2016-01-29T07:30:10+00:00","breadcrumb":{"@id":"https:\/\/vosgesinfo.fr\/laplainedesvosgesinfo\/2016\/01\/neufchateau-en-fevrier-venez-guincher-au-trait-dunion\/#breadcrumb"},"inLanguage":"fr-FR","potentialAction":[{"@type":"ReadAction","target":["https:\/\/vosgesinfo.fr\/laplainedesvosgesinfo\/2016\/01\/neufchateau-en-fevrier-venez-guincher-au-trait-dunion\/"]}]},{"@type":"ImageObject","inLanguage":"fr-FR","@id":"https:\/\/vosgesinfo.fr\/laplainedesvosgesinfo\/2016\/01\/neufchateau-en-fevrier-venez-guincher-au-trait-dunion\/#primaryimage","url":"https:\/\/vosgesinfo.fr\/app\/uploads\/sites\/2\/2024\/06\/201601affiche-festigunch2016.jpg","contentUrl":"https:\/\/vosgesinfo.fr\/app\/uploads\/sites\/2\/2024\/06\/201601affiche-festigunch2016.jpg","width":538,"height":800},{"@type":"BreadcrumbList","@id":"https:\/\/vosgesinfo.fr\/laplainedesvosgesinfo\/2016\/01\/neufchateau-en-fevrier-venez-guincher-au-trait-dunion\/#breadcrumb","itemListElement":[{"@type":"ListItem","position":1,"name":"Home","item":"https:\/\/vosgesinfo.fr\/laplainedesvosgesinfo\/"},{"@type":"ListItem","position":2,"name":"Neufch\u00e2teau &#8211; En f\u00e9vrier venez guincher au Trait d&rsquo;Union !"}]},{"@type":"WebSite","@id":"https:\/\/vosgesinfo.fr\/laplainedesvosgesinfo\/#website","url":"https:\/\/vosgesinfo.fr\/laplainedesvosgesinfo\/","name":"La Plaine des Vosges","description":"Toute l&#039;actualit\u00e9 de la plaine de Vosges","publisher":{"@id":"https:\/\/vosgesinfo.fr\/laplainedesvosgesinfo\/#organization"},"alternateName":"Toute l'actualit\u00e9 de la plaine des Vosges","potentialAction":[{"@type":"SearchAction","target":{"@type":"EntryPoint","urlTemplate":"https:\/\/vosgesinfo.fr\/laplainedesvosgesinfo\/?s={search_term_string}"},"query-input":"required name=search_term_string"}],"inLanguage":"fr-FR"},{"@type":"Organization","@id":"https:\/\/vosgesinfo.fr\/laplainedesvosgesinfo\/#organization","name":"La Plaine des Vosges","url":"https:\/\/vosgesinfo.fr\/laplainedesvosgesinfo\/","logo":{"@type":"ImageObject","inLanguage":"fr-FR","@id":"https:\/\/vosgesinfo.fr\/laplainedesvosgesinfo\/#\/schema\/logo\/image\/","url":"https:\/\/vosgesinfo.fr\/app\/uploads\/sites\/2\/2023\/08\/logo-laplaineinfo.svg","contentUrl":"https:\/\/vosgesinfo.fr\/app\/uploads\/sites\/2\/2023\/08\/logo-laplaineinfo.svg","width":1,"height":1,"caption":"La Plaine des Vosges"},"image":{"@id":"https:\/\/vosgesinfo.fr\/laplainedesvosgesinfo\/#\/schema\/logo\/image\/"},"sameAs":["https:\/\/www.facebook.com\/laplainedesvosges","https:\/\/x.com\/VosgesInfo88","https:\/\/www.youtube.com\/@vosgesinfo"]},{"@type":"Person","@id":"https:\/\/vosgesinfo.fr\/laplainedesvosgesinfo\/#\/schema\/person\/bc5d02d71e6932e81b6dadb7386667b1","name":"qs_admin","image":{"@type":"ImageObject","inLanguage":"fr-FR","@id":"https:\/\/vosgesinfo.fr\/laplainedesvosgesinfo\/#\/schema\/person\/image\/","url":"https:\/\/secure.gravatar.com\/avatar\/94b18ee0ed79e4a42ea2f2931277b6841a8999fc6fde214600c78057cf1fe1de?s=96&d=mm&r=g","contentUrl":"https:\/\/secure.gravatar.com\/avatar\/94b18ee0ed79e4a42ea2f2931277b6841a8999fc6fde214600c78057cf1fe1de?s=96&d=mm&r=g","caption":"qs_admin"},"sameAs":["https:\/\/vosgesinfo.fr\/wp"],"url":"https:\/\/vosgesinfo.fr\/laplainedesvosgesinfo\/author\/qs_admin\/"}]}},"_links":{"self":[{"href":"https:\/\/vosgesinfo.fr\/laplainedesvosgesinfo\/wp-json\/wp\/v2\/posts\/2356","targetHints":{"allow":["GET"]}}],"collection":[{"href":"https:\/\/vosgesinfo.fr\/laplainedesvosgesinfo\/wp-json\/wp\/v2\/posts"}],"about":[{"href":"https:\/\/vosgesinfo.fr\/laplainedesvosgesinfo\/wp-json\/wp\/v2\/types\/post"}],"author":[{"embeddable":true,"href":"https:\/\/vosgesinfo.fr\/laplainedesvosgesinfo\/wp-json\/wp\/v2\/users\/1"}],"replies":[{"embeddable":true,"href":"https:\/\/vosgesinfo.fr\/laplainedesvosgesinfo\/wp-json\/wp\/v2\/comments?post=2356"}],"version-history":[{"count":0,"href":"https:\/\/vosgesinfo.fr\/laplainedesvosgesinfo\/wp-json\/wp\/v2\/posts\/2356\/revisions"}],"wp:featuredmedia":[{"embeddable":true,"href":"https:\/\/vosgesinfo.fr\/laplainedesvosgesinfo\/wp-json\/wp\/v2\/media\/2357"}],"wp:attachment":[{"href":"https:\/\/vosgesinfo.fr\/laplainedesvosgesinfo\/wp-json\/wp\/v2\/media?parent=2356"}],"wp:term":[{"taxonomy":"category","embeddable":true,"href":"https:\/\/vosgesinfo.fr\/laplainedesvosgesinfo\/wp-json\/wp\/v2\/categories?post=2356"},{"taxonomy":"post_tag","embeddable":true,"href":"https:\/\/vosgesinfo.fr\/laplainedesvosgesinfo\/wp-json\/wp\/v2\/tags?post=2356"}],"curies":[{"name":"wp","href":"https:\/\/api.w.org\/{rel}","templated":true}]}}