{"id":23610,"date":"2022-09-12T10:33:14","date_gmt":"2022-09-12T08:33:14","guid":{"rendered":"https:\/\/vosgesinfo.fr\/laplainedesvosgesinfo\/2022\/09\/accident-a-sionne-le-conducteur-domicilie-a-coussey-est-decede\/"},"modified":"2022-09-12T10:33:14","modified_gmt":"2022-09-12T08:33:14","slug":"accident-a-sionne-le-conducteur-domicilie-a-coussey-est-decede","status":"publish","type":"post","link":"https:\/\/vosgesinfo.fr\/laplainedesvosgesinfo\/2022\/09\/accident-a-sionne-le-conducteur-domicilie-a-coussey-est-decede\/","title":{"rendered":"Accident \u00e0 Sionne : le conducteur domicili\u00e9 \u00e0 Coussey est d\u00e9c\u00e9d\u00e9"},"content":{"rendered":"<p style=\"text-align: center;\">\u00a0<a href=\"\/2022\/09\/13.jpg\"><img decoding=\"async\" class=\"alignnone size-medium wp-image-132283\" src=\"\/2022\/09\/13-400x230.jpg\" alt=\"1\" width=\"400\" height=\"230\" \/><\/a><\/p>\n<p><span id=\"p0\">Hier, dimanche, \u00e0\u00a0<span id=\"5\" class=\"s-bl-t\">20h30<\/span>, les sapeurs-pompiers se sont rendus sur la commune de\u00a0<span id=\"6\" class=\"s-rg-t\">Sionne<\/span>\u00a0sur la d\u00e9partementale 3 entre Liffol-le-Grand et\u00a0<span id=\"7\" class=\"s-rg-t\">Coussey<\/span>\u00a0pour un accident de la route impliquant un seul v\u00e9hicule.<\/span><\/p>\n<p><span id=\"p17\">Les deux hommes rentraient du moto-cross qui avait lieu \u00e0 quelques kilom\u00e8tres du lieu de l&rsquo;accident. Pour une raison ind\u00e9termin\u00e9e, la voiture a quitt\u00e9 la chauss\u00e9e pour percuter le talus sur plusieurs m\u00e8tres avant de basculer sur le toit.<\/span><\/p>\n<p><span id=\"p2\">Le conducteur \u00e2g\u00e9 de 35 ans,\u00a0<span id=\"11\">domicili\u00e9<\/span>\u00a0\u00e0\u00a0<span id=\"12\">Coussey<\/span>, papa de trois enfants est d\u00e9c\u00e9d\u00e9 sur le coup, il a\u00a0d\u00fb\u00a0\u00eatre\u00a0<span id=\"14\">d\u00e9sincarc\u00e9r\u00e9<\/span>\u00a0de\u00a0<span id=\"15\">son v\u00e9hicule<\/span>. Le passager a lui \u00e9t\u00e9 \u00e9ject\u00e9 sous la violence du choc. O<\/span><span id=\"p18\">riginaire lui aussi de\u00a0<span id=\"19\">Coussey, il<\/span> a \u00e9t\u00e9 transport\u00e9 au centre hospitalier de l&rsquo;Ouest Vosgien avec une suspicion de fracture du tibia p\u00e9ron\u00e9.<\/span><\/p>\n<p>C&rsquo;est tr\u00e8s malheureusement la 19\u00e8me personnes \u00e0 trouv\u00e9 la mort sur les routes vosgiennes.<\/p>\n","protected":false},"excerpt":{"rendered":"<p>\u00a0 Hier, dimanche, \u00e0\u00a020h30, les sapeurs-pompiers se sont rendus sur la commune de\u00a0Sionne\u00a0sur la d\u00e9partementale 3 entre Liffol-le-Grand et\u00a0Coussey\u00a0pour un [&hellip;]<\/p>\n","protected":false},"author":1,"featured_media":441,"comment_status":"open","ping_status":"open","sticky":false,"template":"","format":"standard","meta":{"footnotes":""},"categories":[29,8,22],"tags":[1972],"class_list":["post-23610","post","type-post","status-publish","format-standard","has-post-thumbnail","hentry","category-a-la-une","category-faits-divers","category-neufchateau","tag-accident-de-la-route"],"acf":[],"yoast_head":"<!-- This site is optimized with the Yoast SEO plugin v22.5 - https:\/\/yoast.com\/wordpress\/plugins\/seo\/ -->\n<title>Accident \u00e0 Sionne : le conducteur domicili\u00e9 \u00e0 Coussey est d\u00e9c\u00e9d\u00e9 - La Plaine des Vosges<\/title>\n<meta name=\"robots\" content=\"index, follow, max-snippet:-1, max-image-preview:large, max-video-preview:-1\" \/>\n<link rel=\"canonical\" href=\"https:\/\/vosgesinfo.fr\/laplainedesvosgesinfo\/2022\/09\/accident-a-sionne-le-conducteur-domicilie-a-coussey-est-decede\/\" \/>\n<meta name=\"twitter:card\" content=\"summary_large_image\" \/>\n<meta name=\"twitter:title\" content=\"Accident \u00e0 Sionne : le conducteur domicili\u00e9 \u00e0 Coussey est d\u00e9c\u00e9d\u00e9 - La Plaine des Vosges\" \/>\n<meta name=\"twitter:description\" content=\"\u00a0 Hier, dimanche, \u00e0\u00a020h30, les sapeurs-pompiers se sont rendus sur la commune de\u00a0Sionne\u00a0sur la d\u00e9partementale 3 entre Liffol-le-Grand et\u00a0Coussey\u00a0pour un [&hellip;]\" \/>\n<meta name=\"twitter:image\" content=\"https:\/\/vosgesinfo.fr\/app\/uploads\/sites\/2\/2023\/09\/13.jpg\" \/>\n<meta name=\"twitter:creator\" content=\"@VosgesInfo88\" \/>\n<meta name=\"twitter:site\" content=\"@VosgesInfo88\" \/>\n<meta name=\"twitter:label1\" content=\"\u00c9crit par\" \/>\n\t<meta name=\"twitter:data1\" content=\"qs_admin\" \/>\n\t<meta name=\"twitter:label2\" content=\"Dur\u00e9e de lecture estim\u00e9e\" \/>\n\t<meta name=\"twitter:data2\" content=\"1 minute\" \/>\n<script type=\"application\/ld+json\" class=\"yoast-schema-graph\">{\"@context\":\"https:\/\/schema.org\",\"@graph\":[{\"@type\":\"Article\",\"@id\":\"https:\/\/vosgesinfo.fr\/laplainedesvosgesinfo\/2022\/09\/accident-a-sionne-le-conducteur-domicilie-a-coussey-est-decede\/#article\",\"isPartOf\":{\"@id\":\"https:\/\/vosgesinfo.fr\/laplainedesvosgesinfo\/2022\/09\/accident-a-sionne-le-conducteur-domicilie-a-coussey-est-decede\/\"},\"author\":{\"name\":\"qs_admin\",\"@id\":\"https:\/\/vosgesinfo.fr\/laplainedesvosgesinfo\/#\/schema\/person\/bc5d02d71e6932e81b6dadb7386667b1\"},\"headline\":\"Accident \u00e0 Sionne : le conducteur domicili\u00e9 \u00e0 Coussey est d\u00e9c\u00e9d\u00e9\",\"datePublished\":\"2022-09-12T08:33:14+00:00\",\"dateModified\":\"2022-09-12T08:33:14+00:00\",\"mainEntityOfPage\":{\"@id\":\"https:\/\/vosgesinfo.fr\/laplainedesvosgesinfo\/2022\/09\/accident-a-sionne-le-conducteur-domicilie-a-coussey-est-decede\/\"},\"wordCount\":167,\"commentCount\":0,\"publisher\":{\"@id\":\"https:\/\/vosgesinfo.fr\/laplainedesvosgesinfo\/#organization\"},\"image\":{\"@id\":\"https:\/\/vosgesinfo.fr\/laplainedesvosgesinfo\/2022\/09\/accident-a-sionne-le-conducteur-domicilie-a-coussey-est-decede\/#primaryimage\"},\"thumbnailUrl\":\"https:\/\/vosgesinfo.fr\/app\/uploads\/sites\/2\/2023\/09\/13.jpg\",\"keywords\":[\"accident de la route\"],\"articleSection\":[\"A la Une\",\"Faits-divers\",\"Neufch\u00e2teau\"],\"inLanguage\":\"fr-FR\",\"potentialAction\":[{\"@type\":\"CommentAction\",\"name\":\"Comment\",\"target\":[\"https:\/\/vosgesinfo.fr\/laplainedesvosgesinfo\/2022\/09\/accident-a-sionne-le-conducteur-domicilie-a-coussey-est-decede\/#respond\"]}]},{\"@type\":\"WebPage\",\"@id\":\"https:\/\/vosgesinfo.fr\/laplainedesvosgesinfo\/2022\/09\/accident-a-sionne-le-conducteur-domicilie-a-coussey-est-decede\/\",\"url\":\"https:\/\/vosgesinfo.fr\/laplainedesvosgesinfo\/2022\/09\/accident-a-sionne-le-conducteur-domicilie-a-coussey-est-decede\/\",\"name\":\"Accident \u00e0 Sionne : le conducteur domicili\u00e9 \u00e0 Coussey est d\u00e9c\u00e9d\u00e9 - La Plaine des Vosges\",\"isPartOf\":{\"@id\":\"https:\/\/vosgesinfo.fr\/laplainedesvosgesinfo\/#website\"},\"primaryImageOfPage\":{\"@id\":\"https:\/\/vosgesinfo.fr\/laplainedesvosgesinfo\/2022\/09\/accident-a-sionne-le-conducteur-domicilie-a-coussey-est-decede\/#primaryimage\"},\"image\":{\"@id\":\"https:\/\/vosgesinfo.fr\/laplainedesvosgesinfo\/2022\/09\/accident-a-sionne-le-conducteur-domicilie-a-coussey-est-decede\/#primaryimage\"},\"thumbnailUrl\":\"https:\/\/vosgesinfo.fr\/app\/uploads\/sites\/2\/2023\/09\/13.jpg\",\"datePublished\":\"2022-09-12T08:33:14+00:00\",\"dateModified\":\"2022-09-12T08:33:14+00:00\",\"breadcrumb\":{\"@id\":\"https:\/\/vosgesinfo.fr\/laplainedesvosgesinfo\/2022\/09\/accident-a-sionne-le-conducteur-domicilie-a-coussey-est-decede\/#breadcrumb\"},\"inLanguage\":\"fr-FR\",\"potentialAction\":[{\"@type\":\"ReadAction\",\"target\":[\"https:\/\/vosgesinfo.fr\/laplainedesvosgesinfo\/2022\/09\/accident-a-sionne-le-conducteur-domicilie-a-coussey-est-decede\/\"]}]},{\"@type\":\"ImageObject\",\"inLanguage\":\"fr-FR\",\"@id\":\"https:\/\/vosgesinfo.fr\/laplainedesvosgesinfo\/2022\/09\/accident-a-sionne-le-conducteur-domicilie-a-coussey-est-decede\/#primaryimage\",\"url\":\"https:\/\/vosgesinfo.fr\/app\/uploads\/sites\/2\/2023\/09\/13.jpg\",\"contentUrl\":\"https:\/\/vosgesinfo.fr\/app\/uploads\/sites\/2\/2023\/09\/13.jpg\",\"width\":452,\"height\":640},{\"@type\":\"BreadcrumbList\",\"@id\":\"https:\/\/vosgesinfo.fr\/laplainedesvosgesinfo\/2022\/09\/accident-a-sionne-le-conducteur-domicilie-a-coussey-est-decede\/#breadcrumb\",\"itemListElement\":[{\"@type\":\"ListItem\",\"position\":1,\"name\":\"Home\",\"item\":\"https:\/\/vosgesinfo.fr\/laplainedesvosgesinfo\/\"},{\"@type\":\"ListItem\",\"position\":2,\"name\":\"Accident \u00e0 Sionne : le conducteur domicili\u00e9 \u00e0 Coussey est d\u00e9c\u00e9d\u00e9\"}]},{\"@type\":\"WebSite\",\"@id\":\"https:\/\/vosgesinfo.fr\/laplainedesvosgesinfo\/#website\",\"url\":\"https:\/\/vosgesinfo.fr\/laplainedesvosgesinfo\/\",\"name\":\"La Plaine des Vosges\",\"description\":\"Toute l&#039;actualit\u00e9 de la plaine de Vosges\",\"publisher\":{\"@id\":\"https:\/\/vosgesinfo.fr\/laplainedesvosgesinfo\/#organization\"},\"alternateName\":\"Toute l'actualit\u00e9 de la plaine des Vosges\",\"potentialAction\":[{\"@type\":\"SearchAction\",\"target\":{\"@type\":\"EntryPoint\",\"urlTemplate\":\"https:\/\/vosgesinfo.fr\/laplainedesvosgesinfo\/?s={search_term_string}\"},\"query-input\":\"required name=search_term_string\"}],\"inLanguage\":\"fr-FR\"},{\"@type\":\"Organization\",\"@id\":\"https:\/\/vosgesinfo.fr\/laplainedesvosgesinfo\/#organization\",\"name\":\"La Plaine des Vosges\",\"url\":\"https:\/\/vosgesinfo.fr\/laplainedesvosgesinfo\/\",\"logo\":{\"@type\":\"ImageObject\",\"inLanguage\":\"fr-FR\",\"@id\":\"https:\/\/vosgesinfo.fr\/laplainedesvosgesinfo\/#\/schema\/logo\/image\/\",\"url\":\"https:\/\/vosgesinfo.fr\/app\/uploads\/sites\/2\/2023\/08\/logo-laplaineinfo.svg\",\"contentUrl\":\"https:\/\/vosgesinfo.fr\/app\/uploads\/sites\/2\/2023\/08\/logo-laplaineinfo.svg\",\"width\":1,\"height\":1,\"caption\":\"La Plaine des Vosges\"},\"image\":{\"@id\":\"https:\/\/vosgesinfo.fr\/laplainedesvosgesinfo\/#\/schema\/logo\/image\/\"},\"sameAs\":[\"https:\/\/www.facebook.com\/laplainedesvosges\",\"https:\/\/x.com\/VosgesInfo88\",\"https:\/\/www.youtube.com\/@vosgesinfo\"]},{\"@type\":\"Person\",\"@id\":\"https:\/\/vosgesinfo.fr\/laplainedesvosgesinfo\/#\/schema\/person\/bc5d02d71e6932e81b6dadb7386667b1\",\"name\":\"qs_admin\",\"image\":{\"@type\":\"ImageObject\",\"inLanguage\":\"fr-FR\",\"@id\":\"https:\/\/vosgesinfo.fr\/laplainedesvosgesinfo\/#\/schema\/person\/image\/\",\"url\":\"https:\/\/secure.gravatar.com\/avatar\/94b18ee0ed79e4a42ea2f2931277b6841a8999fc6fde214600c78057cf1fe1de?s=96&d=mm&r=g\",\"contentUrl\":\"https:\/\/secure.gravatar.com\/avatar\/94b18ee0ed79e4a42ea2f2931277b6841a8999fc6fde214600c78057cf1fe1de?s=96&d=mm&r=g\",\"caption\":\"qs_admin\"},\"sameAs\":[\"https:\/\/vosgesinfo.fr\/wp\"],\"url\":\"https:\/\/vosgesinfo.fr\/laplainedesvosgesinfo\/author\/qs_admin\/\"}]}<\/script>\n<!-- \/ Yoast SEO plugin. -->","yoast_head_json":{"title":"Accident \u00e0 Sionne : le conducteur domicili\u00e9 \u00e0 Coussey est d\u00e9c\u00e9d\u00e9 - La Plaine des Vosges","robots":{"index":"index","follow":"follow","max-snippet":"max-snippet:-1","max-image-preview":"max-image-preview:large","max-video-preview":"max-video-preview:-1"},"canonical":"https:\/\/vosgesinfo.fr\/laplainedesvosgesinfo\/2022\/09\/accident-a-sionne-le-conducteur-domicilie-a-coussey-est-decede\/","twitter_card":"summary_large_image","twitter_title":"Accident \u00e0 Sionne : le conducteur domicili\u00e9 \u00e0 Coussey est d\u00e9c\u00e9d\u00e9 - La Plaine des Vosges","twitter_description":"\u00a0 Hier, dimanche, \u00e0\u00a020h30, les sapeurs-pompiers se sont rendus sur la commune de\u00a0Sionne\u00a0sur la d\u00e9partementale 3 entre Liffol-le-Grand et\u00a0Coussey\u00a0pour un [&hellip;]","twitter_image":"https:\/\/vosgesinfo.fr\/app\/uploads\/sites\/2\/2023\/09\/13.jpg","twitter_creator":"@VosgesInfo88","twitter_site":"@VosgesInfo88","twitter_misc":{"\u00c9crit par":"qs_admin","Dur\u00e9e de lecture estim\u00e9e":"1 minute"},"schema":{"@context":"https:\/\/schema.org","@graph":[{"@type":"Article","@id":"https:\/\/vosgesinfo.fr\/laplainedesvosgesinfo\/2022\/09\/accident-a-sionne-le-conducteur-domicilie-a-coussey-est-decede\/#article","isPartOf":{"@id":"https:\/\/vosgesinfo.fr\/laplainedesvosgesinfo\/2022\/09\/accident-a-sionne-le-conducteur-domicilie-a-coussey-est-decede\/"},"author":{"name":"qs_admin","@id":"https:\/\/vosgesinfo.fr\/laplainedesvosgesinfo\/#\/schema\/person\/bc5d02d71e6932e81b6dadb7386667b1"},"headline":"Accident \u00e0 Sionne : le conducteur domicili\u00e9 \u00e0 Coussey est d\u00e9c\u00e9d\u00e9","datePublished":"2022-09-12T08:33:14+00:00","dateModified":"2022-09-12T08:33:14+00:00","mainEntityOfPage":{"@id":"https:\/\/vosgesinfo.fr\/laplainedesvosgesinfo\/2022\/09\/accident-a-sionne-le-conducteur-domicilie-a-coussey-est-decede\/"},"wordCount":167,"commentCount":0,"publisher":{"@id":"https:\/\/vosgesinfo.fr\/laplainedesvosgesinfo\/#organization"},"image":{"@id":"https:\/\/vosgesinfo.fr\/laplainedesvosgesinfo\/2022\/09\/accident-a-sionne-le-conducteur-domicilie-a-coussey-est-decede\/#primaryimage"},"thumbnailUrl":"https:\/\/vosgesinfo.fr\/app\/uploads\/sites\/2\/2023\/09\/13.jpg","keywords":["accident de la route"],"articleSection":["A la Une","Faits-divers","Neufch\u00e2teau"],"inLanguage":"fr-FR","potentialAction":[{"@type":"CommentAction","name":"Comment","target":["https:\/\/vosgesinfo.fr\/laplainedesvosgesinfo\/2022\/09\/accident-a-sionne-le-conducteur-domicilie-a-coussey-est-decede\/#respond"]}]},{"@type":"WebPage","@id":"https:\/\/vosgesinfo.fr\/laplainedesvosgesinfo\/2022\/09\/accident-a-sionne-le-conducteur-domicilie-a-coussey-est-decede\/","url":"https:\/\/vosgesinfo.fr\/laplainedesvosgesinfo\/2022\/09\/accident-a-sionne-le-conducteur-domicilie-a-coussey-est-decede\/","name":"Accident \u00e0 Sionne : le conducteur domicili\u00e9 \u00e0 Coussey est d\u00e9c\u00e9d\u00e9 - La Plaine des Vosges","isPartOf":{"@id":"https:\/\/vosgesinfo.fr\/laplainedesvosgesinfo\/#website"},"primaryImageOfPage":{"@id":"https:\/\/vosgesinfo.fr\/laplainedesvosgesinfo\/2022\/09\/accident-a-sionne-le-conducteur-domicilie-a-coussey-est-decede\/#primaryimage"},"image":{"@id":"https:\/\/vosgesinfo.fr\/laplainedesvosgesinfo\/2022\/09\/accident-a-sionne-le-conducteur-domicilie-a-coussey-est-decede\/#primaryimage"},"thumbnailUrl":"https:\/\/vosgesinfo.fr\/app\/uploads\/sites\/2\/2023\/09\/13.jpg","datePublished":"2022-09-12T08:33:14+00:00","dateModified":"2022-09-12T08:33:14+00:00","breadcrumb":{"@id":"https:\/\/vosgesinfo.fr\/laplainedesvosgesinfo\/2022\/09\/accident-a-sionne-le-conducteur-domicilie-a-coussey-est-decede\/#breadcrumb"},"inLanguage":"fr-FR","potentialAction":[{"@type":"ReadAction","target":["https:\/\/vosgesinfo.fr\/laplainedesvosgesinfo\/2022\/09\/accident-a-sionne-le-conducteur-domicilie-a-coussey-est-decede\/"]}]},{"@type":"ImageObject","inLanguage":"fr-FR","@id":"https:\/\/vosgesinfo.fr\/laplainedesvosgesinfo\/2022\/09\/accident-a-sionne-le-conducteur-domicilie-a-coussey-est-decede\/#primaryimage","url":"https:\/\/vosgesinfo.fr\/app\/uploads\/sites\/2\/2023\/09\/13.jpg","contentUrl":"https:\/\/vosgesinfo.fr\/app\/uploads\/sites\/2\/2023\/09\/13.jpg","width":452,"height":640},{"@type":"BreadcrumbList","@id":"https:\/\/vosgesinfo.fr\/laplainedesvosgesinfo\/2022\/09\/accident-a-sionne-le-conducteur-domicilie-a-coussey-est-decede\/#breadcrumb","itemListElement":[{"@type":"ListItem","position":1,"name":"Home","item":"https:\/\/vosgesinfo.fr\/laplainedesvosgesinfo\/"},{"@type":"ListItem","position":2,"name":"Accident \u00e0 Sionne : le conducteur domicili\u00e9 \u00e0 Coussey est d\u00e9c\u00e9d\u00e9"}]},{"@type":"WebSite","@id":"https:\/\/vosgesinfo.fr\/laplainedesvosgesinfo\/#website","url":"https:\/\/vosgesinfo.fr\/laplainedesvosgesinfo\/","name":"La Plaine des Vosges","description":"Toute l&#039;actualit\u00e9 de la plaine de Vosges","publisher":{"@id":"https:\/\/vosgesinfo.fr\/laplainedesvosgesinfo\/#organization"},"alternateName":"Toute l'actualit\u00e9 de la plaine des Vosges","potentialAction":[{"@type":"SearchAction","target":{"@type":"EntryPoint","urlTemplate":"https:\/\/vosgesinfo.fr\/laplainedesvosgesinfo\/?s={search_term_string}"},"query-input":"required name=search_term_string"}],"inLanguage":"fr-FR"},{"@type":"Organization","@id":"https:\/\/vosgesinfo.fr\/laplainedesvosgesinfo\/#organization","name":"La Plaine des Vosges","url":"https:\/\/vosgesinfo.fr\/laplainedesvosgesinfo\/","logo":{"@type":"ImageObject","inLanguage":"fr-FR","@id":"https:\/\/vosgesinfo.fr\/laplainedesvosgesinfo\/#\/schema\/logo\/image\/","url":"https:\/\/vosgesinfo.fr\/app\/uploads\/sites\/2\/2023\/08\/logo-laplaineinfo.svg","contentUrl":"https:\/\/vosgesinfo.fr\/app\/uploads\/sites\/2\/2023\/08\/logo-laplaineinfo.svg","width":1,"height":1,"caption":"La Plaine des Vosges"},"image":{"@id":"https:\/\/vosgesinfo.fr\/laplainedesvosgesinfo\/#\/schema\/logo\/image\/"},"sameAs":["https:\/\/www.facebook.com\/laplainedesvosges","https:\/\/x.com\/VosgesInfo88","https:\/\/www.youtube.com\/@vosgesinfo"]},{"@type":"Person","@id":"https:\/\/vosgesinfo.fr\/laplainedesvosgesinfo\/#\/schema\/person\/bc5d02d71e6932e81b6dadb7386667b1","name":"qs_admin","image":{"@type":"ImageObject","inLanguage":"fr-FR","@id":"https:\/\/vosgesinfo.fr\/laplainedesvosgesinfo\/#\/schema\/person\/image\/","url":"https:\/\/secure.gravatar.com\/avatar\/94b18ee0ed79e4a42ea2f2931277b6841a8999fc6fde214600c78057cf1fe1de?s=96&d=mm&r=g","contentUrl":"https:\/\/secure.gravatar.com\/avatar\/94b18ee0ed79e4a42ea2f2931277b6841a8999fc6fde214600c78057cf1fe1de?s=96&d=mm&r=g","caption":"qs_admin"},"sameAs":["https:\/\/vosgesinfo.fr\/wp"],"url":"https:\/\/vosgesinfo.fr\/laplainedesvosgesinfo\/author\/qs_admin\/"}]}},"_links":{"self":[{"href":"https:\/\/vosgesinfo.fr\/laplainedesvosgesinfo\/wp-json\/wp\/v2\/posts\/23610","targetHints":{"allow":["GET"]}}],"collection":[{"href":"https:\/\/vosgesinfo.fr\/laplainedesvosgesinfo\/wp-json\/wp\/v2\/posts"}],"about":[{"href":"https:\/\/vosgesinfo.fr\/laplainedesvosgesinfo\/wp-json\/wp\/v2\/types\/post"}],"author":[{"embeddable":true,"href":"https:\/\/vosgesinfo.fr\/laplainedesvosgesinfo\/wp-json\/wp\/v2\/users\/1"}],"replies":[{"embeddable":true,"href":"https:\/\/vosgesinfo.fr\/laplainedesvosgesinfo\/wp-json\/wp\/v2\/comments?post=23610"}],"version-history":[{"count":0,"href":"https:\/\/vosgesinfo.fr\/laplainedesvosgesinfo\/wp-json\/wp\/v2\/posts\/23610\/revisions"}],"wp:featuredmedia":[{"embeddable":true,"href":"https:\/\/vosgesinfo.fr\/laplainedesvosgesinfo\/wp-json\/wp\/v2\/media\/441"}],"wp:attachment":[{"href":"https:\/\/vosgesinfo.fr\/laplainedesvosgesinfo\/wp-json\/wp\/v2\/media?parent=23610"}],"wp:term":[{"taxonomy":"category","embeddable":true,"href":"https:\/\/vosgesinfo.fr\/laplainedesvosgesinfo\/wp-json\/wp\/v2\/categories?post=23610"},{"taxonomy":"post_tag","embeddable":true,"href":"https:\/\/vosgesinfo.fr\/laplainedesvosgesinfo\/wp-json\/wp\/v2\/tags?post=23610"}],"curies":[{"name":"wp","href":"https:\/\/api.w.org\/{rel}","templated":true}]}}