{"id":23757,"date":"2022-09-23T18:42:48","date_gmt":"2022-09-23T16:42:48","guid":{"rendered":"https:\/\/vosgesinfo.fr\/laplainedesvosgesinfo\/2022\/09\/nikolaos-lhistoire-plus-forte-que-la-legende-a-leglise-saint-nicolas\/"},"modified":"2022-09-23T18:42:48","modified_gmt":"2022-09-23T16:42:48","slug":"nikolaos-lhistoire-plus-forte-que-la-legende-a-leglise-saint-nicolas","status":"publish","type":"post","link":"https:\/\/vosgesinfo.fr\/laplainedesvosgesinfo\/2022\/09\/nikolaos-lhistoire-plus-forte-que-la-legende-a-leglise-saint-nicolas\/","title":{"rendered":"\u00abNIKOLAOS L&rsquo;histoire plus forte que la l\u00e9gende\u00bb \u00e0 l&rsquo;\u00e9glise Saint-Nicolas"},"content":{"rendered":"<div class=\"jg3vgc78 cgu29s5g alzwoclg om3e55n1 cqf1kptm lq84ybu9 hf30pyar fyn85a33\">\n<div class=\"alzwoclg cqf1kptm cgu29s5g lq84ybu9 hf30pyar\">\n<div class=\"alzwoclg cqf1kptm cgu29s5g lq84ybu9 hf30pyar\">\n<div class=\"alzwoclg cqf1kptm cgu29s5g lq84ybu9 hf30pyar om3e55n1\">\n<div class=\"alzwoclg cqf1kptm cgu29s5g i15ihif8 sl4bvocy lq84ybu9 efm7ts3d om3e55n1 mfclru0v\">\n<div class=\"\">\n<div class=\"om3e55n1\">\n<div class=\"sl5dfbbs g4tp4svg\">\n<div id=\"jsc_c_ge\" data-testid=\"mw_message_list\">\n<div class=\"hkn4rbhj qmz08dgh lq84ybu9 hf30pyar\">\n<div class=\"__fb-light-mode om3e55n1\">\n<div class=\"\">\n<div class=\"alzwoclg cqf1kptm om3e55n1\" tabindex=\"0\" data-scope=\"messages_table\" data-release-focus-from=\"CLICK\">\n<div class=\"alzwoclg\">\n<div class=\"alzwoclg cgu29s5g i15ihif8 aeinzg81\" data-testid=\"message-container\">\n<div class=\"k88nbmki alzwoclg cqf1kptm adechonz siu44isn lg77cbj3 gv6qu0l5\">\n<div class=\"alzwoclg mfclru0v\">\n<div class=\"hael596l alzwoclg cqf1kptm gvxzyvdx om3e55n1\">\n<div class=\"alzwoclg mfclru0v\">\n<div class=\"q46jt4gp aesu6q9g r5g9zsuq e4ay1f3w om3e55n1 lq84ybu9 hf30pyar rt34pxt2 jao8r537 pdqhzjwd dtqh1a21 l4uc2m3f t7p7dqev qsbzbi57 subw1o1z b0ur3jhr\" data-testid=\"solid-message-bubble\">\n<div class=\"bdao358l om3e55n1 g4tp4svg __fb-light-mode\">\n<div class=\"ztn2w49o n3t5jt4f k1z55t6l ne6e0wym pbevjfx6\" dir=\"auto\"><a href=\"\/2022\/09\/114.jpg\"><img decoding=\"async\" class=\"alignnone size-medium wp-image-132712 aligncenter\" src=\"\/2022\/09\/114-171x255.jpg\" alt=\"1\" width=\"171\" height=\"255\" \/><\/a><\/div>\n<div class=\"ztn2w49o n3t5jt4f k1z55t6l ne6e0wym pbevjfx6\" dir=\"auto\"><\/div>\n<div class=\"ztn2w49o n3t5jt4f k1z55t6l ne6e0wym pbevjfx6\" dir=\"auto\">\u00abNIKOLAOS L&rsquo;histoire plus forte que la l\u00e9gende\u00bb<\/div>\n<div class=\"ztn2w49o n3t5jt4f k1z55t6l ne6e0wym pbevjfx6\" dir=\"auto\">1477, la bataille de Nancy.<\/div>\n<div class=\"ztn2w49o n3t5jt4f k1z55t6l ne6e0wym pbevjfx6\" dir=\"auto\">L&rsquo;int\u00e9rieur de l&rsquo;\u00e9glise de Neufch\u00e2teau, dans un d\u00e9luge d&rsquo;illusions d&rsquo;optique, est toute enti\u00e8re secou\u00e9e par les assauts r\u00e9p\u00e9t\u00e9s des troupes de Charles le T\u00e9m\u00e9raire qui tentent de percer la d\u00e9fense de Ren\u00e9 II. Le Duc de Lorraine va-t-il encore pouvoir r\u00e9sister longtemps \u00e0 l&rsquo;ennemi bourguignon ?<\/div>\n<div class=\"ztn2w49o n3t5jt4f k1z55t6l ne6e0wym pbevjfx6\" dir=\"auto\">Les projections d&rsquo;images, vertigineuses, ont entrain\u00e9 le public au c\u0153ur des combats, impressionnants de r\u00e9alisme, prolong\u00e9s par le jeu d&rsquo;une centaine d&rsquo;acteurs et figurants.<\/div>\n<div class=\"ztn2w49o n3t5jt4f k1z55t6l ne6e0wym pbevjfx6\" dir=\"auto\">Ren\u00e9 II l&rsquo;a promis : s&rsquo;il remporte la victoire, il placera la destin\u00e9e de la Lorraine sous les auspices de ce saint que l&rsquo;on v\u00e9n\u00e8re d\u00e9j\u00e0 aux alentours. Il fera de saint Nicolas le patron de son duch\u00e9 ! Mais qui est-il vraiment ? Que sait-on de lui, de son histoire qui se confond parfois avec sa l\u00e9gende ?<\/div>\n<div class=\"ztn2w49o n3t5jt4f k1z55t6l ne6e0wym pbevjfx6\" dir=\"auto\">Alors que la bataille de Nancy enfle, le public est transport\u00e9 bien loin d&rsquo;ici, en Asie mineure, \u00e0 la charni\u00e8re des 3i\u00e8me et 4i\u00e8me si\u00e8cles. A l&rsquo;\u00e9poque de l&#8217;empire romain. Dans les cit\u00e9 de Patara et Myre, dans le port d&rsquo;Andriake. Les gouverneurs s&rsquo;y succ\u00e8dent, tant\u00f4t cl\u00e9ments, tant\u00f4t cruels envers la nouvelle secte de chr\u00e9tiens qui se refuse \u00e0 adorer le panth\u00e9on des dieux de Rome.<\/div>\n<div class=\"ztn2w49o n3t5jt4f k1z55t6l ne6e0wym pbevjfx6\" dir=\"auto\">L&rsquo;\u00e9glise de Neufch\u00e2teau s&rsquo;est transfigur\u00e9e en un th\u00e9\u00e2tre visuel immersif, fa\u00e7onn\u00e9e de sc\u00e8nes et paysages ensorcelants. L&rsquo;assistance touche au plus pr\u00e8s ces ailleurs d&rsquo;un autre \u00e2ge. Et l\u00e0, au creux de ce monde qui s&rsquo;appr\u00eate \u00e0 vivre de grands bouleversements, la voix d&rsquo;un homme s&rsquo;\u00e9l\u00e8ve, en d\u00e9fenseur des pauvres et des opprim\u00e9s, c\u00f4toyant sans distinction les petits comme les plus grands.<\/div>\n<div class=\"ztn2w49o n3t5jt4f k1z55t6l ne6e0wym pbevjfx6\" dir=\"auto\">Formidable trait d&rsquo;union entre la terre d&rsquo;ici-bas et les portes du ciel, il est la voix de Dieu et de la justice. Il est &#8230; NIKOLAOS.<\/div>\n<div class=\"ztn2w49o n3t5jt4f k1z55t6l ne6e0wym pbevjfx6\" dir=\"auto\">Pr\u00e9parez-vous \u00e0 embarquer pour 1h30 d&rsquo;un spectacle hors normes, port\u00e9 par le jeu r\u00e9el de nombreux intervenants, sur terre et dans les airs, et une immersion virtuelle au c\u0153ur de d\u00e9cors immenses en perp\u00e9tuelle mouvance.<\/div>\n<div class=\"ztn2w49o n3t5jt4f k1z55t6l ne6e0wym pbevjfx6\" dir=\"auto\">Une production VLJ Mise en sc\u00e8ne et musique de Damien Fontaine.<\/div>\n<div class=\"ztn2w49o n3t5jt4f k1z55t6l ne6e0wym pbevjfx6\" dir=\"auto\">Du 1er au 20 d\u00e9cembre, repr\u00e9sentations tous les soirs (sauf les lundis) \u00e0 19h et 21h.<\/div>\n<div class=\"ztn2w49o n3t5jt4f k1z55t6l ne6e0wym pbevjfx6\" dir=\"auto\"><\/div>\n<div class=\"ztn2w49o n3t5jt4f k1z55t6l ne6e0wym pbevjfx6\" dir=\"auto\">Pour prendre part \u00e0 l&rsquo;aventure, une r\u00e9union d&rsquo;information a lieu le vendredi 30 septembre 2022 \u00e0 19h00 \u00e0 la salle des f\u00eates de Neufch\u00e2teau.<\/div>\n<\/div>\n<\/div>\n<div class=\"k88nbmki alzwoclg cqf1kptm adechonz siu44isn gvxzyvdx cgu29s5g lg77cbj3\"><\/div>\n<\/div>\n<\/div>\n<div class=\"k88nbmki alzwoclg cqf1kptm adechonz siu44isn gvxzyvdx cgu29s5g lg77cbj3\"><\/div>\n<\/div>\n<div class=\"k88nbmki alzwoclg cqf1kptm adechonz siu44isn gvxzyvdx c7y9u1f0 lg77cbj3\"><\/div>\n<\/div>\n<div class=\"k88nbmki alzwoclg cqf1kptm adechonz siu44isn gvxzyvdx c7y9u1f0 lg77cbj3\"><\/div>\n<div class=\"k88nbmki alzwoclg cqf1kptm adechonz siu44isn gvxzyvdx cgu29s5g lg77cbj3\"><\/div>\n<\/div>\n<div class=\"k88nbmki alzwoclg cqf1kptm adechonz siu44isn gvxzyvdx c7y9u1f0 lg77cbj3\"><\/div>\n<\/div>\n<\/div>\n<\/div>\n<\/div>\n<div class=\"__fb-light-mode om3e55n1\">\n<div class=\"\">\n<div class=\"alzwoclg cqf1kptm om3e55n1\" tabindex=\"-1\" data-scope=\"messages_table\" data-release-focus-from=\"CLICK\">\n<div class=\"lg77cbj3 mfclru0v\"><\/div>\n<div class=\"alzwoclg\">\n<div class=\"k88nbmki alzwoclg cqf1kptm adechonz siu44isn gvxzyvdx c7y9u1f0 lg77cbj3 ryfx26p5 b0eko5f3\">\n<div class=\"jez8cy9q f1pz0i20 k27skwkl gldv74r8 alzwoclg\"><\/div>\n<\/div>\n<div class=\"alzwoclg cgu29s5g i15ihif8 aeinzg81\" data-testid=\"message-container\">\n<div class=\"k88nbmki alzwoclg cqf1kptm adechonz siu44isn lg77cbj3 gv6qu0l5\">\n<div class=\"alzwoclg mfclru0v\">\n<div class=\"hael596l alzwoclg cqf1kptm gvxzyvdx om3e55n1\">\n<div class=\"k88nbmki alzwoclg cqf1kptm adechonz siu44isn gvxzyvdx c7y9u1f0 lg77cbj3\">\n<div class=\"gvxzyvdx om3e55n1 b0ur3jhr\">\n<div class=\"gvxzyvdx\">\n<div class=\"alzwoclg cqf1kptm m8h3af8h l7ghb35v kjdc1dyq kmwttqpk om3e55n1 rt34pxt2 dtqh1a21 jao8r537 pdqhzjwd\">\n<div class=\"om3e55n1 mfclru0v ikduhi8d\">\n<div class=\"pytsy3co mfclru0v z6erz7xo bdao358l on4d8346 s8sjc6am myo4itp8 ekq1a7f9\"><\/div>\n<\/div>\n<\/div>\n<\/div>\n<div class=\"s8sjc6am bdao358l z6erz7xo on4d8346 myo4itp8 ekq1a7f9 n5x1ds47 i7znxohq ad4f6kqo l0q6b8ci rt34pxt2 jao8r537 dtqh1a21 pdqhzjwd l10tt5db\"><\/div>\n<div class=\"o9erhkwx dzqi5evh hupbnkgi hvb2xoa8 z6erz7xo on4d8346 jkp44r48 l10tt5db s8sjc6am myo4itp8 ekq1a7f9 pym4i58u ldembo95 mwa1sm0y hi696u2r\" data-visualcompletion=\"ignore\"><\/div>\n<\/div>\n<\/div>\n<\/div>\n<div class=\"k88nbmki alzwoclg cqf1kptm adechonz siu44isn gvxzyvdx cgu29s5g lg77cbj3\"><\/div>\n<\/div>\n<div class=\"k88nbmki alzwoclg cqf1kptm adechonz siu44isn gvxzyvdx c7y9u1f0 lg77cbj3\"><\/div>\n<\/div>\n<div class=\"k88nbmki alzwoclg cqf1kptm adechonz siu44isn gvxzyvdx c7y9u1f0 lg77cbj3\"><\/div>\n<div class=\"k88nbmki alzwoclg cqf1kptm adechonz siu44isn gvxzyvdx cgu29s5g lg77cbj3\"><\/div>\n<\/div>\n<div class=\"k88nbmki alzwoclg cqf1kptm adechonz siu44isn gvxzyvdx c7y9u1f0 lg77cbj3\"><\/div>\n<\/div>\n<div class=\"lg77cbj3 mfclru0v\"><\/div>\n<div class=\"qi72231t o9w3sbdw tav9wjvu flwp5yud tghlliq5 gkg15gwv s9ok87oh s9ljgwtm lxqftegz bf1zulr9 frfouenu bonavkto djs4p424 r7bn319e bdao358l fsf7x5fv tgm57n0e jez8cy9q s5oniofx m8h3af8h l7ghb35v kjdc1dyq kmwttqpk dnr7xe2t aeinzg81 cr00lzj9 rn8ck1ys s3jn8y49 fxk3tzhb jl2a5g8c f14ij5to l3ldwz01 icdlwmnq __fb-dark-mode  k1uss64g jobqx2lf ei4vcjb7 j98654j2 h8391g91 m0cukt09 kpwa50dg ta68dy8c os4ji0q5 s1m0hq7j aesu6q9g rj2hsocd e4ay1f3w b0ur3jhr spvqvc9t ikw5e13s ebnioo9u lq84ybu9 hf30pyar s8sjc6am rfd0zzc9\" tabindex=\"-1\">\n<div class=\"o9erhkwx dzqi5evh hupbnkgi hvb2xoa8 z6erz7xo on4d8346 jkp44r48 l10tt5db s8sjc6am myo4itp8 ekq1a7f9 pym4i58u ldembo95 mwa1sm0y\" data-visualcompletion=\"ignore\"><\/div>\n<\/div>\n<\/div>\n<\/div>\n<\/div>\n<div>\n<div class=\"om3e55n1\" tabindex=\"-1\" data-scope=\"messages_table\" data-release-focus-from=\"CLICK\">\n<div class=\"k88nbmki alzwoclg cqf1kptm adechonz siu44isn gvxzyvdx c7y9u1f0 lg77cbj3\">\n<div class=\"s9xz0pwp c4m0enpj g4qalytl ez8dtbzv\">\n<div class=\"jpa1ands t7p7dqev hsphh064 q6ul9yy4 pry8b2m5 i7rjuzed p8zq7ayg\">\n<div class=\"tsb96kwe hf30pyar lq84ybu9 nuz1ool1 ikw5e13s spvqvc9t\"><\/div>\n<div class=\"hsphh064 fzsidkae l3gxykhd\" data-scope=\"date_break\"><\/div>\n<\/div>\n<\/div>\n<\/div>\n<\/div>\n<\/div>\n<div class=\"__fb-light-mode om3e55n1\">\n<div class=\"\">\n<div class=\"alzwoclg cqf1kptm om3e55n1\" tabindex=\"-1\" data-scope=\"messages_table\" data-release-focus-from=\"CLICK\">\n<div class=\"alzwoclg\">\n<div class=\"k88nbmki alzwoclg cqf1kptm adechonz siu44isn gvxzyvdx c7y9u1f0 lg77cbj3 ryfx26p5 b0eko5f3\">\n<div class=\"jez8cy9q f1pz0i20 k27skwkl gldv74r8 alzwoclg\"><\/div>\n<\/div>\n<\/div>\n<div class=\"lg77cbj3 mfclru0v\"><\/div>\n<div class=\"qi72231t o9w3sbdw tav9wjvu flwp5yud tghlliq5 gkg15gwv s9ok87oh s9ljgwtm lxqftegz bf1zulr9 frfouenu bonavkto djs4p424 r7bn319e bdao358l fsf7x5fv tgm57n0e jez8cy9q s5oniofx m8h3af8h l7ghb35v kjdc1dyq kmwttqpk dnr7xe2t aeinzg81 cr00lzj9 rn8ck1ys s3jn8y49 fxk3tzhb jl2a5g8c f14ij5to l3ldwz01 icdlwmnq __fb-dark-mode  k1uss64g jobqx2lf ei4vcjb7 j98654j2 h8391g91 m0cukt09 kpwa50dg ta68dy8c os4ji0q5 s1m0hq7j aesu6q9g rj2hsocd e4ay1f3w b0ur3jhr spvqvc9t ikw5e13s ebnioo9u lq84ybu9 hf30pyar s8sjc6am rfd0zzc9\" tabindex=\"-1\"><\/div>\n<\/div>\n<\/div>\n<\/div>\n<\/div>\n<\/div>\n<div class=\"ebnioo9u rdsw9yci l10tt5db s8sjc6am\"><\/div>\n<\/div>\n<\/div>\n<\/div>\n<\/div>\n<\/div>\n<\/div>\n<div class=\"nuz1ool1 om3e55n1 mfclru0v\"><\/div>\n<\/div>\n<\/div>\n<div>\n<div class=\"alzwoclg gldv74r8 s1m0hq7j rj2hsocd k1z55t6l\">\n<div class=\"qi72231t o9w3sbdw nu7423ey tav9wjvu flwp5yud tghlliq5 gkg15gwv s9ok87oh s9ljgwtm lxqftegz bf1zulr9 frfouenu bonavkto djs4p424 r7bn319e bdao358l fsf7x5fv tgm57n0e jez8cy9q s5oniofx dnr7xe2t aeinzg81 om3e55n1 cr00lzj9 rn8ck1ys s3jn8y49 g4tp4svg o9erhkwx dzqi5evh hupbnkgi hvb2xoa8 fxk3tzhb jl2a5g8c f14ij5to l3ldwz01 icdlwmnq d2hqwtrz fzd7ma4j o9wcebwi lcfup58g i0rxk2l3 laatuukc b7mnygb8 iec8yc8l\" tabindex=\"0\"><\/div>\n<div class=\"om3e55n1 cgu29s5g ba4ynyj4\">\n<div class=\"s8sjc6am z6erz7xo alzwoclg jcxyg2ei i85zmo3j b0ur3jhr b7mnygb8 laatuukc a5zda31v iwr3bmeu qgj99rie jjdds37u\"><\/div>\n<div class=\"s8sjc6am z6erz7xo alzwoclg jcxyg2ei i85zmo3j b0ur3jhr b7mnygb8 laatuukc a5zda31v iwr3bmeu qgj99rie qy8gdob5\"><\/div>\n<div class=\"s8sjc6am z6erz7xo alzwoclg jcxyg2ei i85zmo3j b0ur3jhr b7mnygb8 laatuukc a5zda31v iwr3bmeu qgj99rie mim7t75o\"><\/div>\n<div class=\"cgu29s5g alzwoclg oo5upp5e\"><\/div>\n<\/div>\n<\/div>\n<\/div>\n","protected":false},"excerpt":{"rendered":"<p>\u00abNIKOLAOS L&rsquo;histoire plus forte que la l\u00e9gende\u00bb 1477, la bataille de Nancy. L&rsquo;int\u00e9rieur de l&rsquo;\u00e9glise de Neufch\u00e2teau, dans un d\u00e9luge [&hellip;]<\/p>\n","protected":false},"author":1,"featured_media":518,"comment_status":"open","ping_status":"open","sticky":false,"template":"","format":"standard","meta":{"footnotes":""},"categories":[29,22],"tags":[172,31],"class_list":["post-23757","post","type-post","status-publish","format-standard","has-post-thumbnail","hentry","category-a-la-une","category-neufchateau","tag-office-de-tourisme-de-louest-vosgien","tag-ville-de-neufchateau"],"acf":[],"yoast_head":"<!-- This site is optimized with the Yoast SEO plugin v22.5 - https:\/\/yoast.com\/wordpress\/plugins\/seo\/ -->\n<title>\u00abNIKOLAOS L&#039;histoire plus forte que la l\u00e9gende\u00bb \u00e0 l&#039;\u00e9glise Saint-Nicolas - La Plaine des Vosges<\/title>\n<meta name=\"robots\" content=\"index, follow, max-snippet:-1, max-image-preview:large, max-video-preview:-1\" \/>\n<link rel=\"canonical\" href=\"https:\/\/vosgesinfo.fr\/laplainedesvosgesinfo\/2022\/09\/nikolaos-lhistoire-plus-forte-que-la-legende-a-leglise-saint-nicolas\/\" \/>\n<meta name=\"twitter:card\" content=\"summary_large_image\" \/>\n<meta name=\"twitter:title\" content=\"\u00abNIKOLAOS L&#039;histoire plus forte que la l\u00e9gende\u00bb \u00e0 l&#039;\u00e9glise Saint-Nicolas - La Plaine des Vosges\" \/>\n<meta name=\"twitter:description\" content=\"\u00abNIKOLAOS L&rsquo;histoire plus forte que la l\u00e9gende\u00bb 1477, la bataille de Nancy. L&rsquo;int\u00e9rieur de l&rsquo;\u00e9glise de Neufch\u00e2teau, dans un d\u00e9luge [&hellip;]\" \/>\n<meta name=\"twitter:image\" content=\"https:\/\/vosgesinfo.fr\/app\/uploads\/sites\/2\/2023\/09\/114.jpg\" \/>\n<meta name=\"twitter:creator\" content=\"@VosgesInfo88\" \/>\n<meta name=\"twitter:site\" content=\"@VosgesInfo88\" \/>\n<meta name=\"twitter:label1\" content=\"\u00c9crit par\" \/>\n\t<meta name=\"twitter:data1\" content=\"qs_admin\" \/>\n\t<meta name=\"twitter:label2\" content=\"Dur\u00e9e de lecture estim\u00e9e\" \/>\n\t<meta name=\"twitter:data2\" content=\"2 minutes\" \/>\n<script type=\"application\/ld+json\" class=\"yoast-schema-graph\">{\"@context\":\"https:\/\/schema.org\",\"@graph\":[{\"@type\":\"Article\",\"@id\":\"https:\/\/vosgesinfo.fr\/laplainedesvosgesinfo\/2022\/09\/nikolaos-lhistoire-plus-forte-que-la-legende-a-leglise-saint-nicolas\/#article\",\"isPartOf\":{\"@id\":\"https:\/\/vosgesinfo.fr\/laplainedesvosgesinfo\/2022\/09\/nikolaos-lhistoire-plus-forte-que-la-legende-a-leglise-saint-nicolas\/\"},\"author\":{\"name\":\"qs_admin\",\"@id\":\"https:\/\/vosgesinfo.fr\/laplainedesvosgesinfo\/#\/schema\/person\/bc5d02d71e6932e81b6dadb7386667b1\"},\"headline\":\"\u00abNIKOLAOS L&rsquo;histoire plus forte que la l\u00e9gende\u00bb \u00e0 l&rsquo;\u00e9glise Saint-Nicolas\",\"datePublished\":\"2022-09-23T16:42:48+00:00\",\"dateModified\":\"2022-09-23T16:42:48+00:00\",\"mainEntityOfPage\":{\"@id\":\"https:\/\/vosgesinfo.fr\/laplainedesvosgesinfo\/2022\/09\/nikolaos-lhistoire-plus-forte-que-la-legende-a-leglise-saint-nicolas\/\"},\"wordCount\":456,\"commentCount\":0,\"publisher\":{\"@id\":\"https:\/\/vosgesinfo.fr\/laplainedesvosgesinfo\/#organization\"},\"image\":{\"@id\":\"https:\/\/vosgesinfo.fr\/laplainedesvosgesinfo\/2022\/09\/nikolaos-lhistoire-plus-forte-que-la-legende-a-leglise-saint-nicolas\/#primaryimage\"},\"thumbnailUrl\":\"https:\/\/vosgesinfo.fr\/app\/uploads\/sites\/2\/2023\/09\/114.jpg\",\"keywords\":[\"Office de Tourisme de l'Ouest Vosgien\",\"Ville de Neufch\u00e2teau\"],\"articleSection\":[\"A la Une\",\"Neufch\u00e2teau\"],\"inLanguage\":\"fr-FR\",\"potentialAction\":[{\"@type\":\"CommentAction\",\"name\":\"Comment\",\"target\":[\"https:\/\/vosgesinfo.fr\/laplainedesvosgesinfo\/2022\/09\/nikolaos-lhistoire-plus-forte-que-la-legende-a-leglise-saint-nicolas\/#respond\"]}]},{\"@type\":\"WebPage\",\"@id\":\"https:\/\/vosgesinfo.fr\/laplainedesvosgesinfo\/2022\/09\/nikolaos-lhistoire-plus-forte-que-la-legende-a-leglise-saint-nicolas\/\",\"url\":\"https:\/\/vosgesinfo.fr\/laplainedesvosgesinfo\/2022\/09\/nikolaos-lhistoire-plus-forte-que-la-legende-a-leglise-saint-nicolas\/\",\"name\":\"\u00abNIKOLAOS L'histoire plus forte que la l\u00e9gende\u00bb \u00e0 l'\u00e9glise Saint-Nicolas - La Plaine des Vosges\",\"isPartOf\":{\"@id\":\"https:\/\/vosgesinfo.fr\/laplainedesvosgesinfo\/#website\"},\"primaryImageOfPage\":{\"@id\":\"https:\/\/vosgesinfo.fr\/laplainedesvosgesinfo\/2022\/09\/nikolaos-lhistoire-plus-forte-que-la-legende-a-leglise-saint-nicolas\/#primaryimage\"},\"image\":{\"@id\":\"https:\/\/vosgesinfo.fr\/laplainedesvosgesinfo\/2022\/09\/nikolaos-lhistoire-plus-forte-que-la-legende-a-leglise-saint-nicolas\/#primaryimage\"},\"thumbnailUrl\":\"https:\/\/vosgesinfo.fr\/app\/uploads\/sites\/2\/2023\/09\/114.jpg\",\"datePublished\":\"2022-09-23T16:42:48+00:00\",\"dateModified\":\"2022-09-23T16:42:48+00:00\",\"breadcrumb\":{\"@id\":\"https:\/\/vosgesinfo.fr\/laplainedesvosgesinfo\/2022\/09\/nikolaos-lhistoire-plus-forte-que-la-legende-a-leglise-saint-nicolas\/#breadcrumb\"},\"inLanguage\":\"fr-FR\",\"potentialAction\":[{\"@type\":\"ReadAction\",\"target\":[\"https:\/\/vosgesinfo.fr\/laplainedesvosgesinfo\/2022\/09\/nikolaos-lhistoire-plus-forte-que-la-legende-a-leglise-saint-nicolas\/\"]}]},{\"@type\":\"ImageObject\",\"inLanguage\":\"fr-FR\",\"@id\":\"https:\/\/vosgesinfo.fr\/laplainedesvosgesinfo\/2022\/09\/nikolaos-lhistoire-plus-forte-que-la-legende-a-leglise-saint-nicolas\/#primaryimage\",\"url\":\"https:\/\/vosgesinfo.fr\/app\/uploads\/sites\/2\/2023\/09\/114.jpg\",\"contentUrl\":\"https:\/\/vosgesinfo.fr\/app\/uploads\/sites\/2\/2023\/09\/114.jpg\",\"width\":800,\"height\":460},{\"@type\":\"BreadcrumbList\",\"@id\":\"https:\/\/vosgesinfo.fr\/laplainedesvosgesinfo\/2022\/09\/nikolaos-lhistoire-plus-forte-que-la-legende-a-leglise-saint-nicolas\/#breadcrumb\",\"itemListElement\":[{\"@type\":\"ListItem\",\"position\":1,\"name\":\"Home\",\"item\":\"https:\/\/vosgesinfo.fr\/laplainedesvosgesinfo\/\"},{\"@type\":\"ListItem\",\"position\":2,\"name\":\"\u00abNIKOLAOS L&rsquo;histoire plus forte que la l\u00e9gende\u00bb \u00e0 l&rsquo;\u00e9glise Saint-Nicolas\"}]},{\"@type\":\"WebSite\",\"@id\":\"https:\/\/vosgesinfo.fr\/laplainedesvosgesinfo\/#website\",\"url\":\"https:\/\/vosgesinfo.fr\/laplainedesvosgesinfo\/\",\"name\":\"La Plaine des Vosges\",\"description\":\"Toute l&#039;actualit\u00e9 de la plaine de Vosges\",\"publisher\":{\"@id\":\"https:\/\/vosgesinfo.fr\/laplainedesvosgesinfo\/#organization\"},\"alternateName\":\"Toute l'actualit\u00e9 de la plaine des Vosges\",\"potentialAction\":[{\"@type\":\"SearchAction\",\"target\":{\"@type\":\"EntryPoint\",\"urlTemplate\":\"https:\/\/vosgesinfo.fr\/laplainedesvosgesinfo\/?s={search_term_string}\"},\"query-input\":\"required name=search_term_string\"}],\"inLanguage\":\"fr-FR\"},{\"@type\":\"Organization\",\"@id\":\"https:\/\/vosgesinfo.fr\/laplainedesvosgesinfo\/#organization\",\"name\":\"La Plaine des Vosges\",\"url\":\"https:\/\/vosgesinfo.fr\/laplainedesvosgesinfo\/\",\"logo\":{\"@type\":\"ImageObject\",\"inLanguage\":\"fr-FR\",\"@id\":\"https:\/\/vosgesinfo.fr\/laplainedesvosgesinfo\/#\/schema\/logo\/image\/\",\"url\":\"https:\/\/vosgesinfo.fr\/app\/uploads\/sites\/2\/2023\/08\/logo-laplaineinfo.svg\",\"contentUrl\":\"https:\/\/vosgesinfo.fr\/app\/uploads\/sites\/2\/2023\/08\/logo-laplaineinfo.svg\",\"width\":1,\"height\":1,\"caption\":\"La Plaine des Vosges\"},\"image\":{\"@id\":\"https:\/\/vosgesinfo.fr\/laplainedesvosgesinfo\/#\/schema\/logo\/image\/\"},\"sameAs\":[\"https:\/\/www.facebook.com\/laplainedesvosges\",\"https:\/\/x.com\/VosgesInfo88\",\"https:\/\/www.youtube.com\/@vosgesinfo\"]},{\"@type\":\"Person\",\"@id\":\"https:\/\/vosgesinfo.fr\/laplainedesvosgesinfo\/#\/schema\/person\/bc5d02d71e6932e81b6dadb7386667b1\",\"name\":\"qs_admin\",\"image\":{\"@type\":\"ImageObject\",\"inLanguage\":\"fr-FR\",\"@id\":\"https:\/\/vosgesinfo.fr\/laplainedesvosgesinfo\/#\/schema\/person\/image\/\",\"url\":\"https:\/\/secure.gravatar.com\/avatar\/94b18ee0ed79e4a42ea2f2931277b6841a8999fc6fde214600c78057cf1fe1de?s=96&d=mm&r=g\",\"contentUrl\":\"https:\/\/secure.gravatar.com\/avatar\/94b18ee0ed79e4a42ea2f2931277b6841a8999fc6fde214600c78057cf1fe1de?s=96&d=mm&r=g\",\"caption\":\"qs_admin\"},\"sameAs\":[\"https:\/\/vosgesinfo.fr\/wp\"],\"url\":\"https:\/\/vosgesinfo.fr\/laplainedesvosgesinfo\/author\/qs_admin\/\"}]}<\/script>\n<!-- \/ Yoast SEO plugin. -->","yoast_head_json":{"title":"\u00abNIKOLAOS L'histoire plus forte que la l\u00e9gende\u00bb \u00e0 l'\u00e9glise Saint-Nicolas - La Plaine des Vosges","robots":{"index":"index","follow":"follow","max-snippet":"max-snippet:-1","max-image-preview":"max-image-preview:large","max-video-preview":"max-video-preview:-1"},"canonical":"https:\/\/vosgesinfo.fr\/laplainedesvosgesinfo\/2022\/09\/nikolaos-lhistoire-plus-forte-que-la-legende-a-leglise-saint-nicolas\/","twitter_card":"summary_large_image","twitter_title":"\u00abNIKOLAOS L'histoire plus forte que la l\u00e9gende\u00bb \u00e0 l'\u00e9glise Saint-Nicolas - La Plaine des Vosges","twitter_description":"\u00abNIKOLAOS L&rsquo;histoire plus forte que la l\u00e9gende\u00bb 1477, la bataille de Nancy. L&rsquo;int\u00e9rieur de l&rsquo;\u00e9glise de Neufch\u00e2teau, dans un d\u00e9luge [&hellip;]","twitter_image":"https:\/\/vosgesinfo.fr\/app\/uploads\/sites\/2\/2023\/09\/114.jpg","twitter_creator":"@VosgesInfo88","twitter_site":"@VosgesInfo88","twitter_misc":{"\u00c9crit par":"qs_admin","Dur\u00e9e de lecture estim\u00e9e":"2 minutes"},"schema":{"@context":"https:\/\/schema.org","@graph":[{"@type":"Article","@id":"https:\/\/vosgesinfo.fr\/laplainedesvosgesinfo\/2022\/09\/nikolaos-lhistoire-plus-forte-que-la-legende-a-leglise-saint-nicolas\/#article","isPartOf":{"@id":"https:\/\/vosgesinfo.fr\/laplainedesvosgesinfo\/2022\/09\/nikolaos-lhistoire-plus-forte-que-la-legende-a-leglise-saint-nicolas\/"},"author":{"name":"qs_admin","@id":"https:\/\/vosgesinfo.fr\/laplainedesvosgesinfo\/#\/schema\/person\/bc5d02d71e6932e81b6dadb7386667b1"},"headline":"\u00abNIKOLAOS L&rsquo;histoire plus forte que la l\u00e9gende\u00bb \u00e0 l&rsquo;\u00e9glise Saint-Nicolas","datePublished":"2022-09-23T16:42:48+00:00","dateModified":"2022-09-23T16:42:48+00:00","mainEntityOfPage":{"@id":"https:\/\/vosgesinfo.fr\/laplainedesvosgesinfo\/2022\/09\/nikolaos-lhistoire-plus-forte-que-la-legende-a-leglise-saint-nicolas\/"},"wordCount":456,"commentCount":0,"publisher":{"@id":"https:\/\/vosgesinfo.fr\/laplainedesvosgesinfo\/#organization"},"image":{"@id":"https:\/\/vosgesinfo.fr\/laplainedesvosgesinfo\/2022\/09\/nikolaos-lhistoire-plus-forte-que-la-legende-a-leglise-saint-nicolas\/#primaryimage"},"thumbnailUrl":"https:\/\/vosgesinfo.fr\/app\/uploads\/sites\/2\/2023\/09\/114.jpg","keywords":["Office de Tourisme de l'Ouest Vosgien","Ville de Neufch\u00e2teau"],"articleSection":["A la Une","Neufch\u00e2teau"],"inLanguage":"fr-FR","potentialAction":[{"@type":"CommentAction","name":"Comment","target":["https:\/\/vosgesinfo.fr\/laplainedesvosgesinfo\/2022\/09\/nikolaos-lhistoire-plus-forte-que-la-legende-a-leglise-saint-nicolas\/#respond"]}]},{"@type":"WebPage","@id":"https:\/\/vosgesinfo.fr\/laplainedesvosgesinfo\/2022\/09\/nikolaos-lhistoire-plus-forte-que-la-legende-a-leglise-saint-nicolas\/","url":"https:\/\/vosgesinfo.fr\/laplainedesvosgesinfo\/2022\/09\/nikolaos-lhistoire-plus-forte-que-la-legende-a-leglise-saint-nicolas\/","name":"\u00abNIKOLAOS L'histoire plus forte que la l\u00e9gende\u00bb \u00e0 l'\u00e9glise Saint-Nicolas - La Plaine des Vosges","isPartOf":{"@id":"https:\/\/vosgesinfo.fr\/laplainedesvosgesinfo\/#website"},"primaryImageOfPage":{"@id":"https:\/\/vosgesinfo.fr\/laplainedesvosgesinfo\/2022\/09\/nikolaos-lhistoire-plus-forte-que-la-legende-a-leglise-saint-nicolas\/#primaryimage"},"image":{"@id":"https:\/\/vosgesinfo.fr\/laplainedesvosgesinfo\/2022\/09\/nikolaos-lhistoire-plus-forte-que-la-legende-a-leglise-saint-nicolas\/#primaryimage"},"thumbnailUrl":"https:\/\/vosgesinfo.fr\/app\/uploads\/sites\/2\/2023\/09\/114.jpg","datePublished":"2022-09-23T16:42:48+00:00","dateModified":"2022-09-23T16:42:48+00:00","breadcrumb":{"@id":"https:\/\/vosgesinfo.fr\/laplainedesvosgesinfo\/2022\/09\/nikolaos-lhistoire-plus-forte-que-la-legende-a-leglise-saint-nicolas\/#breadcrumb"},"inLanguage":"fr-FR","potentialAction":[{"@type":"ReadAction","target":["https:\/\/vosgesinfo.fr\/laplainedesvosgesinfo\/2022\/09\/nikolaos-lhistoire-plus-forte-que-la-legende-a-leglise-saint-nicolas\/"]}]},{"@type":"ImageObject","inLanguage":"fr-FR","@id":"https:\/\/vosgesinfo.fr\/laplainedesvosgesinfo\/2022\/09\/nikolaos-lhistoire-plus-forte-que-la-legende-a-leglise-saint-nicolas\/#primaryimage","url":"https:\/\/vosgesinfo.fr\/app\/uploads\/sites\/2\/2023\/09\/114.jpg","contentUrl":"https:\/\/vosgesinfo.fr\/app\/uploads\/sites\/2\/2023\/09\/114.jpg","width":800,"height":460},{"@type":"BreadcrumbList","@id":"https:\/\/vosgesinfo.fr\/laplainedesvosgesinfo\/2022\/09\/nikolaos-lhistoire-plus-forte-que-la-legende-a-leglise-saint-nicolas\/#breadcrumb","itemListElement":[{"@type":"ListItem","position":1,"name":"Home","item":"https:\/\/vosgesinfo.fr\/laplainedesvosgesinfo\/"},{"@type":"ListItem","position":2,"name":"\u00abNIKOLAOS L&rsquo;histoire plus forte que la l\u00e9gende\u00bb \u00e0 l&rsquo;\u00e9glise Saint-Nicolas"}]},{"@type":"WebSite","@id":"https:\/\/vosgesinfo.fr\/laplainedesvosgesinfo\/#website","url":"https:\/\/vosgesinfo.fr\/laplainedesvosgesinfo\/","name":"La Plaine des Vosges","description":"Toute l&#039;actualit\u00e9 de la plaine de Vosges","publisher":{"@id":"https:\/\/vosgesinfo.fr\/laplainedesvosgesinfo\/#organization"},"alternateName":"Toute l'actualit\u00e9 de la plaine des Vosges","potentialAction":[{"@type":"SearchAction","target":{"@type":"EntryPoint","urlTemplate":"https:\/\/vosgesinfo.fr\/laplainedesvosgesinfo\/?s={search_term_string}"},"query-input":"required name=search_term_string"}],"inLanguage":"fr-FR"},{"@type":"Organization","@id":"https:\/\/vosgesinfo.fr\/laplainedesvosgesinfo\/#organization","name":"La Plaine des Vosges","url":"https:\/\/vosgesinfo.fr\/laplainedesvosgesinfo\/","logo":{"@type":"ImageObject","inLanguage":"fr-FR","@id":"https:\/\/vosgesinfo.fr\/laplainedesvosgesinfo\/#\/schema\/logo\/image\/","url":"https:\/\/vosgesinfo.fr\/app\/uploads\/sites\/2\/2023\/08\/logo-laplaineinfo.svg","contentUrl":"https:\/\/vosgesinfo.fr\/app\/uploads\/sites\/2\/2023\/08\/logo-laplaineinfo.svg","width":1,"height":1,"caption":"La Plaine des Vosges"},"image":{"@id":"https:\/\/vosgesinfo.fr\/laplainedesvosgesinfo\/#\/schema\/logo\/image\/"},"sameAs":["https:\/\/www.facebook.com\/laplainedesvosges","https:\/\/x.com\/VosgesInfo88","https:\/\/www.youtube.com\/@vosgesinfo"]},{"@type":"Person","@id":"https:\/\/vosgesinfo.fr\/laplainedesvosgesinfo\/#\/schema\/person\/bc5d02d71e6932e81b6dadb7386667b1","name":"qs_admin","image":{"@type":"ImageObject","inLanguage":"fr-FR","@id":"https:\/\/vosgesinfo.fr\/laplainedesvosgesinfo\/#\/schema\/person\/image\/","url":"https:\/\/secure.gravatar.com\/avatar\/94b18ee0ed79e4a42ea2f2931277b6841a8999fc6fde214600c78057cf1fe1de?s=96&d=mm&r=g","contentUrl":"https:\/\/secure.gravatar.com\/avatar\/94b18ee0ed79e4a42ea2f2931277b6841a8999fc6fde214600c78057cf1fe1de?s=96&d=mm&r=g","caption":"qs_admin"},"sameAs":["https:\/\/vosgesinfo.fr\/wp"],"url":"https:\/\/vosgesinfo.fr\/laplainedesvosgesinfo\/author\/qs_admin\/"}]}},"_links":{"self":[{"href":"https:\/\/vosgesinfo.fr\/laplainedesvosgesinfo\/wp-json\/wp\/v2\/posts\/23757","targetHints":{"allow":["GET"]}}],"collection":[{"href":"https:\/\/vosgesinfo.fr\/laplainedesvosgesinfo\/wp-json\/wp\/v2\/posts"}],"about":[{"href":"https:\/\/vosgesinfo.fr\/laplainedesvosgesinfo\/wp-json\/wp\/v2\/types\/post"}],"author":[{"embeddable":true,"href":"https:\/\/vosgesinfo.fr\/laplainedesvosgesinfo\/wp-json\/wp\/v2\/users\/1"}],"replies":[{"embeddable":true,"href":"https:\/\/vosgesinfo.fr\/laplainedesvosgesinfo\/wp-json\/wp\/v2\/comments?post=23757"}],"version-history":[{"count":0,"href":"https:\/\/vosgesinfo.fr\/laplainedesvosgesinfo\/wp-json\/wp\/v2\/posts\/23757\/revisions"}],"wp:featuredmedia":[{"embeddable":true,"href":"https:\/\/vosgesinfo.fr\/laplainedesvosgesinfo\/wp-json\/wp\/v2\/media\/518"}],"wp:attachment":[{"href":"https:\/\/vosgesinfo.fr\/laplainedesvosgesinfo\/wp-json\/wp\/v2\/media?parent=23757"}],"wp:term":[{"taxonomy":"category","embeddable":true,"href":"https:\/\/vosgesinfo.fr\/laplainedesvosgesinfo\/wp-json\/wp\/v2\/categories?post=23757"},{"taxonomy":"post_tag","embeddable":true,"href":"https:\/\/vosgesinfo.fr\/laplainedesvosgesinfo\/wp-json\/wp\/v2\/tags?post=23757"}],"curies":[{"name":"wp","href":"https:\/\/api.w.org\/{rel}","templated":true}]}}