{"id":23922,"date":"2022-10-06T18:47:56","date_gmt":"2022-10-06T16:47:56","guid":{"rendered":"https:\/\/vosgesinfo.fr\/laplainedesvosgesinfo\/2022\/10\/neufchateau-le-feu-se-declare-dans-le-sous-sol-dun-commerce\/"},"modified":"2022-10-06T18:47:56","modified_gmt":"2022-10-06T16:47:56","slug":"neufchateau-le-feu-se-declare-dans-le-sous-sol-dun-commerce","status":"publish","type":"post","link":"https:\/\/vosgesinfo.fr\/laplainedesvosgesinfo\/2022\/10\/neufchateau-le-feu-se-declare-dans-le-sous-sol-dun-commerce\/","title":{"rendered":"Neufch\u00e2teau : Le feu se d\u00e9clare dans le sous-sol d&rsquo;un commerce"},"content":{"rendered":"<p><a href=\"\/2022\/10\/IMG_20221006_203837.jpg\"><img decoding=\"async\" class=\"alignnone size-medium wp-image-133236 aligncenter\" src=\"\/2022\/10\/IMG_20221006_203837-400x191.jpg\" alt=\"IMG_20221006_203837\" width=\"400\" height=\"191\" \/><\/a><\/p>\n<p><span id=\"p20\">Un incendie s&rsquo;est d\u00e9clar\u00e9 ce jeudi apr\u00e8s-midi \u00e0 17h15 au 28 rue de France \u00e0 la boutique MK28.<\/span><span id=\"p21\">\u00a0Trente-cinq sapeurs-pompiers des casernes de Neufch\u00e2teau, Liffol-le-Grand,\u00a0<span id=\"27\" class=\"s-rg-t\">Coussey<\/span>, Grand et\u00a0<span id=\"28\" class=\"s-rg-t\">Ch\u00e2tenois<\/span>\u00a0sous les ordres du chef de groupe le capitaine Xavier\u00a0<span id=\"29\" class=\"s-rg-t\">Breitel<\/span>\u00a0de\u00a0<span id=\"30\" class=\"s-rg-t\">Ch\u00e2tenois<\/span>.<\/span><br \/>\n<span id=\"p22\">Quatre lances \u00e0 eau auront \u00e9t\u00e9 n\u00e9cessaires pour contenir ce sinistre qui s&rsquo;est d\u00e9clar\u00e9 dans le sous-sol d&rsquo;un l&rsquo;immeuble o\u00f9 se\u00a0<span id=\"31\" class=\"s-ve-t\">trouvaient<\/span>\u00a0du mat\u00e9riel industriel, des mannequins ainsi que des v\u00eatements de l&rsquo;enseigne.<\/span><br \/>\n<span id=\"p36\">La fum\u00e9e s&rsquo;est d\u00e9plac\u00e9e dans la cage d&rsquo;escalier et a incommod\u00e9 le propri\u00e9taire du magasin de v\u00eatements, mais n&rsquo;a pas n\u00e9cessit\u00e9 de transfert vers le Centre Hospitalier de la ville.<\/span><span id=\"p24\"><\/span><br \/>\n<span id=\"p25\">Les hommes du feu ont utilis\u00e9 des motos ventilateur pour repousser les fum\u00e9es qui n&rsquo;ont pas affect\u00e9 le bureau de tabac mitoyen.<\/span><br \/>\n<span id=\"p26\">Le bureau de tabac sera bien ouvert d\u00e8s ce vendredi, Mohamed\u00a0<span id=\"34\" class=\"s-rg-t\">Kireche<\/span>\u00a0et son employ\u00e9 seront\u00a0quant\u00a0\u00e0 eux au ch\u00f4mage technique.<\/span><br \/>\n<span id=\"p7\">La rue de France a \u00e9t\u00e9 coup\u00e9e \u00e0 la circulation, Simon Leclerc, maire de la ville, Enedis et\u00a0<span id=\"19\" class=\"s-rg-t\">GrDF<\/span>\u00a0\u00e9taient pr\u00e9sent sur place.<\/span><\/p>\n\n<h2 dir=\"auto\"><\/h2>\n","protected":false},"excerpt":{"rendered":"<p>Un incendie s&rsquo;est d\u00e9clar\u00e9 ce jeudi apr\u00e8s-midi \u00e0 17h15 au 28 rue de France \u00e0 la boutique MK28.\u00a0Trente-cinq sapeurs-pompiers des [&hellip;]<\/p>\n","protected":false},"author":1,"featured_media":23923,"comment_status":"open","ping_status":"open","sticky":false,"template":"","format":"standard","meta":{"footnotes":""},"categories":[29,8,22],"tags":[704],"class_list":["post-23922","post","type-post","status-publish","format-standard","has-post-thumbnail","hentry","category-a-la-une","category-faits-divers","category-neufchateau","tag-feu"],"acf":[],"yoast_head":"<!-- This site is optimized with the Yoast SEO plugin v22.5 - https:\/\/yoast.com\/wordpress\/plugins\/seo\/ -->\n<title>Neufch\u00e2teau : Le feu se d\u00e9clare dans le sous-sol d&#039;un commerce - La Plaine des Vosges<\/title>\n<meta name=\"robots\" content=\"index, follow, max-snippet:-1, max-image-preview:large, max-video-preview:-1\" \/>\n<link rel=\"canonical\" href=\"https:\/\/vosgesinfo.fr\/laplainedesvosgesinfo\/2022\/10\/neufchateau-le-feu-se-declare-dans-le-sous-sol-dun-commerce\/\" \/>\n<meta name=\"twitter:card\" content=\"summary_large_image\" \/>\n<meta name=\"twitter:title\" content=\"Neufch\u00e2teau : Le feu se d\u00e9clare dans le sous-sol d&#039;un commerce - La Plaine des Vosges\" \/>\n<meta name=\"twitter:description\" content=\"Un incendie s&rsquo;est d\u00e9clar\u00e9 ce jeudi apr\u00e8s-midi \u00e0 17h15 au 28 rue de France \u00e0 la boutique MK28.\u00a0Trente-cinq sapeurs-pompiers des [&hellip;]\" \/>\n<meta name=\"twitter:image\" content=\"https:\/\/vosgesinfo.fr\/app\/uploads\/sites\/2\/2024\/07\/202210img-20221006-204028.jpg\" \/>\n<meta name=\"twitter:creator\" content=\"@VosgesInfo88\" \/>\n<meta name=\"twitter:site\" content=\"@VosgesInfo88\" \/>\n<meta name=\"twitter:label1\" content=\"\u00c9crit par\" \/>\n\t<meta name=\"twitter:data1\" content=\"qs_admin\" \/>\n\t<meta name=\"twitter:label2\" content=\"Dur\u00e9e de lecture estim\u00e9e\" \/>\n\t<meta name=\"twitter:data2\" content=\"1 minute\" \/>\n<script type=\"application\/ld+json\" class=\"yoast-schema-graph\">{\"@context\":\"https:\/\/schema.org\",\"@graph\":[{\"@type\":\"Article\",\"@id\":\"https:\/\/vosgesinfo.fr\/laplainedesvosgesinfo\/2022\/10\/neufchateau-le-feu-se-declare-dans-le-sous-sol-dun-commerce\/#article\",\"isPartOf\":{\"@id\":\"https:\/\/vosgesinfo.fr\/laplainedesvosgesinfo\/2022\/10\/neufchateau-le-feu-se-declare-dans-le-sous-sol-dun-commerce\/\"},\"author\":{\"name\":\"qs_admin\",\"@id\":\"https:\/\/vosgesinfo.fr\/laplainedesvosgesinfo\/#\/schema\/person\/bc5d02d71e6932e81b6dadb7386667b1\"},\"headline\":\"Neufch\u00e2teau : Le feu se d\u00e9clare dans le sous-sol d&rsquo;un commerce\",\"datePublished\":\"2022-10-06T16:47:56+00:00\",\"dateModified\":\"2022-10-06T16:47:56+00:00\",\"mainEntityOfPage\":{\"@id\":\"https:\/\/vosgesinfo.fr\/laplainedesvosgesinfo\/2022\/10\/neufchateau-le-feu-se-declare-dans-le-sous-sol-dun-commerce\/\"},\"wordCount\":214,\"commentCount\":0,\"publisher\":{\"@id\":\"https:\/\/vosgesinfo.fr\/laplainedesvosgesinfo\/#organization\"},\"image\":{\"@id\":\"https:\/\/vosgesinfo.fr\/laplainedesvosgesinfo\/2022\/10\/neufchateau-le-feu-se-declare-dans-le-sous-sol-dun-commerce\/#primaryimage\"},\"thumbnailUrl\":\"https:\/\/vosgesinfo.fr\/app\/uploads\/sites\/2\/2024\/07\/202210img-20221006-204028.jpg\",\"keywords\":[\"feu\"],\"articleSection\":[\"A la Une\",\"Faits-divers\",\"Neufch\u00e2teau\"],\"inLanguage\":\"fr-FR\",\"potentialAction\":[{\"@type\":\"CommentAction\",\"name\":\"Comment\",\"target\":[\"https:\/\/vosgesinfo.fr\/laplainedesvosgesinfo\/2022\/10\/neufchateau-le-feu-se-declare-dans-le-sous-sol-dun-commerce\/#respond\"]}]},{\"@type\":\"WebPage\",\"@id\":\"https:\/\/vosgesinfo.fr\/laplainedesvosgesinfo\/2022\/10\/neufchateau-le-feu-se-declare-dans-le-sous-sol-dun-commerce\/\",\"url\":\"https:\/\/vosgesinfo.fr\/laplainedesvosgesinfo\/2022\/10\/neufchateau-le-feu-se-declare-dans-le-sous-sol-dun-commerce\/\",\"name\":\"Neufch\u00e2teau : Le feu se d\u00e9clare dans le sous-sol d'un commerce - La Plaine des Vosges\",\"isPartOf\":{\"@id\":\"https:\/\/vosgesinfo.fr\/laplainedesvosgesinfo\/#website\"},\"primaryImageOfPage\":{\"@id\":\"https:\/\/vosgesinfo.fr\/laplainedesvosgesinfo\/2022\/10\/neufchateau-le-feu-se-declare-dans-le-sous-sol-dun-commerce\/#primaryimage\"},\"image\":{\"@id\":\"https:\/\/vosgesinfo.fr\/laplainedesvosgesinfo\/2022\/10\/neufchateau-le-feu-se-declare-dans-le-sous-sol-dun-commerce\/#primaryimage\"},\"thumbnailUrl\":\"https:\/\/vosgesinfo.fr\/app\/uploads\/sites\/2\/2024\/07\/202210img-20221006-204028.jpg\",\"datePublished\":\"2022-10-06T16:47:56+00:00\",\"dateModified\":\"2022-10-06T16:47:56+00:00\",\"breadcrumb\":{\"@id\":\"https:\/\/vosgesinfo.fr\/laplainedesvosgesinfo\/2022\/10\/neufchateau-le-feu-se-declare-dans-le-sous-sol-dun-commerce\/#breadcrumb\"},\"inLanguage\":\"fr-FR\",\"potentialAction\":[{\"@type\":\"ReadAction\",\"target\":[\"https:\/\/vosgesinfo.fr\/laplainedesvosgesinfo\/2022\/10\/neufchateau-le-feu-se-declare-dans-le-sous-sol-dun-commerce\/\"]}]},{\"@type\":\"ImageObject\",\"inLanguage\":\"fr-FR\",\"@id\":\"https:\/\/vosgesinfo.fr\/laplainedesvosgesinfo\/2022\/10\/neufchateau-le-feu-se-declare-dans-le-sous-sol-dun-commerce\/#primaryimage\",\"url\":\"https:\/\/vosgesinfo.fr\/app\/uploads\/sites\/2\/2024\/07\/202210img-20221006-204028.jpg\",\"contentUrl\":\"https:\/\/vosgesinfo.fr\/app\/uploads\/sites\/2\/2024\/07\/202210img-20221006-204028.jpg\",\"width\":800,\"height\":360},{\"@type\":\"BreadcrumbList\",\"@id\":\"https:\/\/vosgesinfo.fr\/laplainedesvosgesinfo\/2022\/10\/neufchateau-le-feu-se-declare-dans-le-sous-sol-dun-commerce\/#breadcrumb\",\"itemListElement\":[{\"@type\":\"ListItem\",\"position\":1,\"name\":\"Home\",\"item\":\"https:\/\/vosgesinfo.fr\/laplainedesvosgesinfo\/\"},{\"@type\":\"ListItem\",\"position\":2,\"name\":\"Neufch\u00e2teau : Le feu se d\u00e9clare dans le sous-sol d&rsquo;un commerce\"}]},{\"@type\":\"WebSite\",\"@id\":\"https:\/\/vosgesinfo.fr\/laplainedesvosgesinfo\/#website\",\"url\":\"https:\/\/vosgesinfo.fr\/laplainedesvosgesinfo\/\",\"name\":\"La Plaine des Vosges\",\"description\":\"Toute l&#039;actualit\u00e9 de la plaine de Vosges\",\"publisher\":{\"@id\":\"https:\/\/vosgesinfo.fr\/laplainedesvosgesinfo\/#organization\"},\"alternateName\":\"Toute l'actualit\u00e9 de la plaine des Vosges\",\"potentialAction\":[{\"@type\":\"SearchAction\",\"target\":{\"@type\":\"EntryPoint\",\"urlTemplate\":\"https:\/\/vosgesinfo.fr\/laplainedesvosgesinfo\/?s={search_term_string}\"},\"query-input\":\"required name=search_term_string\"}],\"inLanguage\":\"fr-FR\"},{\"@type\":\"Organization\",\"@id\":\"https:\/\/vosgesinfo.fr\/laplainedesvosgesinfo\/#organization\",\"name\":\"La Plaine des Vosges\",\"url\":\"https:\/\/vosgesinfo.fr\/laplainedesvosgesinfo\/\",\"logo\":{\"@type\":\"ImageObject\",\"inLanguage\":\"fr-FR\",\"@id\":\"https:\/\/vosgesinfo.fr\/laplainedesvosgesinfo\/#\/schema\/logo\/image\/\",\"url\":\"https:\/\/vosgesinfo.fr\/app\/uploads\/sites\/2\/2023\/08\/logo-laplaineinfo.svg\",\"contentUrl\":\"https:\/\/vosgesinfo.fr\/app\/uploads\/sites\/2\/2023\/08\/logo-laplaineinfo.svg\",\"width\":1,\"height\":1,\"caption\":\"La Plaine des Vosges\"},\"image\":{\"@id\":\"https:\/\/vosgesinfo.fr\/laplainedesvosgesinfo\/#\/schema\/logo\/image\/\"},\"sameAs\":[\"https:\/\/www.facebook.com\/laplainedesvosges\",\"https:\/\/x.com\/VosgesInfo88\",\"https:\/\/www.youtube.com\/@vosgesinfo\"]},{\"@type\":\"Person\",\"@id\":\"https:\/\/vosgesinfo.fr\/laplainedesvosgesinfo\/#\/schema\/person\/bc5d02d71e6932e81b6dadb7386667b1\",\"name\":\"qs_admin\",\"image\":{\"@type\":\"ImageObject\",\"inLanguage\":\"fr-FR\",\"@id\":\"https:\/\/vosgesinfo.fr\/laplainedesvosgesinfo\/#\/schema\/person\/image\/\",\"url\":\"https:\/\/secure.gravatar.com\/avatar\/94b18ee0ed79e4a42ea2f2931277b6841a8999fc6fde214600c78057cf1fe1de?s=96&d=mm&r=g\",\"contentUrl\":\"https:\/\/secure.gravatar.com\/avatar\/94b18ee0ed79e4a42ea2f2931277b6841a8999fc6fde214600c78057cf1fe1de?s=96&d=mm&r=g\",\"caption\":\"qs_admin\"},\"sameAs\":[\"https:\/\/vosgesinfo.fr\/wp\"],\"url\":\"https:\/\/vosgesinfo.fr\/laplainedesvosgesinfo\/author\/qs_admin\/\"}]}<\/script>\n<!-- \/ Yoast SEO plugin. -->","yoast_head_json":{"title":"Neufch\u00e2teau : Le feu se d\u00e9clare dans le sous-sol d'un commerce - La Plaine des Vosges","robots":{"index":"index","follow":"follow","max-snippet":"max-snippet:-1","max-image-preview":"max-image-preview:large","max-video-preview":"max-video-preview:-1"},"canonical":"https:\/\/vosgesinfo.fr\/laplainedesvosgesinfo\/2022\/10\/neufchateau-le-feu-se-declare-dans-le-sous-sol-dun-commerce\/","twitter_card":"summary_large_image","twitter_title":"Neufch\u00e2teau : Le feu se d\u00e9clare dans le sous-sol d'un commerce - La Plaine des Vosges","twitter_description":"Un incendie s&rsquo;est d\u00e9clar\u00e9 ce jeudi apr\u00e8s-midi \u00e0 17h15 au 28 rue de France \u00e0 la boutique MK28.\u00a0Trente-cinq sapeurs-pompiers des [&hellip;]","twitter_image":"https:\/\/vosgesinfo.fr\/app\/uploads\/sites\/2\/2024\/07\/202210img-20221006-204028.jpg","twitter_creator":"@VosgesInfo88","twitter_site":"@VosgesInfo88","twitter_misc":{"\u00c9crit par":"qs_admin","Dur\u00e9e de lecture estim\u00e9e":"1 minute"},"schema":{"@context":"https:\/\/schema.org","@graph":[{"@type":"Article","@id":"https:\/\/vosgesinfo.fr\/laplainedesvosgesinfo\/2022\/10\/neufchateau-le-feu-se-declare-dans-le-sous-sol-dun-commerce\/#article","isPartOf":{"@id":"https:\/\/vosgesinfo.fr\/laplainedesvosgesinfo\/2022\/10\/neufchateau-le-feu-se-declare-dans-le-sous-sol-dun-commerce\/"},"author":{"name":"qs_admin","@id":"https:\/\/vosgesinfo.fr\/laplainedesvosgesinfo\/#\/schema\/person\/bc5d02d71e6932e81b6dadb7386667b1"},"headline":"Neufch\u00e2teau : Le feu se d\u00e9clare dans le sous-sol d&rsquo;un commerce","datePublished":"2022-10-06T16:47:56+00:00","dateModified":"2022-10-06T16:47:56+00:00","mainEntityOfPage":{"@id":"https:\/\/vosgesinfo.fr\/laplainedesvosgesinfo\/2022\/10\/neufchateau-le-feu-se-declare-dans-le-sous-sol-dun-commerce\/"},"wordCount":214,"commentCount":0,"publisher":{"@id":"https:\/\/vosgesinfo.fr\/laplainedesvosgesinfo\/#organization"},"image":{"@id":"https:\/\/vosgesinfo.fr\/laplainedesvosgesinfo\/2022\/10\/neufchateau-le-feu-se-declare-dans-le-sous-sol-dun-commerce\/#primaryimage"},"thumbnailUrl":"https:\/\/vosgesinfo.fr\/app\/uploads\/sites\/2\/2024\/07\/202210img-20221006-204028.jpg","keywords":["feu"],"articleSection":["A la Une","Faits-divers","Neufch\u00e2teau"],"inLanguage":"fr-FR","potentialAction":[{"@type":"CommentAction","name":"Comment","target":["https:\/\/vosgesinfo.fr\/laplainedesvosgesinfo\/2022\/10\/neufchateau-le-feu-se-declare-dans-le-sous-sol-dun-commerce\/#respond"]}]},{"@type":"WebPage","@id":"https:\/\/vosgesinfo.fr\/laplainedesvosgesinfo\/2022\/10\/neufchateau-le-feu-se-declare-dans-le-sous-sol-dun-commerce\/","url":"https:\/\/vosgesinfo.fr\/laplainedesvosgesinfo\/2022\/10\/neufchateau-le-feu-se-declare-dans-le-sous-sol-dun-commerce\/","name":"Neufch\u00e2teau : Le feu se d\u00e9clare dans le sous-sol d'un commerce - La Plaine des Vosges","isPartOf":{"@id":"https:\/\/vosgesinfo.fr\/laplainedesvosgesinfo\/#website"},"primaryImageOfPage":{"@id":"https:\/\/vosgesinfo.fr\/laplainedesvosgesinfo\/2022\/10\/neufchateau-le-feu-se-declare-dans-le-sous-sol-dun-commerce\/#primaryimage"},"image":{"@id":"https:\/\/vosgesinfo.fr\/laplainedesvosgesinfo\/2022\/10\/neufchateau-le-feu-se-declare-dans-le-sous-sol-dun-commerce\/#primaryimage"},"thumbnailUrl":"https:\/\/vosgesinfo.fr\/app\/uploads\/sites\/2\/2024\/07\/202210img-20221006-204028.jpg","datePublished":"2022-10-06T16:47:56+00:00","dateModified":"2022-10-06T16:47:56+00:00","breadcrumb":{"@id":"https:\/\/vosgesinfo.fr\/laplainedesvosgesinfo\/2022\/10\/neufchateau-le-feu-se-declare-dans-le-sous-sol-dun-commerce\/#breadcrumb"},"inLanguage":"fr-FR","potentialAction":[{"@type":"ReadAction","target":["https:\/\/vosgesinfo.fr\/laplainedesvosgesinfo\/2022\/10\/neufchateau-le-feu-se-declare-dans-le-sous-sol-dun-commerce\/"]}]},{"@type":"ImageObject","inLanguage":"fr-FR","@id":"https:\/\/vosgesinfo.fr\/laplainedesvosgesinfo\/2022\/10\/neufchateau-le-feu-se-declare-dans-le-sous-sol-dun-commerce\/#primaryimage","url":"https:\/\/vosgesinfo.fr\/app\/uploads\/sites\/2\/2024\/07\/202210img-20221006-204028.jpg","contentUrl":"https:\/\/vosgesinfo.fr\/app\/uploads\/sites\/2\/2024\/07\/202210img-20221006-204028.jpg","width":800,"height":360},{"@type":"BreadcrumbList","@id":"https:\/\/vosgesinfo.fr\/laplainedesvosgesinfo\/2022\/10\/neufchateau-le-feu-se-declare-dans-le-sous-sol-dun-commerce\/#breadcrumb","itemListElement":[{"@type":"ListItem","position":1,"name":"Home","item":"https:\/\/vosgesinfo.fr\/laplainedesvosgesinfo\/"},{"@type":"ListItem","position":2,"name":"Neufch\u00e2teau : Le feu se d\u00e9clare dans le sous-sol d&rsquo;un commerce"}]},{"@type":"WebSite","@id":"https:\/\/vosgesinfo.fr\/laplainedesvosgesinfo\/#website","url":"https:\/\/vosgesinfo.fr\/laplainedesvosgesinfo\/","name":"La Plaine des Vosges","description":"Toute l&#039;actualit\u00e9 de la plaine de Vosges","publisher":{"@id":"https:\/\/vosgesinfo.fr\/laplainedesvosgesinfo\/#organization"},"alternateName":"Toute l'actualit\u00e9 de la plaine des Vosges","potentialAction":[{"@type":"SearchAction","target":{"@type":"EntryPoint","urlTemplate":"https:\/\/vosgesinfo.fr\/laplainedesvosgesinfo\/?s={search_term_string}"},"query-input":"required name=search_term_string"}],"inLanguage":"fr-FR"},{"@type":"Organization","@id":"https:\/\/vosgesinfo.fr\/laplainedesvosgesinfo\/#organization","name":"La Plaine des Vosges","url":"https:\/\/vosgesinfo.fr\/laplainedesvosgesinfo\/","logo":{"@type":"ImageObject","inLanguage":"fr-FR","@id":"https:\/\/vosgesinfo.fr\/laplainedesvosgesinfo\/#\/schema\/logo\/image\/","url":"https:\/\/vosgesinfo.fr\/app\/uploads\/sites\/2\/2023\/08\/logo-laplaineinfo.svg","contentUrl":"https:\/\/vosgesinfo.fr\/app\/uploads\/sites\/2\/2023\/08\/logo-laplaineinfo.svg","width":1,"height":1,"caption":"La Plaine des Vosges"},"image":{"@id":"https:\/\/vosgesinfo.fr\/laplainedesvosgesinfo\/#\/schema\/logo\/image\/"},"sameAs":["https:\/\/www.facebook.com\/laplainedesvosges","https:\/\/x.com\/VosgesInfo88","https:\/\/www.youtube.com\/@vosgesinfo"]},{"@type":"Person","@id":"https:\/\/vosgesinfo.fr\/laplainedesvosgesinfo\/#\/schema\/person\/bc5d02d71e6932e81b6dadb7386667b1","name":"qs_admin","image":{"@type":"ImageObject","inLanguage":"fr-FR","@id":"https:\/\/vosgesinfo.fr\/laplainedesvosgesinfo\/#\/schema\/person\/image\/","url":"https:\/\/secure.gravatar.com\/avatar\/94b18ee0ed79e4a42ea2f2931277b6841a8999fc6fde214600c78057cf1fe1de?s=96&d=mm&r=g","contentUrl":"https:\/\/secure.gravatar.com\/avatar\/94b18ee0ed79e4a42ea2f2931277b6841a8999fc6fde214600c78057cf1fe1de?s=96&d=mm&r=g","caption":"qs_admin"},"sameAs":["https:\/\/vosgesinfo.fr\/wp"],"url":"https:\/\/vosgesinfo.fr\/laplainedesvosgesinfo\/author\/qs_admin\/"}]}},"_links":{"self":[{"href":"https:\/\/vosgesinfo.fr\/laplainedesvosgesinfo\/wp-json\/wp\/v2\/posts\/23922","targetHints":{"allow":["GET"]}}],"collection":[{"href":"https:\/\/vosgesinfo.fr\/laplainedesvosgesinfo\/wp-json\/wp\/v2\/posts"}],"about":[{"href":"https:\/\/vosgesinfo.fr\/laplainedesvosgesinfo\/wp-json\/wp\/v2\/types\/post"}],"author":[{"embeddable":true,"href":"https:\/\/vosgesinfo.fr\/laplainedesvosgesinfo\/wp-json\/wp\/v2\/users\/1"}],"replies":[{"embeddable":true,"href":"https:\/\/vosgesinfo.fr\/laplainedesvosgesinfo\/wp-json\/wp\/v2\/comments?post=23922"}],"version-history":[{"count":0,"href":"https:\/\/vosgesinfo.fr\/laplainedesvosgesinfo\/wp-json\/wp\/v2\/posts\/23922\/revisions"}],"wp:featuredmedia":[{"embeddable":true,"href":"https:\/\/vosgesinfo.fr\/laplainedesvosgesinfo\/wp-json\/wp\/v2\/media\/23923"}],"wp:attachment":[{"href":"https:\/\/vosgesinfo.fr\/laplainedesvosgesinfo\/wp-json\/wp\/v2\/media?parent=23922"}],"wp:term":[{"taxonomy":"category","embeddable":true,"href":"https:\/\/vosgesinfo.fr\/laplainedesvosgesinfo\/wp-json\/wp\/v2\/categories?post=23922"},{"taxonomy":"post_tag","embeddable":true,"href":"https:\/\/vosgesinfo.fr\/laplainedesvosgesinfo\/wp-json\/wp\/v2\/tags?post=23922"}],"curies":[{"name":"wp","href":"https:\/\/api.w.org\/{rel}","templated":true}]}}