{"id":23943,"date":"2022-10-11T06:46:46","date_gmt":"2022-10-11T04:46:46","guid":{"rendered":"https:\/\/vosgesinfo.fr\/laplainedesvosgesinfo\/2022\/10\/le-parti-radical-des-vosges-organise-une-conference-debat-sur-la-fin-de-vie\/"},"modified":"2022-10-11T06:46:46","modified_gmt":"2022-10-11T04:46:46","slug":"le-parti-radical-des-vosges-organise-une-conference-debat-sur-la-fin-de-vie","status":"publish","type":"post","link":"https:\/\/vosgesinfo.fr\/laplainedesvosgesinfo\/2022\/10\/le-parti-radical-des-vosges-organise-une-conference-debat-sur-la-fin-de-vie\/","title":{"rendered":"Le Parti Radical des Vosges organise une conf\u00e9rence-d\u00e9bat sur la fin de vie"},"content":{"rendered":"<h2><span id=\"page3R_mcid11\" class=\"markedContent\" style=\"font-size: 14pt;\"><strong><span dir=\"ltr\"><a href=\"\/2022\/10\/rad.jpg\"><img decoding=\"async\" class=\"aligncenter size-full wp-image-133290\" src=\"\/2022\/10\/rad.jpg\" alt=\"rad\" width=\"400\" height=\"193\" \/><\/a>Le lundi 12 septembre 2022, le Pr\u00e9sident de la R\u00e9publique Emmanuel Macron annon\u00e7ait le <\/span><span dir=\"ltr\">lancement d\u2019une convention citoyenne visant \u00e0 \u00e9clairer une<\/span> <span dir=\"ltr\">r\u00e9flexion et faire des propositions sur le<\/span><span dir=\"ltr\"> sujet de la fin de vie.<\/span><\/strong><br \/>\n<\/span><\/h2>\n<p><strong><span id=\"page3R_mcid11\" class=\"markedContent\" style=\"font-size: 14pt;\"><span dir=\"ltr\">Engag\u00e9 depuis de nombreuses ann\u00e9es sur les enjeux de la fin de vie et pour une \u00e9volution du cadre <\/span><span dir=\"ltr\">l\u00e9gal fourni par la loi Claeys<\/span><span dir=\"ltr\">\u2013<\/span><span dir=\"ltr\">Leonetti de 2016, le Parti Radical se r\u00e9jouit que l\u2019engage<\/span><span dir=\"ltr\">ment pris par<\/span><span dir=\"ltr\"> Emmanuel Macron durant la campagne pr\u00e9sidentielle de consulter largement sur l\u2019opportunit\u00e9 d\u2019une<\/span><span dir=\"ltr\"> telle mesure soit respect\u00e9.<\/span><span dir=\"ltr\"> R\u00e9solument convaincue, \u00e0 l\u2019instar du Pr\u00e9sident de la R\u00e9publique, que le d\u00e9bat sur le droit \u00e0 mourir<\/span><span dir=\"ltr\"> dans la dignit\u00e9<\/span> <span dir=\"ltr\">concerne tous les citoyens et que chacun doit pouvoir s\u2019en saisir, la f\u00e9d\u00e9ration des<\/span><br \/>\n<span dir=\"ltr\">Vosges du Parti Radical organise une conf\u00e9rence<\/span><span dir=\"ltr\">\u2013<\/span><span dir=\"ltr\">d\u00e9bat consacr\u00e9e au sujet de la fin de vie.<\/span><\/span><\/strong><\/p>\n<p><span id=\"page3R_mcid11\" class=\"markedContent\"><span dir=\"ltr\">Ce temps<\/span><span dir=\"ltr\"> d\u2019\u00e9change se tiendra \u00e0 la salle des associations de Bruy\u00e8res, rue de M<\/span><span dir=\"ltr\">oulins sur Allier, le samedi 22 <\/span><span dir=\"ltr\">octobre 2022 \u00e0 10h00. <\/span><span dir=\"ltr\">La pr\u00e9sentation ainsi que la discussion seront men\u00e9es par Madame V\u00e9ronique Guillotin, S\u00e9natrice de <\/span><span dir=\"ltr\">Meurthe<\/span><span dir=\"ltr\">\u2013<\/span><span dir=\"ltr\">et<\/span><span dir=\"ltr\">\u2013<\/span><span dir=\"ltr\">Moselle sp\u00e9cialiste de la th\u00e9matique de la fin de vie et engag\u00e9e de longue date sur cette<\/span><span dir=\"ltr\"> derni\u00e8re. Elle sera accompagn\u00e9e par Madame Marie<\/span><span dir=\"ltr\">\u2013<\/span><span dir=\"ltr\">Th\u00e9r\u00e8se Tenette, Pr\u00e9sidente d\u00e9partementale de<\/span><span dir=\"ltr\"> l\u2019Association pour le Droit de Mourir dans la Dignit\u00e9, en tant que discutante.<\/span><br \/>\n<\/span><\/p>\n<p><span id=\"page3R_mcid11\" class=\"markedContent\"><span dir=\"ltr\">A travers l\u2019organisation de cet \u00e9v\u00e9nement, le Parti Radical prend part activemen<\/span><span dir=\"ltr\">t aux d\u00e9bats ouverts<\/span><span dir=\"ltr\"> dans le cadre de la convention citoyenne mise en place par le Pr\u00e9sident de la R\u00e9publique et participe<\/span><span dir=\"ltr\"> \u00e0 la n\u00e9cessaire diffusion des enjeux de la fin de vie qui concernent l\u2019ensemble de nos concitoyens.<\/span><\/span><span id=\"page3R_mcid12\" class=\"markedContent\"><\/span><span id=\"page3R_mcid13\" class=\"markedContent\"><\/span><span id=\"page3R_mcid14\" class=\"markedContent\"><br \/>\n<\/span><\/p>\n","protected":false},"excerpt":{"rendered":"<p>Le lundi 12 septembre 2022, le Pr\u00e9sident de la R\u00e9publique Emmanuel Macron annon\u00e7ait le lancement d\u2019une convention citoyenne visant \u00e0 [&hellip;]<\/p>\n","protected":false},"author":126,"featured_media":23945,"comment_status":"open","ping_status":"open","sticky":false,"template":"","format":"standard","meta":{"footnotes":""},"categories":[29,18],"tags":[],"class_list":["post-23943","post","type-post","status-publish","format-standard","has-post-thumbnail","hentry","category-a-la-une","category-vosges"],"acf":[],"yoast_head":"<!-- This site is optimized with the Yoast SEO plugin v22.5 - https:\/\/yoast.com\/wordpress\/plugins\/seo\/ -->\n<title>Le Parti Radical des Vosges organise une conf\u00e9rence-d\u00e9bat sur la fin de vie - La Plaine des Vosges<\/title>\n<meta name=\"robots\" content=\"index, follow, max-snippet:-1, max-image-preview:large, max-video-preview:-1\" \/>\n<link rel=\"canonical\" href=\"https:\/\/vosgesinfo.fr\/laplainedesvosgesinfo\/2022\/10\/le-parti-radical-des-vosges-organise-une-conference-debat-sur-la-fin-de-vie\/\" \/>\n<meta name=\"twitter:card\" content=\"summary_large_image\" \/>\n<meta name=\"twitter:title\" content=\"Le Parti Radical des Vosges organise une conf\u00e9rence-d\u00e9bat sur la fin de vie - La Plaine des Vosges\" \/>\n<meta name=\"twitter:description\" content=\"Le lundi 12 septembre 2022, le Pr\u00e9sident de la R\u00e9publique Emmanuel Macron annon\u00e7ait le lancement d\u2019une convention citoyenne visant \u00e0 [&hellip;]\" \/>\n<meta name=\"twitter:image\" content=\"https:\/\/vosgesinfo.fr\/app\/uploads\/sites\/2\/2024\/07\/202210rad.jpg\" \/>\n<meta name=\"twitter:creator\" content=\"@VosgesInfo88\" \/>\n<meta name=\"twitter:site\" content=\"@VosgesInfo88\" \/>\n<meta name=\"twitter:label1\" content=\"\u00c9crit par\" \/>\n\t<meta name=\"twitter:data1\" content=\"La R\u00e9daction\" \/>\n\t<meta name=\"twitter:label2\" content=\"Dur\u00e9e de lecture estim\u00e9e\" \/>\n\t<meta name=\"twitter:data2\" content=\"2 minutes\" \/>\n<script type=\"application\/ld+json\" class=\"yoast-schema-graph\">{\"@context\":\"https:\/\/schema.org\",\"@graph\":[{\"@type\":\"Article\",\"@id\":\"https:\/\/vosgesinfo.fr\/laplainedesvosgesinfo\/2022\/10\/le-parti-radical-des-vosges-organise-une-conference-debat-sur-la-fin-de-vie\/#article\",\"isPartOf\":{\"@id\":\"https:\/\/vosgesinfo.fr\/laplainedesvosgesinfo\/2022\/10\/le-parti-radical-des-vosges-organise-une-conference-debat-sur-la-fin-de-vie\/\"},\"author\":{\"name\":\"La R\u00e9daction\",\"@id\":\"https:\/\/vosgesinfo.fr\/laplainedesvosgesinfo\/#\/schema\/person\/db412391f749f1ee67e177e1dc017316\"},\"headline\":\"Le Parti Radical des Vosges organise une conf\u00e9rence-d\u00e9bat sur la fin de vie\",\"datePublished\":\"2022-10-11T04:46:46+00:00\",\"dateModified\":\"2022-10-11T04:46:46+00:00\",\"mainEntityOfPage\":{\"@id\":\"https:\/\/vosgesinfo.fr\/laplainedesvosgesinfo\/2022\/10\/le-parti-radical-des-vosges-organise-une-conference-debat-sur-la-fin-de-vie\/\"},\"wordCount\":323,\"commentCount\":0,\"publisher\":{\"@id\":\"https:\/\/vosgesinfo.fr\/laplainedesvosgesinfo\/#organization\"},\"image\":{\"@id\":\"https:\/\/vosgesinfo.fr\/laplainedesvosgesinfo\/2022\/10\/le-parti-radical-des-vosges-organise-une-conference-debat-sur-la-fin-de-vie\/#primaryimage\"},\"thumbnailUrl\":\"https:\/\/vosgesinfo.fr\/app\/uploads\/sites\/2\/2024\/07\/202210rad.jpg\",\"articleSection\":[\"A la Une\",\"Vosges\"],\"inLanguage\":\"fr-FR\",\"potentialAction\":[{\"@type\":\"CommentAction\",\"name\":\"Comment\",\"target\":[\"https:\/\/vosgesinfo.fr\/laplainedesvosgesinfo\/2022\/10\/le-parti-radical-des-vosges-organise-une-conference-debat-sur-la-fin-de-vie\/#respond\"]}]},{\"@type\":\"WebPage\",\"@id\":\"https:\/\/vosgesinfo.fr\/laplainedesvosgesinfo\/2022\/10\/le-parti-radical-des-vosges-organise-une-conference-debat-sur-la-fin-de-vie\/\",\"url\":\"https:\/\/vosgesinfo.fr\/laplainedesvosgesinfo\/2022\/10\/le-parti-radical-des-vosges-organise-une-conference-debat-sur-la-fin-de-vie\/\",\"name\":\"Le Parti Radical des Vosges organise une conf\u00e9rence-d\u00e9bat sur la fin de vie - La Plaine des Vosges\",\"isPartOf\":{\"@id\":\"https:\/\/vosgesinfo.fr\/laplainedesvosgesinfo\/#website\"},\"primaryImageOfPage\":{\"@id\":\"https:\/\/vosgesinfo.fr\/laplainedesvosgesinfo\/2022\/10\/le-parti-radical-des-vosges-organise-une-conference-debat-sur-la-fin-de-vie\/#primaryimage\"},\"image\":{\"@id\":\"https:\/\/vosgesinfo.fr\/laplainedesvosgesinfo\/2022\/10\/le-parti-radical-des-vosges-organise-une-conference-debat-sur-la-fin-de-vie\/#primaryimage\"},\"thumbnailUrl\":\"https:\/\/vosgesinfo.fr\/app\/uploads\/sites\/2\/2024\/07\/202210rad.jpg\",\"datePublished\":\"2022-10-11T04:46:46+00:00\",\"dateModified\":\"2022-10-11T04:46:46+00:00\",\"breadcrumb\":{\"@id\":\"https:\/\/vosgesinfo.fr\/laplainedesvosgesinfo\/2022\/10\/le-parti-radical-des-vosges-organise-une-conference-debat-sur-la-fin-de-vie\/#breadcrumb\"},\"inLanguage\":\"fr-FR\",\"potentialAction\":[{\"@type\":\"ReadAction\",\"target\":[\"https:\/\/vosgesinfo.fr\/laplainedesvosgesinfo\/2022\/10\/le-parti-radical-des-vosges-organise-une-conference-debat-sur-la-fin-de-vie\/\"]}]},{\"@type\":\"ImageObject\",\"inLanguage\":\"fr-FR\",\"@id\":\"https:\/\/vosgesinfo.fr\/laplainedesvosgesinfo\/2022\/10\/le-parti-radical-des-vosges-organise-une-conference-debat-sur-la-fin-de-vie\/#primaryimage\",\"url\":\"https:\/\/vosgesinfo.fr\/app\/uploads\/sites\/2\/2024\/07\/202210rad.jpg\",\"contentUrl\":\"https:\/\/vosgesinfo.fr\/app\/uploads\/sites\/2\/2024\/07\/202210rad.jpg\",\"width\":400,\"height\":193},{\"@type\":\"BreadcrumbList\",\"@id\":\"https:\/\/vosgesinfo.fr\/laplainedesvosgesinfo\/2022\/10\/le-parti-radical-des-vosges-organise-une-conference-debat-sur-la-fin-de-vie\/#breadcrumb\",\"itemListElement\":[{\"@type\":\"ListItem\",\"position\":1,\"name\":\"Home\",\"item\":\"https:\/\/vosgesinfo.fr\/laplainedesvosgesinfo\/\"},{\"@type\":\"ListItem\",\"position\":2,\"name\":\"Le Parti Radical des Vosges organise une conf\u00e9rence-d\u00e9bat sur la fin de vie\"}]},{\"@type\":\"WebSite\",\"@id\":\"https:\/\/vosgesinfo.fr\/laplainedesvosgesinfo\/#website\",\"url\":\"https:\/\/vosgesinfo.fr\/laplainedesvosgesinfo\/\",\"name\":\"La Plaine des Vosges\",\"description\":\"Toute l&#039;actualit\u00e9 de la plaine de Vosges\",\"publisher\":{\"@id\":\"https:\/\/vosgesinfo.fr\/laplainedesvosgesinfo\/#organization\"},\"alternateName\":\"Toute l'actualit\u00e9 de la plaine des Vosges\",\"potentialAction\":[{\"@type\":\"SearchAction\",\"target\":{\"@type\":\"EntryPoint\",\"urlTemplate\":\"https:\/\/vosgesinfo.fr\/laplainedesvosgesinfo\/?s={search_term_string}\"},\"query-input\":\"required name=search_term_string\"}],\"inLanguage\":\"fr-FR\"},{\"@type\":\"Organization\",\"@id\":\"https:\/\/vosgesinfo.fr\/laplainedesvosgesinfo\/#organization\",\"name\":\"La Plaine des Vosges\",\"url\":\"https:\/\/vosgesinfo.fr\/laplainedesvosgesinfo\/\",\"logo\":{\"@type\":\"ImageObject\",\"inLanguage\":\"fr-FR\",\"@id\":\"https:\/\/vosgesinfo.fr\/laplainedesvosgesinfo\/#\/schema\/logo\/image\/\",\"url\":\"https:\/\/vosgesinfo.fr\/app\/uploads\/sites\/2\/2023\/08\/logo-laplaineinfo.svg\",\"contentUrl\":\"https:\/\/vosgesinfo.fr\/app\/uploads\/sites\/2\/2023\/08\/logo-laplaineinfo.svg\",\"width\":1,\"height\":1,\"caption\":\"La Plaine des Vosges\"},\"image\":{\"@id\":\"https:\/\/vosgesinfo.fr\/laplainedesvosgesinfo\/#\/schema\/logo\/image\/\"},\"sameAs\":[\"https:\/\/www.facebook.com\/laplainedesvosges\",\"https:\/\/x.com\/VosgesInfo88\",\"https:\/\/www.youtube.com\/@vosgesinfo\"]},{\"@type\":\"Person\",\"@id\":\"https:\/\/vosgesinfo.fr\/laplainedesvosgesinfo\/#\/schema\/person\/db412391f749f1ee67e177e1dc017316\",\"name\":\"La R\u00e9daction\",\"image\":{\"@type\":\"ImageObject\",\"inLanguage\":\"fr-FR\",\"@id\":\"https:\/\/vosgesinfo.fr\/laplainedesvosgesinfo\/#\/schema\/person\/image\/\",\"url\":\"https:\/\/secure.gravatar.com\/avatar\/d10cfbea47ec464014dd9e55d3c353f7c4017b65068eb823d0882be0ff3b0ff6?s=96&d=mm&r=g\",\"contentUrl\":\"https:\/\/secure.gravatar.com\/avatar\/d10cfbea47ec464014dd9e55d3c353f7c4017b65068eb823d0882be0ff3b0ff6?s=96&d=mm&r=g\",\"caption\":\"La R\u00e9daction\"},\"url\":\"https:\/\/vosgesinfo.fr\/laplainedesvosgesinfo\/author\/redaction\/\"}]}<\/script>\n<!-- \/ Yoast SEO plugin. -->","yoast_head_json":{"title":"Le Parti Radical des Vosges organise une conf\u00e9rence-d\u00e9bat sur la fin de vie - La Plaine des Vosges","robots":{"index":"index","follow":"follow","max-snippet":"max-snippet:-1","max-image-preview":"max-image-preview:large","max-video-preview":"max-video-preview:-1"},"canonical":"https:\/\/vosgesinfo.fr\/laplainedesvosgesinfo\/2022\/10\/le-parti-radical-des-vosges-organise-une-conference-debat-sur-la-fin-de-vie\/","twitter_card":"summary_large_image","twitter_title":"Le Parti Radical des Vosges organise une conf\u00e9rence-d\u00e9bat sur la fin de vie - La Plaine des Vosges","twitter_description":"Le lundi 12 septembre 2022, le Pr\u00e9sident de la R\u00e9publique Emmanuel Macron annon\u00e7ait le lancement d\u2019une convention citoyenne visant \u00e0 [&hellip;]","twitter_image":"https:\/\/vosgesinfo.fr\/app\/uploads\/sites\/2\/2024\/07\/202210rad.jpg","twitter_creator":"@VosgesInfo88","twitter_site":"@VosgesInfo88","twitter_misc":{"\u00c9crit par":"La R\u00e9daction","Dur\u00e9e de lecture estim\u00e9e":"2 minutes"},"schema":{"@context":"https:\/\/schema.org","@graph":[{"@type":"Article","@id":"https:\/\/vosgesinfo.fr\/laplainedesvosgesinfo\/2022\/10\/le-parti-radical-des-vosges-organise-une-conference-debat-sur-la-fin-de-vie\/#article","isPartOf":{"@id":"https:\/\/vosgesinfo.fr\/laplainedesvosgesinfo\/2022\/10\/le-parti-radical-des-vosges-organise-une-conference-debat-sur-la-fin-de-vie\/"},"author":{"name":"La R\u00e9daction","@id":"https:\/\/vosgesinfo.fr\/laplainedesvosgesinfo\/#\/schema\/person\/db412391f749f1ee67e177e1dc017316"},"headline":"Le Parti Radical des Vosges organise une conf\u00e9rence-d\u00e9bat sur la fin de vie","datePublished":"2022-10-11T04:46:46+00:00","dateModified":"2022-10-11T04:46:46+00:00","mainEntityOfPage":{"@id":"https:\/\/vosgesinfo.fr\/laplainedesvosgesinfo\/2022\/10\/le-parti-radical-des-vosges-organise-une-conference-debat-sur-la-fin-de-vie\/"},"wordCount":323,"commentCount":0,"publisher":{"@id":"https:\/\/vosgesinfo.fr\/laplainedesvosgesinfo\/#organization"},"image":{"@id":"https:\/\/vosgesinfo.fr\/laplainedesvosgesinfo\/2022\/10\/le-parti-radical-des-vosges-organise-une-conference-debat-sur-la-fin-de-vie\/#primaryimage"},"thumbnailUrl":"https:\/\/vosgesinfo.fr\/app\/uploads\/sites\/2\/2024\/07\/202210rad.jpg","articleSection":["A la Une","Vosges"],"inLanguage":"fr-FR","potentialAction":[{"@type":"CommentAction","name":"Comment","target":["https:\/\/vosgesinfo.fr\/laplainedesvosgesinfo\/2022\/10\/le-parti-radical-des-vosges-organise-une-conference-debat-sur-la-fin-de-vie\/#respond"]}]},{"@type":"WebPage","@id":"https:\/\/vosgesinfo.fr\/laplainedesvosgesinfo\/2022\/10\/le-parti-radical-des-vosges-organise-une-conference-debat-sur-la-fin-de-vie\/","url":"https:\/\/vosgesinfo.fr\/laplainedesvosgesinfo\/2022\/10\/le-parti-radical-des-vosges-organise-une-conference-debat-sur-la-fin-de-vie\/","name":"Le Parti Radical des Vosges organise une conf\u00e9rence-d\u00e9bat sur la fin de vie - La Plaine des Vosges","isPartOf":{"@id":"https:\/\/vosgesinfo.fr\/laplainedesvosgesinfo\/#website"},"primaryImageOfPage":{"@id":"https:\/\/vosgesinfo.fr\/laplainedesvosgesinfo\/2022\/10\/le-parti-radical-des-vosges-organise-une-conference-debat-sur-la-fin-de-vie\/#primaryimage"},"image":{"@id":"https:\/\/vosgesinfo.fr\/laplainedesvosgesinfo\/2022\/10\/le-parti-radical-des-vosges-organise-une-conference-debat-sur-la-fin-de-vie\/#primaryimage"},"thumbnailUrl":"https:\/\/vosgesinfo.fr\/app\/uploads\/sites\/2\/2024\/07\/202210rad.jpg","datePublished":"2022-10-11T04:46:46+00:00","dateModified":"2022-10-11T04:46:46+00:00","breadcrumb":{"@id":"https:\/\/vosgesinfo.fr\/laplainedesvosgesinfo\/2022\/10\/le-parti-radical-des-vosges-organise-une-conference-debat-sur-la-fin-de-vie\/#breadcrumb"},"inLanguage":"fr-FR","potentialAction":[{"@type":"ReadAction","target":["https:\/\/vosgesinfo.fr\/laplainedesvosgesinfo\/2022\/10\/le-parti-radical-des-vosges-organise-une-conference-debat-sur-la-fin-de-vie\/"]}]},{"@type":"ImageObject","inLanguage":"fr-FR","@id":"https:\/\/vosgesinfo.fr\/laplainedesvosgesinfo\/2022\/10\/le-parti-radical-des-vosges-organise-une-conference-debat-sur-la-fin-de-vie\/#primaryimage","url":"https:\/\/vosgesinfo.fr\/app\/uploads\/sites\/2\/2024\/07\/202210rad.jpg","contentUrl":"https:\/\/vosgesinfo.fr\/app\/uploads\/sites\/2\/2024\/07\/202210rad.jpg","width":400,"height":193},{"@type":"BreadcrumbList","@id":"https:\/\/vosgesinfo.fr\/laplainedesvosgesinfo\/2022\/10\/le-parti-radical-des-vosges-organise-une-conference-debat-sur-la-fin-de-vie\/#breadcrumb","itemListElement":[{"@type":"ListItem","position":1,"name":"Home","item":"https:\/\/vosgesinfo.fr\/laplainedesvosgesinfo\/"},{"@type":"ListItem","position":2,"name":"Le Parti Radical des Vosges organise une conf\u00e9rence-d\u00e9bat sur la fin de vie"}]},{"@type":"WebSite","@id":"https:\/\/vosgesinfo.fr\/laplainedesvosgesinfo\/#website","url":"https:\/\/vosgesinfo.fr\/laplainedesvosgesinfo\/","name":"La Plaine des Vosges","description":"Toute l&#039;actualit\u00e9 de la plaine de Vosges","publisher":{"@id":"https:\/\/vosgesinfo.fr\/laplainedesvosgesinfo\/#organization"},"alternateName":"Toute l'actualit\u00e9 de la plaine des Vosges","potentialAction":[{"@type":"SearchAction","target":{"@type":"EntryPoint","urlTemplate":"https:\/\/vosgesinfo.fr\/laplainedesvosgesinfo\/?s={search_term_string}"},"query-input":"required name=search_term_string"}],"inLanguage":"fr-FR"},{"@type":"Organization","@id":"https:\/\/vosgesinfo.fr\/laplainedesvosgesinfo\/#organization","name":"La Plaine des Vosges","url":"https:\/\/vosgesinfo.fr\/laplainedesvosgesinfo\/","logo":{"@type":"ImageObject","inLanguage":"fr-FR","@id":"https:\/\/vosgesinfo.fr\/laplainedesvosgesinfo\/#\/schema\/logo\/image\/","url":"https:\/\/vosgesinfo.fr\/app\/uploads\/sites\/2\/2023\/08\/logo-laplaineinfo.svg","contentUrl":"https:\/\/vosgesinfo.fr\/app\/uploads\/sites\/2\/2023\/08\/logo-laplaineinfo.svg","width":1,"height":1,"caption":"La Plaine des Vosges"},"image":{"@id":"https:\/\/vosgesinfo.fr\/laplainedesvosgesinfo\/#\/schema\/logo\/image\/"},"sameAs":["https:\/\/www.facebook.com\/laplainedesvosges","https:\/\/x.com\/VosgesInfo88","https:\/\/www.youtube.com\/@vosgesinfo"]},{"@type":"Person","@id":"https:\/\/vosgesinfo.fr\/laplainedesvosgesinfo\/#\/schema\/person\/db412391f749f1ee67e177e1dc017316","name":"La R\u00e9daction","image":{"@type":"ImageObject","inLanguage":"fr-FR","@id":"https:\/\/vosgesinfo.fr\/laplainedesvosgesinfo\/#\/schema\/person\/image\/","url":"https:\/\/secure.gravatar.com\/avatar\/d10cfbea47ec464014dd9e55d3c353f7c4017b65068eb823d0882be0ff3b0ff6?s=96&d=mm&r=g","contentUrl":"https:\/\/secure.gravatar.com\/avatar\/d10cfbea47ec464014dd9e55d3c353f7c4017b65068eb823d0882be0ff3b0ff6?s=96&d=mm&r=g","caption":"La R\u00e9daction"},"url":"https:\/\/vosgesinfo.fr\/laplainedesvosgesinfo\/author\/redaction\/"}]}},"_links":{"self":[{"href":"https:\/\/vosgesinfo.fr\/laplainedesvosgesinfo\/wp-json\/wp\/v2\/posts\/23943","targetHints":{"allow":["GET"]}}],"collection":[{"href":"https:\/\/vosgesinfo.fr\/laplainedesvosgesinfo\/wp-json\/wp\/v2\/posts"}],"about":[{"href":"https:\/\/vosgesinfo.fr\/laplainedesvosgesinfo\/wp-json\/wp\/v2\/types\/post"}],"author":[{"embeddable":true,"href":"https:\/\/vosgesinfo.fr\/laplainedesvosgesinfo\/wp-json\/wp\/v2\/users\/126"}],"replies":[{"embeddable":true,"href":"https:\/\/vosgesinfo.fr\/laplainedesvosgesinfo\/wp-json\/wp\/v2\/comments?post=23943"}],"version-history":[{"count":0,"href":"https:\/\/vosgesinfo.fr\/laplainedesvosgesinfo\/wp-json\/wp\/v2\/posts\/23943\/revisions"}],"wp:featuredmedia":[{"embeddable":true,"href":"https:\/\/vosgesinfo.fr\/laplainedesvosgesinfo\/wp-json\/wp\/v2\/media\/23945"}],"wp:attachment":[{"href":"https:\/\/vosgesinfo.fr\/laplainedesvosgesinfo\/wp-json\/wp\/v2\/media?parent=23943"}],"wp:term":[{"taxonomy":"category","embeddable":true,"href":"https:\/\/vosgesinfo.fr\/laplainedesvosgesinfo\/wp-json\/wp\/v2\/categories?post=23943"},{"taxonomy":"post_tag","embeddable":true,"href":"https:\/\/vosgesinfo.fr\/laplainedesvosgesinfo\/wp-json\/wp\/v2\/tags?post=23943"}],"curies":[{"name":"wp","href":"https:\/\/api.w.org\/{rel}","templated":true}]}}