{"id":2413,"date":"2016-02-01T15:34:14","date_gmt":"2016-02-01T14:34:14","guid":{"rendered":"https:\/\/vosgesinfo.fr\/laplainedesvosgesinfo\/2016\/02\/vittel-le-resultat-du-projet-vittel-enquete-deau-presente-aux-collegiens\/"},"modified":"2016-02-01T15:34:14","modified_gmt":"2016-02-01T14:34:14","slug":"vittel-le-resultat-du-projet-vittel-enquete-deau-presente-aux-collegiens","status":"publish","type":"post","link":"https:\/\/vosgesinfo.fr\/laplainedesvosgesinfo\/2016\/02\/vittel-le-resultat-du-projet-vittel-enquete-deau-presente-aux-collegiens\/","title":{"rendered":"Vittel &#8211; Le r\u00e9sultat du projet \u00ab\u00a0Vittel en&rsquo;qu\u00eate d&rsquo;eau\u00a0\u00bb pr\u00e9sent\u00e9 aux coll\u00e9giens"},"content":{"rendered":"<p>La mairie de Vittel en partenariat avec la Vigie de l&rsquo;Eau ont mises en place le projet \u00ab\u00a0<strong>Vittel en&rsquo;qu\u00eate d&rsquo;eau<\/strong>\u00a0\u00bb qui a pour but de sensibiliser la population sur le changement climatique et la ressource en eau sur Vittel et ses environs. 6 actions ont \u00e9t\u00e9 men\u00e9es de mai \u00e0 d\u00e9cembre 2015:<\/p>\n<p><a href=\"\/2016\/02\/1-compressed.jpg\"><img decoding=\"async\" class=\"wp-image-72128 alignright\" src=\"\/2016\/02\/1-compressed.jpg\" alt=\"1-compressed\" width=\"342\" height=\"228\" \/><\/a><\/p>\n<ul>\n<li><strong>Micro-trottoir<\/strong>: La jeune g\u00e9n\u00e9ration interroge les g\u00e9n\u00e9rations pr\u00e9c\u00e9dentes sur le changement climatique. Ce qu&rsquo;ils en savent et ce qu&rsquo;ils pensent qu&rsquo;il faudrait faire pour limiter les cons\u00e9quences!<\/li>\n<li><strong>Concours photos et dessins<\/strong>: Exprimer ses sentiments est parfois plus facile par le dessin ou la photographie ! En tout, c&rsquo;est 30 projets qui ont \u00e9t\u00e9 r\u00e9alis\u00e9s.<\/li>\n<li><strong>Enqu\u00eate grand public:<\/strong> En association avec des commer\u00e7ants, chaque semaine, des questions sur le climat et sur l&rsquo;eau. Il y a eu 2900 r\u00e9ponses r\u00e9colt\u00e9es.<\/li>\n<li><strong>Histoires de vie:<\/strong> Tenir compter, pour pr\u00e9parer l&rsquo;avenir, des t\u00e9moignages de ceux qui ont v\u00e9cu des \u00e9v\u00e8nements climatiques \u00e0 Vittel et aux alentours!<\/li>\n<li><strong>T\u00e9moignages d&rsquo;acteurs \u00e9conomiques<\/strong>: Les acteurs \u00e9conomiques clefs du territoire de Vittel expliquent en quoi l&rsquo;\u00e9volution du climat a modifi\u00e9, ou va modifier leur activit\u00e9.<\/li>\n<li><strong>Tables rondes\/d\u00e9bats:<\/strong> Des tables rondes pour restituer les actions. Le 10 d\u00e9cembre, des experts ind\u00e9pendants et reconnus ont dialogu\u00e9s avec les citoyens et les \u00e9lus afin que chacun puisse affiner son jugement.<\/li>\n<\/ul>\n<p>Les changements climatiques et plus particuli\u00e8rement le cycle de l&rsquo;eau \u00e0 Vittel \u00e9tait la base de ce projet.<\/p>\n<p>Ce lundi apr\u00e8s-midi au coll\u00e8ge Jules Verne l&rsquo;heure \u00e9tait \u00e0 l&rsquo;explication de \u00ab\u00a0Vittel en&rsquo;qu\u00eate d&rsquo;eau\u00a0\u00bb. En effet, Sabine Binckly a r\u00e9sum\u00e9 les actions men\u00e9es sur Vittel et en France \u00e0 la douzaine d&rsquo;\u00e9l\u00e8ves ayant particip\u00e9 au projet du micro-trottoir. \u00c9l\u00e8ves en cinqui\u00e8me lors de la r\u00e9alisation des interviews, les intervenants ont tenus \u00e0 leur montrer le r\u00e9sultat. Le tournage du micro-trottoir s&rsquo;est d\u00e9roul\u00e9 dans les rues de Vittel et \u00e9tait bas\u00e9 sur diverses questions \u00e9labor\u00e9es avec les enfants du Conseil Municipal Jeunes: \u00ab\u00a0Pensez-vous que les activit\u00e9s humaines aggravent les inondations et les s\u00e9cheresses ?\u00a0\u00bb, \u00ab\u00a0Pensez-vous avoir toujours acc\u00e8s \u00e0 une eau de qualit\u00e9 au robinet \u00e0 Vittel dans le futur ?\u00a0\u00bb, \u00ab\u00a0Pensez-vous qu&rsquo;il y a moins d&rsquo;eau disponible \u00e0 Vittel que dans le pass\u00e9 ?\u00a0\u00bb, \u00ab\u00a0Qu&rsquo;est-ce-que l&rsquo;effet de serre ?\u00a0\u00bb, \u00ab\u00a0Avez-vous l&rsquo;impression que le climat a chang\u00e9 \u00e0 Vittel ?\u00a0\u00bb, \u00ab\u00a0Avez-vous v\u00e9cu des inondations \u00e0 Vittel ?\u00a0\u00bb ou encore \u00ab\u00a0Etes-vous inquiet par le changement climatique ? \u00ab\u00a0.<\/p>\n<p><a href=\"\/2016\/02\/2-compressed.jpg\"><img decoding=\"async\" class=\"wp-image-72126 aligncenter\" src=\"\/2016\/02\/2-compressed.jpg\" alt=\"2-compressed\" width=\"571\" height=\"381\" \/><\/a><\/p>\n<p>Le micro-trottoir a \u00e9t\u00e9 enregistr\u00e9 sur 3 apr\u00e8s-midi. Elisa G, Clara B, Rose B, Louis L, Guillaume P, Nicolas H, Alouan C, Victor U, Mathieu S, Emma C, C\u00e9cile M et No\u00e9mie T, \u00e9taient accompagn\u00e9s sur leurs tournages de Patrick Jorge, de deux \u00e9tudiants en journalisme ainsi que d&rsquo;un documentaliste et de deux assistants d&rsquo;\u00e9ducations du coll\u00e8ge.<\/p>\n<div id=\"attachment_72125\" style=\"width: 578px\" class=\"wp-caption alignleft\"><a href=\"\/2016\/02\/29-06_web.jpg\"><img decoding=\"async\" aria-describedby=\"caption-attachment-72125\" class=\" wp-image-72125\" src=\"\/2016\/02\/29-06_web.jpg\" alt=\"(Cr\u00e9dit photo: La Vigie de l'Eau)\" width=\"568\" height=\"426\" \/><\/a><p id=\"caption-attachment-72125\" class=\"wp-caption-text\">(Cr\u00e9dit photo: La Vigie de l&rsquo;Eau)<\/p><\/div>\n<p>Cette rencontre a aussi permis \u00e0 Anne Grandhaye, conseill\u00e8re d\u00e9l\u00e9gu\u00e9e de l&rsquo;environnement, d\u00e9veloppement durable et for\u00eats, d&rsquo;annoncer la suite de ce projet. En effet, un petit film sera r\u00e9alis\u00e9 avec l&rsquo;aide des \u00e9l\u00e8ves en tant que com\u00e9dien et accessoiristes, afin de transmettre un message pr\u00e9ventif.<\/p>\n<p>&nbsp;<\/p>\n<p>https:\/\/www.youtube.com\/watch?v=eMpWIXUgC7w<\/p>\n<p>Toutes les vid\u00e9os r\u00e9alis\u00e9es par les \u00e9l\u00e8ves sont disponibles <a href=\"http:\/\/www.lavigiedeleau.eu\/node\/834\" target=\"_blank\" rel=\"noopener\">ici<\/a>.<\/p>\n<p>&nbsp;<\/p>\n<p>A.J.<\/p>\n","protected":false},"excerpt":{"rendered":"<p>La mairie de Vittel en partenariat avec la Vigie de l&rsquo;Eau ont mises en place le projet \u00ab\u00a0Vittel en&rsquo;qu\u00eate d&rsquo;eau\u00a0\u00bb [&hellip;]<\/p>\n","protected":false},"author":1,"featured_media":2414,"comment_status":"open","ping_status":"open","sticky":false,"template":"","format":"standard","meta":{"footnotes":""},"categories":[37,13,38],"tags":[],"class_list":["post-2413","post","type-post","status-publish","format-standard","has-post-thumbnail","hentry","category-la-plaine","category-societe","category-vittel-la-plaine"],"acf":[],"yoast_head":"<!-- This site is optimized with the Yoast SEO plugin v22.5 - https:\/\/yoast.com\/wordpress\/plugins\/seo\/ -->\n<title>Vittel - Le r\u00e9sultat du projet &quot;Vittel en&#039;qu\u00eate d&#039;eau&quot; pr\u00e9sent\u00e9 aux coll\u00e9giens - La Plaine des Vosges<\/title>\n<meta name=\"robots\" content=\"index, follow, max-snippet:-1, max-image-preview:large, max-video-preview:-1\" \/>\n<link rel=\"canonical\" href=\"https:\/\/vosgesinfo.fr\/laplainedesvosgesinfo\/2016\/02\/vittel-le-resultat-du-projet-vittel-enquete-deau-presente-aux-collegiens\/\" \/>\n<meta name=\"twitter:card\" content=\"summary_large_image\" \/>\n<meta name=\"twitter:title\" content=\"Vittel - Le r\u00e9sultat du projet &quot;Vittel en&#039;qu\u00eate d&#039;eau&quot; pr\u00e9sent\u00e9 aux coll\u00e9giens - La Plaine des Vosges\" \/>\n<meta name=\"twitter:description\" content=\"La mairie de Vittel en partenariat avec la Vigie de l&rsquo;Eau ont mises en place le projet \u00ab\u00a0Vittel en&rsquo;qu\u00eate d&rsquo;eau\u00a0\u00bb [&hellip;]\" \/>\n<meta name=\"twitter:image\" content=\"https:\/\/vosgesinfo.fr\/app\/uploads\/sites\/2\/2024\/06\/2016022-compressed.jpg\" \/>\n<meta name=\"twitter:creator\" content=\"@VosgesInfo88\" \/>\n<meta name=\"twitter:site\" content=\"@VosgesInfo88\" \/>\n<meta name=\"twitter:label1\" content=\"\u00c9crit par\" \/>\n\t<meta name=\"twitter:data1\" content=\"qs_admin\" \/>\n\t<meta name=\"twitter:label2\" content=\"Dur\u00e9e de lecture estim\u00e9e\" \/>\n\t<meta name=\"twitter:data2\" content=\"3 minutes\" \/>\n<script type=\"application\/ld+json\" class=\"yoast-schema-graph\">{\"@context\":\"https:\/\/schema.org\",\"@graph\":[{\"@type\":\"Article\",\"@id\":\"https:\/\/vosgesinfo.fr\/laplainedesvosgesinfo\/2016\/02\/vittel-le-resultat-du-projet-vittel-enquete-deau-presente-aux-collegiens\/#article\",\"isPartOf\":{\"@id\":\"https:\/\/vosgesinfo.fr\/laplainedesvosgesinfo\/2016\/02\/vittel-le-resultat-du-projet-vittel-enquete-deau-presente-aux-collegiens\/\"},\"author\":{\"name\":\"qs_admin\",\"@id\":\"https:\/\/vosgesinfo.fr\/laplainedesvosgesinfo\/#\/schema\/person\/bc5d02d71e6932e81b6dadb7386667b1\"},\"headline\":\"Vittel &#8211; Le r\u00e9sultat du projet \u00ab\u00a0Vittel en&rsquo;qu\u00eate d&rsquo;eau\u00a0\u00bb pr\u00e9sent\u00e9 aux coll\u00e9giens\",\"datePublished\":\"2016-02-01T14:34:14+00:00\",\"dateModified\":\"2016-02-01T14:34:14+00:00\",\"mainEntityOfPage\":{\"@id\":\"https:\/\/vosgesinfo.fr\/laplainedesvosgesinfo\/2016\/02\/vittel-le-resultat-du-projet-vittel-enquete-deau-presente-aux-collegiens\/\"},\"wordCount\":606,\"commentCount\":0,\"publisher\":{\"@id\":\"https:\/\/vosgesinfo.fr\/laplainedesvosgesinfo\/#organization\"},\"image\":{\"@id\":\"https:\/\/vosgesinfo.fr\/laplainedesvosgesinfo\/2016\/02\/vittel-le-resultat-du-projet-vittel-enquete-deau-presente-aux-collegiens\/#primaryimage\"},\"thumbnailUrl\":\"https:\/\/vosgesinfo.fr\/app\/uploads\/sites\/2\/2024\/06\/2016022-compressed.jpg\",\"articleSection\":[\"La Plaine\",\"Soci\u00e9t\u00e9\",\"Vittel\"],\"inLanguage\":\"fr-FR\",\"potentialAction\":[{\"@type\":\"CommentAction\",\"name\":\"Comment\",\"target\":[\"https:\/\/vosgesinfo.fr\/laplainedesvosgesinfo\/2016\/02\/vittel-le-resultat-du-projet-vittel-enquete-deau-presente-aux-collegiens\/#respond\"]}]},{\"@type\":\"WebPage\",\"@id\":\"https:\/\/vosgesinfo.fr\/laplainedesvosgesinfo\/2016\/02\/vittel-le-resultat-du-projet-vittel-enquete-deau-presente-aux-collegiens\/\",\"url\":\"https:\/\/vosgesinfo.fr\/laplainedesvosgesinfo\/2016\/02\/vittel-le-resultat-du-projet-vittel-enquete-deau-presente-aux-collegiens\/\",\"name\":\"Vittel - Le r\u00e9sultat du projet \\\"Vittel en'qu\u00eate d'eau\\\" pr\u00e9sent\u00e9 aux coll\u00e9giens - La Plaine des Vosges\",\"isPartOf\":{\"@id\":\"https:\/\/vosgesinfo.fr\/laplainedesvosgesinfo\/#website\"},\"primaryImageOfPage\":{\"@id\":\"https:\/\/vosgesinfo.fr\/laplainedesvosgesinfo\/2016\/02\/vittel-le-resultat-du-projet-vittel-enquete-deau-presente-aux-collegiens\/#primaryimage\"},\"image\":{\"@id\":\"https:\/\/vosgesinfo.fr\/laplainedesvosgesinfo\/2016\/02\/vittel-le-resultat-du-projet-vittel-enquete-deau-presente-aux-collegiens\/#primaryimage\"},\"thumbnailUrl\":\"https:\/\/vosgesinfo.fr\/app\/uploads\/sites\/2\/2024\/06\/2016022-compressed.jpg\",\"datePublished\":\"2016-02-01T14:34:14+00:00\",\"dateModified\":\"2016-02-01T14:34:14+00:00\",\"breadcrumb\":{\"@id\":\"https:\/\/vosgesinfo.fr\/laplainedesvosgesinfo\/2016\/02\/vittel-le-resultat-du-projet-vittel-enquete-deau-presente-aux-collegiens\/#breadcrumb\"},\"inLanguage\":\"fr-FR\",\"potentialAction\":[{\"@type\":\"ReadAction\",\"target\":[\"https:\/\/vosgesinfo.fr\/laplainedesvosgesinfo\/2016\/02\/vittel-le-resultat-du-projet-vittel-enquete-deau-presente-aux-collegiens\/\"]}]},{\"@type\":\"ImageObject\",\"inLanguage\":\"fr-FR\",\"@id\":\"https:\/\/vosgesinfo.fr\/laplainedesvosgesinfo\/2016\/02\/vittel-le-resultat-du-projet-vittel-enquete-deau-presente-aux-collegiens\/#primaryimage\",\"url\":\"https:\/\/vosgesinfo.fr\/app\/uploads\/sites\/2\/2024\/06\/2016022-compressed.jpg\",\"contentUrl\":\"https:\/\/vosgesinfo.fr\/app\/uploads\/sites\/2\/2024\/06\/2016022-compressed.jpg\",\"width\":800,\"height\":534},{\"@type\":\"BreadcrumbList\",\"@id\":\"https:\/\/vosgesinfo.fr\/laplainedesvosgesinfo\/2016\/02\/vittel-le-resultat-du-projet-vittel-enquete-deau-presente-aux-collegiens\/#breadcrumb\",\"itemListElement\":[{\"@type\":\"ListItem\",\"position\":1,\"name\":\"Home\",\"item\":\"https:\/\/vosgesinfo.fr\/laplainedesvosgesinfo\/\"},{\"@type\":\"ListItem\",\"position\":2,\"name\":\"Vittel &#8211; Le r\u00e9sultat du projet \u00ab\u00a0Vittel en&rsquo;qu\u00eate d&rsquo;eau\u00a0\u00bb pr\u00e9sent\u00e9 aux coll\u00e9giens\"}]},{\"@type\":\"WebSite\",\"@id\":\"https:\/\/vosgesinfo.fr\/laplainedesvosgesinfo\/#website\",\"url\":\"https:\/\/vosgesinfo.fr\/laplainedesvosgesinfo\/\",\"name\":\"La Plaine des Vosges\",\"description\":\"Toute l&#039;actualit\u00e9 de la plaine de Vosges\",\"publisher\":{\"@id\":\"https:\/\/vosgesinfo.fr\/laplainedesvosgesinfo\/#organization\"},\"alternateName\":\"Toute l'actualit\u00e9 de la plaine des Vosges\",\"potentialAction\":[{\"@type\":\"SearchAction\",\"target\":{\"@type\":\"EntryPoint\",\"urlTemplate\":\"https:\/\/vosgesinfo.fr\/laplainedesvosgesinfo\/?s={search_term_string}\"},\"query-input\":\"required name=search_term_string\"}],\"inLanguage\":\"fr-FR\"},{\"@type\":\"Organization\",\"@id\":\"https:\/\/vosgesinfo.fr\/laplainedesvosgesinfo\/#organization\",\"name\":\"La Plaine des Vosges\",\"url\":\"https:\/\/vosgesinfo.fr\/laplainedesvosgesinfo\/\",\"logo\":{\"@type\":\"ImageObject\",\"inLanguage\":\"fr-FR\",\"@id\":\"https:\/\/vosgesinfo.fr\/laplainedesvosgesinfo\/#\/schema\/logo\/image\/\",\"url\":\"https:\/\/vosgesinfo.fr\/app\/uploads\/sites\/2\/2023\/08\/logo-laplaineinfo.svg\",\"contentUrl\":\"https:\/\/vosgesinfo.fr\/app\/uploads\/sites\/2\/2023\/08\/logo-laplaineinfo.svg\",\"width\":1,\"height\":1,\"caption\":\"La Plaine des Vosges\"},\"image\":{\"@id\":\"https:\/\/vosgesinfo.fr\/laplainedesvosgesinfo\/#\/schema\/logo\/image\/\"},\"sameAs\":[\"https:\/\/www.facebook.com\/laplainedesvosges\",\"https:\/\/x.com\/VosgesInfo88\",\"https:\/\/www.youtube.com\/@vosgesinfo\"]},{\"@type\":\"Person\",\"@id\":\"https:\/\/vosgesinfo.fr\/laplainedesvosgesinfo\/#\/schema\/person\/bc5d02d71e6932e81b6dadb7386667b1\",\"name\":\"qs_admin\",\"image\":{\"@type\":\"ImageObject\",\"inLanguage\":\"fr-FR\",\"@id\":\"https:\/\/vosgesinfo.fr\/laplainedesvosgesinfo\/#\/schema\/person\/image\/\",\"url\":\"https:\/\/secure.gravatar.com\/avatar\/94b18ee0ed79e4a42ea2f2931277b6841a8999fc6fde214600c78057cf1fe1de?s=96&d=mm&r=g\",\"contentUrl\":\"https:\/\/secure.gravatar.com\/avatar\/94b18ee0ed79e4a42ea2f2931277b6841a8999fc6fde214600c78057cf1fe1de?s=96&d=mm&r=g\",\"caption\":\"qs_admin\"},\"sameAs\":[\"https:\/\/vosgesinfo.fr\/wp\"],\"url\":\"https:\/\/vosgesinfo.fr\/laplainedesvosgesinfo\/author\/qs_admin\/\"}]}<\/script>\n<!-- \/ Yoast SEO plugin. -->","yoast_head_json":{"title":"Vittel - Le r\u00e9sultat du projet \"Vittel en'qu\u00eate d'eau\" pr\u00e9sent\u00e9 aux coll\u00e9giens - La Plaine des Vosges","robots":{"index":"index","follow":"follow","max-snippet":"max-snippet:-1","max-image-preview":"max-image-preview:large","max-video-preview":"max-video-preview:-1"},"canonical":"https:\/\/vosgesinfo.fr\/laplainedesvosgesinfo\/2016\/02\/vittel-le-resultat-du-projet-vittel-enquete-deau-presente-aux-collegiens\/","twitter_card":"summary_large_image","twitter_title":"Vittel - Le r\u00e9sultat du projet \"Vittel en'qu\u00eate d'eau\" pr\u00e9sent\u00e9 aux coll\u00e9giens - La Plaine des Vosges","twitter_description":"La mairie de Vittel en partenariat avec la Vigie de l&rsquo;Eau ont mises en place le projet \u00ab\u00a0Vittel en&rsquo;qu\u00eate d&rsquo;eau\u00a0\u00bb [&hellip;]","twitter_image":"https:\/\/vosgesinfo.fr\/app\/uploads\/sites\/2\/2024\/06\/2016022-compressed.jpg","twitter_creator":"@VosgesInfo88","twitter_site":"@VosgesInfo88","twitter_misc":{"\u00c9crit par":"qs_admin","Dur\u00e9e de lecture estim\u00e9e":"3 minutes"},"schema":{"@context":"https:\/\/schema.org","@graph":[{"@type":"Article","@id":"https:\/\/vosgesinfo.fr\/laplainedesvosgesinfo\/2016\/02\/vittel-le-resultat-du-projet-vittel-enquete-deau-presente-aux-collegiens\/#article","isPartOf":{"@id":"https:\/\/vosgesinfo.fr\/laplainedesvosgesinfo\/2016\/02\/vittel-le-resultat-du-projet-vittel-enquete-deau-presente-aux-collegiens\/"},"author":{"name":"qs_admin","@id":"https:\/\/vosgesinfo.fr\/laplainedesvosgesinfo\/#\/schema\/person\/bc5d02d71e6932e81b6dadb7386667b1"},"headline":"Vittel &#8211; Le r\u00e9sultat du projet \u00ab\u00a0Vittel en&rsquo;qu\u00eate d&rsquo;eau\u00a0\u00bb pr\u00e9sent\u00e9 aux coll\u00e9giens","datePublished":"2016-02-01T14:34:14+00:00","dateModified":"2016-02-01T14:34:14+00:00","mainEntityOfPage":{"@id":"https:\/\/vosgesinfo.fr\/laplainedesvosgesinfo\/2016\/02\/vittel-le-resultat-du-projet-vittel-enquete-deau-presente-aux-collegiens\/"},"wordCount":606,"commentCount":0,"publisher":{"@id":"https:\/\/vosgesinfo.fr\/laplainedesvosgesinfo\/#organization"},"image":{"@id":"https:\/\/vosgesinfo.fr\/laplainedesvosgesinfo\/2016\/02\/vittel-le-resultat-du-projet-vittel-enquete-deau-presente-aux-collegiens\/#primaryimage"},"thumbnailUrl":"https:\/\/vosgesinfo.fr\/app\/uploads\/sites\/2\/2024\/06\/2016022-compressed.jpg","articleSection":["La Plaine","Soci\u00e9t\u00e9","Vittel"],"inLanguage":"fr-FR","potentialAction":[{"@type":"CommentAction","name":"Comment","target":["https:\/\/vosgesinfo.fr\/laplainedesvosgesinfo\/2016\/02\/vittel-le-resultat-du-projet-vittel-enquete-deau-presente-aux-collegiens\/#respond"]}]},{"@type":"WebPage","@id":"https:\/\/vosgesinfo.fr\/laplainedesvosgesinfo\/2016\/02\/vittel-le-resultat-du-projet-vittel-enquete-deau-presente-aux-collegiens\/","url":"https:\/\/vosgesinfo.fr\/laplainedesvosgesinfo\/2016\/02\/vittel-le-resultat-du-projet-vittel-enquete-deau-presente-aux-collegiens\/","name":"Vittel - Le r\u00e9sultat du projet \"Vittel en'qu\u00eate d'eau\" pr\u00e9sent\u00e9 aux coll\u00e9giens - La Plaine des Vosges","isPartOf":{"@id":"https:\/\/vosgesinfo.fr\/laplainedesvosgesinfo\/#website"},"primaryImageOfPage":{"@id":"https:\/\/vosgesinfo.fr\/laplainedesvosgesinfo\/2016\/02\/vittel-le-resultat-du-projet-vittel-enquete-deau-presente-aux-collegiens\/#primaryimage"},"image":{"@id":"https:\/\/vosgesinfo.fr\/laplainedesvosgesinfo\/2016\/02\/vittel-le-resultat-du-projet-vittel-enquete-deau-presente-aux-collegiens\/#primaryimage"},"thumbnailUrl":"https:\/\/vosgesinfo.fr\/app\/uploads\/sites\/2\/2024\/06\/2016022-compressed.jpg","datePublished":"2016-02-01T14:34:14+00:00","dateModified":"2016-02-01T14:34:14+00:00","breadcrumb":{"@id":"https:\/\/vosgesinfo.fr\/laplainedesvosgesinfo\/2016\/02\/vittel-le-resultat-du-projet-vittel-enquete-deau-presente-aux-collegiens\/#breadcrumb"},"inLanguage":"fr-FR","potentialAction":[{"@type":"ReadAction","target":["https:\/\/vosgesinfo.fr\/laplainedesvosgesinfo\/2016\/02\/vittel-le-resultat-du-projet-vittel-enquete-deau-presente-aux-collegiens\/"]}]},{"@type":"ImageObject","inLanguage":"fr-FR","@id":"https:\/\/vosgesinfo.fr\/laplainedesvosgesinfo\/2016\/02\/vittel-le-resultat-du-projet-vittel-enquete-deau-presente-aux-collegiens\/#primaryimage","url":"https:\/\/vosgesinfo.fr\/app\/uploads\/sites\/2\/2024\/06\/2016022-compressed.jpg","contentUrl":"https:\/\/vosgesinfo.fr\/app\/uploads\/sites\/2\/2024\/06\/2016022-compressed.jpg","width":800,"height":534},{"@type":"BreadcrumbList","@id":"https:\/\/vosgesinfo.fr\/laplainedesvosgesinfo\/2016\/02\/vittel-le-resultat-du-projet-vittel-enquete-deau-presente-aux-collegiens\/#breadcrumb","itemListElement":[{"@type":"ListItem","position":1,"name":"Home","item":"https:\/\/vosgesinfo.fr\/laplainedesvosgesinfo\/"},{"@type":"ListItem","position":2,"name":"Vittel &#8211; Le r\u00e9sultat du projet \u00ab\u00a0Vittel en&rsquo;qu\u00eate d&rsquo;eau\u00a0\u00bb pr\u00e9sent\u00e9 aux coll\u00e9giens"}]},{"@type":"WebSite","@id":"https:\/\/vosgesinfo.fr\/laplainedesvosgesinfo\/#website","url":"https:\/\/vosgesinfo.fr\/laplainedesvosgesinfo\/","name":"La Plaine des Vosges","description":"Toute l&#039;actualit\u00e9 de la plaine de Vosges","publisher":{"@id":"https:\/\/vosgesinfo.fr\/laplainedesvosgesinfo\/#organization"},"alternateName":"Toute l'actualit\u00e9 de la plaine des Vosges","potentialAction":[{"@type":"SearchAction","target":{"@type":"EntryPoint","urlTemplate":"https:\/\/vosgesinfo.fr\/laplainedesvosgesinfo\/?s={search_term_string}"},"query-input":"required name=search_term_string"}],"inLanguage":"fr-FR"},{"@type":"Organization","@id":"https:\/\/vosgesinfo.fr\/laplainedesvosgesinfo\/#organization","name":"La Plaine des Vosges","url":"https:\/\/vosgesinfo.fr\/laplainedesvosgesinfo\/","logo":{"@type":"ImageObject","inLanguage":"fr-FR","@id":"https:\/\/vosgesinfo.fr\/laplainedesvosgesinfo\/#\/schema\/logo\/image\/","url":"https:\/\/vosgesinfo.fr\/app\/uploads\/sites\/2\/2023\/08\/logo-laplaineinfo.svg","contentUrl":"https:\/\/vosgesinfo.fr\/app\/uploads\/sites\/2\/2023\/08\/logo-laplaineinfo.svg","width":1,"height":1,"caption":"La Plaine des Vosges"},"image":{"@id":"https:\/\/vosgesinfo.fr\/laplainedesvosgesinfo\/#\/schema\/logo\/image\/"},"sameAs":["https:\/\/www.facebook.com\/laplainedesvosges","https:\/\/x.com\/VosgesInfo88","https:\/\/www.youtube.com\/@vosgesinfo"]},{"@type":"Person","@id":"https:\/\/vosgesinfo.fr\/laplainedesvosgesinfo\/#\/schema\/person\/bc5d02d71e6932e81b6dadb7386667b1","name":"qs_admin","image":{"@type":"ImageObject","inLanguage":"fr-FR","@id":"https:\/\/vosgesinfo.fr\/laplainedesvosgesinfo\/#\/schema\/person\/image\/","url":"https:\/\/secure.gravatar.com\/avatar\/94b18ee0ed79e4a42ea2f2931277b6841a8999fc6fde214600c78057cf1fe1de?s=96&d=mm&r=g","contentUrl":"https:\/\/secure.gravatar.com\/avatar\/94b18ee0ed79e4a42ea2f2931277b6841a8999fc6fde214600c78057cf1fe1de?s=96&d=mm&r=g","caption":"qs_admin"},"sameAs":["https:\/\/vosgesinfo.fr\/wp"],"url":"https:\/\/vosgesinfo.fr\/laplainedesvosgesinfo\/author\/qs_admin\/"}]}},"_links":{"self":[{"href":"https:\/\/vosgesinfo.fr\/laplainedesvosgesinfo\/wp-json\/wp\/v2\/posts\/2413","targetHints":{"allow":["GET"]}}],"collection":[{"href":"https:\/\/vosgesinfo.fr\/laplainedesvosgesinfo\/wp-json\/wp\/v2\/posts"}],"about":[{"href":"https:\/\/vosgesinfo.fr\/laplainedesvosgesinfo\/wp-json\/wp\/v2\/types\/post"}],"author":[{"embeddable":true,"href":"https:\/\/vosgesinfo.fr\/laplainedesvosgesinfo\/wp-json\/wp\/v2\/users\/1"}],"replies":[{"embeddable":true,"href":"https:\/\/vosgesinfo.fr\/laplainedesvosgesinfo\/wp-json\/wp\/v2\/comments?post=2413"}],"version-history":[{"count":0,"href":"https:\/\/vosgesinfo.fr\/laplainedesvosgesinfo\/wp-json\/wp\/v2\/posts\/2413\/revisions"}],"wp:featuredmedia":[{"embeddable":true,"href":"https:\/\/vosgesinfo.fr\/laplainedesvosgesinfo\/wp-json\/wp\/v2\/media\/2414"}],"wp:attachment":[{"href":"https:\/\/vosgesinfo.fr\/laplainedesvosgesinfo\/wp-json\/wp\/v2\/media?parent=2413"}],"wp:term":[{"taxonomy":"category","embeddable":true,"href":"https:\/\/vosgesinfo.fr\/laplainedesvosgesinfo\/wp-json\/wp\/v2\/categories?post=2413"},{"taxonomy":"post_tag","embeddable":true,"href":"https:\/\/vosgesinfo.fr\/laplainedesvosgesinfo\/wp-json\/wp\/v2\/tags?post=2413"}],"curies":[{"name":"wp","href":"https:\/\/api.w.org\/{rel}","templated":true}]}}