{"id":24150,"date":"2022-11-03T13:19:08","date_gmt":"2022-11-03T12:19:08","guid":{"rendered":"https:\/\/vosgesinfo.fr\/laplainedesvosgesinfo\/2022\/11\/competition-worldskills-pas-de-podium-pour-louis-et-kerrian-formes-a-lecole-de-roville-aux-chenes\/"},"modified":"2022-11-03T13:19:08","modified_gmt":"2022-11-03T12:19:08","slug":"competition-worldskills-pas-de-podium-pour-louis-et-kerrian-formes-a-lecole-de-roville-aux-chenes","status":"publish","type":"post","link":"https:\/\/vosgesinfo.fr\/laplainedesvosgesinfo\/2022\/11\/competition-worldskills-pas-de-podium-pour-louis-et-kerrian-formes-a-lecole-de-roville-aux-chenes\/","title":{"rendered":"Comp\u00e9tition WorldSkills : pas de podium pour Louis et Kerrian form\u00e9s \u00e0 l\u2019\u00e9cole de Roville-aux-Ch\u00eanes"},"content":{"rendered":"<h2>Lors de la 46e Finale mondiale de la Comp\u00e9tition WorldSkills, la plus grande comp\u00e9tition des m\u00e9tiers du monde, l\u2019\u00e9quipe de France de jardiniers-paysagistes, compos\u00e9e du duo Kerrian Blaise et Louis Lecler, est arriv\u00e9e en 11e position. Malgr\u00e9 un contexte incertain, 16 \u00e9quipes venues des quatre coins de la plan\u00e8te se sont affront\u00e9es dans la cat\u00e9gorie jardinier-paysagiste du 24 au 27 octobre \u00e0 Tallinn (Estonie). La Suisse prend la t\u00eate du classement (m\u00e9daille d\u2019or), suivie par le Japon (argent) et par la Hongrie (bronze).<\/h2>\n","protected":false},"excerpt":{"rendered":"<p>Lors de la 46e Finale mondiale de la Comp\u00e9tition WorldSkills, la plus grande comp\u00e9tition des m\u00e9tiers du monde, l\u2019\u00e9quipe de [&hellip;]<\/p>\n","protected":false},"author":126,"featured_media":0,"comment_status":"open","ping_status":"open","sticky":false,"template":"","format":"standard","meta":{"footnotes":""},"categories":[29,18],"tags":[6918,6919],"class_list":["post-24150","post","type-post","status-publish","format-standard","hentry","category-a-la-une","category-vosges","tag-kerrian-blaise","tag-worldskills"],"acf":[],"yoast_head":"<!-- This site is optimized with the Yoast SEO plugin v22.5 - https:\/\/yoast.com\/wordpress\/plugins\/seo\/ -->\n<title>Comp\u00e9tition WorldSkills : pas de podium pour Louis et Kerrian form\u00e9s \u00e0 l\u2019\u00e9cole de Roville-aux-Ch\u00eanes - La Plaine des Vosges<\/title>\n<meta name=\"robots\" content=\"index, follow, max-snippet:-1, max-image-preview:large, max-video-preview:-1\" \/>\n<link rel=\"canonical\" href=\"https:\/\/vosgesinfo.fr\/laplainedesvosgesinfo\/2022\/11\/competition-worldskills-pas-de-podium-pour-louis-et-kerrian-formes-a-lecole-de-roville-aux-chenes\/\" \/>\n<meta name=\"twitter:card\" content=\"summary_large_image\" \/>\n<meta name=\"twitter:title\" content=\"Comp\u00e9tition WorldSkills : pas de podium pour Louis et Kerrian form\u00e9s \u00e0 l\u2019\u00e9cole de Roville-aux-Ch\u00eanes - La Plaine des Vosges\" \/>\n<meta name=\"twitter:description\" content=\"Lors de la 46e Finale mondiale de la Comp\u00e9tition WorldSkills, la plus grande comp\u00e9tition des m\u00e9tiers du monde, l\u2019\u00e9quipe de [&hellip;]\" \/>\n<meta name=\"twitter:creator\" content=\"@VosgesInfo88\" \/>\n<meta name=\"twitter:site\" content=\"@VosgesInfo88\" \/>\n<meta name=\"twitter:label1\" content=\"\u00c9crit par\" \/>\n\t<meta name=\"twitter:data1\" content=\"La R\u00e9daction\" \/>\n<script type=\"application\/ld+json\" class=\"yoast-schema-graph\">{\"@context\":\"https:\/\/schema.org\",\"@graph\":[{\"@type\":\"Article\",\"@id\":\"https:\/\/vosgesinfo.fr\/laplainedesvosgesinfo\/2022\/11\/competition-worldskills-pas-de-podium-pour-louis-et-kerrian-formes-a-lecole-de-roville-aux-chenes\/#article\",\"isPartOf\":{\"@id\":\"https:\/\/vosgesinfo.fr\/laplainedesvosgesinfo\/2022\/11\/competition-worldskills-pas-de-podium-pour-louis-et-kerrian-formes-a-lecole-de-roville-aux-chenes\/\"},\"author\":{\"name\":\"La R\u00e9daction\",\"@id\":\"https:\/\/vosgesinfo.fr\/laplainedesvosgesinfo\/#\/schema\/person\/db412391f749f1ee67e177e1dc017316\"},\"headline\":\"Comp\u00e9tition WorldSkills : pas de podium pour Louis et Kerrian form\u00e9s \u00e0 l\u2019\u00e9cole de Roville-aux-Ch\u00eanes\",\"datePublished\":\"2022-11-03T12:19:08+00:00\",\"dateModified\":\"2022-11-03T12:19:08+00:00\",\"mainEntityOfPage\":{\"@id\":\"https:\/\/vosgesinfo.fr\/laplainedesvosgesinfo\/2022\/11\/competition-worldskills-pas-de-podium-pour-louis-et-kerrian-formes-a-lecole-de-roville-aux-chenes\/\"},\"wordCount\":108,\"commentCount\":0,\"publisher\":{\"@id\":\"https:\/\/vosgesinfo.fr\/laplainedesvosgesinfo\/#organization\"},\"keywords\":[\"Kerrian Blaise\",\"WorldSkills\"],\"articleSection\":[\"A la Une\",\"Vosges\"],\"inLanguage\":\"fr-FR\",\"potentialAction\":[{\"@type\":\"CommentAction\",\"name\":\"Comment\",\"target\":[\"https:\/\/vosgesinfo.fr\/laplainedesvosgesinfo\/2022\/11\/competition-worldskills-pas-de-podium-pour-louis-et-kerrian-formes-a-lecole-de-roville-aux-chenes\/#respond\"]}]},{\"@type\":\"WebPage\",\"@id\":\"https:\/\/vosgesinfo.fr\/laplainedesvosgesinfo\/2022\/11\/competition-worldskills-pas-de-podium-pour-louis-et-kerrian-formes-a-lecole-de-roville-aux-chenes\/\",\"url\":\"https:\/\/vosgesinfo.fr\/laplainedesvosgesinfo\/2022\/11\/competition-worldskills-pas-de-podium-pour-louis-et-kerrian-formes-a-lecole-de-roville-aux-chenes\/\",\"name\":\"Comp\u00e9tition WorldSkills : pas de podium pour Louis et Kerrian form\u00e9s \u00e0 l\u2019\u00e9cole de Roville-aux-Ch\u00eanes - La Plaine des Vosges\",\"isPartOf\":{\"@id\":\"https:\/\/vosgesinfo.fr\/laplainedesvosgesinfo\/#website\"},\"datePublished\":\"2022-11-03T12:19:08+00:00\",\"dateModified\":\"2022-11-03T12:19:08+00:00\",\"breadcrumb\":{\"@id\":\"https:\/\/vosgesinfo.fr\/laplainedesvosgesinfo\/2022\/11\/competition-worldskills-pas-de-podium-pour-louis-et-kerrian-formes-a-lecole-de-roville-aux-chenes\/#breadcrumb\"},\"inLanguage\":\"fr-FR\",\"potentialAction\":[{\"@type\":\"ReadAction\",\"target\":[\"https:\/\/vosgesinfo.fr\/laplainedesvosgesinfo\/2022\/11\/competition-worldskills-pas-de-podium-pour-louis-et-kerrian-formes-a-lecole-de-roville-aux-chenes\/\"]}]},{\"@type\":\"BreadcrumbList\",\"@id\":\"https:\/\/vosgesinfo.fr\/laplainedesvosgesinfo\/2022\/11\/competition-worldskills-pas-de-podium-pour-louis-et-kerrian-formes-a-lecole-de-roville-aux-chenes\/#breadcrumb\",\"itemListElement\":[{\"@type\":\"ListItem\",\"position\":1,\"name\":\"Home\",\"item\":\"https:\/\/vosgesinfo.fr\/laplainedesvosgesinfo\/\"},{\"@type\":\"ListItem\",\"position\":2,\"name\":\"Comp\u00e9tition WorldSkills : pas de podium pour Louis et Kerrian form\u00e9s \u00e0 l\u2019\u00e9cole de Roville-aux-Ch\u00eanes\"}]},{\"@type\":\"WebSite\",\"@id\":\"https:\/\/vosgesinfo.fr\/laplainedesvosgesinfo\/#website\",\"url\":\"https:\/\/vosgesinfo.fr\/laplainedesvosgesinfo\/\",\"name\":\"La Plaine des Vosges\",\"description\":\"Toute l&#039;actualit\u00e9 de la plaine de Vosges\",\"publisher\":{\"@id\":\"https:\/\/vosgesinfo.fr\/laplainedesvosgesinfo\/#organization\"},\"alternateName\":\"Toute l'actualit\u00e9 de la plaine des Vosges\",\"potentialAction\":[{\"@type\":\"SearchAction\",\"target\":{\"@type\":\"EntryPoint\",\"urlTemplate\":\"https:\/\/vosgesinfo.fr\/laplainedesvosgesinfo\/?s={search_term_string}\"},\"query-input\":\"required name=search_term_string\"}],\"inLanguage\":\"fr-FR\"},{\"@type\":\"Organization\",\"@id\":\"https:\/\/vosgesinfo.fr\/laplainedesvosgesinfo\/#organization\",\"name\":\"La Plaine des Vosges\",\"url\":\"https:\/\/vosgesinfo.fr\/laplainedesvosgesinfo\/\",\"logo\":{\"@type\":\"ImageObject\",\"inLanguage\":\"fr-FR\",\"@id\":\"https:\/\/vosgesinfo.fr\/laplainedesvosgesinfo\/#\/schema\/logo\/image\/\",\"url\":\"https:\/\/vosgesinfo.fr\/app\/uploads\/sites\/2\/2023\/08\/logo-laplaineinfo.svg\",\"contentUrl\":\"https:\/\/vosgesinfo.fr\/app\/uploads\/sites\/2\/2023\/08\/logo-laplaineinfo.svg\",\"width\":1,\"height\":1,\"caption\":\"La Plaine des Vosges\"},\"image\":{\"@id\":\"https:\/\/vosgesinfo.fr\/laplainedesvosgesinfo\/#\/schema\/logo\/image\/\"},\"sameAs\":[\"https:\/\/www.facebook.com\/laplainedesvosges\",\"https:\/\/x.com\/VosgesInfo88\",\"https:\/\/www.youtube.com\/@vosgesinfo\"]},{\"@type\":\"Person\",\"@id\":\"https:\/\/vosgesinfo.fr\/laplainedesvosgesinfo\/#\/schema\/person\/db412391f749f1ee67e177e1dc017316\",\"name\":\"La R\u00e9daction\",\"image\":{\"@type\":\"ImageObject\",\"inLanguage\":\"fr-FR\",\"@id\":\"https:\/\/vosgesinfo.fr\/laplainedesvosgesinfo\/#\/schema\/person\/image\/\",\"url\":\"https:\/\/secure.gravatar.com\/avatar\/d10cfbea47ec464014dd9e55d3c353f7c4017b65068eb823d0882be0ff3b0ff6?s=96&d=mm&r=g\",\"contentUrl\":\"https:\/\/secure.gravatar.com\/avatar\/d10cfbea47ec464014dd9e55d3c353f7c4017b65068eb823d0882be0ff3b0ff6?s=96&d=mm&r=g\",\"caption\":\"La R\u00e9daction\"},\"url\":\"https:\/\/vosgesinfo.fr\/laplainedesvosgesinfo\/author\/redaction\/\"}]}<\/script>\n<!-- \/ Yoast SEO plugin. -->","yoast_head_json":{"title":"Comp\u00e9tition WorldSkills : pas de podium pour Louis et Kerrian form\u00e9s \u00e0 l\u2019\u00e9cole de Roville-aux-Ch\u00eanes - La Plaine des Vosges","robots":{"index":"index","follow":"follow","max-snippet":"max-snippet:-1","max-image-preview":"max-image-preview:large","max-video-preview":"max-video-preview:-1"},"canonical":"https:\/\/vosgesinfo.fr\/laplainedesvosgesinfo\/2022\/11\/competition-worldskills-pas-de-podium-pour-louis-et-kerrian-formes-a-lecole-de-roville-aux-chenes\/","twitter_card":"summary_large_image","twitter_title":"Comp\u00e9tition WorldSkills : pas de podium pour Louis et Kerrian form\u00e9s \u00e0 l\u2019\u00e9cole de Roville-aux-Ch\u00eanes - La Plaine des Vosges","twitter_description":"Lors de la 46e Finale mondiale de la Comp\u00e9tition WorldSkills, la plus grande comp\u00e9tition des m\u00e9tiers du monde, l\u2019\u00e9quipe de [&hellip;]","twitter_creator":"@VosgesInfo88","twitter_site":"@VosgesInfo88","twitter_misc":{"\u00c9crit par":"La R\u00e9daction"},"schema":{"@context":"https:\/\/schema.org","@graph":[{"@type":"Article","@id":"https:\/\/vosgesinfo.fr\/laplainedesvosgesinfo\/2022\/11\/competition-worldskills-pas-de-podium-pour-louis-et-kerrian-formes-a-lecole-de-roville-aux-chenes\/#article","isPartOf":{"@id":"https:\/\/vosgesinfo.fr\/laplainedesvosgesinfo\/2022\/11\/competition-worldskills-pas-de-podium-pour-louis-et-kerrian-formes-a-lecole-de-roville-aux-chenes\/"},"author":{"name":"La R\u00e9daction","@id":"https:\/\/vosgesinfo.fr\/laplainedesvosgesinfo\/#\/schema\/person\/db412391f749f1ee67e177e1dc017316"},"headline":"Comp\u00e9tition WorldSkills : pas de podium pour Louis et Kerrian form\u00e9s \u00e0 l\u2019\u00e9cole de Roville-aux-Ch\u00eanes","datePublished":"2022-11-03T12:19:08+00:00","dateModified":"2022-11-03T12:19:08+00:00","mainEntityOfPage":{"@id":"https:\/\/vosgesinfo.fr\/laplainedesvosgesinfo\/2022\/11\/competition-worldskills-pas-de-podium-pour-louis-et-kerrian-formes-a-lecole-de-roville-aux-chenes\/"},"wordCount":108,"commentCount":0,"publisher":{"@id":"https:\/\/vosgesinfo.fr\/laplainedesvosgesinfo\/#organization"},"keywords":["Kerrian Blaise","WorldSkills"],"articleSection":["A la Une","Vosges"],"inLanguage":"fr-FR","potentialAction":[{"@type":"CommentAction","name":"Comment","target":["https:\/\/vosgesinfo.fr\/laplainedesvosgesinfo\/2022\/11\/competition-worldskills-pas-de-podium-pour-louis-et-kerrian-formes-a-lecole-de-roville-aux-chenes\/#respond"]}]},{"@type":"WebPage","@id":"https:\/\/vosgesinfo.fr\/laplainedesvosgesinfo\/2022\/11\/competition-worldskills-pas-de-podium-pour-louis-et-kerrian-formes-a-lecole-de-roville-aux-chenes\/","url":"https:\/\/vosgesinfo.fr\/laplainedesvosgesinfo\/2022\/11\/competition-worldskills-pas-de-podium-pour-louis-et-kerrian-formes-a-lecole-de-roville-aux-chenes\/","name":"Comp\u00e9tition WorldSkills : pas de podium pour Louis et Kerrian form\u00e9s \u00e0 l\u2019\u00e9cole de Roville-aux-Ch\u00eanes - La Plaine des Vosges","isPartOf":{"@id":"https:\/\/vosgesinfo.fr\/laplainedesvosgesinfo\/#website"},"datePublished":"2022-11-03T12:19:08+00:00","dateModified":"2022-11-03T12:19:08+00:00","breadcrumb":{"@id":"https:\/\/vosgesinfo.fr\/laplainedesvosgesinfo\/2022\/11\/competition-worldskills-pas-de-podium-pour-louis-et-kerrian-formes-a-lecole-de-roville-aux-chenes\/#breadcrumb"},"inLanguage":"fr-FR","potentialAction":[{"@type":"ReadAction","target":["https:\/\/vosgesinfo.fr\/laplainedesvosgesinfo\/2022\/11\/competition-worldskills-pas-de-podium-pour-louis-et-kerrian-formes-a-lecole-de-roville-aux-chenes\/"]}]},{"@type":"BreadcrumbList","@id":"https:\/\/vosgesinfo.fr\/laplainedesvosgesinfo\/2022\/11\/competition-worldskills-pas-de-podium-pour-louis-et-kerrian-formes-a-lecole-de-roville-aux-chenes\/#breadcrumb","itemListElement":[{"@type":"ListItem","position":1,"name":"Home","item":"https:\/\/vosgesinfo.fr\/laplainedesvosgesinfo\/"},{"@type":"ListItem","position":2,"name":"Comp\u00e9tition WorldSkills : pas de podium pour Louis et Kerrian form\u00e9s \u00e0 l\u2019\u00e9cole de Roville-aux-Ch\u00eanes"}]},{"@type":"WebSite","@id":"https:\/\/vosgesinfo.fr\/laplainedesvosgesinfo\/#website","url":"https:\/\/vosgesinfo.fr\/laplainedesvosgesinfo\/","name":"La Plaine des Vosges","description":"Toute l&#039;actualit\u00e9 de la plaine de Vosges","publisher":{"@id":"https:\/\/vosgesinfo.fr\/laplainedesvosgesinfo\/#organization"},"alternateName":"Toute l'actualit\u00e9 de la plaine des Vosges","potentialAction":[{"@type":"SearchAction","target":{"@type":"EntryPoint","urlTemplate":"https:\/\/vosgesinfo.fr\/laplainedesvosgesinfo\/?s={search_term_string}"},"query-input":"required name=search_term_string"}],"inLanguage":"fr-FR"},{"@type":"Organization","@id":"https:\/\/vosgesinfo.fr\/laplainedesvosgesinfo\/#organization","name":"La Plaine des Vosges","url":"https:\/\/vosgesinfo.fr\/laplainedesvosgesinfo\/","logo":{"@type":"ImageObject","inLanguage":"fr-FR","@id":"https:\/\/vosgesinfo.fr\/laplainedesvosgesinfo\/#\/schema\/logo\/image\/","url":"https:\/\/vosgesinfo.fr\/app\/uploads\/sites\/2\/2023\/08\/logo-laplaineinfo.svg","contentUrl":"https:\/\/vosgesinfo.fr\/app\/uploads\/sites\/2\/2023\/08\/logo-laplaineinfo.svg","width":1,"height":1,"caption":"La Plaine des Vosges"},"image":{"@id":"https:\/\/vosgesinfo.fr\/laplainedesvosgesinfo\/#\/schema\/logo\/image\/"},"sameAs":["https:\/\/www.facebook.com\/laplainedesvosges","https:\/\/x.com\/VosgesInfo88","https:\/\/www.youtube.com\/@vosgesinfo"]},{"@type":"Person","@id":"https:\/\/vosgesinfo.fr\/laplainedesvosgesinfo\/#\/schema\/person\/db412391f749f1ee67e177e1dc017316","name":"La R\u00e9daction","image":{"@type":"ImageObject","inLanguage":"fr-FR","@id":"https:\/\/vosgesinfo.fr\/laplainedesvosgesinfo\/#\/schema\/person\/image\/","url":"https:\/\/secure.gravatar.com\/avatar\/d10cfbea47ec464014dd9e55d3c353f7c4017b65068eb823d0882be0ff3b0ff6?s=96&d=mm&r=g","contentUrl":"https:\/\/secure.gravatar.com\/avatar\/d10cfbea47ec464014dd9e55d3c353f7c4017b65068eb823d0882be0ff3b0ff6?s=96&d=mm&r=g","caption":"La R\u00e9daction"},"url":"https:\/\/vosgesinfo.fr\/laplainedesvosgesinfo\/author\/redaction\/"}]}},"_links":{"self":[{"href":"https:\/\/vosgesinfo.fr\/laplainedesvosgesinfo\/wp-json\/wp\/v2\/posts\/24150","targetHints":{"allow":["GET"]}}],"collection":[{"href":"https:\/\/vosgesinfo.fr\/laplainedesvosgesinfo\/wp-json\/wp\/v2\/posts"}],"about":[{"href":"https:\/\/vosgesinfo.fr\/laplainedesvosgesinfo\/wp-json\/wp\/v2\/types\/post"}],"author":[{"embeddable":true,"href":"https:\/\/vosgesinfo.fr\/laplainedesvosgesinfo\/wp-json\/wp\/v2\/users\/126"}],"replies":[{"embeddable":true,"href":"https:\/\/vosgesinfo.fr\/laplainedesvosgesinfo\/wp-json\/wp\/v2\/comments?post=24150"}],"version-history":[{"count":0,"href":"https:\/\/vosgesinfo.fr\/laplainedesvosgesinfo\/wp-json\/wp\/v2\/posts\/24150\/revisions"}],"wp:attachment":[{"href":"https:\/\/vosgesinfo.fr\/laplainedesvosgesinfo\/wp-json\/wp\/v2\/media?parent=24150"}],"wp:term":[{"taxonomy":"category","embeddable":true,"href":"https:\/\/vosgesinfo.fr\/laplainedesvosgesinfo\/wp-json\/wp\/v2\/categories?post=24150"},{"taxonomy":"post_tag","embeddable":true,"href":"https:\/\/vosgesinfo.fr\/laplainedesvosgesinfo\/wp-json\/wp\/v2\/tags?post=24150"}],"curies":[{"name":"wp","href":"https:\/\/api.w.org\/{rel}","templated":true}]}}