{"id":24402,"date":"2022-11-28T17:29:21","date_gmt":"2022-11-28T16:29:21","guid":{"rendered":"https:\/\/vosgesinfo.fr\/laplainedesvosgesinfo\/2022\/11\/djal-a-vittel-promet-de-faire-salle-comble\/"},"modified":"2022-11-28T17:29:21","modified_gmt":"2022-11-28T16:29:21","slug":"djal-a-vittel-promet-de-faire-salle-comble","status":"publish","type":"post","link":"https:\/\/vosgesinfo.fr\/laplainedesvosgesinfo\/2022\/11\/djal-a-vittel-promet-de-faire-salle-comble\/","title":{"rendered":"D\u2019Jal \u00e0 Vittel promet de faire salle comble"},"content":{"rendered":"<h4><a href=\"\/2022\/11\/E249A58A-6B8C-444B-B7AD-09F8763E11D5.jpeg\"><img decoding=\"async\" class=\"aligncenter size-full wp-image-134489\" src=\"\/2022\/11\/E249A58A-6B8C-444B-B7AD-09F8763E11D5.jpeg\" alt=\"D\u2019Jal \u00e0 Vittel\" width=\"339\" height=\"339\" \/><\/a><br \/>\nDans le cadre de la saison culturelle 2022 &#8211; 2023, la ville de Vittel accueillera sur la sc\u00e8ne du Palais des Congr\u00e8s l\u2019humoriste D\u2019jal avec son spectacle \u00ab\u00a0\u00e0 c\u0153ur ouvert\u00a0\u00bb, le vendredi 9 d\u00e9cembre 2022 a 20 heures 30. Un spectacle qui affichera sans aucun doute complet, au vu des r\u00e9servations d\u00e9j\u00e0 enregistr\u00e9es par le service culturel de la ville.<\/h4>\n<p>Toujours \u00e0 cent \u00e0 l&rsquo;heure et plus que jamais d\u00e9jant\u00e9, D&rsquo;Jal c&rsquo;est toujours plus de rire et plus d&rsquo;amour offert au public \u00e0 chaque spectacle. Comme \u00e0 son habitude, l\u2019artiste\u00a0entrem\u00eale les accents des quatre coins du monde avec le \u00ab portugais \u00bb en tout premier lieu, et redonne vie \u00e0 ses personnages f\u00e9tiches.<\/p>\n<p>Sur\u00a0la sc\u00e8ne du Palais des Congr\u00e8s de Vittel, D&rsquo;Jal se livrera \u00ab \u00e0 coeur ouvert \u00bb, en entra\u00eenant le public qui le suit fid\u00e8lement \u00a0dans un v\u00e9ritable hymne \u00e0 la vie. Avec g\u00e9n\u00e9rosit\u00e9 et sinc\u00e9rit\u00e9, l\u2019artiste a pour habitude de se confier, en sachant faire passer la salle du rire aux larmes. C\u2019est un spectacle \u00e9crit avec le coeur auquel D\u2019jal a mis un maximum de lui &#8211; m\u00eame, et qui fera prendre au public de v\u00e9ritables ascenseurs \u00e9motionnels. Un beau moment de partage et d&rsquo;authenticit\u00e9 attend donc les fans.<\/p>\n<p>Vendredi 9 d\u00e9cembre au Palais des Congr\u00e8s de Vittel.<\/p>\n<p>Le spectacle est \u00e0 20 heures 30 et les portes de la salle seront ouvertes \u00e0 partir de 19 heures 30, sous r\u00e9serve d\u2019ajustement par la production.\u00a0Placement assis libre.<\/p>\n<p>Billetterie\u00a0:<\/p>\n<p><a href=\"http:\/\/www.ville-vittel.fr\/billetterie\">www.ville-vittel.fr\/billetterie<\/a>, et points de ventes habituels.<\/p>\n","protected":false},"excerpt":{"rendered":"<p>Dans le cadre de la saison culturelle 2022 &#8211; 2023, la ville de Vittel accueillera sur la sc\u00e8ne du Palais [&hellip;]<\/p>\n","protected":false},"author":128,"featured_media":24403,"comment_status":"open","ping_status":"open","sticky":false,"template":"","format":"standard","meta":{"footnotes":""},"categories":[29,37,25,38],"tags":[6895,72,138,36],"class_list":["post-24402","post","type-post","status-publish","format-standard","has-post-thumbnail","hentry","category-a-la-une","category-la-plaine","category-loisirs","category-vittel-la-plaine","tag-djal","tag-palais-des-congres-de-vittel","tag-service-animation-vittel","tag-ville-de-vittel"],"acf":[],"yoast_head":"<!-- This site is optimized with the Yoast SEO plugin v22.5 - https:\/\/yoast.com\/wordpress\/plugins\/seo\/ -->\n<title>D\u2019Jal \u00e0 Vittel promet de faire salle comble - La Plaine des Vosges<\/title>\n<meta name=\"robots\" content=\"index, follow, max-snippet:-1, max-image-preview:large, max-video-preview:-1\" \/>\n<link rel=\"canonical\" href=\"https:\/\/vosgesinfo.fr\/laplainedesvosgesinfo\/2022\/11\/djal-a-vittel-promet-de-faire-salle-comble\/\" \/>\n<meta name=\"twitter:card\" content=\"summary_large_image\" \/>\n<meta name=\"twitter:title\" content=\"D\u2019Jal \u00e0 Vittel promet de faire salle comble - La Plaine des Vosges\" \/>\n<meta name=\"twitter:description\" content=\"Dans le cadre de la saison culturelle 2022 &#8211; 2023, la ville de Vittel accueillera sur la sc\u00e8ne du Palais [&hellip;]\" \/>\n<meta name=\"twitter:image\" content=\"https:\/\/vosgesinfo.fr\/app\/uploads\/sites\/2\/2024\/07\/202211e249a58a-6b8c-444b-b7ad-09f8763e11d5.jpeg\" \/>\n<meta name=\"twitter:creator\" content=\"@VosgesInfo88\" \/>\n<meta name=\"twitter:site\" content=\"@VosgesInfo88\" \/>\n<meta name=\"twitter:label1\" content=\"\u00c9crit par\" \/>\n\t<meta name=\"twitter:data1\" content=\"F L\" \/>\n\t<meta name=\"twitter:label2\" content=\"Dur\u00e9e de lecture estim\u00e9e\" \/>\n\t<meta name=\"twitter:data2\" content=\"1 minute\" \/>\n<script type=\"application\/ld+json\" class=\"yoast-schema-graph\">{\"@context\":\"https:\/\/schema.org\",\"@graph\":[{\"@type\":\"Article\",\"@id\":\"https:\/\/vosgesinfo.fr\/laplainedesvosgesinfo\/2022\/11\/djal-a-vittel-promet-de-faire-salle-comble\/#article\",\"isPartOf\":{\"@id\":\"https:\/\/vosgesinfo.fr\/laplainedesvosgesinfo\/2022\/11\/djal-a-vittel-promet-de-faire-salle-comble\/\"},\"author\":{\"name\":\"F L\",\"@id\":\"https:\/\/vosgesinfo.fr\/laplainedesvosgesinfo\/#\/schema\/person\/79e32bebcee803e323d575130a214cb1\"},\"headline\":\"D\u2019Jal \u00e0 Vittel promet de faire salle comble\",\"datePublished\":\"2022-11-28T16:29:21+00:00\",\"dateModified\":\"2022-11-28T16:29:21+00:00\",\"mainEntityOfPage\":{\"@id\":\"https:\/\/vosgesinfo.fr\/laplainedesvosgesinfo\/2022\/11\/djal-a-vittel-promet-de-faire-salle-comble\/\"},\"wordCount\":273,\"commentCount\":0,\"publisher\":{\"@id\":\"https:\/\/vosgesinfo.fr\/laplainedesvosgesinfo\/#organization\"},\"image\":{\"@id\":\"https:\/\/vosgesinfo.fr\/laplainedesvosgesinfo\/2022\/11\/djal-a-vittel-promet-de-faire-salle-comble\/#primaryimage\"},\"thumbnailUrl\":\"https:\/\/vosgesinfo.fr\/app\/uploads\/sites\/2\/2024\/07\/202211e249a58a-6b8c-444b-b7ad-09f8763e11d5.jpeg\",\"keywords\":[\"D\u2019JAL\",\"Palais des congr\u00e8s de Vittel\",\"Service animation Vittel\",\"Ville de Vittel\"],\"articleSection\":[\"A la Une\",\"La Plaine\",\"Loisirs\",\"Vittel\"],\"inLanguage\":\"fr-FR\",\"potentialAction\":[{\"@type\":\"CommentAction\",\"name\":\"Comment\",\"target\":[\"https:\/\/vosgesinfo.fr\/laplainedesvosgesinfo\/2022\/11\/djal-a-vittel-promet-de-faire-salle-comble\/#respond\"]}]},{\"@type\":\"WebPage\",\"@id\":\"https:\/\/vosgesinfo.fr\/laplainedesvosgesinfo\/2022\/11\/djal-a-vittel-promet-de-faire-salle-comble\/\",\"url\":\"https:\/\/vosgesinfo.fr\/laplainedesvosgesinfo\/2022\/11\/djal-a-vittel-promet-de-faire-salle-comble\/\",\"name\":\"D\u2019Jal \u00e0 Vittel promet de faire salle comble - La Plaine des Vosges\",\"isPartOf\":{\"@id\":\"https:\/\/vosgesinfo.fr\/laplainedesvosgesinfo\/#website\"},\"primaryImageOfPage\":{\"@id\":\"https:\/\/vosgesinfo.fr\/laplainedesvosgesinfo\/2022\/11\/djal-a-vittel-promet-de-faire-salle-comble\/#primaryimage\"},\"image\":{\"@id\":\"https:\/\/vosgesinfo.fr\/laplainedesvosgesinfo\/2022\/11\/djal-a-vittel-promet-de-faire-salle-comble\/#primaryimage\"},\"thumbnailUrl\":\"https:\/\/vosgesinfo.fr\/app\/uploads\/sites\/2\/2024\/07\/202211e249a58a-6b8c-444b-b7ad-09f8763e11d5.jpeg\",\"datePublished\":\"2022-11-28T16:29:21+00:00\",\"dateModified\":\"2022-11-28T16:29:21+00:00\",\"breadcrumb\":{\"@id\":\"https:\/\/vosgesinfo.fr\/laplainedesvosgesinfo\/2022\/11\/djal-a-vittel-promet-de-faire-salle-comble\/#breadcrumb\"},\"inLanguage\":\"fr-FR\",\"potentialAction\":[{\"@type\":\"ReadAction\",\"target\":[\"https:\/\/vosgesinfo.fr\/laplainedesvosgesinfo\/2022\/11\/djal-a-vittel-promet-de-faire-salle-comble\/\"]}]},{\"@type\":\"ImageObject\",\"inLanguage\":\"fr-FR\",\"@id\":\"https:\/\/vosgesinfo.fr\/laplainedesvosgesinfo\/2022\/11\/djal-a-vittel-promet-de-faire-salle-comble\/#primaryimage\",\"url\":\"https:\/\/vosgesinfo.fr\/app\/uploads\/sites\/2\/2024\/07\/202211e249a58a-6b8c-444b-b7ad-09f8763e11d5.jpeg\",\"contentUrl\":\"https:\/\/vosgesinfo.fr\/app\/uploads\/sites\/2\/2024\/07\/202211e249a58a-6b8c-444b-b7ad-09f8763e11d5.jpeg\",\"width\":339,\"height\":339},{\"@type\":\"BreadcrumbList\",\"@id\":\"https:\/\/vosgesinfo.fr\/laplainedesvosgesinfo\/2022\/11\/djal-a-vittel-promet-de-faire-salle-comble\/#breadcrumb\",\"itemListElement\":[{\"@type\":\"ListItem\",\"position\":1,\"name\":\"Home\",\"item\":\"https:\/\/vosgesinfo.fr\/laplainedesvosgesinfo\/\"},{\"@type\":\"ListItem\",\"position\":2,\"name\":\"D\u2019Jal \u00e0 Vittel promet de faire salle comble\"}]},{\"@type\":\"WebSite\",\"@id\":\"https:\/\/vosgesinfo.fr\/laplainedesvosgesinfo\/#website\",\"url\":\"https:\/\/vosgesinfo.fr\/laplainedesvosgesinfo\/\",\"name\":\"La Plaine des Vosges\",\"description\":\"Toute l&#039;actualit\u00e9 de la plaine de Vosges\",\"publisher\":{\"@id\":\"https:\/\/vosgesinfo.fr\/laplainedesvosgesinfo\/#organization\"},\"alternateName\":\"Toute l'actualit\u00e9 de la plaine des Vosges\",\"potentialAction\":[{\"@type\":\"SearchAction\",\"target\":{\"@type\":\"EntryPoint\",\"urlTemplate\":\"https:\/\/vosgesinfo.fr\/laplainedesvosgesinfo\/?s={search_term_string}\"},\"query-input\":\"required name=search_term_string\"}],\"inLanguage\":\"fr-FR\"},{\"@type\":\"Organization\",\"@id\":\"https:\/\/vosgesinfo.fr\/laplainedesvosgesinfo\/#organization\",\"name\":\"La Plaine des Vosges\",\"url\":\"https:\/\/vosgesinfo.fr\/laplainedesvosgesinfo\/\",\"logo\":{\"@type\":\"ImageObject\",\"inLanguage\":\"fr-FR\",\"@id\":\"https:\/\/vosgesinfo.fr\/laplainedesvosgesinfo\/#\/schema\/logo\/image\/\",\"url\":\"https:\/\/vosgesinfo.fr\/app\/uploads\/sites\/2\/2023\/08\/logo-laplaineinfo.svg\",\"contentUrl\":\"https:\/\/vosgesinfo.fr\/app\/uploads\/sites\/2\/2023\/08\/logo-laplaineinfo.svg\",\"width\":1,\"height\":1,\"caption\":\"La Plaine des Vosges\"},\"image\":{\"@id\":\"https:\/\/vosgesinfo.fr\/laplainedesvosgesinfo\/#\/schema\/logo\/image\/\"},\"sameAs\":[\"https:\/\/www.facebook.com\/laplainedesvosges\",\"https:\/\/x.com\/VosgesInfo88\",\"https:\/\/www.youtube.com\/@vosgesinfo\"]},{\"@type\":\"Person\",\"@id\":\"https:\/\/vosgesinfo.fr\/laplainedesvosgesinfo\/#\/schema\/person\/79e32bebcee803e323d575130a214cb1\",\"name\":\"F L\",\"image\":{\"@type\":\"ImageObject\",\"inLanguage\":\"fr-FR\",\"@id\":\"https:\/\/vosgesinfo.fr\/laplainedesvosgesinfo\/#\/schema\/person\/image\/\",\"url\":\"https:\/\/secure.gravatar.com\/avatar\/d357c72e152089867fde6ef62184057ee532a6f21b254c937a932e835554cfb3?s=96&d=mm&r=g\",\"contentUrl\":\"https:\/\/secure.gravatar.com\/avatar\/d357c72e152089867fde6ef62184057ee532a6f21b254c937a932e835554cfb3?s=96&d=mm&r=g\",\"caption\":\"F L\"},\"url\":\"https:\/\/vosgesinfo.fr\/laplainedesvosgesinfo\/author\/frlevyp88\/\"}]}<\/script>\n<!-- \/ Yoast SEO plugin. -->","yoast_head_json":{"title":"D\u2019Jal \u00e0 Vittel promet de faire salle comble - La Plaine des Vosges","robots":{"index":"index","follow":"follow","max-snippet":"max-snippet:-1","max-image-preview":"max-image-preview:large","max-video-preview":"max-video-preview:-1"},"canonical":"https:\/\/vosgesinfo.fr\/laplainedesvosgesinfo\/2022\/11\/djal-a-vittel-promet-de-faire-salle-comble\/","twitter_card":"summary_large_image","twitter_title":"D\u2019Jal \u00e0 Vittel promet de faire salle comble - La Plaine des Vosges","twitter_description":"Dans le cadre de la saison culturelle 2022 &#8211; 2023, la ville de Vittel accueillera sur la sc\u00e8ne du Palais [&hellip;]","twitter_image":"https:\/\/vosgesinfo.fr\/app\/uploads\/sites\/2\/2024\/07\/202211e249a58a-6b8c-444b-b7ad-09f8763e11d5.jpeg","twitter_creator":"@VosgesInfo88","twitter_site":"@VosgesInfo88","twitter_misc":{"\u00c9crit par":"F L","Dur\u00e9e de lecture estim\u00e9e":"1 minute"},"schema":{"@context":"https:\/\/schema.org","@graph":[{"@type":"Article","@id":"https:\/\/vosgesinfo.fr\/laplainedesvosgesinfo\/2022\/11\/djal-a-vittel-promet-de-faire-salle-comble\/#article","isPartOf":{"@id":"https:\/\/vosgesinfo.fr\/laplainedesvosgesinfo\/2022\/11\/djal-a-vittel-promet-de-faire-salle-comble\/"},"author":{"name":"F L","@id":"https:\/\/vosgesinfo.fr\/laplainedesvosgesinfo\/#\/schema\/person\/79e32bebcee803e323d575130a214cb1"},"headline":"D\u2019Jal \u00e0 Vittel promet de faire salle comble","datePublished":"2022-11-28T16:29:21+00:00","dateModified":"2022-11-28T16:29:21+00:00","mainEntityOfPage":{"@id":"https:\/\/vosgesinfo.fr\/laplainedesvosgesinfo\/2022\/11\/djal-a-vittel-promet-de-faire-salle-comble\/"},"wordCount":273,"commentCount":0,"publisher":{"@id":"https:\/\/vosgesinfo.fr\/laplainedesvosgesinfo\/#organization"},"image":{"@id":"https:\/\/vosgesinfo.fr\/laplainedesvosgesinfo\/2022\/11\/djal-a-vittel-promet-de-faire-salle-comble\/#primaryimage"},"thumbnailUrl":"https:\/\/vosgesinfo.fr\/app\/uploads\/sites\/2\/2024\/07\/202211e249a58a-6b8c-444b-b7ad-09f8763e11d5.jpeg","keywords":["D\u2019JAL","Palais des congr\u00e8s de Vittel","Service animation Vittel","Ville de Vittel"],"articleSection":["A la Une","La Plaine","Loisirs","Vittel"],"inLanguage":"fr-FR","potentialAction":[{"@type":"CommentAction","name":"Comment","target":["https:\/\/vosgesinfo.fr\/laplainedesvosgesinfo\/2022\/11\/djal-a-vittel-promet-de-faire-salle-comble\/#respond"]}]},{"@type":"WebPage","@id":"https:\/\/vosgesinfo.fr\/laplainedesvosgesinfo\/2022\/11\/djal-a-vittel-promet-de-faire-salle-comble\/","url":"https:\/\/vosgesinfo.fr\/laplainedesvosgesinfo\/2022\/11\/djal-a-vittel-promet-de-faire-salle-comble\/","name":"D\u2019Jal \u00e0 Vittel promet de faire salle comble - La Plaine des Vosges","isPartOf":{"@id":"https:\/\/vosgesinfo.fr\/laplainedesvosgesinfo\/#website"},"primaryImageOfPage":{"@id":"https:\/\/vosgesinfo.fr\/laplainedesvosgesinfo\/2022\/11\/djal-a-vittel-promet-de-faire-salle-comble\/#primaryimage"},"image":{"@id":"https:\/\/vosgesinfo.fr\/laplainedesvosgesinfo\/2022\/11\/djal-a-vittel-promet-de-faire-salle-comble\/#primaryimage"},"thumbnailUrl":"https:\/\/vosgesinfo.fr\/app\/uploads\/sites\/2\/2024\/07\/202211e249a58a-6b8c-444b-b7ad-09f8763e11d5.jpeg","datePublished":"2022-11-28T16:29:21+00:00","dateModified":"2022-11-28T16:29:21+00:00","breadcrumb":{"@id":"https:\/\/vosgesinfo.fr\/laplainedesvosgesinfo\/2022\/11\/djal-a-vittel-promet-de-faire-salle-comble\/#breadcrumb"},"inLanguage":"fr-FR","potentialAction":[{"@type":"ReadAction","target":["https:\/\/vosgesinfo.fr\/laplainedesvosgesinfo\/2022\/11\/djal-a-vittel-promet-de-faire-salle-comble\/"]}]},{"@type":"ImageObject","inLanguage":"fr-FR","@id":"https:\/\/vosgesinfo.fr\/laplainedesvosgesinfo\/2022\/11\/djal-a-vittel-promet-de-faire-salle-comble\/#primaryimage","url":"https:\/\/vosgesinfo.fr\/app\/uploads\/sites\/2\/2024\/07\/202211e249a58a-6b8c-444b-b7ad-09f8763e11d5.jpeg","contentUrl":"https:\/\/vosgesinfo.fr\/app\/uploads\/sites\/2\/2024\/07\/202211e249a58a-6b8c-444b-b7ad-09f8763e11d5.jpeg","width":339,"height":339},{"@type":"BreadcrumbList","@id":"https:\/\/vosgesinfo.fr\/laplainedesvosgesinfo\/2022\/11\/djal-a-vittel-promet-de-faire-salle-comble\/#breadcrumb","itemListElement":[{"@type":"ListItem","position":1,"name":"Home","item":"https:\/\/vosgesinfo.fr\/laplainedesvosgesinfo\/"},{"@type":"ListItem","position":2,"name":"D\u2019Jal \u00e0 Vittel promet de faire salle comble"}]},{"@type":"WebSite","@id":"https:\/\/vosgesinfo.fr\/laplainedesvosgesinfo\/#website","url":"https:\/\/vosgesinfo.fr\/laplainedesvosgesinfo\/","name":"La Plaine des Vosges","description":"Toute l&#039;actualit\u00e9 de la plaine de Vosges","publisher":{"@id":"https:\/\/vosgesinfo.fr\/laplainedesvosgesinfo\/#organization"},"alternateName":"Toute l'actualit\u00e9 de la plaine des Vosges","potentialAction":[{"@type":"SearchAction","target":{"@type":"EntryPoint","urlTemplate":"https:\/\/vosgesinfo.fr\/laplainedesvosgesinfo\/?s={search_term_string}"},"query-input":"required name=search_term_string"}],"inLanguage":"fr-FR"},{"@type":"Organization","@id":"https:\/\/vosgesinfo.fr\/laplainedesvosgesinfo\/#organization","name":"La Plaine des Vosges","url":"https:\/\/vosgesinfo.fr\/laplainedesvosgesinfo\/","logo":{"@type":"ImageObject","inLanguage":"fr-FR","@id":"https:\/\/vosgesinfo.fr\/laplainedesvosgesinfo\/#\/schema\/logo\/image\/","url":"https:\/\/vosgesinfo.fr\/app\/uploads\/sites\/2\/2023\/08\/logo-laplaineinfo.svg","contentUrl":"https:\/\/vosgesinfo.fr\/app\/uploads\/sites\/2\/2023\/08\/logo-laplaineinfo.svg","width":1,"height":1,"caption":"La Plaine des Vosges"},"image":{"@id":"https:\/\/vosgesinfo.fr\/laplainedesvosgesinfo\/#\/schema\/logo\/image\/"},"sameAs":["https:\/\/www.facebook.com\/laplainedesvosges","https:\/\/x.com\/VosgesInfo88","https:\/\/www.youtube.com\/@vosgesinfo"]},{"@type":"Person","@id":"https:\/\/vosgesinfo.fr\/laplainedesvosgesinfo\/#\/schema\/person\/79e32bebcee803e323d575130a214cb1","name":"F L","image":{"@type":"ImageObject","inLanguage":"fr-FR","@id":"https:\/\/vosgesinfo.fr\/laplainedesvosgesinfo\/#\/schema\/person\/image\/","url":"https:\/\/secure.gravatar.com\/avatar\/d357c72e152089867fde6ef62184057ee532a6f21b254c937a932e835554cfb3?s=96&d=mm&r=g","contentUrl":"https:\/\/secure.gravatar.com\/avatar\/d357c72e152089867fde6ef62184057ee532a6f21b254c937a932e835554cfb3?s=96&d=mm&r=g","caption":"F L"},"url":"https:\/\/vosgesinfo.fr\/laplainedesvosgesinfo\/author\/frlevyp88\/"}]}},"_links":{"self":[{"href":"https:\/\/vosgesinfo.fr\/laplainedesvosgesinfo\/wp-json\/wp\/v2\/posts\/24402","targetHints":{"allow":["GET"]}}],"collection":[{"href":"https:\/\/vosgesinfo.fr\/laplainedesvosgesinfo\/wp-json\/wp\/v2\/posts"}],"about":[{"href":"https:\/\/vosgesinfo.fr\/laplainedesvosgesinfo\/wp-json\/wp\/v2\/types\/post"}],"author":[{"embeddable":true,"href":"https:\/\/vosgesinfo.fr\/laplainedesvosgesinfo\/wp-json\/wp\/v2\/users\/128"}],"replies":[{"embeddable":true,"href":"https:\/\/vosgesinfo.fr\/laplainedesvosgesinfo\/wp-json\/wp\/v2\/comments?post=24402"}],"version-history":[{"count":0,"href":"https:\/\/vosgesinfo.fr\/laplainedesvosgesinfo\/wp-json\/wp\/v2\/posts\/24402\/revisions"}],"wp:featuredmedia":[{"embeddable":true,"href":"https:\/\/vosgesinfo.fr\/laplainedesvosgesinfo\/wp-json\/wp\/v2\/media\/24403"}],"wp:attachment":[{"href":"https:\/\/vosgesinfo.fr\/laplainedesvosgesinfo\/wp-json\/wp\/v2\/media?parent=24402"}],"wp:term":[{"taxonomy":"category","embeddable":true,"href":"https:\/\/vosgesinfo.fr\/laplainedesvosgesinfo\/wp-json\/wp\/v2\/categories?post=24402"},{"taxonomy":"post_tag","embeddable":true,"href":"https:\/\/vosgesinfo.fr\/laplainedesvosgesinfo\/wp-json\/wp\/v2\/tags?post=24402"}],"curies":[{"name":"wp","href":"https:\/\/api.w.org\/{rel}","templated":true}]}}