{"id":24448,"date":"2022-12-02T08:57:45","date_gmt":"2022-12-02T07:57:45","guid":{"rendered":"https:\/\/vosgesinfo.fr\/laplainedesvosgesinfo\/2022\/12\/le-lions-club-eaux-vives-de-vittel-se-mobilise-pour-le-telethon\/"},"modified":"2022-12-02T08:57:45","modified_gmt":"2022-12-02T07:57:45","slug":"le-lions-club-eaux-vives-de-vittel-se-mobilise-pour-le-telethon","status":"publish","type":"post","link":"https:\/\/vosgesinfo.fr\/laplainedesvosgesinfo\/2022\/12\/le-lions-club-eaux-vives-de-vittel-se-mobilise-pour-le-telethon\/","title":{"rendered":"Le Lions Club eaux vives de Vittel se mobilise pour le T\u00e9l\u00e9thon"},"content":{"rendered":"<h4><a href=\"\/2022\/12\/29F069ED-01FB-4038-B739-850BF422C1CF.jpeg\"><img decoding=\"async\" class=\"aligncenter size-full wp-image-134670\" src=\"\/2022\/12\/29F069ED-01FB-4038-B739-850BF422C1CF.jpeg\" alt=\"T\u00e9l\u00e9thon 2022\" width=\"800\" height=\"800\" \/><\/a><br \/>\nC\u2019est dans le cadre du T\u00e9l\u00e9thon 2022 que le Lions Club eaux vives de Vittel donne rendez &#8211; vous au public dans les locaux du supermarch\u00e9 Carrefour Market de Vittel, mais \u00e9galement dans ceux de l\u2019hypermarch\u00e9 Leclerc de Contrex\u00e9ville. Le Club vittellois organise une tombola qui permettra de gagner un chariot rempli d\u2019articles d\u2019une valeur de 200 euros.<\/h4>\n<p>C\u2019est entre 8 heures 30 et 18 heures, qu\u2019un appel \u00e0 la g\u00e9n\u00e9rosit\u00e9 du public est lanc\u00e9 par le Lions Club eaux vives de Vittel. Les b\u00e9n\u00e9voles de ce club service, se sont mobilis\u00e9s comme chaque ann\u00e9e pour la recherche en organisant une tombola. Le tirage au sort de l\u2019heureux gagnant aura lieu dans les deux cas le jour m\u00eame \u00e0 18 heures. La remise officielle du gain est pr\u00e9vue le lendemain matin pour 10 heures.<\/p>\n","protected":false},"excerpt":{"rendered":"<p>C\u2019est dans le cadre du T\u00e9l\u00e9thon 2022 que le Lions Club eaux vives de Vittel donne rendez &#8211; vous au [&hellip;]<\/p>\n","protected":false},"author":128,"featured_media":24449,"comment_status":"open","ping_status":"open","sticky":false,"template":"","format":"standard","meta":{"footnotes":""},"categories":[29,79,37,229,17,38],"tags":[231,36],"class_list":["post-24448","post","type-post","status-publish","format-standard","has-post-thumbnail","hentry","category-a-la-une","category-contrexeville-la-plaine","category-la-plaine","category-social","category-vie-associative","category-vittel-la-plaine","tag-lions-club-eaux-vives","tag-ville-de-vittel"],"acf":[],"yoast_head":"<!-- This site is optimized with the Yoast SEO plugin v22.5 - https:\/\/yoast.com\/wordpress\/plugins\/seo\/ -->\n<title>Le Lions Club eaux vives de Vittel se mobilise pour le T\u00e9l\u00e9thon - La Plaine des Vosges<\/title>\n<meta name=\"robots\" content=\"index, follow, max-snippet:-1, max-image-preview:large, max-video-preview:-1\" \/>\n<link rel=\"canonical\" href=\"https:\/\/vosgesinfo.fr\/laplainedesvosgesinfo\/2022\/12\/le-lions-club-eaux-vives-de-vittel-se-mobilise-pour-le-telethon\/\" \/>\n<meta name=\"twitter:card\" content=\"summary_large_image\" \/>\n<meta name=\"twitter:title\" content=\"Le Lions Club eaux vives de Vittel se mobilise pour le T\u00e9l\u00e9thon - La Plaine des Vosges\" \/>\n<meta name=\"twitter:description\" content=\"C\u2019est dans le cadre du T\u00e9l\u00e9thon 2022 que le Lions Club eaux vives de Vittel donne rendez &#8211; vous au [&hellip;]\" \/>\n<meta name=\"twitter:image\" content=\"https:\/\/vosgesinfo.fr\/app\/uploads\/sites\/2\/2024\/07\/20221229f069ed-01fb-4038-b739-850bf422c1cf.jpeg\" \/>\n<meta name=\"twitter:creator\" content=\"@VosgesInfo88\" \/>\n<meta name=\"twitter:site\" content=\"@VosgesInfo88\" \/>\n<meta name=\"twitter:label1\" content=\"\u00c9crit par\" \/>\n\t<meta name=\"twitter:data1\" content=\"F L\" \/>\n\t<meta name=\"twitter:label2\" content=\"Dur\u00e9e de lecture estim\u00e9e\" \/>\n\t<meta name=\"twitter:data2\" content=\"1 minute\" \/>\n<script type=\"application\/ld+json\" class=\"yoast-schema-graph\">{\"@context\":\"https:\/\/schema.org\",\"@graph\":[{\"@type\":\"Article\",\"@id\":\"https:\/\/vosgesinfo.fr\/laplainedesvosgesinfo\/2022\/12\/le-lions-club-eaux-vives-de-vittel-se-mobilise-pour-le-telethon\/#article\",\"isPartOf\":{\"@id\":\"https:\/\/vosgesinfo.fr\/laplainedesvosgesinfo\/2022\/12\/le-lions-club-eaux-vives-de-vittel-se-mobilise-pour-le-telethon\/\"},\"author\":{\"name\":\"F L\",\"@id\":\"https:\/\/vosgesinfo.fr\/laplainedesvosgesinfo\/#\/schema\/person\/79e32bebcee803e323d575130a214cb1\"},\"headline\":\"Le Lions Club eaux vives de Vittel se mobilise pour le T\u00e9l\u00e9thon\",\"datePublished\":\"2022-12-02T07:57:45+00:00\",\"dateModified\":\"2022-12-02T07:57:45+00:00\",\"mainEntityOfPage\":{\"@id\":\"https:\/\/vosgesinfo.fr\/laplainedesvosgesinfo\/2022\/12\/le-lions-club-eaux-vives-de-vittel-se-mobilise-pour-le-telethon\/\"},\"wordCount\":157,\"commentCount\":0,\"publisher\":{\"@id\":\"https:\/\/vosgesinfo.fr\/laplainedesvosgesinfo\/#organization\"},\"image\":{\"@id\":\"https:\/\/vosgesinfo.fr\/laplainedesvosgesinfo\/2022\/12\/le-lions-club-eaux-vives-de-vittel-se-mobilise-pour-le-telethon\/#primaryimage\"},\"thumbnailUrl\":\"https:\/\/vosgesinfo.fr\/app\/uploads\/sites\/2\/2024\/07\/20221229f069ed-01fb-4038-b739-850bf422c1cf.jpeg\",\"keywords\":[\"Lions Club Eaux Vives\",\"Ville de Vittel\"],\"articleSection\":[\"A la Une\",\"Contrex\u00e9ville\",\"La Plaine\",\"Social\",\"Vie Associative\",\"Vittel\"],\"inLanguage\":\"fr-FR\",\"potentialAction\":[{\"@type\":\"CommentAction\",\"name\":\"Comment\",\"target\":[\"https:\/\/vosgesinfo.fr\/laplainedesvosgesinfo\/2022\/12\/le-lions-club-eaux-vives-de-vittel-se-mobilise-pour-le-telethon\/#respond\"]}]},{\"@type\":\"WebPage\",\"@id\":\"https:\/\/vosgesinfo.fr\/laplainedesvosgesinfo\/2022\/12\/le-lions-club-eaux-vives-de-vittel-se-mobilise-pour-le-telethon\/\",\"url\":\"https:\/\/vosgesinfo.fr\/laplainedesvosgesinfo\/2022\/12\/le-lions-club-eaux-vives-de-vittel-se-mobilise-pour-le-telethon\/\",\"name\":\"Le Lions Club eaux vives de Vittel se mobilise pour le T\u00e9l\u00e9thon - La Plaine des Vosges\",\"isPartOf\":{\"@id\":\"https:\/\/vosgesinfo.fr\/laplainedesvosgesinfo\/#website\"},\"primaryImageOfPage\":{\"@id\":\"https:\/\/vosgesinfo.fr\/laplainedesvosgesinfo\/2022\/12\/le-lions-club-eaux-vives-de-vittel-se-mobilise-pour-le-telethon\/#primaryimage\"},\"image\":{\"@id\":\"https:\/\/vosgesinfo.fr\/laplainedesvosgesinfo\/2022\/12\/le-lions-club-eaux-vives-de-vittel-se-mobilise-pour-le-telethon\/#primaryimage\"},\"thumbnailUrl\":\"https:\/\/vosgesinfo.fr\/app\/uploads\/sites\/2\/2024\/07\/20221229f069ed-01fb-4038-b739-850bf422c1cf.jpeg\",\"datePublished\":\"2022-12-02T07:57:45+00:00\",\"dateModified\":\"2022-12-02T07:57:45+00:00\",\"breadcrumb\":{\"@id\":\"https:\/\/vosgesinfo.fr\/laplainedesvosgesinfo\/2022\/12\/le-lions-club-eaux-vives-de-vittel-se-mobilise-pour-le-telethon\/#breadcrumb\"},\"inLanguage\":\"fr-FR\",\"potentialAction\":[{\"@type\":\"ReadAction\",\"target\":[\"https:\/\/vosgesinfo.fr\/laplainedesvosgesinfo\/2022\/12\/le-lions-club-eaux-vives-de-vittel-se-mobilise-pour-le-telethon\/\"]}]},{\"@type\":\"ImageObject\",\"inLanguage\":\"fr-FR\",\"@id\":\"https:\/\/vosgesinfo.fr\/laplainedesvosgesinfo\/2022\/12\/le-lions-club-eaux-vives-de-vittel-se-mobilise-pour-le-telethon\/#primaryimage\",\"url\":\"https:\/\/vosgesinfo.fr\/app\/uploads\/sites\/2\/2024\/07\/20221229f069ed-01fb-4038-b739-850bf422c1cf.jpeg\",\"contentUrl\":\"https:\/\/vosgesinfo.fr\/app\/uploads\/sites\/2\/2024\/07\/20221229f069ed-01fb-4038-b739-850bf422c1cf.jpeg\",\"width\":800,\"height\":800},{\"@type\":\"BreadcrumbList\",\"@id\":\"https:\/\/vosgesinfo.fr\/laplainedesvosgesinfo\/2022\/12\/le-lions-club-eaux-vives-de-vittel-se-mobilise-pour-le-telethon\/#breadcrumb\",\"itemListElement\":[{\"@type\":\"ListItem\",\"position\":1,\"name\":\"Home\",\"item\":\"https:\/\/vosgesinfo.fr\/laplainedesvosgesinfo\/\"},{\"@type\":\"ListItem\",\"position\":2,\"name\":\"Le Lions Club eaux vives de Vittel se mobilise pour le T\u00e9l\u00e9thon\"}]},{\"@type\":\"WebSite\",\"@id\":\"https:\/\/vosgesinfo.fr\/laplainedesvosgesinfo\/#website\",\"url\":\"https:\/\/vosgesinfo.fr\/laplainedesvosgesinfo\/\",\"name\":\"La Plaine des Vosges\",\"description\":\"Toute l&#039;actualit\u00e9 de la plaine de Vosges\",\"publisher\":{\"@id\":\"https:\/\/vosgesinfo.fr\/laplainedesvosgesinfo\/#organization\"},\"alternateName\":\"Toute l'actualit\u00e9 de la plaine des Vosges\",\"potentialAction\":[{\"@type\":\"SearchAction\",\"target\":{\"@type\":\"EntryPoint\",\"urlTemplate\":\"https:\/\/vosgesinfo.fr\/laplainedesvosgesinfo\/?s={search_term_string}\"},\"query-input\":\"required name=search_term_string\"}],\"inLanguage\":\"fr-FR\"},{\"@type\":\"Organization\",\"@id\":\"https:\/\/vosgesinfo.fr\/laplainedesvosgesinfo\/#organization\",\"name\":\"La Plaine des Vosges\",\"url\":\"https:\/\/vosgesinfo.fr\/laplainedesvosgesinfo\/\",\"logo\":{\"@type\":\"ImageObject\",\"inLanguage\":\"fr-FR\",\"@id\":\"https:\/\/vosgesinfo.fr\/laplainedesvosgesinfo\/#\/schema\/logo\/image\/\",\"url\":\"https:\/\/vosgesinfo.fr\/app\/uploads\/sites\/2\/2023\/08\/logo-laplaineinfo.svg\",\"contentUrl\":\"https:\/\/vosgesinfo.fr\/app\/uploads\/sites\/2\/2023\/08\/logo-laplaineinfo.svg\",\"width\":1,\"height\":1,\"caption\":\"La Plaine des Vosges\"},\"image\":{\"@id\":\"https:\/\/vosgesinfo.fr\/laplainedesvosgesinfo\/#\/schema\/logo\/image\/\"},\"sameAs\":[\"https:\/\/www.facebook.com\/laplainedesvosges\",\"https:\/\/x.com\/VosgesInfo88\",\"https:\/\/www.youtube.com\/@vosgesinfo\"]},{\"@type\":\"Person\",\"@id\":\"https:\/\/vosgesinfo.fr\/laplainedesvosgesinfo\/#\/schema\/person\/79e32bebcee803e323d575130a214cb1\",\"name\":\"F L\",\"image\":{\"@type\":\"ImageObject\",\"inLanguage\":\"fr-FR\",\"@id\":\"https:\/\/vosgesinfo.fr\/laplainedesvosgesinfo\/#\/schema\/person\/image\/\",\"url\":\"https:\/\/secure.gravatar.com\/avatar\/d357c72e152089867fde6ef62184057ee532a6f21b254c937a932e835554cfb3?s=96&d=mm&r=g\",\"contentUrl\":\"https:\/\/secure.gravatar.com\/avatar\/d357c72e152089867fde6ef62184057ee532a6f21b254c937a932e835554cfb3?s=96&d=mm&r=g\",\"caption\":\"F L\"},\"url\":\"https:\/\/vosgesinfo.fr\/laplainedesvosgesinfo\/author\/frlevyp88\/\"}]}<\/script>\n<!-- \/ Yoast SEO plugin. -->","yoast_head_json":{"title":"Le Lions Club eaux vives de Vittel se mobilise pour le T\u00e9l\u00e9thon - La Plaine des Vosges","robots":{"index":"index","follow":"follow","max-snippet":"max-snippet:-1","max-image-preview":"max-image-preview:large","max-video-preview":"max-video-preview:-1"},"canonical":"https:\/\/vosgesinfo.fr\/laplainedesvosgesinfo\/2022\/12\/le-lions-club-eaux-vives-de-vittel-se-mobilise-pour-le-telethon\/","twitter_card":"summary_large_image","twitter_title":"Le Lions Club eaux vives de Vittel se mobilise pour le T\u00e9l\u00e9thon - La Plaine des Vosges","twitter_description":"C\u2019est dans le cadre du T\u00e9l\u00e9thon 2022 que le Lions Club eaux vives de Vittel donne rendez &#8211; vous au [&hellip;]","twitter_image":"https:\/\/vosgesinfo.fr\/app\/uploads\/sites\/2\/2024\/07\/20221229f069ed-01fb-4038-b739-850bf422c1cf.jpeg","twitter_creator":"@VosgesInfo88","twitter_site":"@VosgesInfo88","twitter_misc":{"\u00c9crit par":"F L","Dur\u00e9e de lecture estim\u00e9e":"1 minute"},"schema":{"@context":"https:\/\/schema.org","@graph":[{"@type":"Article","@id":"https:\/\/vosgesinfo.fr\/laplainedesvosgesinfo\/2022\/12\/le-lions-club-eaux-vives-de-vittel-se-mobilise-pour-le-telethon\/#article","isPartOf":{"@id":"https:\/\/vosgesinfo.fr\/laplainedesvosgesinfo\/2022\/12\/le-lions-club-eaux-vives-de-vittel-se-mobilise-pour-le-telethon\/"},"author":{"name":"F L","@id":"https:\/\/vosgesinfo.fr\/laplainedesvosgesinfo\/#\/schema\/person\/79e32bebcee803e323d575130a214cb1"},"headline":"Le Lions Club eaux vives de Vittel se mobilise pour le T\u00e9l\u00e9thon","datePublished":"2022-12-02T07:57:45+00:00","dateModified":"2022-12-02T07:57:45+00:00","mainEntityOfPage":{"@id":"https:\/\/vosgesinfo.fr\/laplainedesvosgesinfo\/2022\/12\/le-lions-club-eaux-vives-de-vittel-se-mobilise-pour-le-telethon\/"},"wordCount":157,"commentCount":0,"publisher":{"@id":"https:\/\/vosgesinfo.fr\/laplainedesvosgesinfo\/#organization"},"image":{"@id":"https:\/\/vosgesinfo.fr\/laplainedesvosgesinfo\/2022\/12\/le-lions-club-eaux-vives-de-vittel-se-mobilise-pour-le-telethon\/#primaryimage"},"thumbnailUrl":"https:\/\/vosgesinfo.fr\/app\/uploads\/sites\/2\/2024\/07\/20221229f069ed-01fb-4038-b739-850bf422c1cf.jpeg","keywords":["Lions Club Eaux Vives","Ville de Vittel"],"articleSection":["A la Une","Contrex\u00e9ville","La Plaine","Social","Vie Associative","Vittel"],"inLanguage":"fr-FR","potentialAction":[{"@type":"CommentAction","name":"Comment","target":["https:\/\/vosgesinfo.fr\/laplainedesvosgesinfo\/2022\/12\/le-lions-club-eaux-vives-de-vittel-se-mobilise-pour-le-telethon\/#respond"]}]},{"@type":"WebPage","@id":"https:\/\/vosgesinfo.fr\/laplainedesvosgesinfo\/2022\/12\/le-lions-club-eaux-vives-de-vittel-se-mobilise-pour-le-telethon\/","url":"https:\/\/vosgesinfo.fr\/laplainedesvosgesinfo\/2022\/12\/le-lions-club-eaux-vives-de-vittel-se-mobilise-pour-le-telethon\/","name":"Le Lions Club eaux vives de Vittel se mobilise pour le T\u00e9l\u00e9thon - La Plaine des Vosges","isPartOf":{"@id":"https:\/\/vosgesinfo.fr\/laplainedesvosgesinfo\/#website"},"primaryImageOfPage":{"@id":"https:\/\/vosgesinfo.fr\/laplainedesvosgesinfo\/2022\/12\/le-lions-club-eaux-vives-de-vittel-se-mobilise-pour-le-telethon\/#primaryimage"},"image":{"@id":"https:\/\/vosgesinfo.fr\/laplainedesvosgesinfo\/2022\/12\/le-lions-club-eaux-vives-de-vittel-se-mobilise-pour-le-telethon\/#primaryimage"},"thumbnailUrl":"https:\/\/vosgesinfo.fr\/app\/uploads\/sites\/2\/2024\/07\/20221229f069ed-01fb-4038-b739-850bf422c1cf.jpeg","datePublished":"2022-12-02T07:57:45+00:00","dateModified":"2022-12-02T07:57:45+00:00","breadcrumb":{"@id":"https:\/\/vosgesinfo.fr\/laplainedesvosgesinfo\/2022\/12\/le-lions-club-eaux-vives-de-vittel-se-mobilise-pour-le-telethon\/#breadcrumb"},"inLanguage":"fr-FR","potentialAction":[{"@type":"ReadAction","target":["https:\/\/vosgesinfo.fr\/laplainedesvosgesinfo\/2022\/12\/le-lions-club-eaux-vives-de-vittel-se-mobilise-pour-le-telethon\/"]}]},{"@type":"ImageObject","inLanguage":"fr-FR","@id":"https:\/\/vosgesinfo.fr\/laplainedesvosgesinfo\/2022\/12\/le-lions-club-eaux-vives-de-vittel-se-mobilise-pour-le-telethon\/#primaryimage","url":"https:\/\/vosgesinfo.fr\/app\/uploads\/sites\/2\/2024\/07\/20221229f069ed-01fb-4038-b739-850bf422c1cf.jpeg","contentUrl":"https:\/\/vosgesinfo.fr\/app\/uploads\/sites\/2\/2024\/07\/20221229f069ed-01fb-4038-b739-850bf422c1cf.jpeg","width":800,"height":800},{"@type":"BreadcrumbList","@id":"https:\/\/vosgesinfo.fr\/laplainedesvosgesinfo\/2022\/12\/le-lions-club-eaux-vives-de-vittel-se-mobilise-pour-le-telethon\/#breadcrumb","itemListElement":[{"@type":"ListItem","position":1,"name":"Home","item":"https:\/\/vosgesinfo.fr\/laplainedesvosgesinfo\/"},{"@type":"ListItem","position":2,"name":"Le Lions Club eaux vives de Vittel se mobilise pour le T\u00e9l\u00e9thon"}]},{"@type":"WebSite","@id":"https:\/\/vosgesinfo.fr\/laplainedesvosgesinfo\/#website","url":"https:\/\/vosgesinfo.fr\/laplainedesvosgesinfo\/","name":"La Plaine des Vosges","description":"Toute l&#039;actualit\u00e9 de la plaine de Vosges","publisher":{"@id":"https:\/\/vosgesinfo.fr\/laplainedesvosgesinfo\/#organization"},"alternateName":"Toute l'actualit\u00e9 de la plaine des Vosges","potentialAction":[{"@type":"SearchAction","target":{"@type":"EntryPoint","urlTemplate":"https:\/\/vosgesinfo.fr\/laplainedesvosgesinfo\/?s={search_term_string}"},"query-input":"required name=search_term_string"}],"inLanguage":"fr-FR"},{"@type":"Organization","@id":"https:\/\/vosgesinfo.fr\/laplainedesvosgesinfo\/#organization","name":"La Plaine des Vosges","url":"https:\/\/vosgesinfo.fr\/laplainedesvosgesinfo\/","logo":{"@type":"ImageObject","inLanguage":"fr-FR","@id":"https:\/\/vosgesinfo.fr\/laplainedesvosgesinfo\/#\/schema\/logo\/image\/","url":"https:\/\/vosgesinfo.fr\/app\/uploads\/sites\/2\/2023\/08\/logo-laplaineinfo.svg","contentUrl":"https:\/\/vosgesinfo.fr\/app\/uploads\/sites\/2\/2023\/08\/logo-laplaineinfo.svg","width":1,"height":1,"caption":"La Plaine des Vosges"},"image":{"@id":"https:\/\/vosgesinfo.fr\/laplainedesvosgesinfo\/#\/schema\/logo\/image\/"},"sameAs":["https:\/\/www.facebook.com\/laplainedesvosges","https:\/\/x.com\/VosgesInfo88","https:\/\/www.youtube.com\/@vosgesinfo"]},{"@type":"Person","@id":"https:\/\/vosgesinfo.fr\/laplainedesvosgesinfo\/#\/schema\/person\/79e32bebcee803e323d575130a214cb1","name":"F L","image":{"@type":"ImageObject","inLanguage":"fr-FR","@id":"https:\/\/vosgesinfo.fr\/laplainedesvosgesinfo\/#\/schema\/person\/image\/","url":"https:\/\/secure.gravatar.com\/avatar\/d357c72e152089867fde6ef62184057ee532a6f21b254c937a932e835554cfb3?s=96&d=mm&r=g","contentUrl":"https:\/\/secure.gravatar.com\/avatar\/d357c72e152089867fde6ef62184057ee532a6f21b254c937a932e835554cfb3?s=96&d=mm&r=g","caption":"F L"},"url":"https:\/\/vosgesinfo.fr\/laplainedesvosgesinfo\/author\/frlevyp88\/"}]}},"_links":{"self":[{"href":"https:\/\/vosgesinfo.fr\/laplainedesvosgesinfo\/wp-json\/wp\/v2\/posts\/24448","targetHints":{"allow":["GET"]}}],"collection":[{"href":"https:\/\/vosgesinfo.fr\/laplainedesvosgesinfo\/wp-json\/wp\/v2\/posts"}],"about":[{"href":"https:\/\/vosgesinfo.fr\/laplainedesvosgesinfo\/wp-json\/wp\/v2\/types\/post"}],"author":[{"embeddable":true,"href":"https:\/\/vosgesinfo.fr\/laplainedesvosgesinfo\/wp-json\/wp\/v2\/users\/128"}],"replies":[{"embeddable":true,"href":"https:\/\/vosgesinfo.fr\/laplainedesvosgesinfo\/wp-json\/wp\/v2\/comments?post=24448"}],"version-history":[{"count":0,"href":"https:\/\/vosgesinfo.fr\/laplainedesvosgesinfo\/wp-json\/wp\/v2\/posts\/24448\/revisions"}],"wp:featuredmedia":[{"embeddable":true,"href":"https:\/\/vosgesinfo.fr\/laplainedesvosgesinfo\/wp-json\/wp\/v2\/media\/24449"}],"wp:attachment":[{"href":"https:\/\/vosgesinfo.fr\/laplainedesvosgesinfo\/wp-json\/wp\/v2\/media?parent=24448"}],"wp:term":[{"taxonomy":"category","embeddable":true,"href":"https:\/\/vosgesinfo.fr\/laplainedesvosgesinfo\/wp-json\/wp\/v2\/categories?post=24448"},{"taxonomy":"post_tag","embeddable":true,"href":"https:\/\/vosgesinfo.fr\/laplainedesvosgesinfo\/wp-json\/wp\/v2\/tags?post=24448"}],"curies":[{"name":"wp","href":"https:\/\/api.w.org\/{rel}","templated":true}]}}