{"id":24450,"date":"2022-12-02T10:27:34","date_gmt":"2022-12-02T09:27:34","guid":{"rendered":"https:\/\/vosgesinfo.fr\/laplainedesvosgesinfo\/2022\/12\/djal-est-bien-parti-pour-faire-salle-comble-a-vittel\/"},"modified":"2022-12-02T10:27:34","modified_gmt":"2022-12-02T09:27:34","slug":"djal-est-bien-parti-pour-faire-salle-comble-a-vittel","status":"publish","type":"post","link":"https:\/\/vosgesinfo.fr\/laplainedesvosgesinfo\/2022\/12\/djal-est-bien-parti-pour-faire-salle-comble-a-vittel\/","title":{"rendered":"D\u2019Jal est bien parti pour faire salle comble \u00e0 Vittel"},"content":{"rendered":"<h4><a href=\"\/2022\/12\/D\u2019Jal-\u00e0-Vittel-.jpg\"><img decoding=\"async\" class=\"aligncenter size-full wp-image-134684\" src=\"\/2022\/12\/D\u2019Jal-\u00e0-Vittel-.jpg\" alt=\"D\u2019Jal \u00e0 Vittel\" width=\"533\" height=\"800\" \/><\/a><br \/>\nLe spectacle de D\u2019Jal sur la sc\u00e8ne du Palais des Congr\u00e8s de Vittel promet de faire carton plein. Pour les retardataires, quelques places sont encore disponibles pour ce spectacle du 9 d\u00e9cembre, programm\u00e9 \u00e0 20 heures 30 au Palais des Congr\u00e8s de Vittel et intitul\u00e9 \u00ab \u00c0 c\u0153ur ouvert \u00bb. Le one man show de l\u2019artiste conna\u00eet depuis 4 ans un succ\u00e8s m\u00e9rit\u00e9 avec plus de 400 000 spectateurs.<\/h4>\n<p>L\u2019humoriste \u00e0 la casquette viss\u00e9e sur la t\u00eate, comme un moyen de garder au chaud ses id\u00e9es d\u00e9sopilantes, est attendu par ses nombreux fans le 9 d\u00e9cembre \u00e0 20 heures 30 sur la sc\u00e8ne du Palais des Congr\u00e8s de Vittel. Celui qui fait le Buzz sur le web avec son sketch \u00ab Le Portugais \u00bb, enregistre \u00e0 ce jour plus de 20 millions de vues sur YouTube. Apr\u00e8s une tourn\u00e9e mondiale \u00e0 guichet ferm\u00e9, l\u2019humoriste joint par t\u00e9l\u00e9phone se r\u00e9jouit de venir jouer \u00e0 Vittel. Son nouveau spectacle intitul\u00e9 \u00ab \u00c0 c\u0153ur ouvert \u00bb, conna\u00eet un raz &#8211; de &#8211; mar\u00e9e sans pr\u00e9c\u00e9dent du c\u00f4t\u00e9 des r\u00e9servations arriv\u00e9es au service animation de la ville de Vittel.<\/p>\n<p><em>\u00ab Ce qui me pla\u00eet par dessus tout dans ce m\u00e9tier, c\u2019est la sc\u00e8ne et la proximit\u00e9 avec le public. C\u2019est mon adr\u00e9naline, ce qui me booste au plus au point et me rend heureux. Le contact avec le public est grisant, et donner du bonheur aux gens apr\u00e8s une p\u00e9riode compliqu\u00e9e me rend heureux. Je suis content de venir jouer sur la sc\u00e8ne du Palais des Congr\u00e8s de Vittel le 9 d\u00e9cembre. Parall\u00e8lement \u00e0 la sc\u00e8ne, je travaille actuellement \u00e0 l\u2019\u00e9criture d\u2019un sc\u00e9nario. Le cin\u00e9ma est une v\u00e9ritable passion. Si les spectacles sur sc\u00e8ne s\u2019encha\u00eenent actuellement \u00e0 un rythme effr\u00e9n\u00e9, le cin\u00e9ma demande plus de temps. C\u2019est une approche artistique diff\u00e9rente mais compl\u00e9mentaire \u00bb,\u00a0<\/em>d\u00e9clare D\u2019Jal.<\/p>\n","protected":false},"excerpt":{"rendered":"<p>Le spectacle de D\u2019Jal sur la sc\u00e8ne du Palais des Congr\u00e8s de Vittel promet de faire carton plein. Pour les [&hellip;]<\/p>\n","protected":false},"author":128,"featured_media":24451,"comment_status":"open","ping_status":"open","sticky":false,"template":"","format":"standard","meta":{"footnotes":""},"categories":[29,4,37,38,18],"tags":[6895,72,36],"class_list":["post-24450","post","type-post","status-publish","format-standard","has-post-thumbnail","hentry","category-a-la-une","category-culture","category-la-plaine","category-vittel-la-plaine","category-vosges","tag-djal","tag-palais-des-congres-de-vittel","tag-ville-de-vittel"],"acf":[],"yoast_head":"<!-- This site is optimized with the Yoast SEO plugin v22.5 - https:\/\/yoast.com\/wordpress\/plugins\/seo\/ -->\n<title>D\u2019Jal est bien parti pour faire salle comble \u00e0 Vittel - La Plaine des Vosges<\/title>\n<meta name=\"robots\" content=\"index, follow, max-snippet:-1, max-image-preview:large, max-video-preview:-1\" \/>\n<link rel=\"canonical\" href=\"https:\/\/vosgesinfo.fr\/laplainedesvosgesinfo\/2022\/12\/djal-est-bien-parti-pour-faire-salle-comble-a-vittel\/\" \/>\n<meta name=\"twitter:card\" content=\"summary_large_image\" \/>\n<meta name=\"twitter:title\" content=\"D\u2019Jal est bien parti pour faire salle comble \u00e0 Vittel - La Plaine des Vosges\" \/>\n<meta name=\"twitter:description\" content=\"Le spectacle de D\u2019Jal sur la sc\u00e8ne du Palais des Congr\u00e8s de Vittel promet de faire carton plein. Pour les [&hellip;]\" \/>\n<meta name=\"twitter:image\" content=\"https:\/\/vosgesinfo.fr\/app\/uploads\/sites\/2\/2024\/07\/202212djal-a-vittel-.jpg\" \/>\n<meta name=\"twitter:creator\" content=\"@VosgesInfo88\" \/>\n<meta name=\"twitter:site\" content=\"@VosgesInfo88\" \/>\n<meta name=\"twitter:label1\" content=\"\u00c9crit par\" \/>\n\t<meta name=\"twitter:data1\" content=\"F L\" \/>\n\t<meta name=\"twitter:label2\" content=\"Dur\u00e9e de lecture estim\u00e9e\" \/>\n\t<meta name=\"twitter:data2\" content=\"2 minutes\" \/>\n<script type=\"application\/ld+json\" class=\"yoast-schema-graph\">{\"@context\":\"https:\/\/schema.org\",\"@graph\":[{\"@type\":\"Article\",\"@id\":\"https:\/\/vosgesinfo.fr\/laplainedesvosgesinfo\/2022\/12\/djal-est-bien-parti-pour-faire-salle-comble-a-vittel\/#article\",\"isPartOf\":{\"@id\":\"https:\/\/vosgesinfo.fr\/laplainedesvosgesinfo\/2022\/12\/djal-est-bien-parti-pour-faire-salle-comble-a-vittel\/\"},\"author\":{\"name\":\"F L\",\"@id\":\"https:\/\/vosgesinfo.fr\/laplainedesvosgesinfo\/#\/schema\/person\/79e32bebcee803e323d575130a214cb1\"},\"headline\":\"D\u2019Jal est bien parti pour faire salle comble \u00e0 Vittel\",\"datePublished\":\"2022-12-02T09:27:34+00:00\",\"dateModified\":\"2022-12-02T09:27:34+00:00\",\"mainEntityOfPage\":{\"@id\":\"https:\/\/vosgesinfo.fr\/laplainedesvosgesinfo\/2022\/12\/djal-est-bien-parti-pour-faire-salle-comble-a-vittel\/\"},\"wordCount\":343,\"commentCount\":0,\"publisher\":{\"@id\":\"https:\/\/vosgesinfo.fr\/laplainedesvosgesinfo\/#organization\"},\"image\":{\"@id\":\"https:\/\/vosgesinfo.fr\/laplainedesvosgesinfo\/2022\/12\/djal-est-bien-parti-pour-faire-salle-comble-a-vittel\/#primaryimage\"},\"thumbnailUrl\":\"https:\/\/vosgesinfo.fr\/app\/uploads\/sites\/2\/2024\/07\/202212djal-a-vittel-.jpg\",\"keywords\":[\"D\u2019JAL\",\"Palais des congr\u00e8s de Vittel\",\"Ville de Vittel\"],\"articleSection\":[\"A la Une\",\"Culture\",\"La Plaine\",\"Vittel\",\"Vosges\"],\"inLanguage\":\"fr-FR\",\"potentialAction\":[{\"@type\":\"CommentAction\",\"name\":\"Comment\",\"target\":[\"https:\/\/vosgesinfo.fr\/laplainedesvosgesinfo\/2022\/12\/djal-est-bien-parti-pour-faire-salle-comble-a-vittel\/#respond\"]}]},{\"@type\":\"WebPage\",\"@id\":\"https:\/\/vosgesinfo.fr\/laplainedesvosgesinfo\/2022\/12\/djal-est-bien-parti-pour-faire-salle-comble-a-vittel\/\",\"url\":\"https:\/\/vosgesinfo.fr\/laplainedesvosgesinfo\/2022\/12\/djal-est-bien-parti-pour-faire-salle-comble-a-vittel\/\",\"name\":\"D\u2019Jal est bien parti pour faire salle comble \u00e0 Vittel - La Plaine des Vosges\",\"isPartOf\":{\"@id\":\"https:\/\/vosgesinfo.fr\/laplainedesvosgesinfo\/#website\"},\"primaryImageOfPage\":{\"@id\":\"https:\/\/vosgesinfo.fr\/laplainedesvosgesinfo\/2022\/12\/djal-est-bien-parti-pour-faire-salle-comble-a-vittel\/#primaryimage\"},\"image\":{\"@id\":\"https:\/\/vosgesinfo.fr\/laplainedesvosgesinfo\/2022\/12\/djal-est-bien-parti-pour-faire-salle-comble-a-vittel\/#primaryimage\"},\"thumbnailUrl\":\"https:\/\/vosgesinfo.fr\/app\/uploads\/sites\/2\/2024\/07\/202212djal-a-vittel-.jpg\",\"datePublished\":\"2022-12-02T09:27:34+00:00\",\"dateModified\":\"2022-12-02T09:27:34+00:00\",\"breadcrumb\":{\"@id\":\"https:\/\/vosgesinfo.fr\/laplainedesvosgesinfo\/2022\/12\/djal-est-bien-parti-pour-faire-salle-comble-a-vittel\/#breadcrumb\"},\"inLanguage\":\"fr-FR\",\"potentialAction\":[{\"@type\":\"ReadAction\",\"target\":[\"https:\/\/vosgesinfo.fr\/laplainedesvosgesinfo\/2022\/12\/djal-est-bien-parti-pour-faire-salle-comble-a-vittel\/\"]}]},{\"@type\":\"ImageObject\",\"inLanguage\":\"fr-FR\",\"@id\":\"https:\/\/vosgesinfo.fr\/laplainedesvosgesinfo\/2022\/12\/djal-est-bien-parti-pour-faire-salle-comble-a-vittel\/#primaryimage\",\"url\":\"https:\/\/vosgesinfo.fr\/app\/uploads\/sites\/2\/2024\/07\/202212djal-a-vittel-.jpg\",\"contentUrl\":\"https:\/\/vosgesinfo.fr\/app\/uploads\/sites\/2\/2024\/07\/202212djal-a-vittel-.jpg\",\"width\":533,\"height\":800},{\"@type\":\"BreadcrumbList\",\"@id\":\"https:\/\/vosgesinfo.fr\/laplainedesvosgesinfo\/2022\/12\/djal-est-bien-parti-pour-faire-salle-comble-a-vittel\/#breadcrumb\",\"itemListElement\":[{\"@type\":\"ListItem\",\"position\":1,\"name\":\"Home\",\"item\":\"https:\/\/vosgesinfo.fr\/laplainedesvosgesinfo\/\"},{\"@type\":\"ListItem\",\"position\":2,\"name\":\"D\u2019Jal est bien parti pour faire salle comble \u00e0 Vittel\"}]},{\"@type\":\"WebSite\",\"@id\":\"https:\/\/vosgesinfo.fr\/laplainedesvosgesinfo\/#website\",\"url\":\"https:\/\/vosgesinfo.fr\/laplainedesvosgesinfo\/\",\"name\":\"La Plaine des Vosges\",\"description\":\"Toute l&#039;actualit\u00e9 de la plaine de Vosges\",\"publisher\":{\"@id\":\"https:\/\/vosgesinfo.fr\/laplainedesvosgesinfo\/#organization\"},\"alternateName\":\"Toute l'actualit\u00e9 de la plaine des Vosges\",\"potentialAction\":[{\"@type\":\"SearchAction\",\"target\":{\"@type\":\"EntryPoint\",\"urlTemplate\":\"https:\/\/vosgesinfo.fr\/laplainedesvosgesinfo\/?s={search_term_string}\"},\"query-input\":\"required name=search_term_string\"}],\"inLanguage\":\"fr-FR\"},{\"@type\":\"Organization\",\"@id\":\"https:\/\/vosgesinfo.fr\/laplainedesvosgesinfo\/#organization\",\"name\":\"La Plaine des Vosges\",\"url\":\"https:\/\/vosgesinfo.fr\/laplainedesvosgesinfo\/\",\"logo\":{\"@type\":\"ImageObject\",\"inLanguage\":\"fr-FR\",\"@id\":\"https:\/\/vosgesinfo.fr\/laplainedesvosgesinfo\/#\/schema\/logo\/image\/\",\"url\":\"https:\/\/vosgesinfo.fr\/app\/uploads\/sites\/2\/2023\/08\/logo-laplaineinfo.svg\",\"contentUrl\":\"https:\/\/vosgesinfo.fr\/app\/uploads\/sites\/2\/2023\/08\/logo-laplaineinfo.svg\",\"width\":1,\"height\":1,\"caption\":\"La Plaine des Vosges\"},\"image\":{\"@id\":\"https:\/\/vosgesinfo.fr\/laplainedesvosgesinfo\/#\/schema\/logo\/image\/\"},\"sameAs\":[\"https:\/\/www.facebook.com\/laplainedesvosges\",\"https:\/\/x.com\/VosgesInfo88\",\"https:\/\/www.youtube.com\/@vosgesinfo\"]},{\"@type\":\"Person\",\"@id\":\"https:\/\/vosgesinfo.fr\/laplainedesvosgesinfo\/#\/schema\/person\/79e32bebcee803e323d575130a214cb1\",\"name\":\"F L\",\"image\":{\"@type\":\"ImageObject\",\"inLanguage\":\"fr-FR\",\"@id\":\"https:\/\/vosgesinfo.fr\/laplainedesvosgesinfo\/#\/schema\/person\/image\/\",\"url\":\"https:\/\/secure.gravatar.com\/avatar\/d357c72e152089867fde6ef62184057ee532a6f21b254c937a932e835554cfb3?s=96&d=mm&r=g\",\"contentUrl\":\"https:\/\/secure.gravatar.com\/avatar\/d357c72e152089867fde6ef62184057ee532a6f21b254c937a932e835554cfb3?s=96&d=mm&r=g\",\"caption\":\"F L\"},\"url\":\"https:\/\/vosgesinfo.fr\/laplainedesvosgesinfo\/author\/frlevyp88\/\"}]}<\/script>\n<!-- \/ Yoast SEO plugin. -->","yoast_head_json":{"title":"D\u2019Jal est bien parti pour faire salle comble \u00e0 Vittel - La Plaine des Vosges","robots":{"index":"index","follow":"follow","max-snippet":"max-snippet:-1","max-image-preview":"max-image-preview:large","max-video-preview":"max-video-preview:-1"},"canonical":"https:\/\/vosgesinfo.fr\/laplainedesvosgesinfo\/2022\/12\/djal-est-bien-parti-pour-faire-salle-comble-a-vittel\/","twitter_card":"summary_large_image","twitter_title":"D\u2019Jal est bien parti pour faire salle comble \u00e0 Vittel - La Plaine des Vosges","twitter_description":"Le spectacle de D\u2019Jal sur la sc\u00e8ne du Palais des Congr\u00e8s de Vittel promet de faire carton plein. Pour les [&hellip;]","twitter_image":"https:\/\/vosgesinfo.fr\/app\/uploads\/sites\/2\/2024\/07\/202212djal-a-vittel-.jpg","twitter_creator":"@VosgesInfo88","twitter_site":"@VosgesInfo88","twitter_misc":{"\u00c9crit par":"F L","Dur\u00e9e de lecture estim\u00e9e":"2 minutes"},"schema":{"@context":"https:\/\/schema.org","@graph":[{"@type":"Article","@id":"https:\/\/vosgesinfo.fr\/laplainedesvosgesinfo\/2022\/12\/djal-est-bien-parti-pour-faire-salle-comble-a-vittel\/#article","isPartOf":{"@id":"https:\/\/vosgesinfo.fr\/laplainedesvosgesinfo\/2022\/12\/djal-est-bien-parti-pour-faire-salle-comble-a-vittel\/"},"author":{"name":"F L","@id":"https:\/\/vosgesinfo.fr\/laplainedesvosgesinfo\/#\/schema\/person\/79e32bebcee803e323d575130a214cb1"},"headline":"D\u2019Jal est bien parti pour faire salle comble \u00e0 Vittel","datePublished":"2022-12-02T09:27:34+00:00","dateModified":"2022-12-02T09:27:34+00:00","mainEntityOfPage":{"@id":"https:\/\/vosgesinfo.fr\/laplainedesvosgesinfo\/2022\/12\/djal-est-bien-parti-pour-faire-salle-comble-a-vittel\/"},"wordCount":343,"commentCount":0,"publisher":{"@id":"https:\/\/vosgesinfo.fr\/laplainedesvosgesinfo\/#organization"},"image":{"@id":"https:\/\/vosgesinfo.fr\/laplainedesvosgesinfo\/2022\/12\/djal-est-bien-parti-pour-faire-salle-comble-a-vittel\/#primaryimage"},"thumbnailUrl":"https:\/\/vosgesinfo.fr\/app\/uploads\/sites\/2\/2024\/07\/202212djal-a-vittel-.jpg","keywords":["D\u2019JAL","Palais des congr\u00e8s de Vittel","Ville de Vittel"],"articleSection":["A la Une","Culture","La Plaine","Vittel","Vosges"],"inLanguage":"fr-FR","potentialAction":[{"@type":"CommentAction","name":"Comment","target":["https:\/\/vosgesinfo.fr\/laplainedesvosgesinfo\/2022\/12\/djal-est-bien-parti-pour-faire-salle-comble-a-vittel\/#respond"]}]},{"@type":"WebPage","@id":"https:\/\/vosgesinfo.fr\/laplainedesvosgesinfo\/2022\/12\/djal-est-bien-parti-pour-faire-salle-comble-a-vittel\/","url":"https:\/\/vosgesinfo.fr\/laplainedesvosgesinfo\/2022\/12\/djal-est-bien-parti-pour-faire-salle-comble-a-vittel\/","name":"D\u2019Jal est bien parti pour faire salle comble \u00e0 Vittel - La Plaine des Vosges","isPartOf":{"@id":"https:\/\/vosgesinfo.fr\/laplainedesvosgesinfo\/#website"},"primaryImageOfPage":{"@id":"https:\/\/vosgesinfo.fr\/laplainedesvosgesinfo\/2022\/12\/djal-est-bien-parti-pour-faire-salle-comble-a-vittel\/#primaryimage"},"image":{"@id":"https:\/\/vosgesinfo.fr\/laplainedesvosgesinfo\/2022\/12\/djal-est-bien-parti-pour-faire-salle-comble-a-vittel\/#primaryimage"},"thumbnailUrl":"https:\/\/vosgesinfo.fr\/app\/uploads\/sites\/2\/2024\/07\/202212djal-a-vittel-.jpg","datePublished":"2022-12-02T09:27:34+00:00","dateModified":"2022-12-02T09:27:34+00:00","breadcrumb":{"@id":"https:\/\/vosgesinfo.fr\/laplainedesvosgesinfo\/2022\/12\/djal-est-bien-parti-pour-faire-salle-comble-a-vittel\/#breadcrumb"},"inLanguage":"fr-FR","potentialAction":[{"@type":"ReadAction","target":["https:\/\/vosgesinfo.fr\/laplainedesvosgesinfo\/2022\/12\/djal-est-bien-parti-pour-faire-salle-comble-a-vittel\/"]}]},{"@type":"ImageObject","inLanguage":"fr-FR","@id":"https:\/\/vosgesinfo.fr\/laplainedesvosgesinfo\/2022\/12\/djal-est-bien-parti-pour-faire-salle-comble-a-vittel\/#primaryimage","url":"https:\/\/vosgesinfo.fr\/app\/uploads\/sites\/2\/2024\/07\/202212djal-a-vittel-.jpg","contentUrl":"https:\/\/vosgesinfo.fr\/app\/uploads\/sites\/2\/2024\/07\/202212djal-a-vittel-.jpg","width":533,"height":800},{"@type":"BreadcrumbList","@id":"https:\/\/vosgesinfo.fr\/laplainedesvosgesinfo\/2022\/12\/djal-est-bien-parti-pour-faire-salle-comble-a-vittel\/#breadcrumb","itemListElement":[{"@type":"ListItem","position":1,"name":"Home","item":"https:\/\/vosgesinfo.fr\/laplainedesvosgesinfo\/"},{"@type":"ListItem","position":2,"name":"D\u2019Jal est bien parti pour faire salle comble \u00e0 Vittel"}]},{"@type":"WebSite","@id":"https:\/\/vosgesinfo.fr\/laplainedesvosgesinfo\/#website","url":"https:\/\/vosgesinfo.fr\/laplainedesvosgesinfo\/","name":"La Plaine des Vosges","description":"Toute l&#039;actualit\u00e9 de la plaine de Vosges","publisher":{"@id":"https:\/\/vosgesinfo.fr\/laplainedesvosgesinfo\/#organization"},"alternateName":"Toute l'actualit\u00e9 de la plaine des Vosges","potentialAction":[{"@type":"SearchAction","target":{"@type":"EntryPoint","urlTemplate":"https:\/\/vosgesinfo.fr\/laplainedesvosgesinfo\/?s={search_term_string}"},"query-input":"required name=search_term_string"}],"inLanguage":"fr-FR"},{"@type":"Organization","@id":"https:\/\/vosgesinfo.fr\/laplainedesvosgesinfo\/#organization","name":"La Plaine des Vosges","url":"https:\/\/vosgesinfo.fr\/laplainedesvosgesinfo\/","logo":{"@type":"ImageObject","inLanguage":"fr-FR","@id":"https:\/\/vosgesinfo.fr\/laplainedesvosgesinfo\/#\/schema\/logo\/image\/","url":"https:\/\/vosgesinfo.fr\/app\/uploads\/sites\/2\/2023\/08\/logo-laplaineinfo.svg","contentUrl":"https:\/\/vosgesinfo.fr\/app\/uploads\/sites\/2\/2023\/08\/logo-laplaineinfo.svg","width":1,"height":1,"caption":"La Plaine des Vosges"},"image":{"@id":"https:\/\/vosgesinfo.fr\/laplainedesvosgesinfo\/#\/schema\/logo\/image\/"},"sameAs":["https:\/\/www.facebook.com\/laplainedesvosges","https:\/\/x.com\/VosgesInfo88","https:\/\/www.youtube.com\/@vosgesinfo"]},{"@type":"Person","@id":"https:\/\/vosgesinfo.fr\/laplainedesvosgesinfo\/#\/schema\/person\/79e32bebcee803e323d575130a214cb1","name":"F L","image":{"@type":"ImageObject","inLanguage":"fr-FR","@id":"https:\/\/vosgesinfo.fr\/laplainedesvosgesinfo\/#\/schema\/person\/image\/","url":"https:\/\/secure.gravatar.com\/avatar\/d357c72e152089867fde6ef62184057ee532a6f21b254c937a932e835554cfb3?s=96&d=mm&r=g","contentUrl":"https:\/\/secure.gravatar.com\/avatar\/d357c72e152089867fde6ef62184057ee532a6f21b254c937a932e835554cfb3?s=96&d=mm&r=g","caption":"F L"},"url":"https:\/\/vosgesinfo.fr\/laplainedesvosgesinfo\/author\/frlevyp88\/"}]}},"_links":{"self":[{"href":"https:\/\/vosgesinfo.fr\/laplainedesvosgesinfo\/wp-json\/wp\/v2\/posts\/24450","targetHints":{"allow":["GET"]}}],"collection":[{"href":"https:\/\/vosgesinfo.fr\/laplainedesvosgesinfo\/wp-json\/wp\/v2\/posts"}],"about":[{"href":"https:\/\/vosgesinfo.fr\/laplainedesvosgesinfo\/wp-json\/wp\/v2\/types\/post"}],"author":[{"embeddable":true,"href":"https:\/\/vosgesinfo.fr\/laplainedesvosgesinfo\/wp-json\/wp\/v2\/users\/128"}],"replies":[{"embeddable":true,"href":"https:\/\/vosgesinfo.fr\/laplainedesvosgesinfo\/wp-json\/wp\/v2\/comments?post=24450"}],"version-history":[{"count":0,"href":"https:\/\/vosgesinfo.fr\/laplainedesvosgesinfo\/wp-json\/wp\/v2\/posts\/24450\/revisions"}],"wp:featuredmedia":[{"embeddable":true,"href":"https:\/\/vosgesinfo.fr\/laplainedesvosgesinfo\/wp-json\/wp\/v2\/media\/24451"}],"wp:attachment":[{"href":"https:\/\/vosgesinfo.fr\/laplainedesvosgesinfo\/wp-json\/wp\/v2\/media?parent=24450"}],"wp:term":[{"taxonomy":"category","embeddable":true,"href":"https:\/\/vosgesinfo.fr\/laplainedesvosgesinfo\/wp-json\/wp\/v2\/categories?post=24450"},{"taxonomy":"post_tag","embeddable":true,"href":"https:\/\/vosgesinfo.fr\/laplainedesvosgesinfo\/wp-json\/wp\/v2\/tags?post=24450"}],"curies":[{"name":"wp","href":"https:\/\/api.w.org\/{rel}","templated":true}]}}