{"id":24452,"date":"2022-12-02T12:58:18","date_gmt":"2022-12-02T11:58:18","guid":{"rendered":"https:\/\/vosgesinfo.fr\/laplainedesvosgesinfo\/2022\/12\/la-ville-de-vittel-propose-des-activites-aux-enfants-et-aux-jeunes\/"},"modified":"2022-12-02T12:58:18","modified_gmt":"2022-12-02T11:58:18","slug":"la-ville-de-vittel-propose-des-activites-aux-enfants-et-aux-jeunes","status":"publish","type":"post","link":"https:\/\/vosgesinfo.fr\/laplainedesvosgesinfo\/2022\/12\/la-ville-de-vittel-propose-des-activites-aux-enfants-et-aux-jeunes\/","title":{"rendered":"La ville de Vittel propose des activit\u00e9s aux enfants et aux jeunes"},"content":{"rendered":"<h4><a href=\"\/2022\/12\/1241FFC7-AC49-4550-9F7F-4DA5B02943F6.jpeg\"><img decoding=\"async\" class=\"aligncenter size-full wp-image-134687\" src=\"\/2022\/12\/1241FFC7-AC49-4550-9F7F-4DA5B02943F6.jpeg\" alt=\"Centre de Loisirs de Vittel\" width=\"800\" height=\"800\" \/><\/a><br \/>\nDu 19 au 23 d\u00e9cembre 2022, la ville de Vittel propose des activit\u00e9s de loisirs sans h\u00e9bergement pendant les prochaines vacances scolaires. Ce service est ouvert aux Vittellois, ainsi qu\u2019aux autres habitants du territoire.<\/h4>\n<p>Le Centre de Loisirs Sans H\u00e9bergement ( CLSH ), pour les \u00e9coliers de maternelle et \u00e9l\u00e9mentaire est accessible \u00e0 tous les enfants de 3 ans \u00e0 10 ans. Les activit\u00e9s se d\u00e9roulent \u00e0 la Maison de l\u2019Enfance de 8 h 30 \u00e0 12 h 00 et \/ ou de 14 h 00 \u00e0 18 h 00, en journ\u00e9e compl\u00e8te avec d\u00e9jeuner et \/ ou en demi-journ\u00e9e. Les enfants sont encadr\u00e9es par le personnel municipal.<\/p>\n<p>Le centre de loisirs \u00ab Ado \u00bb est pour sa part accessible aux coll\u00e9giens.\u00a0La Ville ouvre son \u00ab Local\u2019Ados \u00bb situ\u00e9 43 place de la Marne, chaque jour de la semaine sauf mention contraire de 14 h 00 \u00e0 18 h 00. Ce local se situe au 1er \u00e9tage du b\u00e2timent abritant la brasserie \u00ab Le Terminus \u00bb.<\/p>\n<p>Diff\u00e9rentes activit\u00e9s adapt\u00e9es \u00e0 l\u2019\u00e2ge des enfants sont pr\u00e9vues selon les programmes transmis en annexe. Des\u00a0activit\u00e9s vari\u00e9es ( animations et sorties p\u00e9dagogiques pour les enfants de 3 \u00e0 10 ans ), ainsi que des sorties \u00e0 la patinoire et des soir\u00e9es festives pour les adolescents.\u00a0Une tarification d\u00e9gressive est pratiqu\u00e9e, en fonction du quotient familial. Les inscriptions aux activit\u00e9s habituelles valent pour la semaine enti\u00e8re.<\/p>\n<p>Renseignements :<\/p>\n<p>Par t\u00e9l\u00e9phone au 03 29 08 48 28 et sur le site internet :<\/p>\n<p>www.ville-vittel.fr<\/p>\n","protected":false},"excerpt":{"rendered":"<p>Du 19 au 23 d\u00e9cembre 2022, la ville de Vittel propose des activit\u00e9s de loisirs sans h\u00e9bergement pendant les prochaines [&hellip;]<\/p>\n","protected":false},"author":128,"featured_media":24453,"comment_status":"open","ping_status":"open","sticky":false,"template":"","format":"standard","meta":{"footnotes":""},"categories":[29,37,13,53,38],"tags":[36],"class_list":["post-24452","post","type-post","status-publish","format-standard","has-post-thumbnail","hentry","category-a-la-une","category-la-plaine","category-societe","category-vie-locale","category-vittel-la-plaine","tag-ville-de-vittel"],"acf":[],"yoast_head":"<!-- This site is optimized with the Yoast SEO plugin v22.5 - https:\/\/yoast.com\/wordpress\/plugins\/seo\/ -->\n<title>La ville de Vittel propose des activit\u00e9s aux enfants et aux jeunes - La Plaine des Vosges<\/title>\n<meta name=\"robots\" content=\"index, follow, max-snippet:-1, max-image-preview:large, max-video-preview:-1\" \/>\n<link rel=\"canonical\" href=\"https:\/\/vosgesinfo.fr\/laplainedesvosgesinfo\/2022\/12\/la-ville-de-vittel-propose-des-activites-aux-enfants-et-aux-jeunes\/\" \/>\n<meta name=\"twitter:card\" content=\"summary_large_image\" \/>\n<meta name=\"twitter:title\" content=\"La ville de Vittel propose des activit\u00e9s aux enfants et aux jeunes - La Plaine des Vosges\" \/>\n<meta name=\"twitter:description\" content=\"Du 19 au 23 d\u00e9cembre 2022, la ville de Vittel propose des activit\u00e9s de loisirs sans h\u00e9bergement pendant les prochaines [&hellip;]\" \/>\n<meta name=\"twitter:image\" content=\"https:\/\/vosgesinfo.fr\/app\/uploads\/sites\/2\/2024\/07\/2022121241ffc7-ac49-4550-9f7f-4da5b02943f6.jpeg\" \/>\n<meta name=\"twitter:creator\" content=\"@VosgesInfo88\" \/>\n<meta name=\"twitter:site\" content=\"@VosgesInfo88\" \/>\n<meta name=\"twitter:label1\" content=\"\u00c9crit par\" \/>\n\t<meta name=\"twitter:data1\" content=\"F L\" \/>\n\t<meta name=\"twitter:label2\" content=\"Dur\u00e9e de lecture estim\u00e9e\" \/>\n\t<meta name=\"twitter:data2\" content=\"1 minute\" \/>\n<script type=\"application\/ld+json\" class=\"yoast-schema-graph\">{\"@context\":\"https:\/\/schema.org\",\"@graph\":[{\"@type\":\"Article\",\"@id\":\"https:\/\/vosgesinfo.fr\/laplainedesvosgesinfo\/2022\/12\/la-ville-de-vittel-propose-des-activites-aux-enfants-et-aux-jeunes\/#article\",\"isPartOf\":{\"@id\":\"https:\/\/vosgesinfo.fr\/laplainedesvosgesinfo\/2022\/12\/la-ville-de-vittel-propose-des-activites-aux-enfants-et-aux-jeunes\/\"},\"author\":{\"name\":\"F L\",\"@id\":\"https:\/\/vosgesinfo.fr\/laplainedesvosgesinfo\/#\/schema\/person\/79e32bebcee803e323d575130a214cb1\"},\"headline\":\"La ville de Vittel propose des activit\u00e9s aux enfants et aux jeunes\",\"datePublished\":\"2022-12-02T11:58:18+00:00\",\"dateModified\":\"2022-12-02T11:58:18+00:00\",\"mainEntityOfPage\":{\"@id\":\"https:\/\/vosgesinfo.fr\/laplainedesvosgesinfo\/2022\/12\/la-ville-de-vittel-propose-des-activites-aux-enfants-et-aux-jeunes\/\"},\"wordCount\":249,\"commentCount\":0,\"publisher\":{\"@id\":\"https:\/\/vosgesinfo.fr\/laplainedesvosgesinfo\/#organization\"},\"image\":{\"@id\":\"https:\/\/vosgesinfo.fr\/laplainedesvosgesinfo\/2022\/12\/la-ville-de-vittel-propose-des-activites-aux-enfants-et-aux-jeunes\/#primaryimage\"},\"thumbnailUrl\":\"https:\/\/vosgesinfo.fr\/app\/uploads\/sites\/2\/2024\/07\/2022121241ffc7-ac49-4550-9f7f-4da5b02943f6.jpeg\",\"keywords\":[\"Ville de Vittel\"],\"articleSection\":[\"A la Une\",\"La Plaine\",\"Soci\u00e9t\u00e9\",\"Vie locale\",\"Vittel\"],\"inLanguage\":\"fr-FR\",\"potentialAction\":[{\"@type\":\"CommentAction\",\"name\":\"Comment\",\"target\":[\"https:\/\/vosgesinfo.fr\/laplainedesvosgesinfo\/2022\/12\/la-ville-de-vittel-propose-des-activites-aux-enfants-et-aux-jeunes\/#respond\"]}]},{\"@type\":\"WebPage\",\"@id\":\"https:\/\/vosgesinfo.fr\/laplainedesvosgesinfo\/2022\/12\/la-ville-de-vittel-propose-des-activites-aux-enfants-et-aux-jeunes\/\",\"url\":\"https:\/\/vosgesinfo.fr\/laplainedesvosgesinfo\/2022\/12\/la-ville-de-vittel-propose-des-activites-aux-enfants-et-aux-jeunes\/\",\"name\":\"La ville de Vittel propose des activit\u00e9s aux enfants et aux jeunes - La Plaine des Vosges\",\"isPartOf\":{\"@id\":\"https:\/\/vosgesinfo.fr\/laplainedesvosgesinfo\/#website\"},\"primaryImageOfPage\":{\"@id\":\"https:\/\/vosgesinfo.fr\/laplainedesvosgesinfo\/2022\/12\/la-ville-de-vittel-propose-des-activites-aux-enfants-et-aux-jeunes\/#primaryimage\"},\"image\":{\"@id\":\"https:\/\/vosgesinfo.fr\/laplainedesvosgesinfo\/2022\/12\/la-ville-de-vittel-propose-des-activites-aux-enfants-et-aux-jeunes\/#primaryimage\"},\"thumbnailUrl\":\"https:\/\/vosgesinfo.fr\/app\/uploads\/sites\/2\/2024\/07\/2022121241ffc7-ac49-4550-9f7f-4da5b02943f6.jpeg\",\"datePublished\":\"2022-12-02T11:58:18+00:00\",\"dateModified\":\"2022-12-02T11:58:18+00:00\",\"breadcrumb\":{\"@id\":\"https:\/\/vosgesinfo.fr\/laplainedesvosgesinfo\/2022\/12\/la-ville-de-vittel-propose-des-activites-aux-enfants-et-aux-jeunes\/#breadcrumb\"},\"inLanguage\":\"fr-FR\",\"potentialAction\":[{\"@type\":\"ReadAction\",\"target\":[\"https:\/\/vosgesinfo.fr\/laplainedesvosgesinfo\/2022\/12\/la-ville-de-vittel-propose-des-activites-aux-enfants-et-aux-jeunes\/\"]}]},{\"@type\":\"ImageObject\",\"inLanguage\":\"fr-FR\",\"@id\":\"https:\/\/vosgesinfo.fr\/laplainedesvosgesinfo\/2022\/12\/la-ville-de-vittel-propose-des-activites-aux-enfants-et-aux-jeunes\/#primaryimage\",\"url\":\"https:\/\/vosgesinfo.fr\/app\/uploads\/sites\/2\/2024\/07\/2022121241ffc7-ac49-4550-9f7f-4da5b02943f6.jpeg\",\"contentUrl\":\"https:\/\/vosgesinfo.fr\/app\/uploads\/sites\/2\/2024\/07\/2022121241ffc7-ac49-4550-9f7f-4da5b02943f6.jpeg\",\"width\":800,\"height\":800},{\"@type\":\"BreadcrumbList\",\"@id\":\"https:\/\/vosgesinfo.fr\/laplainedesvosgesinfo\/2022\/12\/la-ville-de-vittel-propose-des-activites-aux-enfants-et-aux-jeunes\/#breadcrumb\",\"itemListElement\":[{\"@type\":\"ListItem\",\"position\":1,\"name\":\"Home\",\"item\":\"https:\/\/vosgesinfo.fr\/laplainedesvosgesinfo\/\"},{\"@type\":\"ListItem\",\"position\":2,\"name\":\"La ville de Vittel propose des activit\u00e9s aux enfants et aux jeunes\"}]},{\"@type\":\"WebSite\",\"@id\":\"https:\/\/vosgesinfo.fr\/laplainedesvosgesinfo\/#website\",\"url\":\"https:\/\/vosgesinfo.fr\/laplainedesvosgesinfo\/\",\"name\":\"La Plaine des Vosges\",\"description\":\"Toute l&#039;actualit\u00e9 de la plaine de Vosges\",\"publisher\":{\"@id\":\"https:\/\/vosgesinfo.fr\/laplainedesvosgesinfo\/#organization\"},\"alternateName\":\"Toute l'actualit\u00e9 de la plaine des Vosges\",\"potentialAction\":[{\"@type\":\"SearchAction\",\"target\":{\"@type\":\"EntryPoint\",\"urlTemplate\":\"https:\/\/vosgesinfo.fr\/laplainedesvosgesinfo\/?s={search_term_string}\"},\"query-input\":\"required name=search_term_string\"}],\"inLanguage\":\"fr-FR\"},{\"@type\":\"Organization\",\"@id\":\"https:\/\/vosgesinfo.fr\/laplainedesvosgesinfo\/#organization\",\"name\":\"La Plaine des Vosges\",\"url\":\"https:\/\/vosgesinfo.fr\/laplainedesvosgesinfo\/\",\"logo\":{\"@type\":\"ImageObject\",\"inLanguage\":\"fr-FR\",\"@id\":\"https:\/\/vosgesinfo.fr\/laplainedesvosgesinfo\/#\/schema\/logo\/image\/\",\"url\":\"https:\/\/vosgesinfo.fr\/app\/uploads\/sites\/2\/2023\/08\/logo-laplaineinfo.svg\",\"contentUrl\":\"https:\/\/vosgesinfo.fr\/app\/uploads\/sites\/2\/2023\/08\/logo-laplaineinfo.svg\",\"width\":1,\"height\":1,\"caption\":\"La Plaine des Vosges\"},\"image\":{\"@id\":\"https:\/\/vosgesinfo.fr\/laplainedesvosgesinfo\/#\/schema\/logo\/image\/\"},\"sameAs\":[\"https:\/\/www.facebook.com\/laplainedesvosges\",\"https:\/\/x.com\/VosgesInfo88\",\"https:\/\/www.youtube.com\/@vosgesinfo\"]},{\"@type\":\"Person\",\"@id\":\"https:\/\/vosgesinfo.fr\/laplainedesvosgesinfo\/#\/schema\/person\/79e32bebcee803e323d575130a214cb1\",\"name\":\"F L\",\"image\":{\"@type\":\"ImageObject\",\"inLanguage\":\"fr-FR\",\"@id\":\"https:\/\/vosgesinfo.fr\/laplainedesvosgesinfo\/#\/schema\/person\/image\/\",\"url\":\"https:\/\/secure.gravatar.com\/avatar\/d357c72e152089867fde6ef62184057ee532a6f21b254c937a932e835554cfb3?s=96&d=mm&r=g\",\"contentUrl\":\"https:\/\/secure.gravatar.com\/avatar\/d357c72e152089867fde6ef62184057ee532a6f21b254c937a932e835554cfb3?s=96&d=mm&r=g\",\"caption\":\"F L\"},\"url\":\"https:\/\/vosgesinfo.fr\/laplainedesvosgesinfo\/author\/frlevyp88\/\"}]}<\/script>\n<!-- \/ Yoast SEO plugin. -->","yoast_head_json":{"title":"La ville de Vittel propose des activit\u00e9s aux enfants et aux jeunes - La Plaine des Vosges","robots":{"index":"index","follow":"follow","max-snippet":"max-snippet:-1","max-image-preview":"max-image-preview:large","max-video-preview":"max-video-preview:-1"},"canonical":"https:\/\/vosgesinfo.fr\/laplainedesvosgesinfo\/2022\/12\/la-ville-de-vittel-propose-des-activites-aux-enfants-et-aux-jeunes\/","twitter_card":"summary_large_image","twitter_title":"La ville de Vittel propose des activit\u00e9s aux enfants et aux jeunes - La Plaine des Vosges","twitter_description":"Du 19 au 23 d\u00e9cembre 2022, la ville de Vittel propose des activit\u00e9s de loisirs sans h\u00e9bergement pendant les prochaines [&hellip;]","twitter_image":"https:\/\/vosgesinfo.fr\/app\/uploads\/sites\/2\/2024\/07\/2022121241ffc7-ac49-4550-9f7f-4da5b02943f6.jpeg","twitter_creator":"@VosgesInfo88","twitter_site":"@VosgesInfo88","twitter_misc":{"\u00c9crit par":"F L","Dur\u00e9e de lecture estim\u00e9e":"1 minute"},"schema":{"@context":"https:\/\/schema.org","@graph":[{"@type":"Article","@id":"https:\/\/vosgesinfo.fr\/laplainedesvosgesinfo\/2022\/12\/la-ville-de-vittel-propose-des-activites-aux-enfants-et-aux-jeunes\/#article","isPartOf":{"@id":"https:\/\/vosgesinfo.fr\/laplainedesvosgesinfo\/2022\/12\/la-ville-de-vittel-propose-des-activites-aux-enfants-et-aux-jeunes\/"},"author":{"name":"F L","@id":"https:\/\/vosgesinfo.fr\/laplainedesvosgesinfo\/#\/schema\/person\/79e32bebcee803e323d575130a214cb1"},"headline":"La ville de Vittel propose des activit\u00e9s aux enfants et aux jeunes","datePublished":"2022-12-02T11:58:18+00:00","dateModified":"2022-12-02T11:58:18+00:00","mainEntityOfPage":{"@id":"https:\/\/vosgesinfo.fr\/laplainedesvosgesinfo\/2022\/12\/la-ville-de-vittel-propose-des-activites-aux-enfants-et-aux-jeunes\/"},"wordCount":249,"commentCount":0,"publisher":{"@id":"https:\/\/vosgesinfo.fr\/laplainedesvosgesinfo\/#organization"},"image":{"@id":"https:\/\/vosgesinfo.fr\/laplainedesvosgesinfo\/2022\/12\/la-ville-de-vittel-propose-des-activites-aux-enfants-et-aux-jeunes\/#primaryimage"},"thumbnailUrl":"https:\/\/vosgesinfo.fr\/app\/uploads\/sites\/2\/2024\/07\/2022121241ffc7-ac49-4550-9f7f-4da5b02943f6.jpeg","keywords":["Ville de Vittel"],"articleSection":["A la Une","La Plaine","Soci\u00e9t\u00e9","Vie locale","Vittel"],"inLanguage":"fr-FR","potentialAction":[{"@type":"CommentAction","name":"Comment","target":["https:\/\/vosgesinfo.fr\/laplainedesvosgesinfo\/2022\/12\/la-ville-de-vittel-propose-des-activites-aux-enfants-et-aux-jeunes\/#respond"]}]},{"@type":"WebPage","@id":"https:\/\/vosgesinfo.fr\/laplainedesvosgesinfo\/2022\/12\/la-ville-de-vittel-propose-des-activites-aux-enfants-et-aux-jeunes\/","url":"https:\/\/vosgesinfo.fr\/laplainedesvosgesinfo\/2022\/12\/la-ville-de-vittel-propose-des-activites-aux-enfants-et-aux-jeunes\/","name":"La ville de Vittel propose des activit\u00e9s aux enfants et aux jeunes - La Plaine des Vosges","isPartOf":{"@id":"https:\/\/vosgesinfo.fr\/laplainedesvosgesinfo\/#website"},"primaryImageOfPage":{"@id":"https:\/\/vosgesinfo.fr\/laplainedesvosgesinfo\/2022\/12\/la-ville-de-vittel-propose-des-activites-aux-enfants-et-aux-jeunes\/#primaryimage"},"image":{"@id":"https:\/\/vosgesinfo.fr\/laplainedesvosgesinfo\/2022\/12\/la-ville-de-vittel-propose-des-activites-aux-enfants-et-aux-jeunes\/#primaryimage"},"thumbnailUrl":"https:\/\/vosgesinfo.fr\/app\/uploads\/sites\/2\/2024\/07\/2022121241ffc7-ac49-4550-9f7f-4da5b02943f6.jpeg","datePublished":"2022-12-02T11:58:18+00:00","dateModified":"2022-12-02T11:58:18+00:00","breadcrumb":{"@id":"https:\/\/vosgesinfo.fr\/laplainedesvosgesinfo\/2022\/12\/la-ville-de-vittel-propose-des-activites-aux-enfants-et-aux-jeunes\/#breadcrumb"},"inLanguage":"fr-FR","potentialAction":[{"@type":"ReadAction","target":["https:\/\/vosgesinfo.fr\/laplainedesvosgesinfo\/2022\/12\/la-ville-de-vittel-propose-des-activites-aux-enfants-et-aux-jeunes\/"]}]},{"@type":"ImageObject","inLanguage":"fr-FR","@id":"https:\/\/vosgesinfo.fr\/laplainedesvosgesinfo\/2022\/12\/la-ville-de-vittel-propose-des-activites-aux-enfants-et-aux-jeunes\/#primaryimage","url":"https:\/\/vosgesinfo.fr\/app\/uploads\/sites\/2\/2024\/07\/2022121241ffc7-ac49-4550-9f7f-4da5b02943f6.jpeg","contentUrl":"https:\/\/vosgesinfo.fr\/app\/uploads\/sites\/2\/2024\/07\/2022121241ffc7-ac49-4550-9f7f-4da5b02943f6.jpeg","width":800,"height":800},{"@type":"BreadcrumbList","@id":"https:\/\/vosgesinfo.fr\/laplainedesvosgesinfo\/2022\/12\/la-ville-de-vittel-propose-des-activites-aux-enfants-et-aux-jeunes\/#breadcrumb","itemListElement":[{"@type":"ListItem","position":1,"name":"Home","item":"https:\/\/vosgesinfo.fr\/laplainedesvosgesinfo\/"},{"@type":"ListItem","position":2,"name":"La ville de Vittel propose des activit\u00e9s aux enfants et aux jeunes"}]},{"@type":"WebSite","@id":"https:\/\/vosgesinfo.fr\/laplainedesvosgesinfo\/#website","url":"https:\/\/vosgesinfo.fr\/laplainedesvosgesinfo\/","name":"La Plaine des Vosges","description":"Toute l&#039;actualit\u00e9 de la plaine de Vosges","publisher":{"@id":"https:\/\/vosgesinfo.fr\/laplainedesvosgesinfo\/#organization"},"alternateName":"Toute l'actualit\u00e9 de la plaine des Vosges","potentialAction":[{"@type":"SearchAction","target":{"@type":"EntryPoint","urlTemplate":"https:\/\/vosgesinfo.fr\/laplainedesvosgesinfo\/?s={search_term_string}"},"query-input":"required name=search_term_string"}],"inLanguage":"fr-FR"},{"@type":"Organization","@id":"https:\/\/vosgesinfo.fr\/laplainedesvosgesinfo\/#organization","name":"La Plaine des Vosges","url":"https:\/\/vosgesinfo.fr\/laplainedesvosgesinfo\/","logo":{"@type":"ImageObject","inLanguage":"fr-FR","@id":"https:\/\/vosgesinfo.fr\/laplainedesvosgesinfo\/#\/schema\/logo\/image\/","url":"https:\/\/vosgesinfo.fr\/app\/uploads\/sites\/2\/2023\/08\/logo-laplaineinfo.svg","contentUrl":"https:\/\/vosgesinfo.fr\/app\/uploads\/sites\/2\/2023\/08\/logo-laplaineinfo.svg","width":1,"height":1,"caption":"La Plaine des Vosges"},"image":{"@id":"https:\/\/vosgesinfo.fr\/laplainedesvosgesinfo\/#\/schema\/logo\/image\/"},"sameAs":["https:\/\/www.facebook.com\/laplainedesvosges","https:\/\/x.com\/VosgesInfo88","https:\/\/www.youtube.com\/@vosgesinfo"]},{"@type":"Person","@id":"https:\/\/vosgesinfo.fr\/laplainedesvosgesinfo\/#\/schema\/person\/79e32bebcee803e323d575130a214cb1","name":"F L","image":{"@type":"ImageObject","inLanguage":"fr-FR","@id":"https:\/\/vosgesinfo.fr\/laplainedesvosgesinfo\/#\/schema\/person\/image\/","url":"https:\/\/secure.gravatar.com\/avatar\/d357c72e152089867fde6ef62184057ee532a6f21b254c937a932e835554cfb3?s=96&d=mm&r=g","contentUrl":"https:\/\/secure.gravatar.com\/avatar\/d357c72e152089867fde6ef62184057ee532a6f21b254c937a932e835554cfb3?s=96&d=mm&r=g","caption":"F L"},"url":"https:\/\/vosgesinfo.fr\/laplainedesvosgesinfo\/author\/frlevyp88\/"}]}},"_links":{"self":[{"href":"https:\/\/vosgesinfo.fr\/laplainedesvosgesinfo\/wp-json\/wp\/v2\/posts\/24452","targetHints":{"allow":["GET"]}}],"collection":[{"href":"https:\/\/vosgesinfo.fr\/laplainedesvosgesinfo\/wp-json\/wp\/v2\/posts"}],"about":[{"href":"https:\/\/vosgesinfo.fr\/laplainedesvosgesinfo\/wp-json\/wp\/v2\/types\/post"}],"author":[{"embeddable":true,"href":"https:\/\/vosgesinfo.fr\/laplainedesvosgesinfo\/wp-json\/wp\/v2\/users\/128"}],"replies":[{"embeddable":true,"href":"https:\/\/vosgesinfo.fr\/laplainedesvosgesinfo\/wp-json\/wp\/v2\/comments?post=24452"}],"version-history":[{"count":0,"href":"https:\/\/vosgesinfo.fr\/laplainedesvosgesinfo\/wp-json\/wp\/v2\/posts\/24452\/revisions"}],"wp:featuredmedia":[{"embeddable":true,"href":"https:\/\/vosgesinfo.fr\/laplainedesvosgesinfo\/wp-json\/wp\/v2\/media\/24453"}],"wp:attachment":[{"href":"https:\/\/vosgesinfo.fr\/laplainedesvosgesinfo\/wp-json\/wp\/v2\/media?parent=24452"}],"wp:term":[{"taxonomy":"category","embeddable":true,"href":"https:\/\/vosgesinfo.fr\/laplainedesvosgesinfo\/wp-json\/wp\/v2\/categories?post=24452"},{"taxonomy":"post_tag","embeddable":true,"href":"https:\/\/vosgesinfo.fr\/laplainedesvosgesinfo\/wp-json\/wp\/v2\/tags?post=24452"}],"curies":[{"name":"wp","href":"https:\/\/api.w.org\/{rel}","templated":true}]}}