{"id":24458,"date":"2022-12-02T18:57:12","date_gmt":"2022-12-02T17:57:12","guid":{"rendered":"https:\/\/vosgesinfo.fr\/laplainedesvosgesinfo\/2022\/12\/bientot-la-folle-semaine-de-noel-au-vittel-spa\/"},"modified":"2022-12-02T18:57:12","modified_gmt":"2022-12-02T17:57:12","slug":"bientot-la-folle-semaine-de-noel-au-vittel-spa","status":"publish","type":"post","link":"https:\/\/vosgesinfo.fr\/laplainedesvosgesinfo\/2022\/12\/bientot-la-folle-semaine-de-noel-au-vittel-spa\/","title":{"rendered":"Bient\u00f4t la Folle Semaine de No\u00ebl au Vittel Spa !"},"content":{"rendered":"<p class=\"western\"><span style=\"font-size: x-large;\"><a href=\"\/2022\/12\/thermes-vittel-Photo-Premium.jpg\"><img decoding=\"async\" class=\"aligncenter size-full wp-image-134712\" src=\"\/2022\/12\/thermes-vittel-Photo-Premium.jpg\" alt=\"thermes vittel-Photo Premium\" width=\"620\" height=\"472\" \/><\/a><\/span><span style=\"font-size: x-large;\"><br \/>\n<\/span><\/p>\n<p class=\"western\" align=\"justify\"><strong><span style=\"font-size: large;\">Le Vittel Spa vous attend pour sa \u00abfolle semaine de No\u00ebl\u00bb qui commence d\u00e8s ce lundi jusqu\u2019au dimanche 11 D\u00e9cembre 2022, de 9h \u00e0 17h30.<\/span><\/strong><\/p>\n<p class=\"western\" align=\"justify\"><a href=\"\/2022\/03\/vittel-spa-mars-1.jpg\"><img decoding=\"async\" class=\"aligncenter size-medium wp-image-125356\" src=\"\/2022\/03\/vittel-spa-mars-1-400x232.jpg\" alt=\"thermes vittel spa mars 1\" width=\"400\" height=\"232\" \/><\/a><\/p>\n<p class=\"western\" align=\"justify\"><strong>Sept jours pour se faire plaisir et faire le plein de d\u00e9tente et de bien-\u00eatre !<\/strong><\/p>\n<p class=\"western\" align=\"justify\">Seul ou en duo, pour bien passer les f\u00eates de No\u00ebl, ou pour offrir des cadeaux synonymes de plaisir et de bonheur \u00e0 des prix avantageux\u00a0 \u2026 Vous y croyez ? Et bien vous ne r\u00eavez pas, car le P\u00e8re No\u00ebl va passer par le Vittel Spa.<\/p>\n<p class=\"western\" align=\"justify\"><strong><a href=\"\/2022\/06\/vittel-spa-mars-3.jpg\"><img decoding=\"async\" class=\"alignright size-medium wp-image-129982\" src=\"\/2022\/06\/vittel-spa-mars-3-381x255.jpg\" alt=\"vittel spa mars 3\" width=\"381\" height=\"255\" \/><\/a>Durant cette traditionnelle \u00ab\u00a0folle semaine de No\u00ebl\u00a0\u00bb, le Vittel Spa vous fait profitez de conditions exceptionnelles jusqu\u2019\u00e0 30% de remise\u00a0;<\/strong> c\u2019est l\u2019occasion de vous faire chouchouter et de tester la baln\u00e9o en \u00bd journ\u00e9e, avec l\u2019offre \u00ab\u00a0coup de c\u0153ur\u00a0\u00bb sur les cartes cad\u2019O \u00ab\u00a0Marine\u00a0\u00bb, ou bien \u00ab\u00a0Volupt\u00e9\u00a0\u00bb, compos\u00e9e d\u20191 bain hydromassant aux huiles, d\u20191 enveloppement ou d\u20191 modelage \u00ab\u00a0r\u00eave de pluie\u00a0\u00bb, d\u20191 parcours sensoriel thermal, d\u20191 douche parfum\u00e9e, pendant toute une \u00bd journ\u00e9e\u00a0!<\/p>\n<p class=\"western\" align=\"justify\"><strong>A vous les id\u00e9es-cadeaux de r\u00eave\u00a0! <\/strong>Comme les gammes \u00ab\u00a0plaisir\u00a0\u00bb, compos\u00e9es de soins vari\u00e9s \u00e0 personnaliser selon les envies\u00a0: telles que les cartes \u00abCad\u2019O Opaline, Opium, Olympe\u2026 des invitations aux voyages des sens qui raviront vos proches\u00a0! ou encore une approche plus romantique ou complice avec les cartes cad\u2019O \u00ab\u00a0modelage duo\u00a0\u00bb sous la gestuelle coordonn\u00e9e de deux modeleuses.<\/p>\n<p class=\"western\" align=\"justify\"><a name=\"_GoBack\"><\/a> <a href=\"\/2022\/06\/thermes-de-Vittel-visu-F-ok.jpg\"><img decoding=\"async\" class=\"aligncenter wp-image-129980 size-medium\" src=\"\/2022\/06\/thermes-de-Vittel-visu-F-ok-400x124.jpg\" alt=\"thermes de Vittel visu F ok\" width=\"400\" height=\"124\" \/><\/a><\/p>\n<p class=\"western\" align=\"justify\">Il y en a pour toutes les envies et les budgets, comme\u00a0: <b>\u00ab\u00a0l\u2019invitation thermale avec sa carte cad\u2019O \u00ab\u00a0parcours sensoriel thermal\u00a0<\/b>\u00bb, au tarif de 49\u20ac -avant la remise sp\u00e9ciale de No\u00ebl, vous aurez le choix parmi le bain, les douches ou l\u2019hydrojet et vous profiterez gratuitement de l\u2019acc\u00e8s aux espaces Libert\u00e9.<\/p>\n<p class=\"western\" align=\"justify\"><strong><a href=\"\/2022\/06\/272_272_7_accueil-vittel-spa-1.jpg\"><img decoding=\"async\" class=\"alignright size-medium wp-image-129978\" src=\"\/2022\/06\/272_272_7_accueil-vittel-spa-1-255x255.jpg\" alt=\"272_272_7_accueil-vittel-spa-1\" width=\"255\" height=\"255\" \/><\/a>Cette semaine s\u2019annonce vraiment \u00abfolle\u00bb au Vittel Spa, vous allez d\u00e9couvrir l\u2019ambiance de No\u00ebl avec le magnifique sapin illumin\u00e9 de mille feux et tr\u00f4nant dans le hall de l\u2019accueil<\/strong> \u2026alors rendez-vous en cette p\u00e9riode de l\u2019avent, les belles id\u00e9es, pour faire plaisir et se faire plaisir, sont les bienvenues\u00a0!<\/p>\n<p class=\"western\" align=\"justify\"><strong>Pour tous renseignements et r\u00e9servations, joindre les h\u00f4tesses \u00e0 l\u2019accueil\u00a0: <\/strong><\/p>\n<p class=\"western\" align=\"justify\"><strong>au 03 29 08 76 54, sur place ou sur le site <span style=\"color: #0000ff;\"><u><a href=\"http:\/\/www.spa-vittel.com\/\">www.spa-vittel.com<\/a><\/u><\/span><\/strong><\/p>\n<p class=\"western\" align=\"justify\">\n<p class=\"western\" align=\"justify\">R\u00e9daction\u00a0: Patricia FERRY-DEMANGE<\/p>\n","protected":false},"excerpt":{"rendered":"<p>Le Vittel Spa vous attend pour sa \u00abfolle semaine de No\u00ebl\u00bb qui commence d\u00e8s ce lundi jusqu\u2019au dimanche 11 D\u00e9cembre [&hellip;]<\/p>\n","protected":false},"author":126,"featured_media":24459,"comment_status":"open","ping_status":"open","sticky":false,"template":"","format":"standard","meta":{"footnotes":""},"categories":[29,37,114,38,18],"tags":[1768],"class_list":["post-24458","post","type-post","status-publish","format-standard","has-post-thumbnail","hentry","category-a-la-une","category-la-plaine","category-publireportage","category-vittel-la-plaine","category-vosges","tag-vittel-spa"],"acf":[],"yoast_head":"<!-- This site is optimized with the Yoast SEO plugin v22.5 - https:\/\/yoast.com\/wordpress\/plugins\/seo\/ -->\n<title>Bient\u00f4t la Folle Semaine de No\u00ebl au Vittel Spa ! - La Plaine des Vosges<\/title>\n<meta name=\"robots\" content=\"index, follow, max-snippet:-1, max-image-preview:large, max-video-preview:-1\" \/>\n<link rel=\"canonical\" href=\"https:\/\/vosgesinfo.fr\/laplainedesvosgesinfo\/2022\/12\/bientot-la-folle-semaine-de-noel-au-vittel-spa\/\" \/>\n<meta name=\"twitter:card\" content=\"summary_large_image\" \/>\n<meta name=\"twitter:title\" content=\"Bient\u00f4t la Folle Semaine de No\u00ebl au Vittel Spa ! - La Plaine des Vosges\" \/>\n<meta name=\"twitter:description\" content=\"Le Vittel Spa vous attend pour sa \u00abfolle semaine de No\u00ebl\u00bb qui commence d\u00e8s ce lundi jusqu\u2019au dimanche 11 D\u00e9cembre [&hellip;]\" \/>\n<meta name=\"twitter:image\" content=\"https:\/\/vosgesinfo.fr\/app\/uploads\/sites\/2\/2024\/07\/202212thermes-vittel-photo-premium.jpg\" \/>\n<meta name=\"twitter:creator\" content=\"@VosgesInfo88\" \/>\n<meta name=\"twitter:site\" content=\"@VosgesInfo88\" \/>\n<meta name=\"twitter:label1\" content=\"\u00c9crit par\" \/>\n\t<meta name=\"twitter:data1\" content=\"La R\u00e9daction\" \/>\n\t<meta name=\"twitter:label2\" content=\"Dur\u00e9e de lecture estim\u00e9e\" \/>\n\t<meta name=\"twitter:data2\" content=\"2 minutes\" \/>\n<script type=\"application\/ld+json\" class=\"yoast-schema-graph\">{\"@context\":\"https:\/\/schema.org\",\"@graph\":[{\"@type\":\"Article\",\"@id\":\"https:\/\/vosgesinfo.fr\/laplainedesvosgesinfo\/2022\/12\/bientot-la-folle-semaine-de-noel-au-vittel-spa\/#article\",\"isPartOf\":{\"@id\":\"https:\/\/vosgesinfo.fr\/laplainedesvosgesinfo\/2022\/12\/bientot-la-folle-semaine-de-noel-au-vittel-spa\/\"},\"author\":{\"name\":\"La R\u00e9daction\",\"@id\":\"https:\/\/vosgesinfo.fr\/laplainedesvosgesinfo\/#\/schema\/person\/db412391f749f1ee67e177e1dc017316\"},\"headline\":\"Bient\u00f4t la Folle Semaine de No\u00ebl au Vittel Spa !\",\"datePublished\":\"2022-12-02T17:57:12+00:00\",\"dateModified\":\"2022-12-02T17:57:12+00:00\",\"mainEntityOfPage\":{\"@id\":\"https:\/\/vosgesinfo.fr\/laplainedesvosgesinfo\/2022\/12\/bientot-la-folle-semaine-de-noel-au-vittel-spa\/\"},\"wordCount\":390,\"commentCount\":0,\"publisher\":{\"@id\":\"https:\/\/vosgesinfo.fr\/laplainedesvosgesinfo\/#organization\"},\"image\":{\"@id\":\"https:\/\/vosgesinfo.fr\/laplainedesvosgesinfo\/2022\/12\/bientot-la-folle-semaine-de-noel-au-vittel-spa\/#primaryimage\"},\"thumbnailUrl\":\"https:\/\/vosgesinfo.fr\/app\/uploads\/sites\/2\/2024\/07\/202212thermes-vittel-photo-premium.jpg\",\"keywords\":[\"Vittel SPA\"],\"articleSection\":[\"A la Une\",\"La Plaine\",\"Publireportage\",\"Vittel\",\"Vosges\"],\"inLanguage\":\"fr-FR\",\"potentialAction\":[{\"@type\":\"CommentAction\",\"name\":\"Comment\",\"target\":[\"https:\/\/vosgesinfo.fr\/laplainedesvosgesinfo\/2022\/12\/bientot-la-folle-semaine-de-noel-au-vittel-spa\/#respond\"]}]},{\"@type\":\"WebPage\",\"@id\":\"https:\/\/vosgesinfo.fr\/laplainedesvosgesinfo\/2022\/12\/bientot-la-folle-semaine-de-noel-au-vittel-spa\/\",\"url\":\"https:\/\/vosgesinfo.fr\/laplainedesvosgesinfo\/2022\/12\/bientot-la-folle-semaine-de-noel-au-vittel-spa\/\",\"name\":\"Bient\u00f4t la Folle Semaine de No\u00ebl au Vittel Spa ! - La Plaine des Vosges\",\"isPartOf\":{\"@id\":\"https:\/\/vosgesinfo.fr\/laplainedesvosgesinfo\/#website\"},\"primaryImageOfPage\":{\"@id\":\"https:\/\/vosgesinfo.fr\/laplainedesvosgesinfo\/2022\/12\/bientot-la-folle-semaine-de-noel-au-vittel-spa\/#primaryimage\"},\"image\":{\"@id\":\"https:\/\/vosgesinfo.fr\/laplainedesvosgesinfo\/2022\/12\/bientot-la-folle-semaine-de-noel-au-vittel-spa\/#primaryimage\"},\"thumbnailUrl\":\"https:\/\/vosgesinfo.fr\/app\/uploads\/sites\/2\/2024\/07\/202212thermes-vittel-photo-premium.jpg\",\"datePublished\":\"2022-12-02T17:57:12+00:00\",\"dateModified\":\"2022-12-02T17:57:12+00:00\",\"breadcrumb\":{\"@id\":\"https:\/\/vosgesinfo.fr\/laplainedesvosgesinfo\/2022\/12\/bientot-la-folle-semaine-de-noel-au-vittel-spa\/#breadcrumb\"},\"inLanguage\":\"fr-FR\",\"potentialAction\":[{\"@type\":\"ReadAction\",\"target\":[\"https:\/\/vosgesinfo.fr\/laplainedesvosgesinfo\/2022\/12\/bientot-la-folle-semaine-de-noel-au-vittel-spa\/\"]}]},{\"@type\":\"ImageObject\",\"inLanguage\":\"fr-FR\",\"@id\":\"https:\/\/vosgesinfo.fr\/laplainedesvosgesinfo\/2022\/12\/bientot-la-folle-semaine-de-noel-au-vittel-spa\/#primaryimage\",\"url\":\"https:\/\/vosgesinfo.fr\/app\/uploads\/sites\/2\/2024\/07\/202212thermes-vittel-photo-premium.jpg\",\"contentUrl\":\"https:\/\/vosgesinfo.fr\/app\/uploads\/sites\/2\/2024\/07\/202212thermes-vittel-photo-premium.jpg\",\"width\":620,\"height\":472},{\"@type\":\"BreadcrumbList\",\"@id\":\"https:\/\/vosgesinfo.fr\/laplainedesvosgesinfo\/2022\/12\/bientot-la-folle-semaine-de-noel-au-vittel-spa\/#breadcrumb\",\"itemListElement\":[{\"@type\":\"ListItem\",\"position\":1,\"name\":\"Home\",\"item\":\"https:\/\/vosgesinfo.fr\/laplainedesvosgesinfo\/\"},{\"@type\":\"ListItem\",\"position\":2,\"name\":\"Bient\u00f4t la Folle Semaine de No\u00ebl au Vittel Spa !\"}]},{\"@type\":\"WebSite\",\"@id\":\"https:\/\/vosgesinfo.fr\/laplainedesvosgesinfo\/#website\",\"url\":\"https:\/\/vosgesinfo.fr\/laplainedesvosgesinfo\/\",\"name\":\"La Plaine des Vosges\",\"description\":\"Toute l&#039;actualit\u00e9 de la plaine de Vosges\",\"publisher\":{\"@id\":\"https:\/\/vosgesinfo.fr\/laplainedesvosgesinfo\/#organization\"},\"alternateName\":\"Toute l'actualit\u00e9 de la plaine des Vosges\",\"potentialAction\":[{\"@type\":\"SearchAction\",\"target\":{\"@type\":\"EntryPoint\",\"urlTemplate\":\"https:\/\/vosgesinfo.fr\/laplainedesvosgesinfo\/?s={search_term_string}\"},\"query-input\":\"required name=search_term_string\"}],\"inLanguage\":\"fr-FR\"},{\"@type\":\"Organization\",\"@id\":\"https:\/\/vosgesinfo.fr\/laplainedesvosgesinfo\/#organization\",\"name\":\"La Plaine des Vosges\",\"url\":\"https:\/\/vosgesinfo.fr\/laplainedesvosgesinfo\/\",\"logo\":{\"@type\":\"ImageObject\",\"inLanguage\":\"fr-FR\",\"@id\":\"https:\/\/vosgesinfo.fr\/laplainedesvosgesinfo\/#\/schema\/logo\/image\/\",\"url\":\"https:\/\/vosgesinfo.fr\/app\/uploads\/sites\/2\/2023\/08\/logo-laplaineinfo.svg\",\"contentUrl\":\"https:\/\/vosgesinfo.fr\/app\/uploads\/sites\/2\/2023\/08\/logo-laplaineinfo.svg\",\"width\":1,\"height\":1,\"caption\":\"La Plaine des Vosges\"},\"image\":{\"@id\":\"https:\/\/vosgesinfo.fr\/laplainedesvosgesinfo\/#\/schema\/logo\/image\/\"},\"sameAs\":[\"https:\/\/www.facebook.com\/laplainedesvosges\",\"https:\/\/x.com\/VosgesInfo88\",\"https:\/\/www.youtube.com\/@vosgesinfo\"]},{\"@type\":\"Person\",\"@id\":\"https:\/\/vosgesinfo.fr\/laplainedesvosgesinfo\/#\/schema\/person\/db412391f749f1ee67e177e1dc017316\",\"name\":\"La R\u00e9daction\",\"image\":{\"@type\":\"ImageObject\",\"inLanguage\":\"fr-FR\",\"@id\":\"https:\/\/vosgesinfo.fr\/laplainedesvosgesinfo\/#\/schema\/person\/image\/\",\"url\":\"https:\/\/secure.gravatar.com\/avatar\/d10cfbea47ec464014dd9e55d3c353f7c4017b65068eb823d0882be0ff3b0ff6?s=96&d=mm&r=g\",\"contentUrl\":\"https:\/\/secure.gravatar.com\/avatar\/d10cfbea47ec464014dd9e55d3c353f7c4017b65068eb823d0882be0ff3b0ff6?s=96&d=mm&r=g\",\"caption\":\"La R\u00e9daction\"},\"url\":\"https:\/\/vosgesinfo.fr\/laplainedesvosgesinfo\/author\/redaction\/\"}]}<\/script>\n<!-- \/ Yoast SEO plugin. -->","yoast_head_json":{"title":"Bient\u00f4t la Folle Semaine de No\u00ebl au Vittel Spa ! - La Plaine des Vosges","robots":{"index":"index","follow":"follow","max-snippet":"max-snippet:-1","max-image-preview":"max-image-preview:large","max-video-preview":"max-video-preview:-1"},"canonical":"https:\/\/vosgesinfo.fr\/laplainedesvosgesinfo\/2022\/12\/bientot-la-folle-semaine-de-noel-au-vittel-spa\/","twitter_card":"summary_large_image","twitter_title":"Bient\u00f4t la Folle Semaine de No\u00ebl au Vittel Spa ! - La Plaine des Vosges","twitter_description":"Le Vittel Spa vous attend pour sa \u00abfolle semaine de No\u00ebl\u00bb qui commence d\u00e8s ce lundi jusqu\u2019au dimanche 11 D\u00e9cembre [&hellip;]","twitter_image":"https:\/\/vosgesinfo.fr\/app\/uploads\/sites\/2\/2024\/07\/202212thermes-vittel-photo-premium.jpg","twitter_creator":"@VosgesInfo88","twitter_site":"@VosgesInfo88","twitter_misc":{"\u00c9crit par":"La R\u00e9daction","Dur\u00e9e de lecture estim\u00e9e":"2 minutes"},"schema":{"@context":"https:\/\/schema.org","@graph":[{"@type":"Article","@id":"https:\/\/vosgesinfo.fr\/laplainedesvosgesinfo\/2022\/12\/bientot-la-folle-semaine-de-noel-au-vittel-spa\/#article","isPartOf":{"@id":"https:\/\/vosgesinfo.fr\/laplainedesvosgesinfo\/2022\/12\/bientot-la-folle-semaine-de-noel-au-vittel-spa\/"},"author":{"name":"La R\u00e9daction","@id":"https:\/\/vosgesinfo.fr\/laplainedesvosgesinfo\/#\/schema\/person\/db412391f749f1ee67e177e1dc017316"},"headline":"Bient\u00f4t la Folle Semaine de No\u00ebl au Vittel Spa !","datePublished":"2022-12-02T17:57:12+00:00","dateModified":"2022-12-02T17:57:12+00:00","mainEntityOfPage":{"@id":"https:\/\/vosgesinfo.fr\/laplainedesvosgesinfo\/2022\/12\/bientot-la-folle-semaine-de-noel-au-vittel-spa\/"},"wordCount":390,"commentCount":0,"publisher":{"@id":"https:\/\/vosgesinfo.fr\/laplainedesvosgesinfo\/#organization"},"image":{"@id":"https:\/\/vosgesinfo.fr\/laplainedesvosgesinfo\/2022\/12\/bientot-la-folle-semaine-de-noel-au-vittel-spa\/#primaryimage"},"thumbnailUrl":"https:\/\/vosgesinfo.fr\/app\/uploads\/sites\/2\/2024\/07\/202212thermes-vittel-photo-premium.jpg","keywords":["Vittel SPA"],"articleSection":["A la Une","La Plaine","Publireportage","Vittel","Vosges"],"inLanguage":"fr-FR","potentialAction":[{"@type":"CommentAction","name":"Comment","target":["https:\/\/vosgesinfo.fr\/laplainedesvosgesinfo\/2022\/12\/bientot-la-folle-semaine-de-noel-au-vittel-spa\/#respond"]}]},{"@type":"WebPage","@id":"https:\/\/vosgesinfo.fr\/laplainedesvosgesinfo\/2022\/12\/bientot-la-folle-semaine-de-noel-au-vittel-spa\/","url":"https:\/\/vosgesinfo.fr\/laplainedesvosgesinfo\/2022\/12\/bientot-la-folle-semaine-de-noel-au-vittel-spa\/","name":"Bient\u00f4t la Folle Semaine de No\u00ebl au Vittel Spa ! - La Plaine des Vosges","isPartOf":{"@id":"https:\/\/vosgesinfo.fr\/laplainedesvosgesinfo\/#website"},"primaryImageOfPage":{"@id":"https:\/\/vosgesinfo.fr\/laplainedesvosgesinfo\/2022\/12\/bientot-la-folle-semaine-de-noel-au-vittel-spa\/#primaryimage"},"image":{"@id":"https:\/\/vosgesinfo.fr\/laplainedesvosgesinfo\/2022\/12\/bientot-la-folle-semaine-de-noel-au-vittel-spa\/#primaryimage"},"thumbnailUrl":"https:\/\/vosgesinfo.fr\/app\/uploads\/sites\/2\/2024\/07\/202212thermes-vittel-photo-premium.jpg","datePublished":"2022-12-02T17:57:12+00:00","dateModified":"2022-12-02T17:57:12+00:00","breadcrumb":{"@id":"https:\/\/vosgesinfo.fr\/laplainedesvosgesinfo\/2022\/12\/bientot-la-folle-semaine-de-noel-au-vittel-spa\/#breadcrumb"},"inLanguage":"fr-FR","potentialAction":[{"@type":"ReadAction","target":["https:\/\/vosgesinfo.fr\/laplainedesvosgesinfo\/2022\/12\/bientot-la-folle-semaine-de-noel-au-vittel-spa\/"]}]},{"@type":"ImageObject","inLanguage":"fr-FR","@id":"https:\/\/vosgesinfo.fr\/laplainedesvosgesinfo\/2022\/12\/bientot-la-folle-semaine-de-noel-au-vittel-spa\/#primaryimage","url":"https:\/\/vosgesinfo.fr\/app\/uploads\/sites\/2\/2024\/07\/202212thermes-vittel-photo-premium.jpg","contentUrl":"https:\/\/vosgesinfo.fr\/app\/uploads\/sites\/2\/2024\/07\/202212thermes-vittel-photo-premium.jpg","width":620,"height":472},{"@type":"BreadcrumbList","@id":"https:\/\/vosgesinfo.fr\/laplainedesvosgesinfo\/2022\/12\/bientot-la-folle-semaine-de-noel-au-vittel-spa\/#breadcrumb","itemListElement":[{"@type":"ListItem","position":1,"name":"Home","item":"https:\/\/vosgesinfo.fr\/laplainedesvosgesinfo\/"},{"@type":"ListItem","position":2,"name":"Bient\u00f4t la Folle Semaine de No\u00ebl au Vittel Spa !"}]},{"@type":"WebSite","@id":"https:\/\/vosgesinfo.fr\/laplainedesvosgesinfo\/#website","url":"https:\/\/vosgesinfo.fr\/laplainedesvosgesinfo\/","name":"La Plaine des Vosges","description":"Toute l&#039;actualit\u00e9 de la plaine de Vosges","publisher":{"@id":"https:\/\/vosgesinfo.fr\/laplainedesvosgesinfo\/#organization"},"alternateName":"Toute l'actualit\u00e9 de la plaine des Vosges","potentialAction":[{"@type":"SearchAction","target":{"@type":"EntryPoint","urlTemplate":"https:\/\/vosgesinfo.fr\/laplainedesvosgesinfo\/?s={search_term_string}"},"query-input":"required name=search_term_string"}],"inLanguage":"fr-FR"},{"@type":"Organization","@id":"https:\/\/vosgesinfo.fr\/laplainedesvosgesinfo\/#organization","name":"La Plaine des Vosges","url":"https:\/\/vosgesinfo.fr\/laplainedesvosgesinfo\/","logo":{"@type":"ImageObject","inLanguage":"fr-FR","@id":"https:\/\/vosgesinfo.fr\/laplainedesvosgesinfo\/#\/schema\/logo\/image\/","url":"https:\/\/vosgesinfo.fr\/app\/uploads\/sites\/2\/2023\/08\/logo-laplaineinfo.svg","contentUrl":"https:\/\/vosgesinfo.fr\/app\/uploads\/sites\/2\/2023\/08\/logo-laplaineinfo.svg","width":1,"height":1,"caption":"La Plaine des Vosges"},"image":{"@id":"https:\/\/vosgesinfo.fr\/laplainedesvosgesinfo\/#\/schema\/logo\/image\/"},"sameAs":["https:\/\/www.facebook.com\/laplainedesvosges","https:\/\/x.com\/VosgesInfo88","https:\/\/www.youtube.com\/@vosgesinfo"]},{"@type":"Person","@id":"https:\/\/vosgesinfo.fr\/laplainedesvosgesinfo\/#\/schema\/person\/db412391f749f1ee67e177e1dc017316","name":"La R\u00e9daction","image":{"@type":"ImageObject","inLanguage":"fr-FR","@id":"https:\/\/vosgesinfo.fr\/laplainedesvosgesinfo\/#\/schema\/person\/image\/","url":"https:\/\/secure.gravatar.com\/avatar\/d10cfbea47ec464014dd9e55d3c353f7c4017b65068eb823d0882be0ff3b0ff6?s=96&d=mm&r=g","contentUrl":"https:\/\/secure.gravatar.com\/avatar\/d10cfbea47ec464014dd9e55d3c353f7c4017b65068eb823d0882be0ff3b0ff6?s=96&d=mm&r=g","caption":"La R\u00e9daction"},"url":"https:\/\/vosgesinfo.fr\/laplainedesvosgesinfo\/author\/redaction\/"}]}},"_links":{"self":[{"href":"https:\/\/vosgesinfo.fr\/laplainedesvosgesinfo\/wp-json\/wp\/v2\/posts\/24458","targetHints":{"allow":["GET"]}}],"collection":[{"href":"https:\/\/vosgesinfo.fr\/laplainedesvosgesinfo\/wp-json\/wp\/v2\/posts"}],"about":[{"href":"https:\/\/vosgesinfo.fr\/laplainedesvosgesinfo\/wp-json\/wp\/v2\/types\/post"}],"author":[{"embeddable":true,"href":"https:\/\/vosgesinfo.fr\/laplainedesvosgesinfo\/wp-json\/wp\/v2\/users\/126"}],"replies":[{"embeddable":true,"href":"https:\/\/vosgesinfo.fr\/laplainedesvosgesinfo\/wp-json\/wp\/v2\/comments?post=24458"}],"version-history":[{"count":0,"href":"https:\/\/vosgesinfo.fr\/laplainedesvosgesinfo\/wp-json\/wp\/v2\/posts\/24458\/revisions"}],"wp:featuredmedia":[{"embeddable":true,"href":"https:\/\/vosgesinfo.fr\/laplainedesvosgesinfo\/wp-json\/wp\/v2\/media\/24459"}],"wp:attachment":[{"href":"https:\/\/vosgesinfo.fr\/laplainedesvosgesinfo\/wp-json\/wp\/v2\/media?parent=24458"}],"wp:term":[{"taxonomy":"category","embeddable":true,"href":"https:\/\/vosgesinfo.fr\/laplainedesvosgesinfo\/wp-json\/wp\/v2\/categories?post=24458"},{"taxonomy":"post_tag","embeddable":true,"href":"https:\/\/vosgesinfo.fr\/laplainedesvosgesinfo\/wp-json\/wp\/v2\/tags?post=24458"}],"curies":[{"name":"wp","href":"https:\/\/api.w.org\/{rel}","templated":true}]}}