{"id":24652,"date":"2022-12-27T17:27:05","date_gmt":"2022-12-27T16:27:05","guid":{"rendered":"https:\/\/vosgesinfo.fr\/laplainedesvosgesinfo\/2022\/12\/les-filles-de-la-plaine-un-collectif-de-filles-qui-ira-loin\/"},"modified":"2022-12-27T17:27:05","modified_gmt":"2022-12-27T16:27:05","slug":"les-filles-de-la-plaine-un-collectif-de-filles-qui-ira-loin","status":"publish","type":"post","link":"https:\/\/vosgesinfo.fr\/laplainedesvosgesinfo\/2022\/12\/les-filles-de-la-plaine-un-collectif-de-filles-qui-ira-loin\/","title":{"rendered":"\u00ab\u00a0Les filles de la Plaine\u00a0\u00bb, un collectif de filles qui ira loin"},"content":{"rendered":"<div dir=\"ltr\">\n\n<\/div>\n<h4 dir=\"ltr\">L&rsquo;histoire commence en juillet dernier. Sept femmes install\u00e9es ou en cours d&rsquo;installation agricole et artisanale se rencontrent. Elles partagent plusieurs choses : elles cueillent ou produisent des plantes et des fruits sur de petites surfaces et transforment et vendent en direct ou en circuit court. Elles sont toutes localis\u00e9es de l&rsquo;autre c\u00f4t\u00e9 de la montagne, dans la plaine des Vosges et la V\u00f4ge. Fortes de ces convergences, l&rsquo;envie na\u00eet de pouvoir s&rsquo;entraider et elles d\u00e9cident de mutualiser leurs forces pour la commercialisation et les grands chantiers mais aussi la formation.<\/h4>\n<div dir=\"ltr\">Quelques rencontres plus tard, les filles de la plaine ont compos\u00e9 une box de No\u00ebl qui combine 4 types de produits de chacune d&rsquo;elles. Ces boxs \u00e9taient \u00e0 d\u00e9couvrir au march\u00e9 de No\u00ebl de Vittel tout comme d&rsquo;autres produits tels que les tisanes et les vinaigres mais \u00e9galement les b\u00e2tons de fumigation et les fruits secs aux c\u00f4t\u00e9s des sels aux herbes.<\/div>\n<div dir=\"ltr\"><\/div>\n<div dir=\"ltr\">Adeline Kirtz a d\u00e9cid\u00e9 de tout miser sur la reprise d\u2019un verger familial, situ\u00e9 derri\u00e8re l\u2019Or\u00e9e du Bois \u00e0 Vittel. La jeune femme fait partie du collectif des filles de la plaine qui compte 7 personnes. Toutes les personnes du collectif sont productrices de fruits ou de fleurs.\u00a0<i>\u00ab Nous transformons nous &#8211; m\u00eame l\u2019ensemble de nos\u00a0produits. Pour ma part, je produit pour le moment des fruits \u00e0 hautes tiges. Pour valoriser les produits r\u00e9colt\u00e9s cette saison, je propose pour la fin d\u2019ann\u00e9e un seul produit. C\u2019est une tisane avec des pommes s\u00e9ch\u00e9es \u00bb,\u00a0<\/i>d\u00e9clare Adeline Kirtz.<\/div>\n<div dir=\"ltr\"><\/div>\n<div dir=\"ltr\">Quant \u00e0 Colette du Cheyron, c\u2019est apr\u00e8s un burn &#8211; out qu\u2019elle a d\u00e9cid\u00e9 de travailler au jardin, un des seuls lieux o\u00f9 elle se sentait bien. La productrice s\u2019est install\u00e9e sur la commune de Mandres &#8211; sur &#8211; Vair, o\u00f9 elle produit des tisanes aux aromates et du vinaigre. Elle cultive des plantes aromatiques et m\u00e9dicinales et pratique \u00e9galement la cueillette sauvage. Apr\u00e8s une formation de deux ans, c\u2019est sa premi\u00e8re ann\u00e9e d\u2019exploitation.<\/div>\n<div dir=\"ltr\"><\/div>\n","protected":false},"excerpt":{"rendered":"<p>L&rsquo;histoire commence en juillet dernier. Sept femmes install\u00e9es ou en cours d&rsquo;installation agricole et artisanale se rencontrent. Elles partagent plusieurs [&hellip;]<\/p>\n","protected":false},"author":128,"featured_media":24653,"comment_status":"open","ping_status":"open","sticky":false,"template":"","format":"standard","meta":{"footnotes":""},"categories":[29,168,7,13,18],"tags":[6995,257],"class_list":["post-24652","post","type-post","status-publish","format-standard","has-post-thumbnail","hentry","category-a-la-une","category-agriculture","category-environnement","category-societe","category-vosges","tag-collectif-les-filles-de-la-plaine","tag-com-com-terre-deau"],"acf":[],"yoast_head":"<!-- This site is optimized with the Yoast SEO plugin v22.5 - https:\/\/yoast.com\/wordpress\/plugins\/seo\/ -->\n<title>\u00ab\u00a0Les filles de la Plaine\u00a0\u00bb, un collectif de filles qui ira loin - La Plaine des Vosges<\/title>\n<meta name=\"robots\" content=\"index, follow, max-snippet:-1, max-image-preview:large, max-video-preview:-1\" \/>\n<link rel=\"canonical\" href=\"https:\/\/vosgesinfo.fr\/laplainedesvosgesinfo\/2022\/12\/les-filles-de-la-plaine-un-collectif-de-filles-qui-ira-loin\/\" \/>\n<meta name=\"twitter:card\" content=\"summary_large_image\" \/>\n<meta name=\"twitter:title\" content=\"\u00ab\u00a0Les filles de la Plaine\u00a0\u00bb, un collectif de filles qui ira loin - La Plaine des Vosges\" \/>\n<meta name=\"twitter:description\" content=\"L&rsquo;histoire commence en juillet dernier. Sept femmes install\u00e9es ou en cours d&rsquo;installation agricole et artisanale se rencontrent. Elles partagent plusieurs [&hellip;]\" \/>\n<meta name=\"twitter:image\" content=\"https:\/\/vosgesinfo.fr\/app\/uploads\/sites\/2\/2024\/07\/2022125c41d114-c6e8-4c59-a317-e5c733f3c393.jpeg\" \/>\n<meta name=\"twitter:creator\" content=\"@VosgesInfo88\" \/>\n<meta name=\"twitter:site\" content=\"@VosgesInfo88\" \/>\n<meta name=\"twitter:label1\" content=\"\u00c9crit par\" \/>\n\t<meta name=\"twitter:data1\" content=\"F L\" \/>\n\t<meta name=\"twitter:label2\" content=\"Dur\u00e9e de lecture estim\u00e9e\" \/>\n\t<meta name=\"twitter:data2\" content=\"2 minutes\" \/>\n<script type=\"application\/ld+json\" class=\"yoast-schema-graph\">{\"@context\":\"https:\/\/schema.org\",\"@graph\":[{\"@type\":\"Article\",\"@id\":\"https:\/\/vosgesinfo.fr\/laplainedesvosgesinfo\/2022\/12\/les-filles-de-la-plaine-un-collectif-de-filles-qui-ira-loin\/#article\",\"isPartOf\":{\"@id\":\"https:\/\/vosgesinfo.fr\/laplainedesvosgesinfo\/2022\/12\/les-filles-de-la-plaine-un-collectif-de-filles-qui-ira-loin\/\"},\"author\":{\"name\":\"F L\",\"@id\":\"https:\/\/vosgesinfo.fr\/laplainedesvosgesinfo\/#\/schema\/person\/79e32bebcee803e323d575130a214cb1\"},\"headline\":\"\u00ab\u00a0Les filles de la Plaine\u00a0\u00bb, un collectif de filles qui ira loin\",\"datePublished\":\"2022-12-27T16:27:05+00:00\",\"dateModified\":\"2022-12-27T16:27:05+00:00\",\"mainEntityOfPage\":{\"@id\":\"https:\/\/vosgesinfo.fr\/laplainedesvosgesinfo\/2022\/12\/les-filles-de-la-plaine-un-collectif-de-filles-qui-ira-loin\/\"},\"wordCount\":377,\"commentCount\":0,\"publisher\":{\"@id\":\"https:\/\/vosgesinfo.fr\/laplainedesvosgesinfo\/#organization\"},\"image\":{\"@id\":\"https:\/\/vosgesinfo.fr\/laplainedesvosgesinfo\/2022\/12\/les-filles-de-la-plaine-un-collectif-de-filles-qui-ira-loin\/#primaryimage\"},\"thumbnailUrl\":\"https:\/\/vosgesinfo.fr\/app\/uploads\/sites\/2\/2024\/07\/2022125c41d114-c6e8-4c59-a317-e5c733f3c393.jpeg\",\"keywords\":[\"Collectif \u00ab\u00a0Les filles de La Plaine\u00a0\u00bb\",\"Com-Com terre d'Eau\"],\"articleSection\":[\"A la Une\",\"Agriculture\",\"Environnement\",\"Soci\u00e9t\u00e9\",\"Vosges\"],\"inLanguage\":\"fr-FR\",\"potentialAction\":[{\"@type\":\"CommentAction\",\"name\":\"Comment\",\"target\":[\"https:\/\/vosgesinfo.fr\/laplainedesvosgesinfo\/2022\/12\/les-filles-de-la-plaine-un-collectif-de-filles-qui-ira-loin\/#respond\"]}]},{\"@type\":\"WebPage\",\"@id\":\"https:\/\/vosgesinfo.fr\/laplainedesvosgesinfo\/2022\/12\/les-filles-de-la-plaine-un-collectif-de-filles-qui-ira-loin\/\",\"url\":\"https:\/\/vosgesinfo.fr\/laplainedesvosgesinfo\/2022\/12\/les-filles-de-la-plaine-un-collectif-de-filles-qui-ira-loin\/\",\"name\":\"\u00ab\u00a0Les filles de la Plaine\u00a0\u00bb, un collectif de filles qui ira loin - La Plaine des Vosges\",\"isPartOf\":{\"@id\":\"https:\/\/vosgesinfo.fr\/laplainedesvosgesinfo\/#website\"},\"primaryImageOfPage\":{\"@id\":\"https:\/\/vosgesinfo.fr\/laplainedesvosgesinfo\/2022\/12\/les-filles-de-la-plaine-un-collectif-de-filles-qui-ira-loin\/#primaryimage\"},\"image\":{\"@id\":\"https:\/\/vosgesinfo.fr\/laplainedesvosgesinfo\/2022\/12\/les-filles-de-la-plaine-un-collectif-de-filles-qui-ira-loin\/#primaryimage\"},\"thumbnailUrl\":\"https:\/\/vosgesinfo.fr\/app\/uploads\/sites\/2\/2024\/07\/2022125c41d114-c6e8-4c59-a317-e5c733f3c393.jpeg\",\"datePublished\":\"2022-12-27T16:27:05+00:00\",\"dateModified\":\"2022-12-27T16:27:05+00:00\",\"breadcrumb\":{\"@id\":\"https:\/\/vosgesinfo.fr\/laplainedesvosgesinfo\/2022\/12\/les-filles-de-la-plaine-un-collectif-de-filles-qui-ira-loin\/#breadcrumb\"},\"inLanguage\":\"fr-FR\",\"potentialAction\":[{\"@type\":\"ReadAction\",\"target\":[\"https:\/\/vosgesinfo.fr\/laplainedesvosgesinfo\/2022\/12\/les-filles-de-la-plaine-un-collectif-de-filles-qui-ira-loin\/\"]}]},{\"@type\":\"ImageObject\",\"inLanguage\":\"fr-FR\",\"@id\":\"https:\/\/vosgesinfo.fr\/laplainedesvosgesinfo\/2022\/12\/les-filles-de-la-plaine-un-collectif-de-filles-qui-ira-loin\/#primaryimage\",\"url\":\"https:\/\/vosgesinfo.fr\/app\/uploads\/sites\/2\/2024\/07\/2022125c41d114-c6e8-4c59-a317-e5c733f3c393.jpeg\",\"contentUrl\":\"https:\/\/vosgesinfo.fr\/app\/uploads\/sites\/2\/2024\/07\/2022125c41d114-c6e8-4c59-a317-e5c733f3c393.jpeg\",\"width\":800,\"height\":600},{\"@type\":\"BreadcrumbList\",\"@id\":\"https:\/\/vosgesinfo.fr\/laplainedesvosgesinfo\/2022\/12\/les-filles-de-la-plaine-un-collectif-de-filles-qui-ira-loin\/#breadcrumb\",\"itemListElement\":[{\"@type\":\"ListItem\",\"position\":1,\"name\":\"Home\",\"item\":\"https:\/\/vosgesinfo.fr\/laplainedesvosgesinfo\/\"},{\"@type\":\"ListItem\",\"position\":2,\"name\":\"\u00ab\u00a0Les filles de la Plaine\u00a0\u00bb, un collectif de filles qui ira loin\"}]},{\"@type\":\"WebSite\",\"@id\":\"https:\/\/vosgesinfo.fr\/laplainedesvosgesinfo\/#website\",\"url\":\"https:\/\/vosgesinfo.fr\/laplainedesvosgesinfo\/\",\"name\":\"La Plaine des Vosges\",\"description\":\"Toute l&#039;actualit\u00e9 de la plaine de Vosges\",\"publisher\":{\"@id\":\"https:\/\/vosgesinfo.fr\/laplainedesvosgesinfo\/#organization\"},\"alternateName\":\"Toute l'actualit\u00e9 de la plaine des Vosges\",\"potentialAction\":[{\"@type\":\"SearchAction\",\"target\":{\"@type\":\"EntryPoint\",\"urlTemplate\":\"https:\/\/vosgesinfo.fr\/laplainedesvosgesinfo\/?s={search_term_string}\"},\"query-input\":\"required name=search_term_string\"}],\"inLanguage\":\"fr-FR\"},{\"@type\":\"Organization\",\"@id\":\"https:\/\/vosgesinfo.fr\/laplainedesvosgesinfo\/#organization\",\"name\":\"La Plaine des Vosges\",\"url\":\"https:\/\/vosgesinfo.fr\/laplainedesvosgesinfo\/\",\"logo\":{\"@type\":\"ImageObject\",\"inLanguage\":\"fr-FR\",\"@id\":\"https:\/\/vosgesinfo.fr\/laplainedesvosgesinfo\/#\/schema\/logo\/image\/\",\"url\":\"https:\/\/vosgesinfo.fr\/app\/uploads\/sites\/2\/2023\/08\/logo-laplaineinfo.svg\",\"contentUrl\":\"https:\/\/vosgesinfo.fr\/app\/uploads\/sites\/2\/2023\/08\/logo-laplaineinfo.svg\",\"width\":1,\"height\":1,\"caption\":\"La Plaine des Vosges\"},\"image\":{\"@id\":\"https:\/\/vosgesinfo.fr\/laplainedesvosgesinfo\/#\/schema\/logo\/image\/\"},\"sameAs\":[\"https:\/\/www.facebook.com\/laplainedesvosges\",\"https:\/\/x.com\/VosgesInfo88\",\"https:\/\/www.youtube.com\/@vosgesinfo\"]},{\"@type\":\"Person\",\"@id\":\"https:\/\/vosgesinfo.fr\/laplainedesvosgesinfo\/#\/schema\/person\/79e32bebcee803e323d575130a214cb1\",\"name\":\"F L\",\"image\":{\"@type\":\"ImageObject\",\"inLanguage\":\"fr-FR\",\"@id\":\"https:\/\/vosgesinfo.fr\/laplainedesvosgesinfo\/#\/schema\/person\/image\/\",\"url\":\"https:\/\/secure.gravatar.com\/avatar\/d357c72e152089867fde6ef62184057ee532a6f21b254c937a932e835554cfb3?s=96&d=mm&r=g\",\"contentUrl\":\"https:\/\/secure.gravatar.com\/avatar\/d357c72e152089867fde6ef62184057ee532a6f21b254c937a932e835554cfb3?s=96&d=mm&r=g\",\"caption\":\"F L\"},\"url\":\"https:\/\/vosgesinfo.fr\/laplainedesvosgesinfo\/author\/frlevyp88\/\"}]}<\/script>\n<!-- \/ Yoast SEO plugin. -->","yoast_head_json":{"title":"\u00ab\u00a0Les filles de la Plaine\u00a0\u00bb, un collectif de filles qui ira loin - La Plaine des Vosges","robots":{"index":"index","follow":"follow","max-snippet":"max-snippet:-1","max-image-preview":"max-image-preview:large","max-video-preview":"max-video-preview:-1"},"canonical":"https:\/\/vosgesinfo.fr\/laplainedesvosgesinfo\/2022\/12\/les-filles-de-la-plaine-un-collectif-de-filles-qui-ira-loin\/","twitter_card":"summary_large_image","twitter_title":"\u00ab\u00a0Les filles de la Plaine\u00a0\u00bb, un collectif de filles qui ira loin - La Plaine des Vosges","twitter_description":"L&rsquo;histoire commence en juillet dernier. Sept femmes install\u00e9es ou en cours d&rsquo;installation agricole et artisanale se rencontrent. Elles partagent plusieurs [&hellip;]","twitter_image":"https:\/\/vosgesinfo.fr\/app\/uploads\/sites\/2\/2024\/07\/2022125c41d114-c6e8-4c59-a317-e5c733f3c393.jpeg","twitter_creator":"@VosgesInfo88","twitter_site":"@VosgesInfo88","twitter_misc":{"\u00c9crit par":"F L","Dur\u00e9e de lecture estim\u00e9e":"2 minutes"},"schema":{"@context":"https:\/\/schema.org","@graph":[{"@type":"Article","@id":"https:\/\/vosgesinfo.fr\/laplainedesvosgesinfo\/2022\/12\/les-filles-de-la-plaine-un-collectif-de-filles-qui-ira-loin\/#article","isPartOf":{"@id":"https:\/\/vosgesinfo.fr\/laplainedesvosgesinfo\/2022\/12\/les-filles-de-la-plaine-un-collectif-de-filles-qui-ira-loin\/"},"author":{"name":"F L","@id":"https:\/\/vosgesinfo.fr\/laplainedesvosgesinfo\/#\/schema\/person\/79e32bebcee803e323d575130a214cb1"},"headline":"\u00ab\u00a0Les filles de la Plaine\u00a0\u00bb, un collectif de filles qui ira loin","datePublished":"2022-12-27T16:27:05+00:00","dateModified":"2022-12-27T16:27:05+00:00","mainEntityOfPage":{"@id":"https:\/\/vosgesinfo.fr\/laplainedesvosgesinfo\/2022\/12\/les-filles-de-la-plaine-un-collectif-de-filles-qui-ira-loin\/"},"wordCount":377,"commentCount":0,"publisher":{"@id":"https:\/\/vosgesinfo.fr\/laplainedesvosgesinfo\/#organization"},"image":{"@id":"https:\/\/vosgesinfo.fr\/laplainedesvosgesinfo\/2022\/12\/les-filles-de-la-plaine-un-collectif-de-filles-qui-ira-loin\/#primaryimage"},"thumbnailUrl":"https:\/\/vosgesinfo.fr\/app\/uploads\/sites\/2\/2024\/07\/2022125c41d114-c6e8-4c59-a317-e5c733f3c393.jpeg","keywords":["Collectif \u00ab\u00a0Les filles de La Plaine\u00a0\u00bb","Com-Com terre d'Eau"],"articleSection":["A la Une","Agriculture","Environnement","Soci\u00e9t\u00e9","Vosges"],"inLanguage":"fr-FR","potentialAction":[{"@type":"CommentAction","name":"Comment","target":["https:\/\/vosgesinfo.fr\/laplainedesvosgesinfo\/2022\/12\/les-filles-de-la-plaine-un-collectif-de-filles-qui-ira-loin\/#respond"]}]},{"@type":"WebPage","@id":"https:\/\/vosgesinfo.fr\/laplainedesvosgesinfo\/2022\/12\/les-filles-de-la-plaine-un-collectif-de-filles-qui-ira-loin\/","url":"https:\/\/vosgesinfo.fr\/laplainedesvosgesinfo\/2022\/12\/les-filles-de-la-plaine-un-collectif-de-filles-qui-ira-loin\/","name":"\u00ab\u00a0Les filles de la Plaine\u00a0\u00bb, un collectif de filles qui ira loin - La Plaine des Vosges","isPartOf":{"@id":"https:\/\/vosgesinfo.fr\/laplainedesvosgesinfo\/#website"},"primaryImageOfPage":{"@id":"https:\/\/vosgesinfo.fr\/laplainedesvosgesinfo\/2022\/12\/les-filles-de-la-plaine-un-collectif-de-filles-qui-ira-loin\/#primaryimage"},"image":{"@id":"https:\/\/vosgesinfo.fr\/laplainedesvosgesinfo\/2022\/12\/les-filles-de-la-plaine-un-collectif-de-filles-qui-ira-loin\/#primaryimage"},"thumbnailUrl":"https:\/\/vosgesinfo.fr\/app\/uploads\/sites\/2\/2024\/07\/2022125c41d114-c6e8-4c59-a317-e5c733f3c393.jpeg","datePublished":"2022-12-27T16:27:05+00:00","dateModified":"2022-12-27T16:27:05+00:00","breadcrumb":{"@id":"https:\/\/vosgesinfo.fr\/laplainedesvosgesinfo\/2022\/12\/les-filles-de-la-plaine-un-collectif-de-filles-qui-ira-loin\/#breadcrumb"},"inLanguage":"fr-FR","potentialAction":[{"@type":"ReadAction","target":["https:\/\/vosgesinfo.fr\/laplainedesvosgesinfo\/2022\/12\/les-filles-de-la-plaine-un-collectif-de-filles-qui-ira-loin\/"]}]},{"@type":"ImageObject","inLanguage":"fr-FR","@id":"https:\/\/vosgesinfo.fr\/laplainedesvosgesinfo\/2022\/12\/les-filles-de-la-plaine-un-collectif-de-filles-qui-ira-loin\/#primaryimage","url":"https:\/\/vosgesinfo.fr\/app\/uploads\/sites\/2\/2024\/07\/2022125c41d114-c6e8-4c59-a317-e5c733f3c393.jpeg","contentUrl":"https:\/\/vosgesinfo.fr\/app\/uploads\/sites\/2\/2024\/07\/2022125c41d114-c6e8-4c59-a317-e5c733f3c393.jpeg","width":800,"height":600},{"@type":"BreadcrumbList","@id":"https:\/\/vosgesinfo.fr\/laplainedesvosgesinfo\/2022\/12\/les-filles-de-la-plaine-un-collectif-de-filles-qui-ira-loin\/#breadcrumb","itemListElement":[{"@type":"ListItem","position":1,"name":"Home","item":"https:\/\/vosgesinfo.fr\/laplainedesvosgesinfo\/"},{"@type":"ListItem","position":2,"name":"\u00ab\u00a0Les filles de la Plaine\u00a0\u00bb, un collectif de filles qui ira loin"}]},{"@type":"WebSite","@id":"https:\/\/vosgesinfo.fr\/laplainedesvosgesinfo\/#website","url":"https:\/\/vosgesinfo.fr\/laplainedesvosgesinfo\/","name":"La Plaine des Vosges","description":"Toute l&#039;actualit\u00e9 de la plaine de Vosges","publisher":{"@id":"https:\/\/vosgesinfo.fr\/laplainedesvosgesinfo\/#organization"},"alternateName":"Toute l'actualit\u00e9 de la plaine des Vosges","potentialAction":[{"@type":"SearchAction","target":{"@type":"EntryPoint","urlTemplate":"https:\/\/vosgesinfo.fr\/laplainedesvosgesinfo\/?s={search_term_string}"},"query-input":"required name=search_term_string"}],"inLanguage":"fr-FR"},{"@type":"Organization","@id":"https:\/\/vosgesinfo.fr\/laplainedesvosgesinfo\/#organization","name":"La Plaine des Vosges","url":"https:\/\/vosgesinfo.fr\/laplainedesvosgesinfo\/","logo":{"@type":"ImageObject","inLanguage":"fr-FR","@id":"https:\/\/vosgesinfo.fr\/laplainedesvosgesinfo\/#\/schema\/logo\/image\/","url":"https:\/\/vosgesinfo.fr\/app\/uploads\/sites\/2\/2023\/08\/logo-laplaineinfo.svg","contentUrl":"https:\/\/vosgesinfo.fr\/app\/uploads\/sites\/2\/2023\/08\/logo-laplaineinfo.svg","width":1,"height":1,"caption":"La Plaine des Vosges"},"image":{"@id":"https:\/\/vosgesinfo.fr\/laplainedesvosgesinfo\/#\/schema\/logo\/image\/"},"sameAs":["https:\/\/www.facebook.com\/laplainedesvosges","https:\/\/x.com\/VosgesInfo88","https:\/\/www.youtube.com\/@vosgesinfo"]},{"@type":"Person","@id":"https:\/\/vosgesinfo.fr\/laplainedesvosgesinfo\/#\/schema\/person\/79e32bebcee803e323d575130a214cb1","name":"F L","image":{"@type":"ImageObject","inLanguage":"fr-FR","@id":"https:\/\/vosgesinfo.fr\/laplainedesvosgesinfo\/#\/schema\/person\/image\/","url":"https:\/\/secure.gravatar.com\/avatar\/d357c72e152089867fde6ef62184057ee532a6f21b254c937a932e835554cfb3?s=96&d=mm&r=g","contentUrl":"https:\/\/secure.gravatar.com\/avatar\/d357c72e152089867fde6ef62184057ee532a6f21b254c937a932e835554cfb3?s=96&d=mm&r=g","caption":"F L"},"url":"https:\/\/vosgesinfo.fr\/laplainedesvosgesinfo\/author\/frlevyp88\/"}]}},"_links":{"self":[{"href":"https:\/\/vosgesinfo.fr\/laplainedesvosgesinfo\/wp-json\/wp\/v2\/posts\/24652","targetHints":{"allow":["GET"]}}],"collection":[{"href":"https:\/\/vosgesinfo.fr\/laplainedesvosgesinfo\/wp-json\/wp\/v2\/posts"}],"about":[{"href":"https:\/\/vosgesinfo.fr\/laplainedesvosgesinfo\/wp-json\/wp\/v2\/types\/post"}],"author":[{"embeddable":true,"href":"https:\/\/vosgesinfo.fr\/laplainedesvosgesinfo\/wp-json\/wp\/v2\/users\/128"}],"replies":[{"embeddable":true,"href":"https:\/\/vosgesinfo.fr\/laplainedesvosgesinfo\/wp-json\/wp\/v2\/comments?post=24652"}],"version-history":[{"count":0,"href":"https:\/\/vosgesinfo.fr\/laplainedesvosgesinfo\/wp-json\/wp\/v2\/posts\/24652\/revisions"}],"wp:featuredmedia":[{"embeddable":true,"href":"https:\/\/vosgesinfo.fr\/laplainedesvosgesinfo\/wp-json\/wp\/v2\/media\/24653"}],"wp:attachment":[{"href":"https:\/\/vosgesinfo.fr\/laplainedesvosgesinfo\/wp-json\/wp\/v2\/media?parent=24652"}],"wp:term":[{"taxonomy":"category","embeddable":true,"href":"https:\/\/vosgesinfo.fr\/laplainedesvosgesinfo\/wp-json\/wp\/v2\/categories?post=24652"},{"taxonomy":"post_tag","embeddable":true,"href":"https:\/\/vosgesinfo.fr\/laplainedesvosgesinfo\/wp-json\/wp\/v2\/tags?post=24652"}],"curies":[{"name":"wp","href":"https:\/\/api.w.org\/{rel}","templated":true}]}}