{"id":24659,"date":"2022-12-27T17:14:02","date_gmt":"2022-12-27T16:14:02","guid":{"rendered":"https:\/\/vosgesinfo.fr\/laplainedesvosgesinfo\/2022\/12\/noel-un-pain-de-sucre-pour-les-abeilles\/"},"modified":"2022-12-27T17:14:02","modified_gmt":"2022-12-27T16:14:02","slug":"noel-un-pain-de-sucre-pour-les-abeilles","status":"publish","type":"post","link":"https:\/\/vosgesinfo.fr\/laplainedesvosgesinfo\/2022\/12\/noel-un-pain-de-sucre-pour-les-abeilles\/","title":{"rendered":"No\u00ebl \u2013 Un pain de sucre pour les abeilles"},"content":{"rendered":"<p>C\u2019est No\u00ebl aussi pour les abeilles ! En cette fin d\u2019ann\u00e9e, l\u2019apiculteur spinalien Julien Vetter a rendu visite \u00e0 ses ruches. Il a ainsi pu v\u00e9rifier l\u2019\u00e9tat des r\u00e9serves des colonies et faire le traitement hivernale hors couvain contre le varroa qui est un petit parasite. L\u2019occasion aussi pour lui d\u2019offrir aux abeilles leur pain de candi qui est une p\u00e2te sucr\u00e9e qui ressemble \u00e0 du fondant comme sur les mille feuilles. Le candi pour abeilles, assure la survie des colonies pendant l\u2019hiver. Un bon repas de No\u00ebl pour les abeilles !<\/p>\n","protected":false},"excerpt":{"rendered":"<p>C\u2019est No\u00ebl aussi pour les abeilles ! En cette fin d\u2019ann\u00e9e, l\u2019apiculteur spinalien Julien Vetter a rendu visite \u00e0 ses [&hellip;]<\/p>\n","protected":false},"author":126,"featured_media":24660,"comment_status":"open","ping_status":"open","sticky":false,"template":"","format":"standard","meta":{"footnotes":""},"categories":[29,7,18],"tags":[],"class_list":["post-24659","post","type-post","status-publish","format-standard","has-post-thumbnail","hentry","category-a-la-une","category-environnement","category-vosges"],"acf":[],"yoast_head":"<!-- This site is optimized with the Yoast SEO plugin v22.5 - https:\/\/yoast.com\/wordpress\/plugins\/seo\/ -->\n<title>No\u00ebl \u2013 Un pain de sucre pour les abeilles - La Plaine des Vosges<\/title>\n<meta name=\"robots\" content=\"index, follow, max-snippet:-1, max-image-preview:large, max-video-preview:-1\" \/>\n<link rel=\"canonical\" href=\"https:\/\/vosgesinfo.fr\/laplainedesvosgesinfo\/2022\/12\/noel-un-pain-de-sucre-pour-les-abeilles\/\" \/>\n<meta name=\"twitter:card\" content=\"summary_large_image\" \/>\n<meta name=\"twitter:title\" content=\"No\u00ebl \u2013 Un pain de sucre pour les abeilles - La Plaine des Vosges\" \/>\n<meta name=\"twitter:description\" content=\"C\u2019est No\u00ebl aussi pour les abeilles ! En cette fin d\u2019ann\u00e9e, l\u2019apiculteur spinalien Julien Vetter a rendu visite \u00e0 ses [&hellip;]\" \/>\n<meta name=\"twitter:image\" content=\"https:\/\/vosgesinfo.fr\/app\/uploads\/sites\/2\/2024\/07\/202212screenshot-20221224-164946-tiktok.jpg\" \/>\n<meta name=\"twitter:creator\" content=\"@VosgesInfo88\" \/>\n<meta name=\"twitter:site\" content=\"@VosgesInfo88\" \/>\n<meta name=\"twitter:label1\" content=\"\u00c9crit par\" \/>\n\t<meta name=\"twitter:data1\" content=\"La R\u00e9daction\" \/>\n\t<meta name=\"twitter:label2\" content=\"Dur\u00e9e de lecture estim\u00e9e\" \/>\n\t<meta name=\"twitter:data2\" content=\"1 minute\" \/>\n<script type=\"application\/ld+json\" class=\"yoast-schema-graph\">{\"@context\":\"https:\/\/schema.org\",\"@graph\":[{\"@type\":\"Article\",\"@id\":\"https:\/\/vosgesinfo.fr\/laplainedesvosgesinfo\/2022\/12\/noel-un-pain-de-sucre-pour-les-abeilles\/#article\",\"isPartOf\":{\"@id\":\"https:\/\/vosgesinfo.fr\/laplainedesvosgesinfo\/2022\/12\/noel-un-pain-de-sucre-pour-les-abeilles\/\"},\"author\":{\"name\":\"La R\u00e9daction\",\"@id\":\"https:\/\/vosgesinfo.fr\/laplainedesvosgesinfo\/#\/schema\/person\/db412391f749f1ee67e177e1dc017316\"},\"headline\":\"No\u00ebl \u2013 Un pain de sucre pour les abeilles\",\"datePublished\":\"2022-12-27T16:14:02+00:00\",\"dateModified\":\"2022-12-27T16:14:02+00:00\",\"mainEntityOfPage\":{\"@id\":\"https:\/\/vosgesinfo.fr\/laplainedesvosgesinfo\/2022\/12\/noel-un-pain-de-sucre-pour-les-abeilles\/\"},\"wordCount\":111,\"commentCount\":0,\"publisher\":{\"@id\":\"https:\/\/vosgesinfo.fr\/laplainedesvosgesinfo\/#organization\"},\"image\":{\"@id\":\"https:\/\/vosgesinfo.fr\/laplainedesvosgesinfo\/2022\/12\/noel-un-pain-de-sucre-pour-les-abeilles\/#primaryimage\"},\"thumbnailUrl\":\"https:\/\/vosgesinfo.fr\/app\/uploads\/sites\/2\/2024\/07\/202212screenshot-20221224-164946-tiktok.jpg\",\"articleSection\":[\"A la Une\",\"Environnement\",\"Vosges\"],\"inLanguage\":\"fr-FR\",\"potentialAction\":[{\"@type\":\"CommentAction\",\"name\":\"Comment\",\"target\":[\"https:\/\/vosgesinfo.fr\/laplainedesvosgesinfo\/2022\/12\/noel-un-pain-de-sucre-pour-les-abeilles\/#respond\"]}]},{\"@type\":\"WebPage\",\"@id\":\"https:\/\/vosgesinfo.fr\/laplainedesvosgesinfo\/2022\/12\/noel-un-pain-de-sucre-pour-les-abeilles\/\",\"url\":\"https:\/\/vosgesinfo.fr\/laplainedesvosgesinfo\/2022\/12\/noel-un-pain-de-sucre-pour-les-abeilles\/\",\"name\":\"No\u00ebl \u2013 Un pain de sucre pour les abeilles - La Plaine des Vosges\",\"isPartOf\":{\"@id\":\"https:\/\/vosgesinfo.fr\/laplainedesvosgesinfo\/#website\"},\"primaryImageOfPage\":{\"@id\":\"https:\/\/vosgesinfo.fr\/laplainedesvosgesinfo\/2022\/12\/noel-un-pain-de-sucre-pour-les-abeilles\/#primaryimage\"},\"image\":{\"@id\":\"https:\/\/vosgesinfo.fr\/laplainedesvosgesinfo\/2022\/12\/noel-un-pain-de-sucre-pour-les-abeilles\/#primaryimage\"},\"thumbnailUrl\":\"https:\/\/vosgesinfo.fr\/app\/uploads\/sites\/2\/2024\/07\/202212screenshot-20221224-164946-tiktok.jpg\",\"datePublished\":\"2022-12-27T16:14:02+00:00\",\"dateModified\":\"2022-12-27T16:14:02+00:00\",\"breadcrumb\":{\"@id\":\"https:\/\/vosgesinfo.fr\/laplainedesvosgesinfo\/2022\/12\/noel-un-pain-de-sucre-pour-les-abeilles\/#breadcrumb\"},\"inLanguage\":\"fr-FR\",\"potentialAction\":[{\"@type\":\"ReadAction\",\"target\":[\"https:\/\/vosgesinfo.fr\/laplainedesvosgesinfo\/2022\/12\/noel-un-pain-de-sucre-pour-les-abeilles\/\"]}]},{\"@type\":\"ImageObject\",\"inLanguage\":\"fr-FR\",\"@id\":\"https:\/\/vosgesinfo.fr\/laplainedesvosgesinfo\/2022\/12\/noel-un-pain-de-sucre-pour-les-abeilles\/#primaryimage\",\"url\":\"https:\/\/vosgesinfo.fr\/app\/uploads\/sites\/2\/2024\/07\/202212screenshot-20221224-164946-tiktok.jpg\",\"contentUrl\":\"https:\/\/vosgesinfo.fr\/app\/uploads\/sites\/2\/2024\/07\/202212screenshot-20221224-164946-tiktok.jpg\",\"width\":360,\"height\":800},{\"@type\":\"BreadcrumbList\",\"@id\":\"https:\/\/vosgesinfo.fr\/laplainedesvosgesinfo\/2022\/12\/noel-un-pain-de-sucre-pour-les-abeilles\/#breadcrumb\",\"itemListElement\":[{\"@type\":\"ListItem\",\"position\":1,\"name\":\"Home\",\"item\":\"https:\/\/vosgesinfo.fr\/laplainedesvosgesinfo\/\"},{\"@type\":\"ListItem\",\"position\":2,\"name\":\"No\u00ebl \u2013 Un pain de sucre pour les abeilles\"}]},{\"@type\":\"WebSite\",\"@id\":\"https:\/\/vosgesinfo.fr\/laplainedesvosgesinfo\/#website\",\"url\":\"https:\/\/vosgesinfo.fr\/laplainedesvosgesinfo\/\",\"name\":\"La Plaine des Vosges\",\"description\":\"Toute l&#039;actualit\u00e9 de la plaine de Vosges\",\"publisher\":{\"@id\":\"https:\/\/vosgesinfo.fr\/laplainedesvosgesinfo\/#organization\"},\"alternateName\":\"Toute l'actualit\u00e9 de la plaine des Vosges\",\"potentialAction\":[{\"@type\":\"SearchAction\",\"target\":{\"@type\":\"EntryPoint\",\"urlTemplate\":\"https:\/\/vosgesinfo.fr\/laplainedesvosgesinfo\/?s={search_term_string}\"},\"query-input\":\"required name=search_term_string\"}],\"inLanguage\":\"fr-FR\"},{\"@type\":\"Organization\",\"@id\":\"https:\/\/vosgesinfo.fr\/laplainedesvosgesinfo\/#organization\",\"name\":\"La Plaine des Vosges\",\"url\":\"https:\/\/vosgesinfo.fr\/laplainedesvosgesinfo\/\",\"logo\":{\"@type\":\"ImageObject\",\"inLanguage\":\"fr-FR\",\"@id\":\"https:\/\/vosgesinfo.fr\/laplainedesvosgesinfo\/#\/schema\/logo\/image\/\",\"url\":\"https:\/\/vosgesinfo.fr\/app\/uploads\/sites\/2\/2023\/08\/logo-laplaineinfo.svg\",\"contentUrl\":\"https:\/\/vosgesinfo.fr\/app\/uploads\/sites\/2\/2023\/08\/logo-laplaineinfo.svg\",\"width\":1,\"height\":1,\"caption\":\"La Plaine des Vosges\"},\"image\":{\"@id\":\"https:\/\/vosgesinfo.fr\/laplainedesvosgesinfo\/#\/schema\/logo\/image\/\"},\"sameAs\":[\"https:\/\/www.facebook.com\/laplainedesvosges\",\"https:\/\/x.com\/VosgesInfo88\",\"https:\/\/www.youtube.com\/@vosgesinfo\"]},{\"@type\":\"Person\",\"@id\":\"https:\/\/vosgesinfo.fr\/laplainedesvosgesinfo\/#\/schema\/person\/db412391f749f1ee67e177e1dc017316\",\"name\":\"La R\u00e9daction\",\"image\":{\"@type\":\"ImageObject\",\"inLanguage\":\"fr-FR\",\"@id\":\"https:\/\/vosgesinfo.fr\/laplainedesvosgesinfo\/#\/schema\/person\/image\/\",\"url\":\"https:\/\/secure.gravatar.com\/avatar\/d10cfbea47ec464014dd9e55d3c353f7c4017b65068eb823d0882be0ff3b0ff6?s=96&d=mm&r=g\",\"contentUrl\":\"https:\/\/secure.gravatar.com\/avatar\/d10cfbea47ec464014dd9e55d3c353f7c4017b65068eb823d0882be0ff3b0ff6?s=96&d=mm&r=g\",\"caption\":\"La R\u00e9daction\"},\"url\":\"https:\/\/vosgesinfo.fr\/laplainedesvosgesinfo\/author\/redaction\/\"}]}<\/script>\n<!-- \/ Yoast SEO plugin. -->","yoast_head_json":{"title":"No\u00ebl \u2013 Un pain de sucre pour les abeilles - La Plaine des Vosges","robots":{"index":"index","follow":"follow","max-snippet":"max-snippet:-1","max-image-preview":"max-image-preview:large","max-video-preview":"max-video-preview:-1"},"canonical":"https:\/\/vosgesinfo.fr\/laplainedesvosgesinfo\/2022\/12\/noel-un-pain-de-sucre-pour-les-abeilles\/","twitter_card":"summary_large_image","twitter_title":"No\u00ebl \u2013 Un pain de sucre pour les abeilles - La Plaine des Vosges","twitter_description":"C\u2019est No\u00ebl aussi pour les abeilles ! En cette fin d\u2019ann\u00e9e, l\u2019apiculteur spinalien Julien Vetter a rendu visite \u00e0 ses [&hellip;]","twitter_image":"https:\/\/vosgesinfo.fr\/app\/uploads\/sites\/2\/2024\/07\/202212screenshot-20221224-164946-tiktok.jpg","twitter_creator":"@VosgesInfo88","twitter_site":"@VosgesInfo88","twitter_misc":{"\u00c9crit par":"La R\u00e9daction","Dur\u00e9e de lecture estim\u00e9e":"1 minute"},"schema":{"@context":"https:\/\/schema.org","@graph":[{"@type":"Article","@id":"https:\/\/vosgesinfo.fr\/laplainedesvosgesinfo\/2022\/12\/noel-un-pain-de-sucre-pour-les-abeilles\/#article","isPartOf":{"@id":"https:\/\/vosgesinfo.fr\/laplainedesvosgesinfo\/2022\/12\/noel-un-pain-de-sucre-pour-les-abeilles\/"},"author":{"name":"La R\u00e9daction","@id":"https:\/\/vosgesinfo.fr\/laplainedesvosgesinfo\/#\/schema\/person\/db412391f749f1ee67e177e1dc017316"},"headline":"No\u00ebl \u2013 Un pain de sucre pour les abeilles","datePublished":"2022-12-27T16:14:02+00:00","dateModified":"2022-12-27T16:14:02+00:00","mainEntityOfPage":{"@id":"https:\/\/vosgesinfo.fr\/laplainedesvosgesinfo\/2022\/12\/noel-un-pain-de-sucre-pour-les-abeilles\/"},"wordCount":111,"commentCount":0,"publisher":{"@id":"https:\/\/vosgesinfo.fr\/laplainedesvosgesinfo\/#organization"},"image":{"@id":"https:\/\/vosgesinfo.fr\/laplainedesvosgesinfo\/2022\/12\/noel-un-pain-de-sucre-pour-les-abeilles\/#primaryimage"},"thumbnailUrl":"https:\/\/vosgesinfo.fr\/app\/uploads\/sites\/2\/2024\/07\/202212screenshot-20221224-164946-tiktok.jpg","articleSection":["A la Une","Environnement","Vosges"],"inLanguage":"fr-FR","potentialAction":[{"@type":"CommentAction","name":"Comment","target":["https:\/\/vosgesinfo.fr\/laplainedesvosgesinfo\/2022\/12\/noel-un-pain-de-sucre-pour-les-abeilles\/#respond"]}]},{"@type":"WebPage","@id":"https:\/\/vosgesinfo.fr\/laplainedesvosgesinfo\/2022\/12\/noel-un-pain-de-sucre-pour-les-abeilles\/","url":"https:\/\/vosgesinfo.fr\/laplainedesvosgesinfo\/2022\/12\/noel-un-pain-de-sucre-pour-les-abeilles\/","name":"No\u00ebl \u2013 Un pain de sucre pour les abeilles - La Plaine des Vosges","isPartOf":{"@id":"https:\/\/vosgesinfo.fr\/laplainedesvosgesinfo\/#website"},"primaryImageOfPage":{"@id":"https:\/\/vosgesinfo.fr\/laplainedesvosgesinfo\/2022\/12\/noel-un-pain-de-sucre-pour-les-abeilles\/#primaryimage"},"image":{"@id":"https:\/\/vosgesinfo.fr\/laplainedesvosgesinfo\/2022\/12\/noel-un-pain-de-sucre-pour-les-abeilles\/#primaryimage"},"thumbnailUrl":"https:\/\/vosgesinfo.fr\/app\/uploads\/sites\/2\/2024\/07\/202212screenshot-20221224-164946-tiktok.jpg","datePublished":"2022-12-27T16:14:02+00:00","dateModified":"2022-12-27T16:14:02+00:00","breadcrumb":{"@id":"https:\/\/vosgesinfo.fr\/laplainedesvosgesinfo\/2022\/12\/noel-un-pain-de-sucre-pour-les-abeilles\/#breadcrumb"},"inLanguage":"fr-FR","potentialAction":[{"@type":"ReadAction","target":["https:\/\/vosgesinfo.fr\/laplainedesvosgesinfo\/2022\/12\/noel-un-pain-de-sucre-pour-les-abeilles\/"]}]},{"@type":"ImageObject","inLanguage":"fr-FR","@id":"https:\/\/vosgesinfo.fr\/laplainedesvosgesinfo\/2022\/12\/noel-un-pain-de-sucre-pour-les-abeilles\/#primaryimage","url":"https:\/\/vosgesinfo.fr\/app\/uploads\/sites\/2\/2024\/07\/202212screenshot-20221224-164946-tiktok.jpg","contentUrl":"https:\/\/vosgesinfo.fr\/app\/uploads\/sites\/2\/2024\/07\/202212screenshot-20221224-164946-tiktok.jpg","width":360,"height":800},{"@type":"BreadcrumbList","@id":"https:\/\/vosgesinfo.fr\/laplainedesvosgesinfo\/2022\/12\/noel-un-pain-de-sucre-pour-les-abeilles\/#breadcrumb","itemListElement":[{"@type":"ListItem","position":1,"name":"Home","item":"https:\/\/vosgesinfo.fr\/laplainedesvosgesinfo\/"},{"@type":"ListItem","position":2,"name":"No\u00ebl \u2013 Un pain de sucre pour les abeilles"}]},{"@type":"WebSite","@id":"https:\/\/vosgesinfo.fr\/laplainedesvosgesinfo\/#website","url":"https:\/\/vosgesinfo.fr\/laplainedesvosgesinfo\/","name":"La Plaine des Vosges","description":"Toute l&#039;actualit\u00e9 de la plaine de Vosges","publisher":{"@id":"https:\/\/vosgesinfo.fr\/laplainedesvosgesinfo\/#organization"},"alternateName":"Toute l'actualit\u00e9 de la plaine des Vosges","potentialAction":[{"@type":"SearchAction","target":{"@type":"EntryPoint","urlTemplate":"https:\/\/vosgesinfo.fr\/laplainedesvosgesinfo\/?s={search_term_string}"},"query-input":"required name=search_term_string"}],"inLanguage":"fr-FR"},{"@type":"Organization","@id":"https:\/\/vosgesinfo.fr\/laplainedesvosgesinfo\/#organization","name":"La Plaine des Vosges","url":"https:\/\/vosgesinfo.fr\/laplainedesvosgesinfo\/","logo":{"@type":"ImageObject","inLanguage":"fr-FR","@id":"https:\/\/vosgesinfo.fr\/laplainedesvosgesinfo\/#\/schema\/logo\/image\/","url":"https:\/\/vosgesinfo.fr\/app\/uploads\/sites\/2\/2023\/08\/logo-laplaineinfo.svg","contentUrl":"https:\/\/vosgesinfo.fr\/app\/uploads\/sites\/2\/2023\/08\/logo-laplaineinfo.svg","width":1,"height":1,"caption":"La Plaine des Vosges"},"image":{"@id":"https:\/\/vosgesinfo.fr\/laplainedesvosgesinfo\/#\/schema\/logo\/image\/"},"sameAs":["https:\/\/www.facebook.com\/laplainedesvosges","https:\/\/x.com\/VosgesInfo88","https:\/\/www.youtube.com\/@vosgesinfo"]},{"@type":"Person","@id":"https:\/\/vosgesinfo.fr\/laplainedesvosgesinfo\/#\/schema\/person\/db412391f749f1ee67e177e1dc017316","name":"La R\u00e9daction","image":{"@type":"ImageObject","inLanguage":"fr-FR","@id":"https:\/\/vosgesinfo.fr\/laplainedesvosgesinfo\/#\/schema\/person\/image\/","url":"https:\/\/secure.gravatar.com\/avatar\/d10cfbea47ec464014dd9e55d3c353f7c4017b65068eb823d0882be0ff3b0ff6?s=96&d=mm&r=g","contentUrl":"https:\/\/secure.gravatar.com\/avatar\/d10cfbea47ec464014dd9e55d3c353f7c4017b65068eb823d0882be0ff3b0ff6?s=96&d=mm&r=g","caption":"La R\u00e9daction"},"url":"https:\/\/vosgesinfo.fr\/laplainedesvosgesinfo\/author\/redaction\/"}]}},"_links":{"self":[{"href":"https:\/\/vosgesinfo.fr\/laplainedesvosgesinfo\/wp-json\/wp\/v2\/posts\/24659","targetHints":{"allow":["GET"]}}],"collection":[{"href":"https:\/\/vosgesinfo.fr\/laplainedesvosgesinfo\/wp-json\/wp\/v2\/posts"}],"about":[{"href":"https:\/\/vosgesinfo.fr\/laplainedesvosgesinfo\/wp-json\/wp\/v2\/types\/post"}],"author":[{"embeddable":true,"href":"https:\/\/vosgesinfo.fr\/laplainedesvosgesinfo\/wp-json\/wp\/v2\/users\/126"}],"replies":[{"embeddable":true,"href":"https:\/\/vosgesinfo.fr\/laplainedesvosgesinfo\/wp-json\/wp\/v2\/comments?post=24659"}],"version-history":[{"count":0,"href":"https:\/\/vosgesinfo.fr\/laplainedesvosgesinfo\/wp-json\/wp\/v2\/posts\/24659\/revisions"}],"wp:featuredmedia":[{"embeddable":true,"href":"https:\/\/vosgesinfo.fr\/laplainedesvosgesinfo\/wp-json\/wp\/v2\/media\/24660"}],"wp:attachment":[{"href":"https:\/\/vosgesinfo.fr\/laplainedesvosgesinfo\/wp-json\/wp\/v2\/media?parent=24659"}],"wp:term":[{"taxonomy":"category","embeddable":true,"href":"https:\/\/vosgesinfo.fr\/laplainedesvosgesinfo\/wp-json\/wp\/v2\/categories?post=24659"},{"taxonomy":"post_tag","embeddable":true,"href":"https:\/\/vosgesinfo.fr\/laplainedesvosgesinfo\/wp-json\/wp\/v2\/tags?post=24659"}],"curies":[{"name":"wp","href":"https:\/\/api.w.org\/{rel}","templated":true}]}}