{"id":24708,"date":"2023-01-01T13:55:04","date_gmt":"2023-01-01T12:55:04","guid":{"rendered":"https:\/\/vosgesinfo.fr\/laplainedesvosgesinfo\/2023\/01\/pascal-barrois-entend-insuffler-une-nouvelle-dynamique-pour-vittel\/"},"modified":"2023-01-01T13:55:04","modified_gmt":"2023-01-01T12:55:04","slug":"pascal-barrois-entend-insuffler-une-nouvelle-dynamique-pour-vittel","status":"publish","type":"post","link":"https:\/\/vosgesinfo.fr\/laplainedesvosgesinfo\/2023\/01\/pascal-barrois-entend-insuffler-une-nouvelle-dynamique-pour-vittel\/","title":{"rendered":"Pascal Barrois entend insuffler une nouvelle dynamique pour Vittel"},"content":{"rendered":"<p class=\"p1\"><strong><span class=\"s1\"><a href=\"\/2023\/01\/8C4F6C6D-B076-46E1-BE4F-042CF3E550D9.jpeg\"><img decoding=\"async\" class=\"aligncenter size-full wp-image-135359\" src=\"\/2023\/01\/8C4F6C6D-B076-46E1-BE4F-042CF3E550D9.jpeg\" alt=\"Pascal Barrois est le nouveau pr\u00e9sident de l\u2019Union des commer\u00e7ants\" width=\"600\" height=\"800\" \/><\/a><br \/>\nC\u2019est Pascal Barrois qui arrive depuis quelques semaines au fauteuil de pr\u00e9sident de l\u2019Union des commer\u00e7ants de Vittel. Bien\u00a0connu des Vittellois pour \u00eatre \u00e0 l\u2019origine de la cr\u00e9ation de plusieurs commerces de centre &#8211; ville aussi bien dans l\u2019art\u00e8re principale de la cit\u00e9 thermale que dans une rue adjacente en plein renouveau, Pascal Barrois veut insuffler une nouvelle dynamique pour 2023 et donner le \u00ab la \u00bb. Le nouveau pr\u00e9sident entend d\u00e9velopper un esprit visionnaire, hors des\u00a0sentiers battus.<br \/>\n<\/span><\/strong><\/p>\n<p class=\"p1\"><strong><span class=\"s1\">Quel est le sens de votre engagement aujourd\u2019hui en acceptant la pr\u00e9sidence \u00a0de l\u2019Union des commer\u00e7ants de Vittel ? <\/span><\/strong><\/p>\n<p class=\"p1\"><em><span class=\"s1\">\u00ab L\u2019union des commer\u00e7ants risquait d\u2019\u00eatre mise en sommeil faute de candidats \u00e0 la pr\u00e9sidence. J\u2019ai donc accept\u00e9 de relever le gant. Cela aurait \u00e9t\u00e9 dommage de refuser, \u00e0 la fois pour la commune et pour le commerce local qui ont de tr\u00e8s nombreux atouts \u00e0 mettre en avant. Un nouveau bureau a pu \u00eatre reform\u00e9 depuis quelques semaines et j\u2019en ai ai accept\u00e9 la pr\u00e9sidence en sachant que j\u2019allais \u00eatre entour\u00e9 d\u2019une \u00e9quipe motiv\u00e9e et d\u00e9termin\u00e9e \u00e0 faire vivre un ensemble de\u00a0projets pour la ville \u00bb.<\/span><\/em><\/p>\n<p class=\"p1\"><span class=\"s1\"><b>Quels sont vos objectifs\u00a0?<\/b><\/span><\/p>\n<p class=\"p1\"><span class=\"s1\"><i>\u00ab Il faut imp\u00e9rativement cr\u00e9er une dynamique et une force nouvelle. Je compte y associer les nombreuses entreprises que compte la ville et toutes les forces vives. En devenant pr\u00e9sident de l\u2019Union des commer\u00e7ants, mon premier souhait est \u00e9videmment d\u2019arriver \u00e0 f\u00e9d\u00e9rer tous les commer\u00e7ants et artisans, sans oublier ceux qui sont implant\u00e9s dans la zone d\u2019activit\u00e9 de La Croisette et qui participent \u00e0 la vie \u00e9conomique de la commune. Plus nous serons nombreux, plus nous serons forts \u00bb.<\/i><\/span><\/p>\n<p class=\"p1\"><span class=\"s1\"><b>Comment voyez vous les nouveaux d\u00e9fis et les enjeux importants pour la Ville de Vittel avec l\u2019arriv\u00e9e d\u00e8s aujourd\u2019hui 1er janvier du groupe France Thermes? <\/b><\/span><\/p>\n<p class=\"p1\"><span class=\"s1\"><i>\u00ab Vittel est en pleine mutation avec de nouveaux investisseurs qui ont envie de s\u2019impliquer dans le tourisme, mais \u00e9galement dans les domaines du sport ou de la culture. Pour la ville de Vittel, c\u2019est une chance \u00e0 saisir pour faire rayonner encore mieux notre commune. Il me semble essentiel de faire d\u00e9couvrir le savoir faire des commer\u00e7ants et artisans dans leurs domaines respectifs, et donner envie \u00e0 de nouveaux commer\u00e7ants et artisans de s\u2019installer \u00e0 Vittel. L\u2019arriv\u00e9e du groupe\u00a0France Thermes est une chance pour la ville et doit \u00eatre mesur\u00e9 \u00e0 sa juste valeur. Nous devons plus que jamais en prendre compte, et travailler de concert avec les nouveaux acteurs touristiques et \u00e9conomiques que compte la ville \u00bb.<\/i><\/span><\/p>\n<p class=\"p1\"><span class=\"s1\"><b>Vous avez des projets d\u2019animation pour cette nouvelle ann\u00e9e ?<\/b><\/span><\/p>\n<p class=\"p1\"><span class=\"s1\"><i>\u00ab Il y a \u00e9norm\u00e9ment d\u2019animations \u00e0 Vittel. En moyenne une tous les deux jours. Nous continuerons les rendez importants d\u00e9j\u00e0 cr\u00e9\u00e9s. Nous allons travailler avec les forces vives de la ville pour proposer des animations compl\u00e9mentaires au programme existant. Les id\u00e9es ne manquent pas et nous y travaillons \u00bb.<\/i><\/span><\/p>\n","protected":false},"excerpt":{"rendered":"<p>C\u2019est Pascal Barrois qui arrive depuis quelques semaines au fauteuil de pr\u00e9sident de l\u2019Union des commer\u00e7ants de Vittel. Bien\u00a0connu des [&hellip;]<\/p>\n","protected":false},"author":128,"featured_media":24709,"comment_status":"open","ping_status":"open","sticky":false,"template":"","format":"standard","meta":{"footnotes":""},"categories":[29,5,37,15,38,18],"tags":[6852,7003,136,36],"class_list":["post-24708","post","type-post","status-publish","format-standard","has-post-thumbnail","hentry","category-a-la-une","category-economie","category-la-plaine","category-tourisme","category-vittel-la-plaine","category-vosges","tag-groupe-france-thermes","tag-pascal-barrois","tag-union-des-commercants","tag-ville-de-vittel"],"acf":[],"yoast_head":"<!-- This site is optimized with the Yoast SEO plugin v22.5 - https:\/\/yoast.com\/wordpress\/plugins\/seo\/ -->\n<title>Pascal Barrois entend insuffler une nouvelle dynamique pour Vittel - La Plaine des Vosges<\/title>\n<meta name=\"robots\" content=\"index, follow, max-snippet:-1, max-image-preview:large, max-video-preview:-1\" \/>\n<link rel=\"canonical\" href=\"https:\/\/vosgesinfo.fr\/laplainedesvosgesinfo\/2023\/01\/pascal-barrois-entend-insuffler-une-nouvelle-dynamique-pour-vittel\/\" \/>\n<meta name=\"twitter:card\" content=\"summary_large_image\" \/>\n<meta name=\"twitter:title\" content=\"Pascal Barrois entend insuffler une nouvelle dynamique pour Vittel - La Plaine des Vosges\" \/>\n<meta name=\"twitter:description\" content=\"C\u2019est Pascal Barrois qui arrive depuis quelques semaines au fauteuil de pr\u00e9sident de l\u2019Union des commer\u00e7ants de Vittel. Bien\u00a0connu des [&hellip;]\" \/>\n<meta name=\"twitter:image\" content=\"https:\/\/vosgesinfo.fr\/app\/uploads\/sites\/2\/2024\/07\/2023018c4f6c6d-b076-46e1-be4f-042cf3e550d9.jpeg\" \/>\n<meta name=\"twitter:creator\" content=\"@VosgesInfo88\" \/>\n<meta name=\"twitter:site\" content=\"@VosgesInfo88\" \/>\n<meta name=\"twitter:label1\" content=\"\u00c9crit par\" \/>\n\t<meta name=\"twitter:data1\" content=\"F L\" \/>\n\t<meta name=\"twitter:label2\" content=\"Dur\u00e9e de lecture estim\u00e9e\" \/>\n\t<meta name=\"twitter:data2\" content=\"3 minutes\" \/>\n<script type=\"application\/ld+json\" class=\"yoast-schema-graph\">{\"@context\":\"https:\/\/schema.org\",\"@graph\":[{\"@type\":\"Article\",\"@id\":\"https:\/\/vosgesinfo.fr\/laplainedesvosgesinfo\/2023\/01\/pascal-barrois-entend-insuffler-une-nouvelle-dynamique-pour-vittel\/#article\",\"isPartOf\":{\"@id\":\"https:\/\/vosgesinfo.fr\/laplainedesvosgesinfo\/2023\/01\/pascal-barrois-entend-insuffler-une-nouvelle-dynamique-pour-vittel\/\"},\"author\":{\"name\":\"F L\",\"@id\":\"https:\/\/vosgesinfo.fr\/laplainedesvosgesinfo\/#\/schema\/person\/79e32bebcee803e323d575130a214cb1\"},\"headline\":\"Pascal Barrois entend insuffler une nouvelle dynamique pour Vittel\",\"datePublished\":\"2023-01-01T12:55:04+00:00\",\"dateModified\":\"2023-01-01T12:55:04+00:00\",\"mainEntityOfPage\":{\"@id\":\"https:\/\/vosgesinfo.fr\/laplainedesvosgesinfo\/2023\/01\/pascal-barrois-entend-insuffler-une-nouvelle-dynamique-pour-vittel\/\"},\"wordCount\":518,\"commentCount\":0,\"publisher\":{\"@id\":\"https:\/\/vosgesinfo.fr\/laplainedesvosgesinfo\/#organization\"},\"image\":{\"@id\":\"https:\/\/vosgesinfo.fr\/laplainedesvosgesinfo\/2023\/01\/pascal-barrois-entend-insuffler-une-nouvelle-dynamique-pour-vittel\/#primaryimage\"},\"thumbnailUrl\":\"https:\/\/vosgesinfo.fr\/app\/uploads\/sites\/2\/2024\/07\/2023018c4f6c6d-b076-46e1-be4f-042cf3e550d9.jpeg\",\"keywords\":[\"Groupe France Thermes\",\"Pascal Barrois\",\"union des commer\u00e7ants\",\"Ville de Vittel\"],\"articleSection\":[\"A la Une\",\"\u00c9conomie\",\"La Plaine\",\"Tourisme\",\"Vittel\",\"Vosges\"],\"inLanguage\":\"fr-FR\",\"potentialAction\":[{\"@type\":\"CommentAction\",\"name\":\"Comment\",\"target\":[\"https:\/\/vosgesinfo.fr\/laplainedesvosgesinfo\/2023\/01\/pascal-barrois-entend-insuffler-une-nouvelle-dynamique-pour-vittel\/#respond\"]}]},{\"@type\":\"WebPage\",\"@id\":\"https:\/\/vosgesinfo.fr\/laplainedesvosgesinfo\/2023\/01\/pascal-barrois-entend-insuffler-une-nouvelle-dynamique-pour-vittel\/\",\"url\":\"https:\/\/vosgesinfo.fr\/laplainedesvosgesinfo\/2023\/01\/pascal-barrois-entend-insuffler-une-nouvelle-dynamique-pour-vittel\/\",\"name\":\"Pascal Barrois entend insuffler une nouvelle dynamique pour Vittel - La Plaine des Vosges\",\"isPartOf\":{\"@id\":\"https:\/\/vosgesinfo.fr\/laplainedesvosgesinfo\/#website\"},\"primaryImageOfPage\":{\"@id\":\"https:\/\/vosgesinfo.fr\/laplainedesvosgesinfo\/2023\/01\/pascal-barrois-entend-insuffler-une-nouvelle-dynamique-pour-vittel\/#primaryimage\"},\"image\":{\"@id\":\"https:\/\/vosgesinfo.fr\/laplainedesvosgesinfo\/2023\/01\/pascal-barrois-entend-insuffler-une-nouvelle-dynamique-pour-vittel\/#primaryimage\"},\"thumbnailUrl\":\"https:\/\/vosgesinfo.fr\/app\/uploads\/sites\/2\/2024\/07\/2023018c4f6c6d-b076-46e1-be4f-042cf3e550d9.jpeg\",\"datePublished\":\"2023-01-01T12:55:04+00:00\",\"dateModified\":\"2023-01-01T12:55:04+00:00\",\"breadcrumb\":{\"@id\":\"https:\/\/vosgesinfo.fr\/laplainedesvosgesinfo\/2023\/01\/pascal-barrois-entend-insuffler-une-nouvelle-dynamique-pour-vittel\/#breadcrumb\"},\"inLanguage\":\"fr-FR\",\"potentialAction\":[{\"@type\":\"ReadAction\",\"target\":[\"https:\/\/vosgesinfo.fr\/laplainedesvosgesinfo\/2023\/01\/pascal-barrois-entend-insuffler-une-nouvelle-dynamique-pour-vittel\/\"]}]},{\"@type\":\"ImageObject\",\"inLanguage\":\"fr-FR\",\"@id\":\"https:\/\/vosgesinfo.fr\/laplainedesvosgesinfo\/2023\/01\/pascal-barrois-entend-insuffler-une-nouvelle-dynamique-pour-vittel\/#primaryimage\",\"url\":\"https:\/\/vosgesinfo.fr\/app\/uploads\/sites\/2\/2024\/07\/2023018c4f6c6d-b076-46e1-be4f-042cf3e550d9.jpeg\",\"contentUrl\":\"https:\/\/vosgesinfo.fr\/app\/uploads\/sites\/2\/2024\/07\/2023018c4f6c6d-b076-46e1-be4f-042cf3e550d9.jpeg\",\"width\":600,\"height\":800},{\"@type\":\"BreadcrumbList\",\"@id\":\"https:\/\/vosgesinfo.fr\/laplainedesvosgesinfo\/2023\/01\/pascal-barrois-entend-insuffler-une-nouvelle-dynamique-pour-vittel\/#breadcrumb\",\"itemListElement\":[{\"@type\":\"ListItem\",\"position\":1,\"name\":\"Home\",\"item\":\"https:\/\/vosgesinfo.fr\/laplainedesvosgesinfo\/\"},{\"@type\":\"ListItem\",\"position\":2,\"name\":\"Pascal Barrois entend insuffler une nouvelle dynamique pour Vittel\"}]},{\"@type\":\"WebSite\",\"@id\":\"https:\/\/vosgesinfo.fr\/laplainedesvosgesinfo\/#website\",\"url\":\"https:\/\/vosgesinfo.fr\/laplainedesvosgesinfo\/\",\"name\":\"La Plaine des Vosges\",\"description\":\"Toute l&#039;actualit\u00e9 de la plaine de Vosges\",\"publisher\":{\"@id\":\"https:\/\/vosgesinfo.fr\/laplainedesvosgesinfo\/#organization\"},\"alternateName\":\"Toute l'actualit\u00e9 de la plaine des Vosges\",\"potentialAction\":[{\"@type\":\"SearchAction\",\"target\":{\"@type\":\"EntryPoint\",\"urlTemplate\":\"https:\/\/vosgesinfo.fr\/laplainedesvosgesinfo\/?s={search_term_string}\"},\"query-input\":\"required name=search_term_string\"}],\"inLanguage\":\"fr-FR\"},{\"@type\":\"Organization\",\"@id\":\"https:\/\/vosgesinfo.fr\/laplainedesvosgesinfo\/#organization\",\"name\":\"La Plaine des Vosges\",\"url\":\"https:\/\/vosgesinfo.fr\/laplainedesvosgesinfo\/\",\"logo\":{\"@type\":\"ImageObject\",\"inLanguage\":\"fr-FR\",\"@id\":\"https:\/\/vosgesinfo.fr\/laplainedesvosgesinfo\/#\/schema\/logo\/image\/\",\"url\":\"https:\/\/vosgesinfo.fr\/app\/uploads\/sites\/2\/2023\/08\/logo-laplaineinfo.svg\",\"contentUrl\":\"https:\/\/vosgesinfo.fr\/app\/uploads\/sites\/2\/2023\/08\/logo-laplaineinfo.svg\",\"width\":1,\"height\":1,\"caption\":\"La Plaine des Vosges\"},\"image\":{\"@id\":\"https:\/\/vosgesinfo.fr\/laplainedesvosgesinfo\/#\/schema\/logo\/image\/\"},\"sameAs\":[\"https:\/\/www.facebook.com\/laplainedesvosges\",\"https:\/\/x.com\/VosgesInfo88\",\"https:\/\/www.youtube.com\/@vosgesinfo\"]},{\"@type\":\"Person\",\"@id\":\"https:\/\/vosgesinfo.fr\/laplainedesvosgesinfo\/#\/schema\/person\/79e32bebcee803e323d575130a214cb1\",\"name\":\"F L\",\"image\":{\"@type\":\"ImageObject\",\"inLanguage\":\"fr-FR\",\"@id\":\"https:\/\/vosgesinfo.fr\/laplainedesvosgesinfo\/#\/schema\/person\/image\/\",\"url\":\"https:\/\/secure.gravatar.com\/avatar\/d357c72e152089867fde6ef62184057ee532a6f21b254c937a932e835554cfb3?s=96&d=mm&r=g\",\"contentUrl\":\"https:\/\/secure.gravatar.com\/avatar\/d357c72e152089867fde6ef62184057ee532a6f21b254c937a932e835554cfb3?s=96&d=mm&r=g\",\"caption\":\"F L\"},\"url\":\"https:\/\/vosgesinfo.fr\/laplainedesvosgesinfo\/author\/frlevyp88\/\"}]}<\/script>\n<!-- \/ Yoast SEO plugin. -->","yoast_head_json":{"title":"Pascal Barrois entend insuffler une nouvelle dynamique pour Vittel - La Plaine des Vosges","robots":{"index":"index","follow":"follow","max-snippet":"max-snippet:-1","max-image-preview":"max-image-preview:large","max-video-preview":"max-video-preview:-1"},"canonical":"https:\/\/vosgesinfo.fr\/laplainedesvosgesinfo\/2023\/01\/pascal-barrois-entend-insuffler-une-nouvelle-dynamique-pour-vittel\/","twitter_card":"summary_large_image","twitter_title":"Pascal Barrois entend insuffler une nouvelle dynamique pour Vittel - La Plaine des Vosges","twitter_description":"C\u2019est Pascal Barrois qui arrive depuis quelques semaines au fauteuil de pr\u00e9sident de l\u2019Union des commer\u00e7ants de Vittel. Bien\u00a0connu des [&hellip;]","twitter_image":"https:\/\/vosgesinfo.fr\/app\/uploads\/sites\/2\/2024\/07\/2023018c4f6c6d-b076-46e1-be4f-042cf3e550d9.jpeg","twitter_creator":"@VosgesInfo88","twitter_site":"@VosgesInfo88","twitter_misc":{"\u00c9crit par":"F L","Dur\u00e9e de lecture estim\u00e9e":"3 minutes"},"schema":{"@context":"https:\/\/schema.org","@graph":[{"@type":"Article","@id":"https:\/\/vosgesinfo.fr\/laplainedesvosgesinfo\/2023\/01\/pascal-barrois-entend-insuffler-une-nouvelle-dynamique-pour-vittel\/#article","isPartOf":{"@id":"https:\/\/vosgesinfo.fr\/laplainedesvosgesinfo\/2023\/01\/pascal-barrois-entend-insuffler-une-nouvelle-dynamique-pour-vittel\/"},"author":{"name":"F L","@id":"https:\/\/vosgesinfo.fr\/laplainedesvosgesinfo\/#\/schema\/person\/79e32bebcee803e323d575130a214cb1"},"headline":"Pascal Barrois entend insuffler une nouvelle dynamique pour Vittel","datePublished":"2023-01-01T12:55:04+00:00","dateModified":"2023-01-01T12:55:04+00:00","mainEntityOfPage":{"@id":"https:\/\/vosgesinfo.fr\/laplainedesvosgesinfo\/2023\/01\/pascal-barrois-entend-insuffler-une-nouvelle-dynamique-pour-vittel\/"},"wordCount":518,"commentCount":0,"publisher":{"@id":"https:\/\/vosgesinfo.fr\/laplainedesvosgesinfo\/#organization"},"image":{"@id":"https:\/\/vosgesinfo.fr\/laplainedesvosgesinfo\/2023\/01\/pascal-barrois-entend-insuffler-une-nouvelle-dynamique-pour-vittel\/#primaryimage"},"thumbnailUrl":"https:\/\/vosgesinfo.fr\/app\/uploads\/sites\/2\/2024\/07\/2023018c4f6c6d-b076-46e1-be4f-042cf3e550d9.jpeg","keywords":["Groupe France Thermes","Pascal Barrois","union des commer\u00e7ants","Ville de Vittel"],"articleSection":["A la Une","\u00c9conomie","La Plaine","Tourisme","Vittel","Vosges"],"inLanguage":"fr-FR","potentialAction":[{"@type":"CommentAction","name":"Comment","target":["https:\/\/vosgesinfo.fr\/laplainedesvosgesinfo\/2023\/01\/pascal-barrois-entend-insuffler-une-nouvelle-dynamique-pour-vittel\/#respond"]}]},{"@type":"WebPage","@id":"https:\/\/vosgesinfo.fr\/laplainedesvosgesinfo\/2023\/01\/pascal-barrois-entend-insuffler-une-nouvelle-dynamique-pour-vittel\/","url":"https:\/\/vosgesinfo.fr\/laplainedesvosgesinfo\/2023\/01\/pascal-barrois-entend-insuffler-une-nouvelle-dynamique-pour-vittel\/","name":"Pascal Barrois entend insuffler une nouvelle dynamique pour Vittel - La Plaine des Vosges","isPartOf":{"@id":"https:\/\/vosgesinfo.fr\/laplainedesvosgesinfo\/#website"},"primaryImageOfPage":{"@id":"https:\/\/vosgesinfo.fr\/laplainedesvosgesinfo\/2023\/01\/pascal-barrois-entend-insuffler-une-nouvelle-dynamique-pour-vittel\/#primaryimage"},"image":{"@id":"https:\/\/vosgesinfo.fr\/laplainedesvosgesinfo\/2023\/01\/pascal-barrois-entend-insuffler-une-nouvelle-dynamique-pour-vittel\/#primaryimage"},"thumbnailUrl":"https:\/\/vosgesinfo.fr\/app\/uploads\/sites\/2\/2024\/07\/2023018c4f6c6d-b076-46e1-be4f-042cf3e550d9.jpeg","datePublished":"2023-01-01T12:55:04+00:00","dateModified":"2023-01-01T12:55:04+00:00","breadcrumb":{"@id":"https:\/\/vosgesinfo.fr\/laplainedesvosgesinfo\/2023\/01\/pascal-barrois-entend-insuffler-une-nouvelle-dynamique-pour-vittel\/#breadcrumb"},"inLanguage":"fr-FR","potentialAction":[{"@type":"ReadAction","target":["https:\/\/vosgesinfo.fr\/laplainedesvosgesinfo\/2023\/01\/pascal-barrois-entend-insuffler-une-nouvelle-dynamique-pour-vittel\/"]}]},{"@type":"ImageObject","inLanguage":"fr-FR","@id":"https:\/\/vosgesinfo.fr\/laplainedesvosgesinfo\/2023\/01\/pascal-barrois-entend-insuffler-une-nouvelle-dynamique-pour-vittel\/#primaryimage","url":"https:\/\/vosgesinfo.fr\/app\/uploads\/sites\/2\/2024\/07\/2023018c4f6c6d-b076-46e1-be4f-042cf3e550d9.jpeg","contentUrl":"https:\/\/vosgesinfo.fr\/app\/uploads\/sites\/2\/2024\/07\/2023018c4f6c6d-b076-46e1-be4f-042cf3e550d9.jpeg","width":600,"height":800},{"@type":"BreadcrumbList","@id":"https:\/\/vosgesinfo.fr\/laplainedesvosgesinfo\/2023\/01\/pascal-barrois-entend-insuffler-une-nouvelle-dynamique-pour-vittel\/#breadcrumb","itemListElement":[{"@type":"ListItem","position":1,"name":"Home","item":"https:\/\/vosgesinfo.fr\/laplainedesvosgesinfo\/"},{"@type":"ListItem","position":2,"name":"Pascal Barrois entend insuffler une nouvelle dynamique pour Vittel"}]},{"@type":"WebSite","@id":"https:\/\/vosgesinfo.fr\/laplainedesvosgesinfo\/#website","url":"https:\/\/vosgesinfo.fr\/laplainedesvosgesinfo\/","name":"La Plaine des Vosges","description":"Toute l&#039;actualit\u00e9 de la plaine de Vosges","publisher":{"@id":"https:\/\/vosgesinfo.fr\/laplainedesvosgesinfo\/#organization"},"alternateName":"Toute l'actualit\u00e9 de la plaine des Vosges","potentialAction":[{"@type":"SearchAction","target":{"@type":"EntryPoint","urlTemplate":"https:\/\/vosgesinfo.fr\/laplainedesvosgesinfo\/?s={search_term_string}"},"query-input":"required name=search_term_string"}],"inLanguage":"fr-FR"},{"@type":"Organization","@id":"https:\/\/vosgesinfo.fr\/laplainedesvosgesinfo\/#organization","name":"La Plaine des Vosges","url":"https:\/\/vosgesinfo.fr\/laplainedesvosgesinfo\/","logo":{"@type":"ImageObject","inLanguage":"fr-FR","@id":"https:\/\/vosgesinfo.fr\/laplainedesvosgesinfo\/#\/schema\/logo\/image\/","url":"https:\/\/vosgesinfo.fr\/app\/uploads\/sites\/2\/2023\/08\/logo-laplaineinfo.svg","contentUrl":"https:\/\/vosgesinfo.fr\/app\/uploads\/sites\/2\/2023\/08\/logo-laplaineinfo.svg","width":1,"height":1,"caption":"La Plaine des Vosges"},"image":{"@id":"https:\/\/vosgesinfo.fr\/laplainedesvosgesinfo\/#\/schema\/logo\/image\/"},"sameAs":["https:\/\/www.facebook.com\/laplainedesvosges","https:\/\/x.com\/VosgesInfo88","https:\/\/www.youtube.com\/@vosgesinfo"]},{"@type":"Person","@id":"https:\/\/vosgesinfo.fr\/laplainedesvosgesinfo\/#\/schema\/person\/79e32bebcee803e323d575130a214cb1","name":"F L","image":{"@type":"ImageObject","inLanguage":"fr-FR","@id":"https:\/\/vosgesinfo.fr\/laplainedesvosgesinfo\/#\/schema\/person\/image\/","url":"https:\/\/secure.gravatar.com\/avatar\/d357c72e152089867fde6ef62184057ee532a6f21b254c937a932e835554cfb3?s=96&d=mm&r=g","contentUrl":"https:\/\/secure.gravatar.com\/avatar\/d357c72e152089867fde6ef62184057ee532a6f21b254c937a932e835554cfb3?s=96&d=mm&r=g","caption":"F L"},"url":"https:\/\/vosgesinfo.fr\/laplainedesvosgesinfo\/author\/frlevyp88\/"}]}},"_links":{"self":[{"href":"https:\/\/vosgesinfo.fr\/laplainedesvosgesinfo\/wp-json\/wp\/v2\/posts\/24708","targetHints":{"allow":["GET"]}}],"collection":[{"href":"https:\/\/vosgesinfo.fr\/laplainedesvosgesinfo\/wp-json\/wp\/v2\/posts"}],"about":[{"href":"https:\/\/vosgesinfo.fr\/laplainedesvosgesinfo\/wp-json\/wp\/v2\/types\/post"}],"author":[{"embeddable":true,"href":"https:\/\/vosgesinfo.fr\/laplainedesvosgesinfo\/wp-json\/wp\/v2\/users\/128"}],"replies":[{"embeddable":true,"href":"https:\/\/vosgesinfo.fr\/laplainedesvosgesinfo\/wp-json\/wp\/v2\/comments?post=24708"}],"version-history":[{"count":0,"href":"https:\/\/vosgesinfo.fr\/laplainedesvosgesinfo\/wp-json\/wp\/v2\/posts\/24708\/revisions"}],"wp:featuredmedia":[{"embeddable":true,"href":"https:\/\/vosgesinfo.fr\/laplainedesvosgesinfo\/wp-json\/wp\/v2\/media\/24709"}],"wp:attachment":[{"href":"https:\/\/vosgesinfo.fr\/laplainedesvosgesinfo\/wp-json\/wp\/v2\/media?parent=24708"}],"wp:term":[{"taxonomy":"category","embeddable":true,"href":"https:\/\/vosgesinfo.fr\/laplainedesvosgesinfo\/wp-json\/wp\/v2\/categories?post=24708"},{"taxonomy":"post_tag","embeddable":true,"href":"https:\/\/vosgesinfo.fr\/laplainedesvosgesinfo\/wp-json\/wp\/v2\/tags?post=24708"}],"curies":[{"name":"wp","href":"https:\/\/api.w.org\/{rel}","templated":true}]}}