{"id":24713,"date":"2023-01-02T14:18:08","date_gmt":"2023-01-02T13:18:08","guid":{"rendered":"https:\/\/vosgesinfo.fr\/laplainedesvosgesinfo\/2023\/01\/prise-illegale-dinterets-le-maire-de-metz-francois-grosdidier-juge-demain-au-tribunal-depinal\/"},"modified":"2023-01-02T14:18:08","modified_gmt":"2023-01-02T13:18:08","slug":"prise-illegale-dinterets-le-maire-de-metz-francois-grosdidier-juge-demain-au-tribunal-depinal","status":"publish","type":"post","link":"https:\/\/vosgesinfo.fr\/laplainedesvosgesinfo\/2023\/01\/prise-illegale-dinterets-le-maire-de-metz-francois-grosdidier-juge-demain-au-tribunal-depinal\/","title":{"rendered":"Prise ill\u00e9gale d\u2019int\u00e9r\u00eats \u2013 Le maire de Metz, Fran\u00e7ois Grosdidier jug\u00e9 demain au tribunal d\u2019\u00c9pinal"},"content":{"rendered":"<h2><strong>Le maire de Metz sera jug\u00e9 par le tribunal correctionnel d\u2019\u00c9pinal suite \u00e0 une affaire de \u00ab\u00a0prise ill\u00e9gale d\u2019int\u00e9r\u00eats\u00a0\u00bb.<\/strong><\/h2>\n<p>Mardi 3 janvier 2023, \u00e0 13 h 30, le maire de Metz, Fran\u00e7ois Grosdidier, compara\u00eetra devant le tribunal correctionnel d\u2019\u00c9pinal. Il est poursuivi devant le tribunal pour \u00ab\u00a0prise ill\u00e9gale d\u2019int\u00e9r\u00eats\u00a0\u00bb. Il s\u2019agit d\u2019une vieille histoire de plus de 10 ans qui a commenc\u00e9 quand Philippe Mousnier, a d\u00e9pos\u00e9 plainte.<\/p>\n","protected":false},"excerpt":{"rendered":"<p>Le maire de Metz sera jug\u00e9 par le tribunal correctionnel d\u2019\u00c9pinal suite \u00e0 une affaire de \u00ab\u00a0prise ill\u00e9gale d\u2019int\u00e9r\u00eats\u00a0\u00bb. Mardi [&hellip;]<\/p>\n","protected":false},"author":126,"featured_media":459,"comment_status":"open","ping_status":"open","sticky":false,"template":"","format":"standard","meta":{"footnotes":""},"categories":[29,294,18],"tags":[],"class_list":["post-24713","post","type-post","status-publish","format-standard","has-post-thumbnail","hentry","category-a-la-une","category-gerardmer","category-vosges"],"acf":[],"yoast_head":"<!-- This site is optimized with the Yoast SEO plugin v22.5 - https:\/\/yoast.com\/wordpress\/plugins\/seo\/ -->\n<title>Prise ill\u00e9gale d\u2019int\u00e9r\u00eats \u2013 Le maire de Metz, Fran\u00e7ois Grosdidier jug\u00e9 demain au tribunal d\u2019\u00c9pinal - La Plaine des Vosges<\/title>\n<meta name=\"robots\" content=\"index, follow, max-snippet:-1, max-image-preview:large, max-video-preview:-1\" \/>\n<link rel=\"canonical\" href=\"https:\/\/vosgesinfo.fr\/laplainedesvosgesinfo\/2023\/01\/prise-illegale-dinterets-le-maire-de-metz-francois-grosdidier-juge-demain-au-tribunal-depinal\/\" \/>\n<meta name=\"twitter:card\" content=\"summary_large_image\" \/>\n<meta name=\"twitter:title\" content=\"Prise ill\u00e9gale d\u2019int\u00e9r\u00eats \u2013 Le maire de Metz, Fran\u00e7ois Grosdidier jug\u00e9 demain au tribunal d\u2019\u00c9pinal - La Plaine des Vosges\" \/>\n<meta name=\"twitter:description\" content=\"Le maire de Metz sera jug\u00e9 par le tribunal correctionnel d\u2019\u00c9pinal suite \u00e0 une affaire de \u00ab\u00a0prise ill\u00e9gale d\u2019int\u00e9r\u00eats\u00a0\u00bb. Mardi [&hellip;]\" \/>\n<meta name=\"twitter:image\" content=\"https:\/\/vosgesinfo.fr\/app\/uploads\/sites\/2\/2016\/05\/palais-de-justice-epinal.jpg\" \/>\n<meta name=\"twitter:creator\" content=\"@VosgesInfo88\" \/>\n<meta name=\"twitter:site\" content=\"@VosgesInfo88\" \/>\n<meta name=\"twitter:label1\" content=\"\u00c9crit par\" \/>\n\t<meta name=\"twitter:data1\" content=\"La R\u00e9daction\" \/>\n<script type=\"application\/ld+json\" class=\"yoast-schema-graph\">{\"@context\":\"https:\/\/schema.org\",\"@graph\":[{\"@type\":\"Article\",\"@id\":\"https:\/\/vosgesinfo.fr\/laplainedesvosgesinfo\/2023\/01\/prise-illegale-dinterets-le-maire-de-metz-francois-grosdidier-juge-demain-au-tribunal-depinal\/#article\",\"isPartOf\":{\"@id\":\"https:\/\/vosgesinfo.fr\/laplainedesvosgesinfo\/2023\/01\/prise-illegale-dinterets-le-maire-de-metz-francois-grosdidier-juge-demain-au-tribunal-depinal\/\"},\"author\":{\"name\":\"La R\u00e9daction\",\"@id\":\"https:\/\/vosgesinfo.fr\/laplainedesvosgesinfo\/#\/schema\/person\/db412391f749f1ee67e177e1dc017316\"},\"headline\":\"Prise ill\u00e9gale d\u2019int\u00e9r\u00eats \u2013 Le maire de Metz, Fran\u00e7ois Grosdidier jug\u00e9 demain au tribunal d\u2019\u00c9pinal\",\"datePublished\":\"2023-01-02T13:18:08+00:00\",\"dateModified\":\"2023-01-02T13:18:08+00:00\",\"mainEntityOfPage\":{\"@id\":\"https:\/\/vosgesinfo.fr\/laplainedesvosgesinfo\/2023\/01\/prise-illegale-dinterets-le-maire-de-metz-francois-grosdidier-juge-demain-au-tribunal-depinal\/\"},\"wordCount\":96,\"commentCount\":0,\"publisher\":{\"@id\":\"https:\/\/vosgesinfo.fr\/laplainedesvosgesinfo\/#organization\"},\"image\":{\"@id\":\"https:\/\/vosgesinfo.fr\/laplainedesvosgesinfo\/2023\/01\/prise-illegale-dinterets-le-maire-de-metz-francois-grosdidier-juge-demain-au-tribunal-depinal\/#primaryimage\"},\"thumbnailUrl\":\"https:\/\/vosgesinfo.fr\/app\/uploads\/sites\/2\/2016\/05\/palais-de-justice-epinal.jpg\",\"articleSection\":[\"A la Une\",\"G\u00e9rardmer\",\"Vosges\"],\"inLanguage\":\"fr-FR\",\"potentialAction\":[{\"@type\":\"CommentAction\",\"name\":\"Comment\",\"target\":[\"https:\/\/vosgesinfo.fr\/laplainedesvosgesinfo\/2023\/01\/prise-illegale-dinterets-le-maire-de-metz-francois-grosdidier-juge-demain-au-tribunal-depinal\/#respond\"]}]},{\"@type\":\"WebPage\",\"@id\":\"https:\/\/vosgesinfo.fr\/laplainedesvosgesinfo\/2023\/01\/prise-illegale-dinterets-le-maire-de-metz-francois-grosdidier-juge-demain-au-tribunal-depinal\/\",\"url\":\"https:\/\/vosgesinfo.fr\/laplainedesvosgesinfo\/2023\/01\/prise-illegale-dinterets-le-maire-de-metz-francois-grosdidier-juge-demain-au-tribunal-depinal\/\",\"name\":\"Prise ill\u00e9gale d\u2019int\u00e9r\u00eats \u2013 Le maire de Metz, Fran\u00e7ois Grosdidier jug\u00e9 demain au tribunal d\u2019\u00c9pinal - La Plaine des Vosges\",\"isPartOf\":{\"@id\":\"https:\/\/vosgesinfo.fr\/laplainedesvosgesinfo\/#website\"},\"primaryImageOfPage\":{\"@id\":\"https:\/\/vosgesinfo.fr\/laplainedesvosgesinfo\/2023\/01\/prise-illegale-dinterets-le-maire-de-metz-francois-grosdidier-juge-demain-au-tribunal-depinal\/#primaryimage\"},\"image\":{\"@id\":\"https:\/\/vosgesinfo.fr\/laplainedesvosgesinfo\/2023\/01\/prise-illegale-dinterets-le-maire-de-metz-francois-grosdidier-juge-demain-au-tribunal-depinal\/#primaryimage\"},\"thumbnailUrl\":\"https:\/\/vosgesinfo.fr\/app\/uploads\/sites\/2\/2016\/05\/palais-de-justice-epinal.jpg\",\"datePublished\":\"2023-01-02T13:18:08+00:00\",\"dateModified\":\"2023-01-02T13:18:08+00:00\",\"breadcrumb\":{\"@id\":\"https:\/\/vosgesinfo.fr\/laplainedesvosgesinfo\/2023\/01\/prise-illegale-dinterets-le-maire-de-metz-francois-grosdidier-juge-demain-au-tribunal-depinal\/#breadcrumb\"},\"inLanguage\":\"fr-FR\",\"potentialAction\":[{\"@type\":\"ReadAction\",\"target\":[\"https:\/\/vosgesinfo.fr\/laplainedesvosgesinfo\/2023\/01\/prise-illegale-dinterets-le-maire-de-metz-francois-grosdidier-juge-demain-au-tribunal-depinal\/\"]}]},{\"@type\":\"ImageObject\",\"inLanguage\":\"fr-FR\",\"@id\":\"https:\/\/vosgesinfo.fr\/laplainedesvosgesinfo\/2023\/01\/prise-illegale-dinterets-le-maire-de-metz-francois-grosdidier-juge-demain-au-tribunal-depinal\/#primaryimage\",\"url\":\"https:\/\/vosgesinfo.fr\/app\/uploads\/sites\/2\/2016\/05\/palais-de-justice-epinal.jpg\",\"contentUrl\":\"https:\/\/vosgesinfo.fr\/app\/uploads\/sites\/2\/2016\/05\/palais-de-justice-epinal.jpg\",\"width\":800,\"height\":451},{\"@type\":\"BreadcrumbList\",\"@id\":\"https:\/\/vosgesinfo.fr\/laplainedesvosgesinfo\/2023\/01\/prise-illegale-dinterets-le-maire-de-metz-francois-grosdidier-juge-demain-au-tribunal-depinal\/#breadcrumb\",\"itemListElement\":[{\"@type\":\"ListItem\",\"position\":1,\"name\":\"Home\",\"item\":\"https:\/\/vosgesinfo.fr\/laplainedesvosgesinfo\/\"},{\"@type\":\"ListItem\",\"position\":2,\"name\":\"Prise ill\u00e9gale d\u2019int\u00e9r\u00eats \u2013 Le maire de Metz, Fran\u00e7ois Grosdidier jug\u00e9 demain au tribunal d\u2019\u00c9pinal\"}]},{\"@type\":\"WebSite\",\"@id\":\"https:\/\/vosgesinfo.fr\/laplainedesvosgesinfo\/#website\",\"url\":\"https:\/\/vosgesinfo.fr\/laplainedesvosgesinfo\/\",\"name\":\"La Plaine des Vosges\",\"description\":\"Toute l&#039;actualit\u00e9 de la plaine de Vosges\",\"publisher\":{\"@id\":\"https:\/\/vosgesinfo.fr\/laplainedesvosgesinfo\/#organization\"},\"alternateName\":\"Toute l'actualit\u00e9 de la plaine des Vosges\",\"potentialAction\":[{\"@type\":\"SearchAction\",\"target\":{\"@type\":\"EntryPoint\",\"urlTemplate\":\"https:\/\/vosgesinfo.fr\/laplainedesvosgesinfo\/?s={search_term_string}\"},\"query-input\":\"required name=search_term_string\"}],\"inLanguage\":\"fr-FR\"},{\"@type\":\"Organization\",\"@id\":\"https:\/\/vosgesinfo.fr\/laplainedesvosgesinfo\/#organization\",\"name\":\"La Plaine des Vosges\",\"url\":\"https:\/\/vosgesinfo.fr\/laplainedesvosgesinfo\/\",\"logo\":{\"@type\":\"ImageObject\",\"inLanguage\":\"fr-FR\",\"@id\":\"https:\/\/vosgesinfo.fr\/laplainedesvosgesinfo\/#\/schema\/logo\/image\/\",\"url\":\"https:\/\/vosgesinfo.fr\/app\/uploads\/sites\/2\/2023\/08\/logo-laplaineinfo.svg\",\"contentUrl\":\"https:\/\/vosgesinfo.fr\/app\/uploads\/sites\/2\/2023\/08\/logo-laplaineinfo.svg\",\"width\":1,\"height\":1,\"caption\":\"La Plaine des Vosges\"},\"image\":{\"@id\":\"https:\/\/vosgesinfo.fr\/laplainedesvosgesinfo\/#\/schema\/logo\/image\/\"},\"sameAs\":[\"https:\/\/www.facebook.com\/laplainedesvosges\",\"https:\/\/x.com\/VosgesInfo88\",\"https:\/\/www.youtube.com\/@vosgesinfo\"]},{\"@type\":\"Person\",\"@id\":\"https:\/\/vosgesinfo.fr\/laplainedesvosgesinfo\/#\/schema\/person\/db412391f749f1ee67e177e1dc017316\",\"name\":\"La R\u00e9daction\",\"image\":{\"@type\":\"ImageObject\",\"inLanguage\":\"fr-FR\",\"@id\":\"https:\/\/vosgesinfo.fr\/laplainedesvosgesinfo\/#\/schema\/person\/image\/\",\"url\":\"https:\/\/secure.gravatar.com\/avatar\/d10cfbea47ec464014dd9e55d3c353f7c4017b65068eb823d0882be0ff3b0ff6?s=96&d=mm&r=g\",\"contentUrl\":\"https:\/\/secure.gravatar.com\/avatar\/d10cfbea47ec464014dd9e55d3c353f7c4017b65068eb823d0882be0ff3b0ff6?s=96&d=mm&r=g\",\"caption\":\"La R\u00e9daction\"},\"url\":\"https:\/\/vosgesinfo.fr\/laplainedesvosgesinfo\/author\/redaction\/\"}]}<\/script>\n<!-- \/ Yoast SEO plugin. -->","yoast_head_json":{"title":"Prise ill\u00e9gale d\u2019int\u00e9r\u00eats \u2013 Le maire de Metz, Fran\u00e7ois Grosdidier jug\u00e9 demain au tribunal d\u2019\u00c9pinal - La Plaine des Vosges","robots":{"index":"index","follow":"follow","max-snippet":"max-snippet:-1","max-image-preview":"max-image-preview:large","max-video-preview":"max-video-preview:-1"},"canonical":"https:\/\/vosgesinfo.fr\/laplainedesvosgesinfo\/2023\/01\/prise-illegale-dinterets-le-maire-de-metz-francois-grosdidier-juge-demain-au-tribunal-depinal\/","twitter_card":"summary_large_image","twitter_title":"Prise ill\u00e9gale d\u2019int\u00e9r\u00eats \u2013 Le maire de Metz, Fran\u00e7ois Grosdidier jug\u00e9 demain au tribunal d\u2019\u00c9pinal - La Plaine des Vosges","twitter_description":"Le maire de Metz sera jug\u00e9 par le tribunal correctionnel d\u2019\u00c9pinal suite \u00e0 une affaire de \u00ab\u00a0prise ill\u00e9gale d\u2019int\u00e9r\u00eats\u00a0\u00bb. Mardi [&hellip;]","twitter_image":"https:\/\/vosgesinfo.fr\/app\/uploads\/sites\/2\/2016\/05\/palais-de-justice-epinal.jpg","twitter_creator":"@VosgesInfo88","twitter_site":"@VosgesInfo88","twitter_misc":{"\u00c9crit par":"La R\u00e9daction"},"schema":{"@context":"https:\/\/schema.org","@graph":[{"@type":"Article","@id":"https:\/\/vosgesinfo.fr\/laplainedesvosgesinfo\/2023\/01\/prise-illegale-dinterets-le-maire-de-metz-francois-grosdidier-juge-demain-au-tribunal-depinal\/#article","isPartOf":{"@id":"https:\/\/vosgesinfo.fr\/laplainedesvosgesinfo\/2023\/01\/prise-illegale-dinterets-le-maire-de-metz-francois-grosdidier-juge-demain-au-tribunal-depinal\/"},"author":{"name":"La R\u00e9daction","@id":"https:\/\/vosgesinfo.fr\/laplainedesvosgesinfo\/#\/schema\/person\/db412391f749f1ee67e177e1dc017316"},"headline":"Prise ill\u00e9gale d\u2019int\u00e9r\u00eats \u2013 Le maire de Metz, Fran\u00e7ois Grosdidier jug\u00e9 demain au tribunal d\u2019\u00c9pinal","datePublished":"2023-01-02T13:18:08+00:00","dateModified":"2023-01-02T13:18:08+00:00","mainEntityOfPage":{"@id":"https:\/\/vosgesinfo.fr\/laplainedesvosgesinfo\/2023\/01\/prise-illegale-dinterets-le-maire-de-metz-francois-grosdidier-juge-demain-au-tribunal-depinal\/"},"wordCount":96,"commentCount":0,"publisher":{"@id":"https:\/\/vosgesinfo.fr\/laplainedesvosgesinfo\/#organization"},"image":{"@id":"https:\/\/vosgesinfo.fr\/laplainedesvosgesinfo\/2023\/01\/prise-illegale-dinterets-le-maire-de-metz-francois-grosdidier-juge-demain-au-tribunal-depinal\/#primaryimage"},"thumbnailUrl":"https:\/\/vosgesinfo.fr\/app\/uploads\/sites\/2\/2016\/05\/palais-de-justice-epinal.jpg","articleSection":["A la Une","G\u00e9rardmer","Vosges"],"inLanguage":"fr-FR","potentialAction":[{"@type":"CommentAction","name":"Comment","target":["https:\/\/vosgesinfo.fr\/laplainedesvosgesinfo\/2023\/01\/prise-illegale-dinterets-le-maire-de-metz-francois-grosdidier-juge-demain-au-tribunal-depinal\/#respond"]}]},{"@type":"WebPage","@id":"https:\/\/vosgesinfo.fr\/laplainedesvosgesinfo\/2023\/01\/prise-illegale-dinterets-le-maire-de-metz-francois-grosdidier-juge-demain-au-tribunal-depinal\/","url":"https:\/\/vosgesinfo.fr\/laplainedesvosgesinfo\/2023\/01\/prise-illegale-dinterets-le-maire-de-metz-francois-grosdidier-juge-demain-au-tribunal-depinal\/","name":"Prise ill\u00e9gale d\u2019int\u00e9r\u00eats \u2013 Le maire de Metz, Fran\u00e7ois Grosdidier jug\u00e9 demain au tribunal d\u2019\u00c9pinal - La Plaine des Vosges","isPartOf":{"@id":"https:\/\/vosgesinfo.fr\/laplainedesvosgesinfo\/#website"},"primaryImageOfPage":{"@id":"https:\/\/vosgesinfo.fr\/laplainedesvosgesinfo\/2023\/01\/prise-illegale-dinterets-le-maire-de-metz-francois-grosdidier-juge-demain-au-tribunal-depinal\/#primaryimage"},"image":{"@id":"https:\/\/vosgesinfo.fr\/laplainedesvosgesinfo\/2023\/01\/prise-illegale-dinterets-le-maire-de-metz-francois-grosdidier-juge-demain-au-tribunal-depinal\/#primaryimage"},"thumbnailUrl":"https:\/\/vosgesinfo.fr\/app\/uploads\/sites\/2\/2016\/05\/palais-de-justice-epinal.jpg","datePublished":"2023-01-02T13:18:08+00:00","dateModified":"2023-01-02T13:18:08+00:00","breadcrumb":{"@id":"https:\/\/vosgesinfo.fr\/laplainedesvosgesinfo\/2023\/01\/prise-illegale-dinterets-le-maire-de-metz-francois-grosdidier-juge-demain-au-tribunal-depinal\/#breadcrumb"},"inLanguage":"fr-FR","potentialAction":[{"@type":"ReadAction","target":["https:\/\/vosgesinfo.fr\/laplainedesvosgesinfo\/2023\/01\/prise-illegale-dinterets-le-maire-de-metz-francois-grosdidier-juge-demain-au-tribunal-depinal\/"]}]},{"@type":"ImageObject","inLanguage":"fr-FR","@id":"https:\/\/vosgesinfo.fr\/laplainedesvosgesinfo\/2023\/01\/prise-illegale-dinterets-le-maire-de-metz-francois-grosdidier-juge-demain-au-tribunal-depinal\/#primaryimage","url":"https:\/\/vosgesinfo.fr\/app\/uploads\/sites\/2\/2016\/05\/palais-de-justice-epinal.jpg","contentUrl":"https:\/\/vosgesinfo.fr\/app\/uploads\/sites\/2\/2016\/05\/palais-de-justice-epinal.jpg","width":800,"height":451},{"@type":"BreadcrumbList","@id":"https:\/\/vosgesinfo.fr\/laplainedesvosgesinfo\/2023\/01\/prise-illegale-dinterets-le-maire-de-metz-francois-grosdidier-juge-demain-au-tribunal-depinal\/#breadcrumb","itemListElement":[{"@type":"ListItem","position":1,"name":"Home","item":"https:\/\/vosgesinfo.fr\/laplainedesvosgesinfo\/"},{"@type":"ListItem","position":2,"name":"Prise ill\u00e9gale d\u2019int\u00e9r\u00eats \u2013 Le maire de Metz, Fran\u00e7ois Grosdidier jug\u00e9 demain au tribunal d\u2019\u00c9pinal"}]},{"@type":"WebSite","@id":"https:\/\/vosgesinfo.fr\/laplainedesvosgesinfo\/#website","url":"https:\/\/vosgesinfo.fr\/laplainedesvosgesinfo\/","name":"La Plaine des Vosges","description":"Toute l&#039;actualit\u00e9 de la plaine de Vosges","publisher":{"@id":"https:\/\/vosgesinfo.fr\/laplainedesvosgesinfo\/#organization"},"alternateName":"Toute l'actualit\u00e9 de la plaine des Vosges","potentialAction":[{"@type":"SearchAction","target":{"@type":"EntryPoint","urlTemplate":"https:\/\/vosgesinfo.fr\/laplainedesvosgesinfo\/?s={search_term_string}"},"query-input":"required name=search_term_string"}],"inLanguage":"fr-FR"},{"@type":"Organization","@id":"https:\/\/vosgesinfo.fr\/laplainedesvosgesinfo\/#organization","name":"La Plaine des Vosges","url":"https:\/\/vosgesinfo.fr\/laplainedesvosgesinfo\/","logo":{"@type":"ImageObject","inLanguage":"fr-FR","@id":"https:\/\/vosgesinfo.fr\/laplainedesvosgesinfo\/#\/schema\/logo\/image\/","url":"https:\/\/vosgesinfo.fr\/app\/uploads\/sites\/2\/2023\/08\/logo-laplaineinfo.svg","contentUrl":"https:\/\/vosgesinfo.fr\/app\/uploads\/sites\/2\/2023\/08\/logo-laplaineinfo.svg","width":1,"height":1,"caption":"La Plaine des Vosges"},"image":{"@id":"https:\/\/vosgesinfo.fr\/laplainedesvosgesinfo\/#\/schema\/logo\/image\/"},"sameAs":["https:\/\/www.facebook.com\/laplainedesvosges","https:\/\/x.com\/VosgesInfo88","https:\/\/www.youtube.com\/@vosgesinfo"]},{"@type":"Person","@id":"https:\/\/vosgesinfo.fr\/laplainedesvosgesinfo\/#\/schema\/person\/db412391f749f1ee67e177e1dc017316","name":"La R\u00e9daction","image":{"@type":"ImageObject","inLanguage":"fr-FR","@id":"https:\/\/vosgesinfo.fr\/laplainedesvosgesinfo\/#\/schema\/person\/image\/","url":"https:\/\/secure.gravatar.com\/avatar\/d10cfbea47ec464014dd9e55d3c353f7c4017b65068eb823d0882be0ff3b0ff6?s=96&d=mm&r=g","contentUrl":"https:\/\/secure.gravatar.com\/avatar\/d10cfbea47ec464014dd9e55d3c353f7c4017b65068eb823d0882be0ff3b0ff6?s=96&d=mm&r=g","caption":"La R\u00e9daction"},"url":"https:\/\/vosgesinfo.fr\/laplainedesvosgesinfo\/author\/redaction\/"}]}},"_links":{"self":[{"href":"https:\/\/vosgesinfo.fr\/laplainedesvosgesinfo\/wp-json\/wp\/v2\/posts\/24713","targetHints":{"allow":["GET"]}}],"collection":[{"href":"https:\/\/vosgesinfo.fr\/laplainedesvosgesinfo\/wp-json\/wp\/v2\/posts"}],"about":[{"href":"https:\/\/vosgesinfo.fr\/laplainedesvosgesinfo\/wp-json\/wp\/v2\/types\/post"}],"author":[{"embeddable":true,"href":"https:\/\/vosgesinfo.fr\/laplainedesvosgesinfo\/wp-json\/wp\/v2\/users\/126"}],"replies":[{"embeddable":true,"href":"https:\/\/vosgesinfo.fr\/laplainedesvosgesinfo\/wp-json\/wp\/v2\/comments?post=24713"}],"version-history":[{"count":0,"href":"https:\/\/vosgesinfo.fr\/laplainedesvosgesinfo\/wp-json\/wp\/v2\/posts\/24713\/revisions"}],"wp:featuredmedia":[{"embeddable":true,"href":"https:\/\/vosgesinfo.fr\/laplainedesvosgesinfo\/wp-json\/wp\/v2\/media\/459"}],"wp:attachment":[{"href":"https:\/\/vosgesinfo.fr\/laplainedesvosgesinfo\/wp-json\/wp\/v2\/media?parent=24713"}],"wp:term":[{"taxonomy":"category","embeddable":true,"href":"https:\/\/vosgesinfo.fr\/laplainedesvosgesinfo\/wp-json\/wp\/v2\/categories?post=24713"},{"taxonomy":"post_tag","embeddable":true,"href":"https:\/\/vosgesinfo.fr\/laplainedesvosgesinfo\/wp-json\/wp\/v2\/tags?post=24713"}],"curies":[{"name":"wp","href":"https:\/\/api.w.org\/{rel}","templated":true}]}}