{"id":24720,"date":"2023-01-02T15:58:15","date_gmt":"2023-01-02T14:58:15","guid":{"rendered":"https:\/\/vosgesinfo.fr\/laplainedesvosgesinfo\/2023\/01\/les-inscriptions-pour-les-chantiers-de-nettoyage-2023-sont-ouvertes\/"},"modified":"2023-01-02T15:58:15","modified_gmt":"2023-01-02T14:58:15","slug":"les-inscriptions-pour-les-chantiers-de-nettoyage-2023-sont-ouvertes","status":"publish","type":"post","link":"https:\/\/vosgesinfo.fr\/laplainedesvosgesinfo\/2023\/01\/les-inscriptions-pour-les-chantiers-de-nettoyage-2023-sont-ouvertes\/","title":{"rendered":"Les inscriptions pour les chantiers de nettoyage 2023 sont ouvertes"},"content":{"rendered":"<p align=\"justify\"><span style=\"font-family: Times New Roman, serif;\"><span style=\"font-size: medium;\"><a href=\"\/2023\/01\/chantier-de-nettoyage.jpg\"><img decoding=\"async\" class=\"aligncenter size-medium wp-image-135376\" src=\"\/2023\/01\/chantier-de-nettoyage-400x225.jpg\" alt=\"chantier de nettoyage\" width=\"400\" height=\"225\" \/><\/a><\/span><\/span><\/p>\n<p align=\"justify\">\n<p align=\"justify\"><span style=\"font-family: Times New Roman, serif;\"><span style=\"font-size: medium;\">Le grand rendez-vous des chantiers de nettoyage, initi\u00e9 depuis 2006 par le Conseil d\u00e9partemental des Vosges, est lanc\u00e9. <\/span><\/span><span style=\"font-family: Times New Roman, serif;\"><span style=\"font-size: medium;\"><b>Du 2 janvier au 28 f\u00e9vrier 2023, les inscriptions sont possibles sur la <\/b><\/span><\/span><span style=\"color: #0000ff;\"><u><a href=\"https:\/\/www.vosges.fr\/guichet-citoyen\/plateforme\" target=\"_blank\" rel=\"noopener\"><span style=\"font-family: Times New Roman, serif;\"><span style=\"font-size: medium;\"><b>plateforme \u00ab guichet citoyen \u00bb accessible sur www.vosges.fr<\/b><\/span><\/span><\/a><\/u><\/span><b> <\/b><\/p>\n<p align=\"justify\"><span style=\"font-family: Times New Roman, serif;\"><span style=\"font-size: medium;\">Ces <\/span><\/span><span style=\"color: #0000ff;\"><u><a href=\"https:\/\/www.vosges.fr\/dispositifs\/transition-ecologique\/articleid\/1937\/chantier-de-nettoyage\" target=\"_blank\" rel=\"noopener\"><span style=\"color: #0000ff;\"><span style=\"font-family: Times New Roman, serif;\"><span style=\"font-size: medium;\">chantiers de nettoyage<\/span><\/span><\/span><\/a><\/u><\/span><span style=\"font-family: Times New Roman, serif;\"><span style=\"font-size: medium;\"> sont d\u00e9sormais une manifestation bien connue des Vosgiennes et des Vosgiens. <\/span><\/span><span style=\"font-family: Times New Roman, serif;\"><span style=\"font-size: medium;\"><b>Associations locales, \u00e9tablissements scolaires, communes se mobilisent pour mettre en place \u00e0 leur \u00e9chelon des s\u00e9ances de ramassage de papiers, m\u00e9gots, plastiques et autres d\u00e9tritus laiss\u00e9s dans la nature.<\/b><\/span><\/span><span style=\"font-family: Times New Roman, serif;\"><span style=\"font-size: medium;\">\u00a0 Chaque structure choisit librement la date, la p\u00e9riode (printemps, automne,&#8230;) et le lieu de son chantier (sentiers forestiers, quartier, c\u0153ur de village, abords d\u2019une \u00e9cole, le long des routes communales,&#8230;). Le Conseil d\u00e9partemental fournit gracieusement le mat\u00e9riel n\u00e9cessaire \u00e0 la collecte des d\u00e9chets : gants,\u00a0 sacs poubelles ainsi que des outils de communication sous forme d\u2019affiches pour pouvoir informer la population locale des dates et lieux de ramassage.<br \/>\nCes chantiers de nettoyage ont pour objectif de sensibiliser le grand public \u00e0 la probl\u00e9matique des d\u00e9chets tant sur l\u2019aspect environnemental, avec les d\u00e9p\u00f4ts sauvages, que sur l\u2019incivilit\u00e9 avec le rejet des d\u00e9chets sur la voie publique. Cette \u00ab bonne action \u00bb vise \u00e9galement \u00e0 mobiliser les habitants autour d&rsquo;une action participative \u00ab\u00a0nature\u00a0\u00bb, cr\u00e9atrice de lien social et de convivialit\u00e9. Une belle occasion pour les Vosgiens de participer \u00e0 la pr\u00e9servation et \u00e0 l\u2019embellissement de leur cadre de vie.<\/span><\/span><\/p>\n<p align=\"justify\"><span style=\"font-family: Times New Roman, serif;\"><span style=\"font-size: medium;\">Pour participer, c\u2019est plut\u00f4t simple. Les porteurs de projets (associations, communes, \u00e9tablissements scolaires, entreprises,\u2026) saisissent leur demande de mat\u00e9riel d\u00e8s maintenant et jusqu&rsquo;au 28 f\u00e9vrier 2023\u00a0 via le <\/span><\/span><span style=\"color: #0000ff;\"><u><a href=\"https:\/\/www.vosges.fr\/guichet-citoyen\/plateforme\" target=\"_blank\" rel=\"noopener\"><span style=\"color: #0000ff;\"><span style=\"font-family: Times New Roman, serif;\"><span style=\"font-size: medium;\">guichet citoyen <\/span><\/span><\/span><\/a><\/u><\/span><span style=\"font-family: Times New Roman, serif;\"><span style=\"font-size: medium;\">du site du Conseil d\u00e9partemental vosges.fr. (rubrique d\u00e9marches en ligne puis transition \u00e9cologique puis chantiers de nettoyage-dossier d&rsquo;inscription)<\/span><\/span><\/p>\n<p><span style=\"font-family: Times New Roman, serif;\"><span style=\"font-size: medium;\"><b>Retour sur l\u2019op\u00e9ration 2022<\/b><\/span><\/span><span style=\"font-family: Times New Roman, serif;\"><span style=\"font-size: medium;\"><br \/>\n<\/span><\/span><span style=\"font-family: Times New Roman, serif;\"><span style=\"font-size: medium;\"><b>\u2022\u00a0\u00a0 \u00a0104 chantiers r\u00e9alis\u00e9s<br \/>\n\u2022\u00a0\u00a0 \u00a033 associations, 57 collectivit\u00e9s et 14 \u00e9tablissements scolaires mobilis\u00e9s<br \/>\n\u2022\u00a0\u00a0 \u00a05380 participants estim\u00e9s, soit 2723 adultes et 2657 enfants<\/b><\/span><\/span><\/p>\n<p>&nbsp;<\/p>\n<p align=\"justify\">T<span style=\"color: #808080;\"><span style=\"font-size: small;\">oute correspondance doit \u00eatre adress\u00e9e sous forme impersonnelle \u00e0 \u00ab\u00a0Monsieur le Pr\u00e9sident du Conseil d\u00e9partemental des Vosges\u00a0\u00bb.<\/span><\/span><\/p>\n","protected":false},"excerpt":{"rendered":"<p>Le grand rendez-vous des chantiers de nettoyage, initi\u00e9 depuis 2006 par le Conseil d\u00e9partemental des Vosges, est lanc\u00e9. Du 2 [&hellip;]<\/p>\n","protected":false},"author":126,"featured_media":24721,"comment_status":"open","ping_status":"open","sticky":false,"template":"","format":"standard","meta":{"footnotes":""},"categories":[29,7,18],"tags":[],"class_list":["post-24720","post","type-post","status-publish","format-standard","has-post-thumbnail","hentry","category-a-la-une","category-environnement","category-vosges"],"acf":[],"yoast_head":"<!-- This site is optimized with the Yoast SEO plugin v22.5 - https:\/\/yoast.com\/wordpress\/plugins\/seo\/ -->\n<title>Les inscriptions pour les chantiers de nettoyage 2023 sont ouvertes - La Plaine des Vosges<\/title>\n<meta name=\"robots\" content=\"index, follow, max-snippet:-1, max-image-preview:large, max-video-preview:-1\" \/>\n<link rel=\"canonical\" href=\"https:\/\/vosgesinfo.fr\/laplainedesvosgesinfo\/2023\/01\/les-inscriptions-pour-les-chantiers-de-nettoyage-2023-sont-ouvertes\/\" \/>\n<meta name=\"twitter:card\" content=\"summary_large_image\" \/>\n<meta name=\"twitter:title\" content=\"Les inscriptions pour les chantiers de nettoyage 2023 sont ouvertes - La Plaine des Vosges\" \/>\n<meta name=\"twitter:description\" content=\"Le grand rendez-vous des chantiers de nettoyage, initi\u00e9 depuis 2006 par le Conseil d\u00e9partemental des Vosges, est lanc\u00e9. Du 2 [&hellip;]\" \/>\n<meta name=\"twitter:image\" content=\"https:\/\/vosgesinfo.fr\/app\/uploads\/sites\/2\/2024\/07\/202301chantier-de-nettoyage.jpg\" \/>\n<meta name=\"twitter:creator\" content=\"@VosgesInfo88\" \/>\n<meta name=\"twitter:site\" content=\"@VosgesInfo88\" \/>\n<meta name=\"twitter:label1\" content=\"\u00c9crit par\" \/>\n\t<meta name=\"twitter:data1\" content=\"La R\u00e9daction\" \/>\n\t<meta name=\"twitter:label2\" content=\"Dur\u00e9e de lecture estim\u00e9e\" \/>\n\t<meta name=\"twitter:data2\" content=\"2 minutes\" \/>\n<script type=\"application\/ld+json\" class=\"yoast-schema-graph\">{\"@context\":\"https:\/\/schema.org\",\"@graph\":[{\"@type\":\"Article\",\"@id\":\"https:\/\/vosgesinfo.fr\/laplainedesvosgesinfo\/2023\/01\/les-inscriptions-pour-les-chantiers-de-nettoyage-2023-sont-ouvertes\/#article\",\"isPartOf\":{\"@id\":\"https:\/\/vosgesinfo.fr\/laplainedesvosgesinfo\/2023\/01\/les-inscriptions-pour-les-chantiers-de-nettoyage-2023-sont-ouvertes\/\"},\"author\":{\"name\":\"La R\u00e9daction\",\"@id\":\"https:\/\/vosgesinfo.fr\/laplainedesvosgesinfo\/#\/schema\/person\/db412391f749f1ee67e177e1dc017316\"},\"headline\":\"Les inscriptions pour les chantiers de nettoyage 2023 sont ouvertes\",\"datePublished\":\"2023-01-02T14:58:15+00:00\",\"dateModified\":\"2023-01-02T14:58:15+00:00\",\"mainEntityOfPage\":{\"@id\":\"https:\/\/vosgesinfo.fr\/laplainedesvosgesinfo\/2023\/01\/les-inscriptions-pour-les-chantiers-de-nettoyage-2023-sont-ouvertes\/\"},\"wordCount\":353,\"commentCount\":0,\"publisher\":{\"@id\":\"https:\/\/vosgesinfo.fr\/laplainedesvosgesinfo\/#organization\"},\"image\":{\"@id\":\"https:\/\/vosgesinfo.fr\/laplainedesvosgesinfo\/2023\/01\/les-inscriptions-pour-les-chantiers-de-nettoyage-2023-sont-ouvertes\/#primaryimage\"},\"thumbnailUrl\":\"https:\/\/vosgesinfo.fr\/app\/uploads\/sites\/2\/2024\/07\/202301chantier-de-nettoyage.jpg\",\"articleSection\":[\"A la Une\",\"Environnement\",\"Vosges\"],\"inLanguage\":\"fr-FR\",\"potentialAction\":[{\"@type\":\"CommentAction\",\"name\":\"Comment\",\"target\":[\"https:\/\/vosgesinfo.fr\/laplainedesvosgesinfo\/2023\/01\/les-inscriptions-pour-les-chantiers-de-nettoyage-2023-sont-ouvertes\/#respond\"]}]},{\"@type\":\"WebPage\",\"@id\":\"https:\/\/vosgesinfo.fr\/laplainedesvosgesinfo\/2023\/01\/les-inscriptions-pour-les-chantiers-de-nettoyage-2023-sont-ouvertes\/\",\"url\":\"https:\/\/vosgesinfo.fr\/laplainedesvosgesinfo\/2023\/01\/les-inscriptions-pour-les-chantiers-de-nettoyage-2023-sont-ouvertes\/\",\"name\":\"Les inscriptions pour les chantiers de nettoyage 2023 sont ouvertes - La Plaine des Vosges\",\"isPartOf\":{\"@id\":\"https:\/\/vosgesinfo.fr\/laplainedesvosgesinfo\/#website\"},\"primaryImageOfPage\":{\"@id\":\"https:\/\/vosgesinfo.fr\/laplainedesvosgesinfo\/2023\/01\/les-inscriptions-pour-les-chantiers-de-nettoyage-2023-sont-ouvertes\/#primaryimage\"},\"image\":{\"@id\":\"https:\/\/vosgesinfo.fr\/laplainedesvosgesinfo\/2023\/01\/les-inscriptions-pour-les-chantiers-de-nettoyage-2023-sont-ouvertes\/#primaryimage\"},\"thumbnailUrl\":\"https:\/\/vosgesinfo.fr\/app\/uploads\/sites\/2\/2024\/07\/202301chantier-de-nettoyage.jpg\",\"datePublished\":\"2023-01-02T14:58:15+00:00\",\"dateModified\":\"2023-01-02T14:58:15+00:00\",\"breadcrumb\":{\"@id\":\"https:\/\/vosgesinfo.fr\/laplainedesvosgesinfo\/2023\/01\/les-inscriptions-pour-les-chantiers-de-nettoyage-2023-sont-ouvertes\/#breadcrumb\"},\"inLanguage\":\"fr-FR\",\"potentialAction\":[{\"@type\":\"ReadAction\",\"target\":[\"https:\/\/vosgesinfo.fr\/laplainedesvosgesinfo\/2023\/01\/les-inscriptions-pour-les-chantiers-de-nettoyage-2023-sont-ouvertes\/\"]}]},{\"@type\":\"ImageObject\",\"inLanguage\":\"fr-FR\",\"@id\":\"https:\/\/vosgesinfo.fr\/laplainedesvosgesinfo\/2023\/01\/les-inscriptions-pour-les-chantiers-de-nettoyage-2023-sont-ouvertes\/#primaryimage\",\"url\":\"https:\/\/vosgesinfo.fr\/app\/uploads\/sites\/2\/2024\/07\/202301chantier-de-nettoyage.jpg\",\"contentUrl\":\"https:\/\/vosgesinfo.fr\/app\/uploads\/sites\/2\/2024\/07\/202301chantier-de-nettoyage.jpg\",\"width\":800,\"height\":450},{\"@type\":\"BreadcrumbList\",\"@id\":\"https:\/\/vosgesinfo.fr\/laplainedesvosgesinfo\/2023\/01\/les-inscriptions-pour-les-chantiers-de-nettoyage-2023-sont-ouvertes\/#breadcrumb\",\"itemListElement\":[{\"@type\":\"ListItem\",\"position\":1,\"name\":\"Home\",\"item\":\"https:\/\/vosgesinfo.fr\/laplainedesvosgesinfo\/\"},{\"@type\":\"ListItem\",\"position\":2,\"name\":\"Les inscriptions pour les chantiers de nettoyage 2023 sont ouvertes\"}]},{\"@type\":\"WebSite\",\"@id\":\"https:\/\/vosgesinfo.fr\/laplainedesvosgesinfo\/#website\",\"url\":\"https:\/\/vosgesinfo.fr\/laplainedesvosgesinfo\/\",\"name\":\"La Plaine des Vosges\",\"description\":\"Toute l&#039;actualit\u00e9 de la plaine de Vosges\",\"publisher\":{\"@id\":\"https:\/\/vosgesinfo.fr\/laplainedesvosgesinfo\/#organization\"},\"alternateName\":\"Toute l'actualit\u00e9 de la plaine des Vosges\",\"potentialAction\":[{\"@type\":\"SearchAction\",\"target\":{\"@type\":\"EntryPoint\",\"urlTemplate\":\"https:\/\/vosgesinfo.fr\/laplainedesvosgesinfo\/?s={search_term_string}\"},\"query-input\":\"required name=search_term_string\"}],\"inLanguage\":\"fr-FR\"},{\"@type\":\"Organization\",\"@id\":\"https:\/\/vosgesinfo.fr\/laplainedesvosgesinfo\/#organization\",\"name\":\"La Plaine des Vosges\",\"url\":\"https:\/\/vosgesinfo.fr\/laplainedesvosgesinfo\/\",\"logo\":{\"@type\":\"ImageObject\",\"inLanguage\":\"fr-FR\",\"@id\":\"https:\/\/vosgesinfo.fr\/laplainedesvosgesinfo\/#\/schema\/logo\/image\/\",\"url\":\"https:\/\/vosgesinfo.fr\/app\/uploads\/sites\/2\/2023\/08\/logo-laplaineinfo.svg\",\"contentUrl\":\"https:\/\/vosgesinfo.fr\/app\/uploads\/sites\/2\/2023\/08\/logo-laplaineinfo.svg\",\"width\":1,\"height\":1,\"caption\":\"La Plaine des Vosges\"},\"image\":{\"@id\":\"https:\/\/vosgesinfo.fr\/laplainedesvosgesinfo\/#\/schema\/logo\/image\/\"},\"sameAs\":[\"https:\/\/www.facebook.com\/laplainedesvosges\",\"https:\/\/x.com\/VosgesInfo88\",\"https:\/\/www.youtube.com\/@vosgesinfo\"]},{\"@type\":\"Person\",\"@id\":\"https:\/\/vosgesinfo.fr\/laplainedesvosgesinfo\/#\/schema\/person\/db412391f749f1ee67e177e1dc017316\",\"name\":\"La R\u00e9daction\",\"image\":{\"@type\":\"ImageObject\",\"inLanguage\":\"fr-FR\",\"@id\":\"https:\/\/vosgesinfo.fr\/laplainedesvosgesinfo\/#\/schema\/person\/image\/\",\"url\":\"https:\/\/secure.gravatar.com\/avatar\/d10cfbea47ec464014dd9e55d3c353f7c4017b65068eb823d0882be0ff3b0ff6?s=96&d=mm&r=g\",\"contentUrl\":\"https:\/\/secure.gravatar.com\/avatar\/d10cfbea47ec464014dd9e55d3c353f7c4017b65068eb823d0882be0ff3b0ff6?s=96&d=mm&r=g\",\"caption\":\"La R\u00e9daction\"},\"url\":\"https:\/\/vosgesinfo.fr\/laplainedesvosgesinfo\/author\/redaction\/\"}]}<\/script>\n<!-- \/ Yoast SEO plugin. -->","yoast_head_json":{"title":"Les inscriptions pour les chantiers de nettoyage 2023 sont ouvertes - La Plaine des Vosges","robots":{"index":"index","follow":"follow","max-snippet":"max-snippet:-1","max-image-preview":"max-image-preview:large","max-video-preview":"max-video-preview:-1"},"canonical":"https:\/\/vosgesinfo.fr\/laplainedesvosgesinfo\/2023\/01\/les-inscriptions-pour-les-chantiers-de-nettoyage-2023-sont-ouvertes\/","twitter_card":"summary_large_image","twitter_title":"Les inscriptions pour les chantiers de nettoyage 2023 sont ouvertes - La Plaine des Vosges","twitter_description":"Le grand rendez-vous des chantiers de nettoyage, initi\u00e9 depuis 2006 par le Conseil d\u00e9partemental des Vosges, est lanc\u00e9. Du 2 [&hellip;]","twitter_image":"https:\/\/vosgesinfo.fr\/app\/uploads\/sites\/2\/2024\/07\/202301chantier-de-nettoyage.jpg","twitter_creator":"@VosgesInfo88","twitter_site":"@VosgesInfo88","twitter_misc":{"\u00c9crit par":"La R\u00e9daction","Dur\u00e9e de lecture estim\u00e9e":"2 minutes"},"schema":{"@context":"https:\/\/schema.org","@graph":[{"@type":"Article","@id":"https:\/\/vosgesinfo.fr\/laplainedesvosgesinfo\/2023\/01\/les-inscriptions-pour-les-chantiers-de-nettoyage-2023-sont-ouvertes\/#article","isPartOf":{"@id":"https:\/\/vosgesinfo.fr\/laplainedesvosgesinfo\/2023\/01\/les-inscriptions-pour-les-chantiers-de-nettoyage-2023-sont-ouvertes\/"},"author":{"name":"La R\u00e9daction","@id":"https:\/\/vosgesinfo.fr\/laplainedesvosgesinfo\/#\/schema\/person\/db412391f749f1ee67e177e1dc017316"},"headline":"Les inscriptions pour les chantiers de nettoyage 2023 sont ouvertes","datePublished":"2023-01-02T14:58:15+00:00","dateModified":"2023-01-02T14:58:15+00:00","mainEntityOfPage":{"@id":"https:\/\/vosgesinfo.fr\/laplainedesvosgesinfo\/2023\/01\/les-inscriptions-pour-les-chantiers-de-nettoyage-2023-sont-ouvertes\/"},"wordCount":353,"commentCount":0,"publisher":{"@id":"https:\/\/vosgesinfo.fr\/laplainedesvosgesinfo\/#organization"},"image":{"@id":"https:\/\/vosgesinfo.fr\/laplainedesvosgesinfo\/2023\/01\/les-inscriptions-pour-les-chantiers-de-nettoyage-2023-sont-ouvertes\/#primaryimage"},"thumbnailUrl":"https:\/\/vosgesinfo.fr\/app\/uploads\/sites\/2\/2024\/07\/202301chantier-de-nettoyage.jpg","articleSection":["A la Une","Environnement","Vosges"],"inLanguage":"fr-FR","potentialAction":[{"@type":"CommentAction","name":"Comment","target":["https:\/\/vosgesinfo.fr\/laplainedesvosgesinfo\/2023\/01\/les-inscriptions-pour-les-chantiers-de-nettoyage-2023-sont-ouvertes\/#respond"]}]},{"@type":"WebPage","@id":"https:\/\/vosgesinfo.fr\/laplainedesvosgesinfo\/2023\/01\/les-inscriptions-pour-les-chantiers-de-nettoyage-2023-sont-ouvertes\/","url":"https:\/\/vosgesinfo.fr\/laplainedesvosgesinfo\/2023\/01\/les-inscriptions-pour-les-chantiers-de-nettoyage-2023-sont-ouvertes\/","name":"Les inscriptions pour les chantiers de nettoyage 2023 sont ouvertes - La Plaine des Vosges","isPartOf":{"@id":"https:\/\/vosgesinfo.fr\/laplainedesvosgesinfo\/#website"},"primaryImageOfPage":{"@id":"https:\/\/vosgesinfo.fr\/laplainedesvosgesinfo\/2023\/01\/les-inscriptions-pour-les-chantiers-de-nettoyage-2023-sont-ouvertes\/#primaryimage"},"image":{"@id":"https:\/\/vosgesinfo.fr\/laplainedesvosgesinfo\/2023\/01\/les-inscriptions-pour-les-chantiers-de-nettoyage-2023-sont-ouvertes\/#primaryimage"},"thumbnailUrl":"https:\/\/vosgesinfo.fr\/app\/uploads\/sites\/2\/2024\/07\/202301chantier-de-nettoyage.jpg","datePublished":"2023-01-02T14:58:15+00:00","dateModified":"2023-01-02T14:58:15+00:00","breadcrumb":{"@id":"https:\/\/vosgesinfo.fr\/laplainedesvosgesinfo\/2023\/01\/les-inscriptions-pour-les-chantiers-de-nettoyage-2023-sont-ouvertes\/#breadcrumb"},"inLanguage":"fr-FR","potentialAction":[{"@type":"ReadAction","target":["https:\/\/vosgesinfo.fr\/laplainedesvosgesinfo\/2023\/01\/les-inscriptions-pour-les-chantiers-de-nettoyage-2023-sont-ouvertes\/"]}]},{"@type":"ImageObject","inLanguage":"fr-FR","@id":"https:\/\/vosgesinfo.fr\/laplainedesvosgesinfo\/2023\/01\/les-inscriptions-pour-les-chantiers-de-nettoyage-2023-sont-ouvertes\/#primaryimage","url":"https:\/\/vosgesinfo.fr\/app\/uploads\/sites\/2\/2024\/07\/202301chantier-de-nettoyage.jpg","contentUrl":"https:\/\/vosgesinfo.fr\/app\/uploads\/sites\/2\/2024\/07\/202301chantier-de-nettoyage.jpg","width":800,"height":450},{"@type":"BreadcrumbList","@id":"https:\/\/vosgesinfo.fr\/laplainedesvosgesinfo\/2023\/01\/les-inscriptions-pour-les-chantiers-de-nettoyage-2023-sont-ouvertes\/#breadcrumb","itemListElement":[{"@type":"ListItem","position":1,"name":"Home","item":"https:\/\/vosgesinfo.fr\/laplainedesvosgesinfo\/"},{"@type":"ListItem","position":2,"name":"Les inscriptions pour les chantiers de nettoyage 2023 sont ouvertes"}]},{"@type":"WebSite","@id":"https:\/\/vosgesinfo.fr\/laplainedesvosgesinfo\/#website","url":"https:\/\/vosgesinfo.fr\/laplainedesvosgesinfo\/","name":"La Plaine des Vosges","description":"Toute l&#039;actualit\u00e9 de la plaine de Vosges","publisher":{"@id":"https:\/\/vosgesinfo.fr\/laplainedesvosgesinfo\/#organization"},"alternateName":"Toute l'actualit\u00e9 de la plaine des Vosges","potentialAction":[{"@type":"SearchAction","target":{"@type":"EntryPoint","urlTemplate":"https:\/\/vosgesinfo.fr\/laplainedesvosgesinfo\/?s={search_term_string}"},"query-input":"required name=search_term_string"}],"inLanguage":"fr-FR"},{"@type":"Organization","@id":"https:\/\/vosgesinfo.fr\/laplainedesvosgesinfo\/#organization","name":"La Plaine des Vosges","url":"https:\/\/vosgesinfo.fr\/laplainedesvosgesinfo\/","logo":{"@type":"ImageObject","inLanguage":"fr-FR","@id":"https:\/\/vosgesinfo.fr\/laplainedesvosgesinfo\/#\/schema\/logo\/image\/","url":"https:\/\/vosgesinfo.fr\/app\/uploads\/sites\/2\/2023\/08\/logo-laplaineinfo.svg","contentUrl":"https:\/\/vosgesinfo.fr\/app\/uploads\/sites\/2\/2023\/08\/logo-laplaineinfo.svg","width":1,"height":1,"caption":"La Plaine des Vosges"},"image":{"@id":"https:\/\/vosgesinfo.fr\/laplainedesvosgesinfo\/#\/schema\/logo\/image\/"},"sameAs":["https:\/\/www.facebook.com\/laplainedesvosges","https:\/\/x.com\/VosgesInfo88","https:\/\/www.youtube.com\/@vosgesinfo"]},{"@type":"Person","@id":"https:\/\/vosgesinfo.fr\/laplainedesvosgesinfo\/#\/schema\/person\/db412391f749f1ee67e177e1dc017316","name":"La R\u00e9daction","image":{"@type":"ImageObject","inLanguage":"fr-FR","@id":"https:\/\/vosgesinfo.fr\/laplainedesvosgesinfo\/#\/schema\/person\/image\/","url":"https:\/\/secure.gravatar.com\/avatar\/d10cfbea47ec464014dd9e55d3c353f7c4017b65068eb823d0882be0ff3b0ff6?s=96&d=mm&r=g","contentUrl":"https:\/\/secure.gravatar.com\/avatar\/d10cfbea47ec464014dd9e55d3c353f7c4017b65068eb823d0882be0ff3b0ff6?s=96&d=mm&r=g","caption":"La R\u00e9daction"},"url":"https:\/\/vosgesinfo.fr\/laplainedesvosgesinfo\/author\/redaction\/"}]}},"_links":{"self":[{"href":"https:\/\/vosgesinfo.fr\/laplainedesvosgesinfo\/wp-json\/wp\/v2\/posts\/24720","targetHints":{"allow":["GET"]}}],"collection":[{"href":"https:\/\/vosgesinfo.fr\/laplainedesvosgesinfo\/wp-json\/wp\/v2\/posts"}],"about":[{"href":"https:\/\/vosgesinfo.fr\/laplainedesvosgesinfo\/wp-json\/wp\/v2\/types\/post"}],"author":[{"embeddable":true,"href":"https:\/\/vosgesinfo.fr\/laplainedesvosgesinfo\/wp-json\/wp\/v2\/users\/126"}],"replies":[{"embeddable":true,"href":"https:\/\/vosgesinfo.fr\/laplainedesvosgesinfo\/wp-json\/wp\/v2\/comments?post=24720"}],"version-history":[{"count":0,"href":"https:\/\/vosgesinfo.fr\/laplainedesvosgesinfo\/wp-json\/wp\/v2\/posts\/24720\/revisions"}],"wp:featuredmedia":[{"embeddable":true,"href":"https:\/\/vosgesinfo.fr\/laplainedesvosgesinfo\/wp-json\/wp\/v2\/media\/24721"}],"wp:attachment":[{"href":"https:\/\/vosgesinfo.fr\/laplainedesvosgesinfo\/wp-json\/wp\/v2\/media?parent=24720"}],"wp:term":[{"taxonomy":"category","embeddable":true,"href":"https:\/\/vosgesinfo.fr\/laplainedesvosgesinfo\/wp-json\/wp\/v2\/categories?post=24720"},{"taxonomy":"post_tag","embeddable":true,"href":"https:\/\/vosgesinfo.fr\/laplainedesvosgesinfo\/wp-json\/wp\/v2\/tags?post=24720"}],"curies":[{"name":"wp","href":"https:\/\/api.w.org\/{rel}","templated":true}]}}