{"id":24792,"date":"2023-01-12T14:04:53","date_gmt":"2023-01-12T13:04:53","guid":{"rendered":"https:\/\/vosgesinfo.fr\/laplainedesvosgesinfo\/2023\/01\/crise-de-lenergie-comme-beaucoup-de-ses-confreres-un-boulanger-patissier-vosgien-a-vu-sa-facture-delectricite-exploser-au-1er-janvier\/"},"modified":"2023-01-12T14:04:53","modified_gmt":"2023-01-12T13:04:53","slug":"crise-de-lenergie-comme-beaucoup-de-ses-confreres-un-boulanger-patissier-vosgien-a-vu-sa-facture-delectricite-exploser-au-1er-janvier","status":"publish","type":"post","link":"https:\/\/vosgesinfo.fr\/laplainedesvosgesinfo\/2023\/01\/crise-de-lenergie-comme-beaucoup-de-ses-confreres-un-boulanger-patissier-vosgien-a-vu-sa-facture-delectricite-exploser-au-1er-janvier\/","title":{"rendered":"Crise de l\u2019\u00e9nergie :  comme beaucoup de ses confr\u00e8res, un boulanger-p\u00e2tissier vosgien a vu sa facture d\u2019\u00e9lectricit\u00e9 exploser au 1er janvier"},"content":{"rendered":"<h2><strong>Pour montrer l\u2019impact direct de la hausse du prix de l\u2019\u00e9lectricit\u00e9 sur son entreprise, David Fays, g\u00e9rant de la boulanger-p\u00e2tisserie K6 Framboise de Saint-Di\u00e9-des-Vosges, n\u2019y est pas all\u00e9 par 4 chemins\u00a0: il affiche son actuel contrat \u00e9lectricit\u00e9 au vu des clients, annot\u00e9 de l\u2019ancien tarif. Il a \u00e9galement publi\u00e9 ledit contrat sur la page Facebook de K6 Framboise.<\/strong><\/h2>\n<p>Avec une multiplication par presque 5 de la facture \u00e9lectrique de la boulanger-p\u00e2tisserie de la rue des Trois Villes, qui est pass\u00e9e de 23 254\u20ac annuels \u00e0 109 096\u20ac au 1er janvier 2023, David Fays est en col\u00e8re. Et c\u2019est sans compter la facture de la succursale situ\u00e9e \u00e0 Moyenmoutier, o\u00f9 sont fabriqu\u00e9es les p\u00e2tisseries et viennoiseries.<\/p>\n","protected":false},"excerpt":{"rendered":"<p>Pour montrer l\u2019impact direct de la hausse du prix de l\u2019\u00e9lectricit\u00e9 sur son entreprise, David Fays, g\u00e9rant de la boulanger-p\u00e2tisserie [&hellip;]<\/p>\n","protected":false},"author":126,"featured_media":24793,"comment_status":"open","ping_status":"open","sticky":false,"template":"","format":"standard","meta":{"footnotes":""},"categories":[29,5,18],"tags":[],"class_list":["post-24792","post","type-post","status-publish","format-standard","has-post-thumbnail","hentry","category-a-la-une","category-economie","category-vosges"],"acf":[],"yoast_head":"<!-- This site is optimized with the Yoast SEO plugin v22.5 - https:\/\/yoast.com\/wordpress\/plugins\/seo\/ -->\n<title>Crise de l\u2019\u00e9nergie : comme beaucoup de ses confr\u00e8res, un boulanger-p\u00e2tissier vosgien a vu sa facture d\u2019\u00e9lectricit\u00e9 exploser au 1er janvier - La Plaine des Vosges<\/title>\n<meta name=\"robots\" content=\"index, follow, max-snippet:-1, max-image-preview:large, max-video-preview:-1\" \/>\n<link rel=\"canonical\" href=\"https:\/\/vosgesinfo.fr\/laplainedesvosgesinfo\/2023\/01\/crise-de-lenergie-comme-beaucoup-de-ses-confreres-un-boulanger-patissier-vosgien-a-vu-sa-facture-delectricite-exploser-au-1er-janvier\/\" \/>\n<meta name=\"twitter:card\" content=\"summary_large_image\" \/>\n<meta name=\"twitter:title\" content=\"Crise de l\u2019\u00e9nergie : comme beaucoup de ses confr\u00e8res, un boulanger-p\u00e2tissier vosgien a vu sa facture d\u2019\u00e9lectricit\u00e9 exploser au 1er janvier - La Plaine des Vosges\" \/>\n<meta name=\"twitter:description\" content=\"Pour montrer l\u2019impact direct de la hausse du prix de l\u2019\u00e9lectricit\u00e9 sur son entreprise, David Fays, g\u00e9rant de la boulanger-p\u00e2tisserie [&hellip;]\" \/>\n<meta name=\"twitter:image\" content=\"https:\/\/vosgesinfo.fr\/app\/uploads\/sites\/2\/2024\/07\/202301k6-framboise-facture-electricite-2.jpg\" \/>\n<meta name=\"twitter:creator\" content=\"@VosgesInfo88\" \/>\n<meta name=\"twitter:site\" content=\"@VosgesInfo88\" \/>\n<meta name=\"twitter:label1\" content=\"\u00c9crit par\" \/>\n\t<meta name=\"twitter:data1\" content=\"La R\u00e9daction\" \/>\n\t<meta name=\"twitter:label2\" content=\"Dur\u00e9e de lecture estim\u00e9e\" \/>\n\t<meta name=\"twitter:data2\" content=\"1 minute\" \/>\n<script type=\"application\/ld+json\" class=\"yoast-schema-graph\">{\"@context\":\"https:\/\/schema.org\",\"@graph\":[{\"@type\":\"Article\",\"@id\":\"https:\/\/vosgesinfo.fr\/laplainedesvosgesinfo\/2023\/01\/crise-de-lenergie-comme-beaucoup-de-ses-confreres-un-boulanger-patissier-vosgien-a-vu-sa-facture-delectricite-exploser-au-1er-janvier\/#article\",\"isPartOf\":{\"@id\":\"https:\/\/vosgesinfo.fr\/laplainedesvosgesinfo\/2023\/01\/crise-de-lenergie-comme-beaucoup-de-ses-confreres-un-boulanger-patissier-vosgien-a-vu-sa-facture-delectricite-exploser-au-1er-janvier\/\"},\"author\":{\"name\":\"La R\u00e9daction\",\"@id\":\"https:\/\/vosgesinfo.fr\/laplainedesvosgesinfo\/#\/schema\/person\/db412391f749f1ee67e177e1dc017316\"},\"headline\":\"Crise de l\u2019\u00e9nergie : comme beaucoup de ses confr\u00e8res, un boulanger-p\u00e2tissier vosgien a vu sa facture d\u2019\u00e9lectricit\u00e9 exploser au 1er janvier\",\"datePublished\":\"2023-01-12T13:04:53+00:00\",\"dateModified\":\"2023-01-12T13:04:53+00:00\",\"mainEntityOfPage\":{\"@id\":\"https:\/\/vosgesinfo.fr\/laplainedesvosgesinfo\/2023\/01\/crise-de-lenergie-comme-beaucoup-de-ses-confreres-un-boulanger-patissier-vosgien-a-vu-sa-facture-delectricite-exploser-au-1er-janvier\/\"},\"wordCount\":144,\"commentCount\":0,\"publisher\":{\"@id\":\"https:\/\/vosgesinfo.fr\/laplainedesvosgesinfo\/#organization\"},\"image\":{\"@id\":\"https:\/\/vosgesinfo.fr\/laplainedesvosgesinfo\/2023\/01\/crise-de-lenergie-comme-beaucoup-de-ses-confreres-un-boulanger-patissier-vosgien-a-vu-sa-facture-delectricite-exploser-au-1er-janvier\/#primaryimage\"},\"thumbnailUrl\":\"https:\/\/vosgesinfo.fr\/app\/uploads\/sites\/2\/2024\/07\/202301k6-framboise-facture-electricite-2.jpg\",\"articleSection\":[\"A la Une\",\"\u00c9conomie\",\"Vosges\"],\"inLanguage\":\"fr-FR\",\"potentialAction\":[{\"@type\":\"CommentAction\",\"name\":\"Comment\",\"target\":[\"https:\/\/vosgesinfo.fr\/laplainedesvosgesinfo\/2023\/01\/crise-de-lenergie-comme-beaucoup-de-ses-confreres-un-boulanger-patissier-vosgien-a-vu-sa-facture-delectricite-exploser-au-1er-janvier\/#respond\"]}]},{\"@type\":\"WebPage\",\"@id\":\"https:\/\/vosgesinfo.fr\/laplainedesvosgesinfo\/2023\/01\/crise-de-lenergie-comme-beaucoup-de-ses-confreres-un-boulanger-patissier-vosgien-a-vu-sa-facture-delectricite-exploser-au-1er-janvier\/\",\"url\":\"https:\/\/vosgesinfo.fr\/laplainedesvosgesinfo\/2023\/01\/crise-de-lenergie-comme-beaucoup-de-ses-confreres-un-boulanger-patissier-vosgien-a-vu-sa-facture-delectricite-exploser-au-1er-janvier\/\",\"name\":\"Crise de l\u2019\u00e9nergie : comme beaucoup de ses confr\u00e8res, un boulanger-p\u00e2tissier vosgien a vu sa facture d\u2019\u00e9lectricit\u00e9 exploser au 1er janvier - La Plaine des Vosges\",\"isPartOf\":{\"@id\":\"https:\/\/vosgesinfo.fr\/laplainedesvosgesinfo\/#website\"},\"primaryImageOfPage\":{\"@id\":\"https:\/\/vosgesinfo.fr\/laplainedesvosgesinfo\/2023\/01\/crise-de-lenergie-comme-beaucoup-de-ses-confreres-un-boulanger-patissier-vosgien-a-vu-sa-facture-delectricite-exploser-au-1er-janvier\/#primaryimage\"},\"image\":{\"@id\":\"https:\/\/vosgesinfo.fr\/laplainedesvosgesinfo\/2023\/01\/crise-de-lenergie-comme-beaucoup-de-ses-confreres-un-boulanger-patissier-vosgien-a-vu-sa-facture-delectricite-exploser-au-1er-janvier\/#primaryimage\"},\"thumbnailUrl\":\"https:\/\/vosgesinfo.fr\/app\/uploads\/sites\/2\/2024\/07\/202301k6-framboise-facture-electricite-2.jpg\",\"datePublished\":\"2023-01-12T13:04:53+00:00\",\"dateModified\":\"2023-01-12T13:04:53+00:00\",\"breadcrumb\":{\"@id\":\"https:\/\/vosgesinfo.fr\/laplainedesvosgesinfo\/2023\/01\/crise-de-lenergie-comme-beaucoup-de-ses-confreres-un-boulanger-patissier-vosgien-a-vu-sa-facture-delectricite-exploser-au-1er-janvier\/#breadcrumb\"},\"inLanguage\":\"fr-FR\",\"potentialAction\":[{\"@type\":\"ReadAction\",\"target\":[\"https:\/\/vosgesinfo.fr\/laplainedesvosgesinfo\/2023\/01\/crise-de-lenergie-comme-beaucoup-de-ses-confreres-un-boulanger-patissier-vosgien-a-vu-sa-facture-delectricite-exploser-au-1er-janvier\/\"]}]},{\"@type\":\"ImageObject\",\"inLanguage\":\"fr-FR\",\"@id\":\"https:\/\/vosgesinfo.fr\/laplainedesvosgesinfo\/2023\/01\/crise-de-lenergie-comme-beaucoup-de-ses-confreres-un-boulanger-patissier-vosgien-a-vu-sa-facture-delectricite-exploser-au-1er-janvier\/#primaryimage\",\"url\":\"https:\/\/vosgesinfo.fr\/app\/uploads\/sites\/2\/2024\/07\/202301k6-framboise-facture-electricite-2.jpg\",\"contentUrl\":\"https:\/\/vosgesinfo.fr\/app\/uploads\/sites\/2\/2024\/07\/202301k6-framboise-facture-electricite-2.jpg\",\"width\":800,\"height\":603},{\"@type\":\"BreadcrumbList\",\"@id\":\"https:\/\/vosgesinfo.fr\/laplainedesvosgesinfo\/2023\/01\/crise-de-lenergie-comme-beaucoup-de-ses-confreres-un-boulanger-patissier-vosgien-a-vu-sa-facture-delectricite-exploser-au-1er-janvier\/#breadcrumb\",\"itemListElement\":[{\"@type\":\"ListItem\",\"position\":1,\"name\":\"Home\",\"item\":\"https:\/\/vosgesinfo.fr\/laplainedesvosgesinfo\/\"},{\"@type\":\"ListItem\",\"position\":2,\"name\":\"Crise de l\u2019\u00e9nergie : comme beaucoup de ses confr\u00e8res, un boulanger-p\u00e2tissier vosgien a vu sa facture d\u2019\u00e9lectricit\u00e9 exploser au 1er janvier\"}]},{\"@type\":\"WebSite\",\"@id\":\"https:\/\/vosgesinfo.fr\/laplainedesvosgesinfo\/#website\",\"url\":\"https:\/\/vosgesinfo.fr\/laplainedesvosgesinfo\/\",\"name\":\"La Plaine des Vosges\",\"description\":\"Toute l&#039;actualit\u00e9 de la plaine de Vosges\",\"publisher\":{\"@id\":\"https:\/\/vosgesinfo.fr\/laplainedesvosgesinfo\/#organization\"},\"alternateName\":\"Toute l'actualit\u00e9 de la plaine des Vosges\",\"potentialAction\":[{\"@type\":\"SearchAction\",\"target\":{\"@type\":\"EntryPoint\",\"urlTemplate\":\"https:\/\/vosgesinfo.fr\/laplainedesvosgesinfo\/?s={search_term_string}\"},\"query-input\":\"required name=search_term_string\"}],\"inLanguage\":\"fr-FR\"},{\"@type\":\"Organization\",\"@id\":\"https:\/\/vosgesinfo.fr\/laplainedesvosgesinfo\/#organization\",\"name\":\"La Plaine des Vosges\",\"url\":\"https:\/\/vosgesinfo.fr\/laplainedesvosgesinfo\/\",\"logo\":{\"@type\":\"ImageObject\",\"inLanguage\":\"fr-FR\",\"@id\":\"https:\/\/vosgesinfo.fr\/laplainedesvosgesinfo\/#\/schema\/logo\/image\/\",\"url\":\"https:\/\/vosgesinfo.fr\/app\/uploads\/sites\/2\/2023\/08\/logo-laplaineinfo.svg\",\"contentUrl\":\"https:\/\/vosgesinfo.fr\/app\/uploads\/sites\/2\/2023\/08\/logo-laplaineinfo.svg\",\"width\":1,\"height\":1,\"caption\":\"La Plaine des Vosges\"},\"image\":{\"@id\":\"https:\/\/vosgesinfo.fr\/laplainedesvosgesinfo\/#\/schema\/logo\/image\/\"},\"sameAs\":[\"https:\/\/www.facebook.com\/laplainedesvosges\",\"https:\/\/x.com\/VosgesInfo88\",\"https:\/\/www.youtube.com\/@vosgesinfo\"]},{\"@type\":\"Person\",\"@id\":\"https:\/\/vosgesinfo.fr\/laplainedesvosgesinfo\/#\/schema\/person\/db412391f749f1ee67e177e1dc017316\",\"name\":\"La R\u00e9daction\",\"image\":{\"@type\":\"ImageObject\",\"inLanguage\":\"fr-FR\",\"@id\":\"https:\/\/vosgesinfo.fr\/laplainedesvosgesinfo\/#\/schema\/person\/image\/\",\"url\":\"https:\/\/secure.gravatar.com\/avatar\/d10cfbea47ec464014dd9e55d3c353f7c4017b65068eb823d0882be0ff3b0ff6?s=96&d=mm&r=g\",\"contentUrl\":\"https:\/\/secure.gravatar.com\/avatar\/d10cfbea47ec464014dd9e55d3c353f7c4017b65068eb823d0882be0ff3b0ff6?s=96&d=mm&r=g\",\"caption\":\"La R\u00e9daction\"},\"url\":\"https:\/\/vosgesinfo.fr\/laplainedesvosgesinfo\/author\/redaction\/\"}]}<\/script>\n<!-- \/ Yoast SEO plugin. -->","yoast_head_json":{"title":"Crise de l\u2019\u00e9nergie : comme beaucoup de ses confr\u00e8res, un boulanger-p\u00e2tissier vosgien a vu sa facture d\u2019\u00e9lectricit\u00e9 exploser au 1er janvier - La Plaine des Vosges","robots":{"index":"index","follow":"follow","max-snippet":"max-snippet:-1","max-image-preview":"max-image-preview:large","max-video-preview":"max-video-preview:-1"},"canonical":"https:\/\/vosgesinfo.fr\/laplainedesvosgesinfo\/2023\/01\/crise-de-lenergie-comme-beaucoup-de-ses-confreres-un-boulanger-patissier-vosgien-a-vu-sa-facture-delectricite-exploser-au-1er-janvier\/","twitter_card":"summary_large_image","twitter_title":"Crise de l\u2019\u00e9nergie : comme beaucoup de ses confr\u00e8res, un boulanger-p\u00e2tissier vosgien a vu sa facture d\u2019\u00e9lectricit\u00e9 exploser au 1er janvier - La Plaine des Vosges","twitter_description":"Pour montrer l\u2019impact direct de la hausse du prix de l\u2019\u00e9lectricit\u00e9 sur son entreprise, David Fays, g\u00e9rant de la boulanger-p\u00e2tisserie [&hellip;]","twitter_image":"https:\/\/vosgesinfo.fr\/app\/uploads\/sites\/2\/2024\/07\/202301k6-framboise-facture-electricite-2.jpg","twitter_creator":"@VosgesInfo88","twitter_site":"@VosgesInfo88","twitter_misc":{"\u00c9crit par":"La R\u00e9daction","Dur\u00e9e de lecture estim\u00e9e":"1 minute"},"schema":{"@context":"https:\/\/schema.org","@graph":[{"@type":"Article","@id":"https:\/\/vosgesinfo.fr\/laplainedesvosgesinfo\/2023\/01\/crise-de-lenergie-comme-beaucoup-de-ses-confreres-un-boulanger-patissier-vosgien-a-vu-sa-facture-delectricite-exploser-au-1er-janvier\/#article","isPartOf":{"@id":"https:\/\/vosgesinfo.fr\/laplainedesvosgesinfo\/2023\/01\/crise-de-lenergie-comme-beaucoup-de-ses-confreres-un-boulanger-patissier-vosgien-a-vu-sa-facture-delectricite-exploser-au-1er-janvier\/"},"author":{"name":"La R\u00e9daction","@id":"https:\/\/vosgesinfo.fr\/laplainedesvosgesinfo\/#\/schema\/person\/db412391f749f1ee67e177e1dc017316"},"headline":"Crise de l\u2019\u00e9nergie : comme beaucoup de ses confr\u00e8res, un boulanger-p\u00e2tissier vosgien a vu sa facture d\u2019\u00e9lectricit\u00e9 exploser au 1er janvier","datePublished":"2023-01-12T13:04:53+00:00","dateModified":"2023-01-12T13:04:53+00:00","mainEntityOfPage":{"@id":"https:\/\/vosgesinfo.fr\/laplainedesvosgesinfo\/2023\/01\/crise-de-lenergie-comme-beaucoup-de-ses-confreres-un-boulanger-patissier-vosgien-a-vu-sa-facture-delectricite-exploser-au-1er-janvier\/"},"wordCount":144,"commentCount":0,"publisher":{"@id":"https:\/\/vosgesinfo.fr\/laplainedesvosgesinfo\/#organization"},"image":{"@id":"https:\/\/vosgesinfo.fr\/laplainedesvosgesinfo\/2023\/01\/crise-de-lenergie-comme-beaucoup-de-ses-confreres-un-boulanger-patissier-vosgien-a-vu-sa-facture-delectricite-exploser-au-1er-janvier\/#primaryimage"},"thumbnailUrl":"https:\/\/vosgesinfo.fr\/app\/uploads\/sites\/2\/2024\/07\/202301k6-framboise-facture-electricite-2.jpg","articleSection":["A la Une","\u00c9conomie","Vosges"],"inLanguage":"fr-FR","potentialAction":[{"@type":"CommentAction","name":"Comment","target":["https:\/\/vosgesinfo.fr\/laplainedesvosgesinfo\/2023\/01\/crise-de-lenergie-comme-beaucoup-de-ses-confreres-un-boulanger-patissier-vosgien-a-vu-sa-facture-delectricite-exploser-au-1er-janvier\/#respond"]}]},{"@type":"WebPage","@id":"https:\/\/vosgesinfo.fr\/laplainedesvosgesinfo\/2023\/01\/crise-de-lenergie-comme-beaucoup-de-ses-confreres-un-boulanger-patissier-vosgien-a-vu-sa-facture-delectricite-exploser-au-1er-janvier\/","url":"https:\/\/vosgesinfo.fr\/laplainedesvosgesinfo\/2023\/01\/crise-de-lenergie-comme-beaucoup-de-ses-confreres-un-boulanger-patissier-vosgien-a-vu-sa-facture-delectricite-exploser-au-1er-janvier\/","name":"Crise de l\u2019\u00e9nergie : comme beaucoup de ses confr\u00e8res, un boulanger-p\u00e2tissier vosgien a vu sa facture d\u2019\u00e9lectricit\u00e9 exploser au 1er janvier - La Plaine des Vosges","isPartOf":{"@id":"https:\/\/vosgesinfo.fr\/laplainedesvosgesinfo\/#website"},"primaryImageOfPage":{"@id":"https:\/\/vosgesinfo.fr\/laplainedesvosgesinfo\/2023\/01\/crise-de-lenergie-comme-beaucoup-de-ses-confreres-un-boulanger-patissier-vosgien-a-vu-sa-facture-delectricite-exploser-au-1er-janvier\/#primaryimage"},"image":{"@id":"https:\/\/vosgesinfo.fr\/laplainedesvosgesinfo\/2023\/01\/crise-de-lenergie-comme-beaucoup-de-ses-confreres-un-boulanger-patissier-vosgien-a-vu-sa-facture-delectricite-exploser-au-1er-janvier\/#primaryimage"},"thumbnailUrl":"https:\/\/vosgesinfo.fr\/app\/uploads\/sites\/2\/2024\/07\/202301k6-framboise-facture-electricite-2.jpg","datePublished":"2023-01-12T13:04:53+00:00","dateModified":"2023-01-12T13:04:53+00:00","breadcrumb":{"@id":"https:\/\/vosgesinfo.fr\/laplainedesvosgesinfo\/2023\/01\/crise-de-lenergie-comme-beaucoup-de-ses-confreres-un-boulanger-patissier-vosgien-a-vu-sa-facture-delectricite-exploser-au-1er-janvier\/#breadcrumb"},"inLanguage":"fr-FR","potentialAction":[{"@type":"ReadAction","target":["https:\/\/vosgesinfo.fr\/laplainedesvosgesinfo\/2023\/01\/crise-de-lenergie-comme-beaucoup-de-ses-confreres-un-boulanger-patissier-vosgien-a-vu-sa-facture-delectricite-exploser-au-1er-janvier\/"]}]},{"@type":"ImageObject","inLanguage":"fr-FR","@id":"https:\/\/vosgesinfo.fr\/laplainedesvosgesinfo\/2023\/01\/crise-de-lenergie-comme-beaucoup-de-ses-confreres-un-boulanger-patissier-vosgien-a-vu-sa-facture-delectricite-exploser-au-1er-janvier\/#primaryimage","url":"https:\/\/vosgesinfo.fr\/app\/uploads\/sites\/2\/2024\/07\/202301k6-framboise-facture-electricite-2.jpg","contentUrl":"https:\/\/vosgesinfo.fr\/app\/uploads\/sites\/2\/2024\/07\/202301k6-framboise-facture-electricite-2.jpg","width":800,"height":603},{"@type":"BreadcrumbList","@id":"https:\/\/vosgesinfo.fr\/laplainedesvosgesinfo\/2023\/01\/crise-de-lenergie-comme-beaucoup-de-ses-confreres-un-boulanger-patissier-vosgien-a-vu-sa-facture-delectricite-exploser-au-1er-janvier\/#breadcrumb","itemListElement":[{"@type":"ListItem","position":1,"name":"Home","item":"https:\/\/vosgesinfo.fr\/laplainedesvosgesinfo\/"},{"@type":"ListItem","position":2,"name":"Crise de l\u2019\u00e9nergie : comme beaucoup de ses confr\u00e8res, un boulanger-p\u00e2tissier vosgien a vu sa facture d\u2019\u00e9lectricit\u00e9 exploser au 1er janvier"}]},{"@type":"WebSite","@id":"https:\/\/vosgesinfo.fr\/laplainedesvosgesinfo\/#website","url":"https:\/\/vosgesinfo.fr\/laplainedesvosgesinfo\/","name":"La Plaine des Vosges","description":"Toute l&#039;actualit\u00e9 de la plaine de Vosges","publisher":{"@id":"https:\/\/vosgesinfo.fr\/laplainedesvosgesinfo\/#organization"},"alternateName":"Toute l'actualit\u00e9 de la plaine des Vosges","potentialAction":[{"@type":"SearchAction","target":{"@type":"EntryPoint","urlTemplate":"https:\/\/vosgesinfo.fr\/laplainedesvosgesinfo\/?s={search_term_string}"},"query-input":"required name=search_term_string"}],"inLanguage":"fr-FR"},{"@type":"Organization","@id":"https:\/\/vosgesinfo.fr\/laplainedesvosgesinfo\/#organization","name":"La Plaine des Vosges","url":"https:\/\/vosgesinfo.fr\/laplainedesvosgesinfo\/","logo":{"@type":"ImageObject","inLanguage":"fr-FR","@id":"https:\/\/vosgesinfo.fr\/laplainedesvosgesinfo\/#\/schema\/logo\/image\/","url":"https:\/\/vosgesinfo.fr\/app\/uploads\/sites\/2\/2023\/08\/logo-laplaineinfo.svg","contentUrl":"https:\/\/vosgesinfo.fr\/app\/uploads\/sites\/2\/2023\/08\/logo-laplaineinfo.svg","width":1,"height":1,"caption":"La Plaine des Vosges"},"image":{"@id":"https:\/\/vosgesinfo.fr\/laplainedesvosgesinfo\/#\/schema\/logo\/image\/"},"sameAs":["https:\/\/www.facebook.com\/laplainedesvosges","https:\/\/x.com\/VosgesInfo88","https:\/\/www.youtube.com\/@vosgesinfo"]},{"@type":"Person","@id":"https:\/\/vosgesinfo.fr\/laplainedesvosgesinfo\/#\/schema\/person\/db412391f749f1ee67e177e1dc017316","name":"La R\u00e9daction","image":{"@type":"ImageObject","inLanguage":"fr-FR","@id":"https:\/\/vosgesinfo.fr\/laplainedesvosgesinfo\/#\/schema\/person\/image\/","url":"https:\/\/secure.gravatar.com\/avatar\/d10cfbea47ec464014dd9e55d3c353f7c4017b65068eb823d0882be0ff3b0ff6?s=96&d=mm&r=g","contentUrl":"https:\/\/secure.gravatar.com\/avatar\/d10cfbea47ec464014dd9e55d3c353f7c4017b65068eb823d0882be0ff3b0ff6?s=96&d=mm&r=g","caption":"La R\u00e9daction"},"url":"https:\/\/vosgesinfo.fr\/laplainedesvosgesinfo\/author\/redaction\/"}]}},"_links":{"self":[{"href":"https:\/\/vosgesinfo.fr\/laplainedesvosgesinfo\/wp-json\/wp\/v2\/posts\/24792","targetHints":{"allow":["GET"]}}],"collection":[{"href":"https:\/\/vosgesinfo.fr\/laplainedesvosgesinfo\/wp-json\/wp\/v2\/posts"}],"about":[{"href":"https:\/\/vosgesinfo.fr\/laplainedesvosgesinfo\/wp-json\/wp\/v2\/types\/post"}],"author":[{"embeddable":true,"href":"https:\/\/vosgesinfo.fr\/laplainedesvosgesinfo\/wp-json\/wp\/v2\/users\/126"}],"replies":[{"embeddable":true,"href":"https:\/\/vosgesinfo.fr\/laplainedesvosgesinfo\/wp-json\/wp\/v2\/comments?post=24792"}],"version-history":[{"count":0,"href":"https:\/\/vosgesinfo.fr\/laplainedesvosgesinfo\/wp-json\/wp\/v2\/posts\/24792\/revisions"}],"wp:featuredmedia":[{"embeddable":true,"href":"https:\/\/vosgesinfo.fr\/laplainedesvosgesinfo\/wp-json\/wp\/v2\/media\/24793"}],"wp:attachment":[{"href":"https:\/\/vosgesinfo.fr\/laplainedesvosgesinfo\/wp-json\/wp\/v2\/media?parent=24792"}],"wp:term":[{"taxonomy":"category","embeddable":true,"href":"https:\/\/vosgesinfo.fr\/laplainedesvosgesinfo\/wp-json\/wp\/v2\/categories?post=24792"},{"taxonomy":"post_tag","embeddable":true,"href":"https:\/\/vosgesinfo.fr\/laplainedesvosgesinfo\/wp-json\/wp\/v2\/tags?post=24792"}],"curies":[{"name":"wp","href":"https:\/\/api.w.org\/{rel}","templated":true}]}}