{"id":24901,"date":"2023-01-24T18:18:47","date_gmt":"2023-01-24T17:18:47","guid":{"rendered":"https:\/\/vosgesinfo.fr\/laplainedesvosgesinfo\/2023\/01\/virginie-martinez-directrice-de-cabinet-de-la-prefete-des-vosges-annonce-deux-nouvelles-mesures-de-lutte-contre-linsecurite-routiere\/"},"modified":"2023-01-24T18:18:47","modified_gmt":"2023-01-24T17:18:47","slug":"virginie-martinez-directrice-de-cabinet-de-la-prefete-des-vosges-annonce-deux-nouvelles-mesures-de-lutte-contre-linsecurite-routiere","status":"publish","type":"post","link":"https:\/\/vosgesinfo.fr\/laplainedesvosgesinfo\/2023\/01\/virginie-martinez-directrice-de-cabinet-de-la-prefete-des-vosges-annonce-deux-nouvelles-mesures-de-lutte-contre-linsecurite-routiere\/","title":{"rendered":"Virginie Martinez, directrice de cabinet de la pr\u00e9f\u00e8te des Vosges annonce deux nouvelles mesures de lutte contre l&rsquo;ins\u00e9curit\u00e9 routi\u00e8re"},"content":{"rendered":"<p>Ce mardi 24 janvier 2023\u00a0 de 14h00 \u00e0 16h00, la brigade motoris\u00e9e de Ch\u00e2tenois a mis en place une op\u00e9ration de contr\u00f4le de la vitesse sur la RD166. Un v\u00e9hicule banalis\u00e9 a permis de d\u00e9tecter les v\u00e9hicules en exc\u00e8s de vitesse, soit un total de 3 v\u00e9hicules flash\u00e9s.<\/p>\n<p>Dans le cadre de cette op\u00e9ration de s\u00e9curit\u00e9 routi\u00e8re, Madame Virginie Martinez, directrice de cabinet de la pr\u00e9f\u00e8te des Vosges \u00e9tait pr\u00e9sente sur les lieux \u00a0afin de pr\u00e9senter un bilan de la s\u00e9curit\u00e9 routi\u00e8re pour l&rsquo;ann\u00e9e 2022 dans les Vosges, a annonc\u00e9 deux nouvelles mesures administratives de lutte contre l&rsquo;ins\u00e9curit\u00e9 routi\u00e8re : le durcissement du bar\u00e8me des suspensions administratives du permise de conduire et l&rsquo;immobilisation administrative des v\u00e9hicules en cas d&rsquo;infractions graves.<\/p>\n<p>Le bilan 2022 reste pr\u00e9occupant dans le d\u00e9partement des Vosges. Si le nombre d\u2019accidents corporels et de bless\u00e9s est en l\u00e9g\u00e8re baisse fin 2022, les accidents mortels sont en hausse de 5 % par rapport \u00e0 la moyenne des cinq derni\u00e8res ann\u00e9es (ann\u00e9e 2020 exclue). <strong>25 personnes sont d\u00e9c\u00e9d\u00e9es sur les routes vosgiennes l\u2019ann\u00e9e pass\u00e9e<\/strong>, ce qui repr\u00e9sente une augmentation de 14 % par rapport \u00e0 la moyenne du nombre de tu\u00e9s sur les routes entre 2016 et 2021.<\/p>\n<p>L\u2019analyse conduite en 2022 conclut que plus de deux tiers des accidents mortels sont caus\u00e9s par des comportements dangereux de la part des usagers de la route : vitesse, conduite sous l\u2019empire de l\u2019\u00e9tat alcoolique et\/ou sous l\u2019emprise de stup\u00e9fiants.<\/p>\n<p>La lutte contre l\u2019ins\u00e9curit\u00e9 routi\u00e8re demeure une priorit\u00e9 absolue dans le d\u00e9partement. La pr\u00e9f\u00e8te des Vosges a pris pr\u00e8s de 1 400 d\u00e9cisions de suspensions de permis de conduire en 2022 (27 d\u00e9cisions par semaine en moyenne). 42 % de ces d\u00e9cisions ont sanctionn\u00e9 une conduite sous l\u2019empire de l\u2019\u00e9tat alcoolique, 40 % une conduite sous stup\u00e9fiants et 18 % une vitesse excessive.<\/p>\n<p>Val\u00e9rie MICHEL-MOREAUX, pr\u00e9f\u00e8te des Vosges, a d\u00e9cid\u00e9 de renforcer encore la lutte contre l\u2019ins\u00e9curit\u00e9 routi\u00e8re en adoptant deux nouvelles mesures administratives :<\/p>\n<p>1. le durcissement du bar\u00e8me des suspensions des permis de conduire Le bar\u00e8me des suspensions administratives sanctionne d\u00e9sormais plus s\u00e9v\u00e8rement le cumul d\u2019infractions (alcool \/ vitesse, alcool \/ stup\u00e9fiant, etc.) et la r\u00e9cidive. La suspension de permis peut dans ces cas aller jusqu\u2019\u00e0 12 mois en fonction de la nature de l\u2019infraction. Le refus d\u2019obtemp\u00e9rer peut d\u00e9sormais donner lieu \u00e0 une r\u00e9tention imm\u00e9diate du permis de conduire, allant de 4 mois pour un refus d\u2019obtemp\u00e9rer simple \u00e0 8 mois pour un refus d\u2019obtemp\u00e9rer aggrav\u00e9 et jusqu\u2019\u00e0 12 mois en cas de r\u00e9cidive.<\/p>\n<p>Le rod\u00e9o motoris\u00e9 est \u00e9galement sanctionn\u00e9 par des suspensions de permis allant de 6 \u00e0 12 mois en fonction de la nature de l\u2019infraction.<\/p>\n<p>2. la proc\u00e9dure d\u2019immobilisation et de mise en fourri\u00e8re Ce dispositif dissuasif envoie un message fort aux usagers de la route et participe efficacement \u00e0 la pr\u00e9vention des accidents en neutralisant imm\u00e9diatement le v\u00e9hicule du conducteur auteur d\u2019une infraction r\u00e9v\u00e9latrice d\u2019une conduite dangereuse.<\/p>\n<p>Les principales infractions pouvant \u00eatre sanctionn\u00e9es par une immobilisation administrative du v\u00e9hicule sont les suivantes :<\/p>\n<ul>\n<li>\u00a0accident grave de la circulation routi\u00e8re ;<\/li>\n<li>d\u00e9lit de fuite;<\/li>\n<li>conduite d&rsquo;un v\u00e9hicule sans \u00eatre titulaire du permis de conduire ou sans assurance ;<\/li>\n<li>conduite d&rsquo;un v\u00e9hicule en \u00e9tat d&rsquo;ivresse manifeste ;<\/li>\n<li>lorsqu&rsquo;est constat\u00e9 le d\u00e9passement de 50 km\/h ou plus de la vitesse maximale autoris\u00e9e ;<\/li>\n<li>lorsque le v\u00e9hicule a \u00e9t\u00e9 utilis\u00e9 pour d\u00e9poser, abandonner, jeter ou d\u00e9verser, dans un lieu public ou priv\u00e9, soit une \u00e9pave de v\u00e9hicule, soit des ordures, d\u00e9chets, d\u00e9jections, mat\u00e9riaux, liquides insalubres<\/li>\n<li>\u00a0refus d&rsquo;obtemp\u00e9rer ;<\/li>\n<li>entrave \u00e0 la circulation;<\/li>\n<li>stationnement irr\u00e9gulier, g\u00eanant, abusif ou dangereux;<\/li>\n<li>\u00a0d\u00e9faut de pr\u00e9sentation aux contr\u00f4les techniques ou de non ex\u00e9cution des r\u00e9parations prescrites ;<\/li>\n<li>v\u00e9hicule anormalement bruyant ou polluant ;<\/li>\n<li>infraction \u00e0 la protection des sites et paysages class\u00e9s, circulation dans les espaces naturels.<\/li>\n<\/ul>\n<p>L\u2019immobilisation administrative d\u2019une dur\u00e9e de 7 jours peut \u00eatre suivie d\u2019une immobilisation judiciaire sur d\u00e9cision du procureur de la R\u00e9publique. Cette proc\u00e9dure est applicable en cas d\u2019infraction d\u2019un conducteur m\u00eame s\u2019il n\u2019est pas propri\u00e9taire du v\u00e9hicule, sauf si celui-ci a \u00e9t\u00e9 vol\u00e9.<\/p>\n<p>Ces deux mesures permettront d\u2019am\u00e9liorer l\u2019efficacit\u00e9 des contr\u00f4les, qui seront par ailleurs encore renforc\u00e9s en 2023. Elles compl\u00e8tent les mesures de pr\u00e9vention mises en place dans le cadre du plan d\u00e9partemental d\u2019actions de s\u00e9curit\u00e9 routi\u00e8re (PDASR).<\/p>\n<p>La s\u00e9curit\u00e9 routi\u00e8re est l\u2019affaire de tous. La pr\u00e9f\u00e8te des Vosges appelle chacun au respect du code de la route et \u00e0 la plus grande prudence sur les routes.<\/p>\n<p><a href=\"\/2023\/01\/15.jpg\"><img decoding=\"async\" class=\"alignnone size-medium wp-image-135795\" src=\"\/2023\/01\/15-383x255.jpg\" alt=\"photo pr\u00e9fet des Vosges\" width=\"383\" height=\"255\" \/><\/a><\/p>\n","protected":false},"excerpt":{"rendered":"<p>Ce mardi 24 janvier 2023\u00a0 de 14h00 \u00e0 16h00, la brigade motoris\u00e9e de Ch\u00e2tenois a mis en place une op\u00e9ration [&hellip;]<\/p>\n","protected":false},"author":1,"featured_media":452,"comment_status":"open","ping_status":"open","sticky":false,"template":"","format":"standard","meta":{"footnotes":""},"categories":[29,197,312],"tags":[5195],"class_list":["post-24901","post","type-post","status-publish","format-standard","has-post-thumbnail","hentry","category-a-la-une","category-chatenois","category-securite","tag-prefet-des-vossges"],"acf":[],"yoast_head":"<!-- This site is optimized with the Yoast SEO plugin v22.5 - https:\/\/yoast.com\/wordpress\/plugins\/seo\/ -->\n<title>Virginie Martinez, directrice de cabinet de la pr\u00e9f\u00e8te des Vosges annonce deux nouvelles mesures de lutte contre l&#039;ins\u00e9curit\u00e9 routi\u00e8re - La Plaine des Vosges<\/title>\n<meta name=\"robots\" content=\"index, follow, max-snippet:-1, max-image-preview:large, max-video-preview:-1\" \/>\n<link rel=\"canonical\" href=\"https:\/\/vosgesinfo.fr\/laplainedesvosgesinfo\/2023\/01\/virginie-martinez-directrice-de-cabinet-de-la-prefete-des-vosges-annonce-deux-nouvelles-mesures-de-lutte-contre-linsecurite-routiere\/\" \/>\n<meta name=\"twitter:card\" content=\"summary_large_image\" \/>\n<meta name=\"twitter:title\" content=\"Virginie Martinez, directrice de cabinet de la pr\u00e9f\u00e8te des Vosges annonce deux nouvelles mesures de lutte contre l&#039;ins\u00e9curit\u00e9 routi\u00e8re - La Plaine des Vosges\" \/>\n<meta name=\"twitter:description\" content=\"Ce mardi 24 janvier 2023\u00a0 de 14h00 \u00e0 16h00, la brigade motoris\u00e9e de Ch\u00e2tenois a mis en place une op\u00e9ration [&hellip;]\" \/>\n<meta name=\"twitter:image\" content=\"https:\/\/vosgesinfo.fr\/app\/uploads\/sites\/2\/2023\/09\/15.jpg\" \/>\n<meta name=\"twitter:creator\" content=\"@VosgesInfo88\" \/>\n<meta name=\"twitter:site\" content=\"@VosgesInfo88\" \/>\n<meta name=\"twitter:label1\" content=\"\u00c9crit par\" \/>\n\t<meta name=\"twitter:data1\" content=\"qs_admin\" \/>\n\t<meta name=\"twitter:label2\" content=\"Dur\u00e9e de lecture estim\u00e9e\" \/>\n\t<meta name=\"twitter:data2\" content=\"4 minutes\" \/>\n<script type=\"application\/ld+json\" class=\"yoast-schema-graph\">{\"@context\":\"https:\/\/schema.org\",\"@graph\":[{\"@type\":\"Article\",\"@id\":\"https:\/\/vosgesinfo.fr\/laplainedesvosgesinfo\/2023\/01\/virginie-martinez-directrice-de-cabinet-de-la-prefete-des-vosges-annonce-deux-nouvelles-mesures-de-lutte-contre-linsecurite-routiere\/#article\",\"isPartOf\":{\"@id\":\"https:\/\/vosgesinfo.fr\/laplainedesvosgesinfo\/2023\/01\/virginie-martinez-directrice-de-cabinet-de-la-prefete-des-vosges-annonce-deux-nouvelles-mesures-de-lutte-contre-linsecurite-routiere\/\"},\"author\":{\"name\":\"qs_admin\",\"@id\":\"https:\/\/vosgesinfo.fr\/laplainedesvosgesinfo\/#\/schema\/person\/bc5d02d71e6932e81b6dadb7386667b1\"},\"headline\":\"Virginie Martinez, directrice de cabinet de la pr\u00e9f\u00e8te des Vosges annonce deux nouvelles mesures de lutte contre l&rsquo;ins\u00e9curit\u00e9 routi\u00e8re\",\"datePublished\":\"2023-01-24T17:18:47+00:00\",\"dateModified\":\"2023-01-24T17:18:47+00:00\",\"mainEntityOfPage\":{\"@id\":\"https:\/\/vosgesinfo.fr\/laplainedesvosgesinfo\/2023\/01\/virginie-martinez-directrice-de-cabinet-de-la-prefete-des-vosges-annonce-deux-nouvelles-mesures-de-lutte-contre-linsecurite-routiere\/\"},\"wordCount\":860,\"commentCount\":0,\"publisher\":{\"@id\":\"https:\/\/vosgesinfo.fr\/laplainedesvosgesinfo\/#organization\"},\"image\":{\"@id\":\"https:\/\/vosgesinfo.fr\/laplainedesvosgesinfo\/2023\/01\/virginie-martinez-directrice-de-cabinet-de-la-prefete-des-vosges-annonce-deux-nouvelles-mesures-de-lutte-contre-linsecurite-routiere\/#primaryimage\"},\"thumbnailUrl\":\"https:\/\/vosgesinfo.fr\/app\/uploads\/sites\/2\/2023\/09\/15.jpg\",\"keywords\":[\"Prefet des Vossges\"],\"articleSection\":[\"A la Une\",\"Ch\u00e2tenois\",\"S\u00e9curit\u00e9\"],\"inLanguage\":\"fr-FR\",\"potentialAction\":[{\"@type\":\"CommentAction\",\"name\":\"Comment\",\"target\":[\"https:\/\/vosgesinfo.fr\/laplainedesvosgesinfo\/2023\/01\/virginie-martinez-directrice-de-cabinet-de-la-prefete-des-vosges-annonce-deux-nouvelles-mesures-de-lutte-contre-linsecurite-routiere\/#respond\"]}]},{\"@type\":\"WebPage\",\"@id\":\"https:\/\/vosgesinfo.fr\/laplainedesvosgesinfo\/2023\/01\/virginie-martinez-directrice-de-cabinet-de-la-prefete-des-vosges-annonce-deux-nouvelles-mesures-de-lutte-contre-linsecurite-routiere\/\",\"url\":\"https:\/\/vosgesinfo.fr\/laplainedesvosgesinfo\/2023\/01\/virginie-martinez-directrice-de-cabinet-de-la-prefete-des-vosges-annonce-deux-nouvelles-mesures-de-lutte-contre-linsecurite-routiere\/\",\"name\":\"Virginie Martinez, directrice de cabinet de la pr\u00e9f\u00e8te des Vosges annonce deux nouvelles mesures de lutte contre l'ins\u00e9curit\u00e9 routi\u00e8re - La Plaine des Vosges\",\"isPartOf\":{\"@id\":\"https:\/\/vosgesinfo.fr\/laplainedesvosgesinfo\/#website\"},\"primaryImageOfPage\":{\"@id\":\"https:\/\/vosgesinfo.fr\/laplainedesvosgesinfo\/2023\/01\/virginie-martinez-directrice-de-cabinet-de-la-prefete-des-vosges-annonce-deux-nouvelles-mesures-de-lutte-contre-linsecurite-routiere\/#primaryimage\"},\"image\":{\"@id\":\"https:\/\/vosgesinfo.fr\/laplainedesvosgesinfo\/2023\/01\/virginie-martinez-directrice-de-cabinet-de-la-prefete-des-vosges-annonce-deux-nouvelles-mesures-de-lutte-contre-linsecurite-routiere\/#primaryimage\"},\"thumbnailUrl\":\"https:\/\/vosgesinfo.fr\/app\/uploads\/sites\/2\/2023\/09\/15.jpg\",\"datePublished\":\"2023-01-24T17:18:47+00:00\",\"dateModified\":\"2023-01-24T17:18:47+00:00\",\"breadcrumb\":{\"@id\":\"https:\/\/vosgesinfo.fr\/laplainedesvosgesinfo\/2023\/01\/virginie-martinez-directrice-de-cabinet-de-la-prefete-des-vosges-annonce-deux-nouvelles-mesures-de-lutte-contre-linsecurite-routiere\/#breadcrumb\"},\"inLanguage\":\"fr-FR\",\"potentialAction\":[{\"@type\":\"ReadAction\",\"target\":[\"https:\/\/vosgesinfo.fr\/laplainedesvosgesinfo\/2023\/01\/virginie-martinez-directrice-de-cabinet-de-la-prefete-des-vosges-annonce-deux-nouvelles-mesures-de-lutte-contre-linsecurite-routiere\/\"]}]},{\"@type\":\"ImageObject\",\"inLanguage\":\"fr-FR\",\"@id\":\"https:\/\/vosgesinfo.fr\/laplainedesvosgesinfo\/2023\/01\/virginie-martinez-directrice-de-cabinet-de-la-prefete-des-vosges-annonce-deux-nouvelles-mesures-de-lutte-contre-linsecurite-routiere\/#primaryimage\",\"url\":\"https:\/\/vosgesinfo.fr\/app\/uploads\/sites\/2\/2023\/09\/15.jpg\",\"contentUrl\":\"https:\/\/vosgesinfo.fr\/app\/uploads\/sites\/2\/2023\/09\/15.jpg\",\"width\":800,\"height\":510},{\"@type\":\"BreadcrumbList\",\"@id\":\"https:\/\/vosgesinfo.fr\/laplainedesvosgesinfo\/2023\/01\/virginie-martinez-directrice-de-cabinet-de-la-prefete-des-vosges-annonce-deux-nouvelles-mesures-de-lutte-contre-linsecurite-routiere\/#breadcrumb\",\"itemListElement\":[{\"@type\":\"ListItem\",\"position\":1,\"name\":\"Home\",\"item\":\"https:\/\/vosgesinfo.fr\/laplainedesvosgesinfo\/\"},{\"@type\":\"ListItem\",\"position\":2,\"name\":\"Virginie Martinez, directrice de cabinet de la pr\u00e9f\u00e8te des Vosges annonce deux nouvelles mesures de lutte contre l&rsquo;ins\u00e9curit\u00e9 routi\u00e8re\"}]},{\"@type\":\"WebSite\",\"@id\":\"https:\/\/vosgesinfo.fr\/laplainedesvosgesinfo\/#website\",\"url\":\"https:\/\/vosgesinfo.fr\/laplainedesvosgesinfo\/\",\"name\":\"La Plaine des Vosges\",\"description\":\"Toute l&#039;actualit\u00e9 de la plaine de Vosges\",\"publisher\":{\"@id\":\"https:\/\/vosgesinfo.fr\/laplainedesvosgesinfo\/#organization\"},\"alternateName\":\"Toute l'actualit\u00e9 de la plaine des Vosges\",\"potentialAction\":[{\"@type\":\"SearchAction\",\"target\":{\"@type\":\"EntryPoint\",\"urlTemplate\":\"https:\/\/vosgesinfo.fr\/laplainedesvosgesinfo\/?s={search_term_string}\"},\"query-input\":\"required name=search_term_string\"}],\"inLanguage\":\"fr-FR\"},{\"@type\":\"Organization\",\"@id\":\"https:\/\/vosgesinfo.fr\/laplainedesvosgesinfo\/#organization\",\"name\":\"La Plaine des Vosges\",\"url\":\"https:\/\/vosgesinfo.fr\/laplainedesvosgesinfo\/\",\"logo\":{\"@type\":\"ImageObject\",\"inLanguage\":\"fr-FR\",\"@id\":\"https:\/\/vosgesinfo.fr\/laplainedesvosgesinfo\/#\/schema\/logo\/image\/\",\"url\":\"https:\/\/vosgesinfo.fr\/app\/uploads\/sites\/2\/2023\/08\/logo-laplaineinfo.svg\",\"contentUrl\":\"https:\/\/vosgesinfo.fr\/app\/uploads\/sites\/2\/2023\/08\/logo-laplaineinfo.svg\",\"width\":1,\"height\":1,\"caption\":\"La Plaine des Vosges\"},\"image\":{\"@id\":\"https:\/\/vosgesinfo.fr\/laplainedesvosgesinfo\/#\/schema\/logo\/image\/\"},\"sameAs\":[\"https:\/\/www.facebook.com\/laplainedesvosges\",\"https:\/\/x.com\/VosgesInfo88\",\"https:\/\/www.youtube.com\/@vosgesinfo\"]},{\"@type\":\"Person\",\"@id\":\"https:\/\/vosgesinfo.fr\/laplainedesvosgesinfo\/#\/schema\/person\/bc5d02d71e6932e81b6dadb7386667b1\",\"name\":\"qs_admin\",\"image\":{\"@type\":\"ImageObject\",\"inLanguage\":\"fr-FR\",\"@id\":\"https:\/\/vosgesinfo.fr\/laplainedesvosgesinfo\/#\/schema\/person\/image\/\",\"url\":\"https:\/\/secure.gravatar.com\/avatar\/94b18ee0ed79e4a42ea2f2931277b6841a8999fc6fde214600c78057cf1fe1de?s=96&d=mm&r=g\",\"contentUrl\":\"https:\/\/secure.gravatar.com\/avatar\/94b18ee0ed79e4a42ea2f2931277b6841a8999fc6fde214600c78057cf1fe1de?s=96&d=mm&r=g\",\"caption\":\"qs_admin\"},\"sameAs\":[\"https:\/\/vosgesinfo.fr\/wp\"],\"url\":\"https:\/\/vosgesinfo.fr\/laplainedesvosgesinfo\/author\/qs_admin\/\"}]}<\/script>\n<!-- \/ Yoast SEO plugin. -->","yoast_head_json":{"title":"Virginie Martinez, directrice de cabinet de la pr\u00e9f\u00e8te des Vosges annonce deux nouvelles mesures de lutte contre l'ins\u00e9curit\u00e9 routi\u00e8re - La Plaine des Vosges","robots":{"index":"index","follow":"follow","max-snippet":"max-snippet:-1","max-image-preview":"max-image-preview:large","max-video-preview":"max-video-preview:-1"},"canonical":"https:\/\/vosgesinfo.fr\/laplainedesvosgesinfo\/2023\/01\/virginie-martinez-directrice-de-cabinet-de-la-prefete-des-vosges-annonce-deux-nouvelles-mesures-de-lutte-contre-linsecurite-routiere\/","twitter_card":"summary_large_image","twitter_title":"Virginie Martinez, directrice de cabinet de la pr\u00e9f\u00e8te des Vosges annonce deux nouvelles mesures de lutte contre l'ins\u00e9curit\u00e9 routi\u00e8re - La Plaine des Vosges","twitter_description":"Ce mardi 24 janvier 2023\u00a0 de 14h00 \u00e0 16h00, la brigade motoris\u00e9e de Ch\u00e2tenois a mis en place une op\u00e9ration [&hellip;]","twitter_image":"https:\/\/vosgesinfo.fr\/app\/uploads\/sites\/2\/2023\/09\/15.jpg","twitter_creator":"@VosgesInfo88","twitter_site":"@VosgesInfo88","twitter_misc":{"\u00c9crit par":"qs_admin","Dur\u00e9e de lecture estim\u00e9e":"4 minutes"},"schema":{"@context":"https:\/\/schema.org","@graph":[{"@type":"Article","@id":"https:\/\/vosgesinfo.fr\/laplainedesvosgesinfo\/2023\/01\/virginie-martinez-directrice-de-cabinet-de-la-prefete-des-vosges-annonce-deux-nouvelles-mesures-de-lutte-contre-linsecurite-routiere\/#article","isPartOf":{"@id":"https:\/\/vosgesinfo.fr\/laplainedesvosgesinfo\/2023\/01\/virginie-martinez-directrice-de-cabinet-de-la-prefete-des-vosges-annonce-deux-nouvelles-mesures-de-lutte-contre-linsecurite-routiere\/"},"author":{"name":"qs_admin","@id":"https:\/\/vosgesinfo.fr\/laplainedesvosgesinfo\/#\/schema\/person\/bc5d02d71e6932e81b6dadb7386667b1"},"headline":"Virginie Martinez, directrice de cabinet de la pr\u00e9f\u00e8te des Vosges annonce deux nouvelles mesures de lutte contre l&rsquo;ins\u00e9curit\u00e9 routi\u00e8re","datePublished":"2023-01-24T17:18:47+00:00","dateModified":"2023-01-24T17:18:47+00:00","mainEntityOfPage":{"@id":"https:\/\/vosgesinfo.fr\/laplainedesvosgesinfo\/2023\/01\/virginie-martinez-directrice-de-cabinet-de-la-prefete-des-vosges-annonce-deux-nouvelles-mesures-de-lutte-contre-linsecurite-routiere\/"},"wordCount":860,"commentCount":0,"publisher":{"@id":"https:\/\/vosgesinfo.fr\/laplainedesvosgesinfo\/#organization"},"image":{"@id":"https:\/\/vosgesinfo.fr\/laplainedesvosgesinfo\/2023\/01\/virginie-martinez-directrice-de-cabinet-de-la-prefete-des-vosges-annonce-deux-nouvelles-mesures-de-lutte-contre-linsecurite-routiere\/#primaryimage"},"thumbnailUrl":"https:\/\/vosgesinfo.fr\/app\/uploads\/sites\/2\/2023\/09\/15.jpg","keywords":["Prefet des Vossges"],"articleSection":["A la Une","Ch\u00e2tenois","S\u00e9curit\u00e9"],"inLanguage":"fr-FR","potentialAction":[{"@type":"CommentAction","name":"Comment","target":["https:\/\/vosgesinfo.fr\/laplainedesvosgesinfo\/2023\/01\/virginie-martinez-directrice-de-cabinet-de-la-prefete-des-vosges-annonce-deux-nouvelles-mesures-de-lutte-contre-linsecurite-routiere\/#respond"]}]},{"@type":"WebPage","@id":"https:\/\/vosgesinfo.fr\/laplainedesvosgesinfo\/2023\/01\/virginie-martinez-directrice-de-cabinet-de-la-prefete-des-vosges-annonce-deux-nouvelles-mesures-de-lutte-contre-linsecurite-routiere\/","url":"https:\/\/vosgesinfo.fr\/laplainedesvosgesinfo\/2023\/01\/virginie-martinez-directrice-de-cabinet-de-la-prefete-des-vosges-annonce-deux-nouvelles-mesures-de-lutte-contre-linsecurite-routiere\/","name":"Virginie Martinez, directrice de cabinet de la pr\u00e9f\u00e8te des Vosges annonce deux nouvelles mesures de lutte contre l'ins\u00e9curit\u00e9 routi\u00e8re - La Plaine des Vosges","isPartOf":{"@id":"https:\/\/vosgesinfo.fr\/laplainedesvosgesinfo\/#website"},"primaryImageOfPage":{"@id":"https:\/\/vosgesinfo.fr\/laplainedesvosgesinfo\/2023\/01\/virginie-martinez-directrice-de-cabinet-de-la-prefete-des-vosges-annonce-deux-nouvelles-mesures-de-lutte-contre-linsecurite-routiere\/#primaryimage"},"image":{"@id":"https:\/\/vosgesinfo.fr\/laplainedesvosgesinfo\/2023\/01\/virginie-martinez-directrice-de-cabinet-de-la-prefete-des-vosges-annonce-deux-nouvelles-mesures-de-lutte-contre-linsecurite-routiere\/#primaryimage"},"thumbnailUrl":"https:\/\/vosgesinfo.fr\/app\/uploads\/sites\/2\/2023\/09\/15.jpg","datePublished":"2023-01-24T17:18:47+00:00","dateModified":"2023-01-24T17:18:47+00:00","breadcrumb":{"@id":"https:\/\/vosgesinfo.fr\/laplainedesvosgesinfo\/2023\/01\/virginie-martinez-directrice-de-cabinet-de-la-prefete-des-vosges-annonce-deux-nouvelles-mesures-de-lutte-contre-linsecurite-routiere\/#breadcrumb"},"inLanguage":"fr-FR","potentialAction":[{"@type":"ReadAction","target":["https:\/\/vosgesinfo.fr\/laplainedesvosgesinfo\/2023\/01\/virginie-martinez-directrice-de-cabinet-de-la-prefete-des-vosges-annonce-deux-nouvelles-mesures-de-lutte-contre-linsecurite-routiere\/"]}]},{"@type":"ImageObject","inLanguage":"fr-FR","@id":"https:\/\/vosgesinfo.fr\/laplainedesvosgesinfo\/2023\/01\/virginie-martinez-directrice-de-cabinet-de-la-prefete-des-vosges-annonce-deux-nouvelles-mesures-de-lutte-contre-linsecurite-routiere\/#primaryimage","url":"https:\/\/vosgesinfo.fr\/app\/uploads\/sites\/2\/2023\/09\/15.jpg","contentUrl":"https:\/\/vosgesinfo.fr\/app\/uploads\/sites\/2\/2023\/09\/15.jpg","width":800,"height":510},{"@type":"BreadcrumbList","@id":"https:\/\/vosgesinfo.fr\/laplainedesvosgesinfo\/2023\/01\/virginie-martinez-directrice-de-cabinet-de-la-prefete-des-vosges-annonce-deux-nouvelles-mesures-de-lutte-contre-linsecurite-routiere\/#breadcrumb","itemListElement":[{"@type":"ListItem","position":1,"name":"Home","item":"https:\/\/vosgesinfo.fr\/laplainedesvosgesinfo\/"},{"@type":"ListItem","position":2,"name":"Virginie Martinez, directrice de cabinet de la pr\u00e9f\u00e8te des Vosges annonce deux nouvelles mesures de lutte contre l&rsquo;ins\u00e9curit\u00e9 routi\u00e8re"}]},{"@type":"WebSite","@id":"https:\/\/vosgesinfo.fr\/laplainedesvosgesinfo\/#website","url":"https:\/\/vosgesinfo.fr\/laplainedesvosgesinfo\/","name":"La Plaine des Vosges","description":"Toute l&#039;actualit\u00e9 de la plaine de Vosges","publisher":{"@id":"https:\/\/vosgesinfo.fr\/laplainedesvosgesinfo\/#organization"},"alternateName":"Toute l'actualit\u00e9 de la plaine des Vosges","potentialAction":[{"@type":"SearchAction","target":{"@type":"EntryPoint","urlTemplate":"https:\/\/vosgesinfo.fr\/laplainedesvosgesinfo\/?s={search_term_string}"},"query-input":"required name=search_term_string"}],"inLanguage":"fr-FR"},{"@type":"Organization","@id":"https:\/\/vosgesinfo.fr\/laplainedesvosgesinfo\/#organization","name":"La Plaine des Vosges","url":"https:\/\/vosgesinfo.fr\/laplainedesvosgesinfo\/","logo":{"@type":"ImageObject","inLanguage":"fr-FR","@id":"https:\/\/vosgesinfo.fr\/laplainedesvosgesinfo\/#\/schema\/logo\/image\/","url":"https:\/\/vosgesinfo.fr\/app\/uploads\/sites\/2\/2023\/08\/logo-laplaineinfo.svg","contentUrl":"https:\/\/vosgesinfo.fr\/app\/uploads\/sites\/2\/2023\/08\/logo-laplaineinfo.svg","width":1,"height":1,"caption":"La Plaine des Vosges"},"image":{"@id":"https:\/\/vosgesinfo.fr\/laplainedesvosgesinfo\/#\/schema\/logo\/image\/"},"sameAs":["https:\/\/www.facebook.com\/laplainedesvosges","https:\/\/x.com\/VosgesInfo88","https:\/\/www.youtube.com\/@vosgesinfo"]},{"@type":"Person","@id":"https:\/\/vosgesinfo.fr\/laplainedesvosgesinfo\/#\/schema\/person\/bc5d02d71e6932e81b6dadb7386667b1","name":"qs_admin","image":{"@type":"ImageObject","inLanguage":"fr-FR","@id":"https:\/\/vosgesinfo.fr\/laplainedesvosgesinfo\/#\/schema\/person\/image\/","url":"https:\/\/secure.gravatar.com\/avatar\/94b18ee0ed79e4a42ea2f2931277b6841a8999fc6fde214600c78057cf1fe1de?s=96&d=mm&r=g","contentUrl":"https:\/\/secure.gravatar.com\/avatar\/94b18ee0ed79e4a42ea2f2931277b6841a8999fc6fde214600c78057cf1fe1de?s=96&d=mm&r=g","caption":"qs_admin"},"sameAs":["https:\/\/vosgesinfo.fr\/wp"],"url":"https:\/\/vosgesinfo.fr\/laplainedesvosgesinfo\/author\/qs_admin\/"}]}},"_links":{"self":[{"href":"https:\/\/vosgesinfo.fr\/laplainedesvosgesinfo\/wp-json\/wp\/v2\/posts\/24901","targetHints":{"allow":["GET"]}}],"collection":[{"href":"https:\/\/vosgesinfo.fr\/laplainedesvosgesinfo\/wp-json\/wp\/v2\/posts"}],"about":[{"href":"https:\/\/vosgesinfo.fr\/laplainedesvosgesinfo\/wp-json\/wp\/v2\/types\/post"}],"author":[{"embeddable":true,"href":"https:\/\/vosgesinfo.fr\/laplainedesvosgesinfo\/wp-json\/wp\/v2\/users\/1"}],"replies":[{"embeddable":true,"href":"https:\/\/vosgesinfo.fr\/laplainedesvosgesinfo\/wp-json\/wp\/v2\/comments?post=24901"}],"version-history":[{"count":0,"href":"https:\/\/vosgesinfo.fr\/laplainedesvosgesinfo\/wp-json\/wp\/v2\/posts\/24901\/revisions"}],"wp:featuredmedia":[{"embeddable":true,"href":"https:\/\/vosgesinfo.fr\/laplainedesvosgesinfo\/wp-json\/wp\/v2\/media\/452"}],"wp:attachment":[{"href":"https:\/\/vosgesinfo.fr\/laplainedesvosgesinfo\/wp-json\/wp\/v2\/media?parent=24901"}],"wp:term":[{"taxonomy":"category","embeddable":true,"href":"https:\/\/vosgesinfo.fr\/laplainedesvosgesinfo\/wp-json\/wp\/v2\/categories?post=24901"},{"taxonomy":"post_tag","embeddable":true,"href":"https:\/\/vosgesinfo.fr\/laplainedesvosgesinfo\/wp-json\/wp\/v2\/tags?post=24901"}],"curies":[{"name":"wp","href":"https:\/\/api.w.org\/{rel}","templated":true}]}}