{"id":25445,"date":"2023-03-27T17:30:56","date_gmt":"2023-03-27T15:30:56","guid":{"rendered":"https:\/\/vosgesinfo.fr\/laplainedesvosgesinfo\/2023\/03\/jackie-fremont-sensibilise-a-nouveau-les-enfants-au-patrimoine\/"},"modified":"2023-03-27T17:30:56","modified_gmt":"2023-03-27T15:30:56","slug":"jackie-fremont-sensibilise-a-nouveau-les-enfants-au-patrimoine","status":"publish","type":"post","link":"https:\/\/vosgesinfo.fr\/laplainedesvosgesinfo\/2023\/03\/jackie-fremont-sensibilise-a-nouveau-les-enfants-au-patrimoine\/","title":{"rendered":"Jackie Fremont sensibilise \u00e0 nouveau les enfants au patrimoine"},"content":{"rendered":"\n<p><strong>Jackie Fremont est un homme heureux. Chaque ann\u00e9e, il se pla\u00eet \u00e0 constater le vif int\u00e9r\u00eat port\u00e9 au Patrimoine par les \u00e9l\u00e8ves vittellois. Le coll\u00e8ge de Vittel aux c\u00f4t\u00e9s de la Fondation du Patrimoine et les services de la DRAC, mais \u00e9galement du Rectorat, a d\u00e9cid\u00e9 pour l\u2019ann\u00e9e scolaire 2022 &#8211; 2023 de reconduire ce projet f\u00e9d\u00e9rateur afin de faire\u00a0d\u00e9couvrir le patrimoine de la Plaine\u00a0des Vosges.<\/strong><\/p>\n<p class=\"p1\"><span class=\"s1\">La Principale du coll\u00e8ge Jules Verne de Vittel, aux c\u00f4t\u00e9s de Monsieur\u00a0Jacquet et Madame\u00a0Coquillat Professeurs d&rsquo;histoire et de g\u00e9ographie, ont propos\u00e9 aux \u00e9l\u00e8ves des classes de 6\u00e8me de r\u00e9aliser une fiche sur le patrimoine qui les entoure. Ce patrimoine pouvant \u00eatre industriel ou religieux, mais \u00e9galement militaire ou naturel.<\/span><\/p>\n<p class=\"p1\"><span class=\"s1\">Dans un premier temps, Jackie Fremont est intervenu dans les 3 classes de 6 \u00e8me du coll\u00e8ge de Vittel, sur le th\u00e8me \u00ab Notre\u00a0\u00a0Patrimoine, comment le prot\u00e9ger \u00bb. Des\u00a0<\/span><span class=\"s1\">conf\u00e9rences se sont tenues en d\u00e9but d&rsquo;ann\u00e9e scolaire au coll\u00e8ge. En compl\u00e9ment, la\u00a0<\/span><span class=\"s1\">Fondation du Patrimoine a propos\u00e9 un concours destin\u00e9 \u00e0 r\u00e9compenser les auteurs des fiches les plus m\u00e9ritantes.<\/span><\/p>\n<p class=\"p1\"><span class=\"s1\">La notation des fiches a \u00e9t\u00e9 faite par un jury, compos\u00e9 de personnes sp\u00e9cialis\u00e9es en mati\u00e8re de protection du patrimoine vosgien, et une page de notation \u00e0 \u00e9t\u00e9 con\u00e7ue.\u00a0<\/span><span class=\"s1\">Le classement termin\u00e9, les<\/span><span class=\"s1\">\u00a0\u00e9l\u00e8ves s\u00e9lectionn\u00e9s ont \u00e9t\u00e9 r\u00e9compens\u00e9s par le Kiwanis Club de Vittel et le Conseil d\u00e9partemental. La Communaut\u00e9 de Communes et la ville de Vittel ont \u00e9galement offert des prix aux laur\u00e9ats.<\/span><\/p>\n","protected":false},"excerpt":{"rendered":"<p>Jackie Fremont est un homme heureux. Chaque ann\u00e9e, il se pla\u00eet \u00e0 constater le vif int\u00e9r\u00eat port\u00e9 au Patrimoine par [&hellip;]<\/p>\n","protected":false},"author":128,"featured_media":25446,"comment_status":"open","ping_status":"open","sticky":false,"template":"","format":"standard","meta":{"footnotes":""},"categories":[29,6,37,38,18],"tags":[953,6700,7124,36],"class_list":["post-25445","post","type-post","status-publish","format-standard","has-post-thumbnail","hentry","category-a-la-une","category-education","category-la-plaine","category-vittel-la-plaine","category-vosges","tag-college-jules-verne","tag-jackie-fremont","tag-la-fondation-du-patrimoine","tag-ville-de-vittel"],"acf":[],"yoast_head":"<!-- This site is optimized with the Yoast SEO plugin v22.5 - https:\/\/yoast.com\/wordpress\/plugins\/seo\/ -->\n<title>Jackie Fremont sensibilise \u00e0 nouveau les enfants au patrimoine - La Plaine des Vosges<\/title>\n<meta name=\"robots\" content=\"index, follow, max-snippet:-1, max-image-preview:large, max-video-preview:-1\" \/>\n<link rel=\"canonical\" href=\"https:\/\/vosgesinfo.fr\/laplainedesvosgesinfo\/2023\/03\/jackie-fremont-sensibilise-a-nouveau-les-enfants-au-patrimoine\/\" \/>\n<meta name=\"twitter:card\" content=\"summary_large_image\" \/>\n<meta name=\"twitter:title\" content=\"Jackie Fremont sensibilise \u00e0 nouveau les enfants au patrimoine - La Plaine des Vosges\" \/>\n<meta name=\"twitter:description\" content=\"Jackie Fremont est un homme heureux. Chaque ann\u00e9e, il se pla\u00eet \u00e0 constater le vif int\u00e9r\u00eat port\u00e9 au Patrimoine par [&hellip;]\" \/>\n<meta name=\"twitter:image\" content=\"https:\/\/vosgesinfo.fr\/app\/uploads\/sites\/2\/2024\/07\/2023036e8dccae-ebde-4a5a-868f-a1ab6f0e8b09.jpeg\" \/>\n<meta name=\"twitter:creator\" content=\"@VosgesInfo88\" \/>\n<meta name=\"twitter:site\" content=\"@VosgesInfo88\" \/>\n<meta name=\"twitter:label1\" content=\"\u00c9crit par\" \/>\n\t<meta name=\"twitter:data1\" content=\"F L\" \/>\n\t<meta name=\"twitter:label2\" content=\"Dur\u00e9e de lecture estim\u00e9e\" \/>\n\t<meta name=\"twitter:data2\" content=\"1 minute\" \/>\n<script type=\"application\/ld+json\" class=\"yoast-schema-graph\">{\"@context\":\"https:\/\/schema.org\",\"@graph\":[{\"@type\":\"Article\",\"@id\":\"https:\/\/vosgesinfo.fr\/laplainedesvosgesinfo\/2023\/03\/jackie-fremont-sensibilise-a-nouveau-les-enfants-au-patrimoine\/#article\",\"isPartOf\":{\"@id\":\"https:\/\/vosgesinfo.fr\/laplainedesvosgesinfo\/2023\/03\/jackie-fremont-sensibilise-a-nouveau-les-enfants-au-patrimoine\/\"},\"author\":{\"name\":\"F L\",\"@id\":\"https:\/\/vosgesinfo.fr\/laplainedesvosgesinfo\/#\/schema\/person\/79e32bebcee803e323d575130a214cb1\"},\"headline\":\"Jackie Fremont sensibilise \u00e0 nouveau les enfants au patrimoine\",\"datePublished\":\"2023-03-27T15:30:56+00:00\",\"dateModified\":\"2023-03-27T15:30:56+00:00\",\"mainEntityOfPage\":{\"@id\":\"https:\/\/vosgesinfo.fr\/laplainedesvosgesinfo\/2023\/03\/jackie-fremont-sensibilise-a-nouveau-les-enfants-au-patrimoine\/\"},\"wordCount\":289,\"commentCount\":0,\"publisher\":{\"@id\":\"https:\/\/vosgesinfo.fr\/laplainedesvosgesinfo\/#organization\"},\"image\":{\"@id\":\"https:\/\/vosgesinfo.fr\/laplainedesvosgesinfo\/2023\/03\/jackie-fremont-sensibilise-a-nouveau-les-enfants-au-patrimoine\/#primaryimage\"},\"thumbnailUrl\":\"https:\/\/vosgesinfo.fr\/app\/uploads\/sites\/2\/2024\/07\/2023036e8dccae-ebde-4a5a-868f-a1ab6f0e8b09.jpeg\",\"keywords\":[\"coll\u00e8ge Jules Verne\",\"Jackie Fr\u00e9mont\",\"La Fondation du Patrimoine\",\"Ville de Vittel\"],\"articleSection\":[\"A la Une\",\"\u00c9ducation\",\"La Plaine\",\"Vittel\",\"Vosges\"],\"inLanguage\":\"fr-FR\",\"potentialAction\":[{\"@type\":\"CommentAction\",\"name\":\"Comment\",\"target\":[\"https:\/\/vosgesinfo.fr\/laplainedesvosgesinfo\/2023\/03\/jackie-fremont-sensibilise-a-nouveau-les-enfants-au-patrimoine\/#respond\"]}]},{\"@type\":\"WebPage\",\"@id\":\"https:\/\/vosgesinfo.fr\/laplainedesvosgesinfo\/2023\/03\/jackie-fremont-sensibilise-a-nouveau-les-enfants-au-patrimoine\/\",\"url\":\"https:\/\/vosgesinfo.fr\/laplainedesvosgesinfo\/2023\/03\/jackie-fremont-sensibilise-a-nouveau-les-enfants-au-patrimoine\/\",\"name\":\"Jackie Fremont sensibilise \u00e0 nouveau les enfants au patrimoine - La Plaine des Vosges\",\"isPartOf\":{\"@id\":\"https:\/\/vosgesinfo.fr\/laplainedesvosgesinfo\/#website\"},\"primaryImageOfPage\":{\"@id\":\"https:\/\/vosgesinfo.fr\/laplainedesvosgesinfo\/2023\/03\/jackie-fremont-sensibilise-a-nouveau-les-enfants-au-patrimoine\/#primaryimage\"},\"image\":{\"@id\":\"https:\/\/vosgesinfo.fr\/laplainedesvosgesinfo\/2023\/03\/jackie-fremont-sensibilise-a-nouveau-les-enfants-au-patrimoine\/#primaryimage\"},\"thumbnailUrl\":\"https:\/\/vosgesinfo.fr\/app\/uploads\/sites\/2\/2024\/07\/2023036e8dccae-ebde-4a5a-868f-a1ab6f0e8b09.jpeg\",\"datePublished\":\"2023-03-27T15:30:56+00:00\",\"dateModified\":\"2023-03-27T15:30:56+00:00\",\"breadcrumb\":{\"@id\":\"https:\/\/vosgesinfo.fr\/laplainedesvosgesinfo\/2023\/03\/jackie-fremont-sensibilise-a-nouveau-les-enfants-au-patrimoine\/#breadcrumb\"},\"inLanguage\":\"fr-FR\",\"potentialAction\":[{\"@type\":\"ReadAction\",\"target\":[\"https:\/\/vosgesinfo.fr\/laplainedesvosgesinfo\/2023\/03\/jackie-fremont-sensibilise-a-nouveau-les-enfants-au-patrimoine\/\"]}]},{\"@type\":\"ImageObject\",\"inLanguage\":\"fr-FR\",\"@id\":\"https:\/\/vosgesinfo.fr\/laplainedesvosgesinfo\/2023\/03\/jackie-fremont-sensibilise-a-nouveau-les-enfants-au-patrimoine\/#primaryimage\",\"url\":\"https:\/\/vosgesinfo.fr\/app\/uploads\/sites\/2\/2024\/07\/2023036e8dccae-ebde-4a5a-868f-a1ab6f0e8b09.jpeg\",\"contentUrl\":\"https:\/\/vosgesinfo.fr\/app\/uploads\/sites\/2\/2024\/07\/2023036e8dccae-ebde-4a5a-868f-a1ab6f0e8b09.jpeg\",\"width\":800,\"height\":800},{\"@type\":\"BreadcrumbList\",\"@id\":\"https:\/\/vosgesinfo.fr\/laplainedesvosgesinfo\/2023\/03\/jackie-fremont-sensibilise-a-nouveau-les-enfants-au-patrimoine\/#breadcrumb\",\"itemListElement\":[{\"@type\":\"ListItem\",\"position\":1,\"name\":\"Home\",\"item\":\"https:\/\/vosgesinfo.fr\/laplainedesvosgesinfo\/\"},{\"@type\":\"ListItem\",\"position\":2,\"name\":\"Jackie Fremont sensibilise \u00e0 nouveau les enfants au patrimoine\"}]},{\"@type\":\"WebSite\",\"@id\":\"https:\/\/vosgesinfo.fr\/laplainedesvosgesinfo\/#website\",\"url\":\"https:\/\/vosgesinfo.fr\/laplainedesvosgesinfo\/\",\"name\":\"La Plaine des Vosges\",\"description\":\"Toute l&#039;actualit\u00e9 de la plaine de Vosges\",\"publisher\":{\"@id\":\"https:\/\/vosgesinfo.fr\/laplainedesvosgesinfo\/#organization\"},\"alternateName\":\"Toute l'actualit\u00e9 de la plaine des Vosges\",\"potentialAction\":[{\"@type\":\"SearchAction\",\"target\":{\"@type\":\"EntryPoint\",\"urlTemplate\":\"https:\/\/vosgesinfo.fr\/laplainedesvosgesinfo\/?s={search_term_string}\"},\"query-input\":\"required name=search_term_string\"}],\"inLanguage\":\"fr-FR\"},{\"@type\":\"Organization\",\"@id\":\"https:\/\/vosgesinfo.fr\/laplainedesvosgesinfo\/#organization\",\"name\":\"La Plaine des Vosges\",\"url\":\"https:\/\/vosgesinfo.fr\/laplainedesvosgesinfo\/\",\"logo\":{\"@type\":\"ImageObject\",\"inLanguage\":\"fr-FR\",\"@id\":\"https:\/\/vosgesinfo.fr\/laplainedesvosgesinfo\/#\/schema\/logo\/image\/\",\"url\":\"https:\/\/vosgesinfo.fr\/app\/uploads\/sites\/2\/2023\/08\/logo-laplaineinfo.svg\",\"contentUrl\":\"https:\/\/vosgesinfo.fr\/app\/uploads\/sites\/2\/2023\/08\/logo-laplaineinfo.svg\",\"width\":1,\"height\":1,\"caption\":\"La Plaine des Vosges\"},\"image\":{\"@id\":\"https:\/\/vosgesinfo.fr\/laplainedesvosgesinfo\/#\/schema\/logo\/image\/\"},\"sameAs\":[\"https:\/\/www.facebook.com\/laplainedesvosges\",\"https:\/\/x.com\/VosgesInfo88\",\"https:\/\/www.youtube.com\/@vosgesinfo\"]},{\"@type\":\"Person\",\"@id\":\"https:\/\/vosgesinfo.fr\/laplainedesvosgesinfo\/#\/schema\/person\/79e32bebcee803e323d575130a214cb1\",\"name\":\"F L\",\"image\":{\"@type\":\"ImageObject\",\"inLanguage\":\"fr-FR\",\"@id\":\"https:\/\/vosgesinfo.fr\/laplainedesvosgesinfo\/#\/schema\/person\/image\/\",\"url\":\"https:\/\/secure.gravatar.com\/avatar\/d357c72e152089867fde6ef62184057ee532a6f21b254c937a932e835554cfb3?s=96&d=mm&r=g\",\"contentUrl\":\"https:\/\/secure.gravatar.com\/avatar\/d357c72e152089867fde6ef62184057ee532a6f21b254c937a932e835554cfb3?s=96&d=mm&r=g\",\"caption\":\"F L\"},\"url\":\"https:\/\/vosgesinfo.fr\/laplainedesvosgesinfo\/author\/frlevyp88\/\"}]}<\/script>\n<!-- \/ Yoast SEO plugin. -->","yoast_head_json":{"title":"Jackie Fremont sensibilise \u00e0 nouveau les enfants au patrimoine - La Plaine des Vosges","robots":{"index":"index","follow":"follow","max-snippet":"max-snippet:-1","max-image-preview":"max-image-preview:large","max-video-preview":"max-video-preview:-1"},"canonical":"https:\/\/vosgesinfo.fr\/laplainedesvosgesinfo\/2023\/03\/jackie-fremont-sensibilise-a-nouveau-les-enfants-au-patrimoine\/","twitter_card":"summary_large_image","twitter_title":"Jackie Fremont sensibilise \u00e0 nouveau les enfants au patrimoine - La Plaine des Vosges","twitter_description":"Jackie Fremont est un homme heureux. Chaque ann\u00e9e, il se pla\u00eet \u00e0 constater le vif int\u00e9r\u00eat port\u00e9 au Patrimoine par [&hellip;]","twitter_image":"https:\/\/vosgesinfo.fr\/app\/uploads\/sites\/2\/2024\/07\/2023036e8dccae-ebde-4a5a-868f-a1ab6f0e8b09.jpeg","twitter_creator":"@VosgesInfo88","twitter_site":"@VosgesInfo88","twitter_misc":{"\u00c9crit par":"F L","Dur\u00e9e de lecture estim\u00e9e":"1 minute"},"schema":{"@context":"https:\/\/schema.org","@graph":[{"@type":"Article","@id":"https:\/\/vosgesinfo.fr\/laplainedesvosgesinfo\/2023\/03\/jackie-fremont-sensibilise-a-nouveau-les-enfants-au-patrimoine\/#article","isPartOf":{"@id":"https:\/\/vosgesinfo.fr\/laplainedesvosgesinfo\/2023\/03\/jackie-fremont-sensibilise-a-nouveau-les-enfants-au-patrimoine\/"},"author":{"name":"F L","@id":"https:\/\/vosgesinfo.fr\/laplainedesvosgesinfo\/#\/schema\/person\/79e32bebcee803e323d575130a214cb1"},"headline":"Jackie Fremont sensibilise \u00e0 nouveau les enfants au patrimoine","datePublished":"2023-03-27T15:30:56+00:00","dateModified":"2023-03-27T15:30:56+00:00","mainEntityOfPage":{"@id":"https:\/\/vosgesinfo.fr\/laplainedesvosgesinfo\/2023\/03\/jackie-fremont-sensibilise-a-nouveau-les-enfants-au-patrimoine\/"},"wordCount":289,"commentCount":0,"publisher":{"@id":"https:\/\/vosgesinfo.fr\/laplainedesvosgesinfo\/#organization"},"image":{"@id":"https:\/\/vosgesinfo.fr\/laplainedesvosgesinfo\/2023\/03\/jackie-fremont-sensibilise-a-nouveau-les-enfants-au-patrimoine\/#primaryimage"},"thumbnailUrl":"https:\/\/vosgesinfo.fr\/app\/uploads\/sites\/2\/2024\/07\/2023036e8dccae-ebde-4a5a-868f-a1ab6f0e8b09.jpeg","keywords":["coll\u00e8ge Jules Verne","Jackie Fr\u00e9mont","La Fondation du Patrimoine","Ville de Vittel"],"articleSection":["A la Une","\u00c9ducation","La Plaine","Vittel","Vosges"],"inLanguage":"fr-FR","potentialAction":[{"@type":"CommentAction","name":"Comment","target":["https:\/\/vosgesinfo.fr\/laplainedesvosgesinfo\/2023\/03\/jackie-fremont-sensibilise-a-nouveau-les-enfants-au-patrimoine\/#respond"]}]},{"@type":"WebPage","@id":"https:\/\/vosgesinfo.fr\/laplainedesvosgesinfo\/2023\/03\/jackie-fremont-sensibilise-a-nouveau-les-enfants-au-patrimoine\/","url":"https:\/\/vosgesinfo.fr\/laplainedesvosgesinfo\/2023\/03\/jackie-fremont-sensibilise-a-nouveau-les-enfants-au-patrimoine\/","name":"Jackie Fremont sensibilise \u00e0 nouveau les enfants au patrimoine - La Plaine des Vosges","isPartOf":{"@id":"https:\/\/vosgesinfo.fr\/laplainedesvosgesinfo\/#website"},"primaryImageOfPage":{"@id":"https:\/\/vosgesinfo.fr\/laplainedesvosgesinfo\/2023\/03\/jackie-fremont-sensibilise-a-nouveau-les-enfants-au-patrimoine\/#primaryimage"},"image":{"@id":"https:\/\/vosgesinfo.fr\/laplainedesvosgesinfo\/2023\/03\/jackie-fremont-sensibilise-a-nouveau-les-enfants-au-patrimoine\/#primaryimage"},"thumbnailUrl":"https:\/\/vosgesinfo.fr\/app\/uploads\/sites\/2\/2024\/07\/2023036e8dccae-ebde-4a5a-868f-a1ab6f0e8b09.jpeg","datePublished":"2023-03-27T15:30:56+00:00","dateModified":"2023-03-27T15:30:56+00:00","breadcrumb":{"@id":"https:\/\/vosgesinfo.fr\/laplainedesvosgesinfo\/2023\/03\/jackie-fremont-sensibilise-a-nouveau-les-enfants-au-patrimoine\/#breadcrumb"},"inLanguage":"fr-FR","potentialAction":[{"@type":"ReadAction","target":["https:\/\/vosgesinfo.fr\/laplainedesvosgesinfo\/2023\/03\/jackie-fremont-sensibilise-a-nouveau-les-enfants-au-patrimoine\/"]}]},{"@type":"ImageObject","inLanguage":"fr-FR","@id":"https:\/\/vosgesinfo.fr\/laplainedesvosgesinfo\/2023\/03\/jackie-fremont-sensibilise-a-nouveau-les-enfants-au-patrimoine\/#primaryimage","url":"https:\/\/vosgesinfo.fr\/app\/uploads\/sites\/2\/2024\/07\/2023036e8dccae-ebde-4a5a-868f-a1ab6f0e8b09.jpeg","contentUrl":"https:\/\/vosgesinfo.fr\/app\/uploads\/sites\/2\/2024\/07\/2023036e8dccae-ebde-4a5a-868f-a1ab6f0e8b09.jpeg","width":800,"height":800},{"@type":"BreadcrumbList","@id":"https:\/\/vosgesinfo.fr\/laplainedesvosgesinfo\/2023\/03\/jackie-fremont-sensibilise-a-nouveau-les-enfants-au-patrimoine\/#breadcrumb","itemListElement":[{"@type":"ListItem","position":1,"name":"Home","item":"https:\/\/vosgesinfo.fr\/laplainedesvosgesinfo\/"},{"@type":"ListItem","position":2,"name":"Jackie Fremont sensibilise \u00e0 nouveau les enfants au patrimoine"}]},{"@type":"WebSite","@id":"https:\/\/vosgesinfo.fr\/laplainedesvosgesinfo\/#website","url":"https:\/\/vosgesinfo.fr\/laplainedesvosgesinfo\/","name":"La Plaine des Vosges","description":"Toute l&#039;actualit\u00e9 de la plaine de Vosges","publisher":{"@id":"https:\/\/vosgesinfo.fr\/laplainedesvosgesinfo\/#organization"},"alternateName":"Toute l'actualit\u00e9 de la plaine des Vosges","potentialAction":[{"@type":"SearchAction","target":{"@type":"EntryPoint","urlTemplate":"https:\/\/vosgesinfo.fr\/laplainedesvosgesinfo\/?s={search_term_string}"},"query-input":"required name=search_term_string"}],"inLanguage":"fr-FR"},{"@type":"Organization","@id":"https:\/\/vosgesinfo.fr\/laplainedesvosgesinfo\/#organization","name":"La Plaine des Vosges","url":"https:\/\/vosgesinfo.fr\/laplainedesvosgesinfo\/","logo":{"@type":"ImageObject","inLanguage":"fr-FR","@id":"https:\/\/vosgesinfo.fr\/laplainedesvosgesinfo\/#\/schema\/logo\/image\/","url":"https:\/\/vosgesinfo.fr\/app\/uploads\/sites\/2\/2023\/08\/logo-laplaineinfo.svg","contentUrl":"https:\/\/vosgesinfo.fr\/app\/uploads\/sites\/2\/2023\/08\/logo-laplaineinfo.svg","width":1,"height":1,"caption":"La Plaine des Vosges"},"image":{"@id":"https:\/\/vosgesinfo.fr\/laplainedesvosgesinfo\/#\/schema\/logo\/image\/"},"sameAs":["https:\/\/www.facebook.com\/laplainedesvosges","https:\/\/x.com\/VosgesInfo88","https:\/\/www.youtube.com\/@vosgesinfo"]},{"@type":"Person","@id":"https:\/\/vosgesinfo.fr\/laplainedesvosgesinfo\/#\/schema\/person\/79e32bebcee803e323d575130a214cb1","name":"F L","image":{"@type":"ImageObject","inLanguage":"fr-FR","@id":"https:\/\/vosgesinfo.fr\/laplainedesvosgesinfo\/#\/schema\/person\/image\/","url":"https:\/\/secure.gravatar.com\/avatar\/d357c72e152089867fde6ef62184057ee532a6f21b254c937a932e835554cfb3?s=96&d=mm&r=g","contentUrl":"https:\/\/secure.gravatar.com\/avatar\/d357c72e152089867fde6ef62184057ee532a6f21b254c937a932e835554cfb3?s=96&d=mm&r=g","caption":"F L"},"url":"https:\/\/vosgesinfo.fr\/laplainedesvosgesinfo\/author\/frlevyp88\/"}]}},"_links":{"self":[{"href":"https:\/\/vosgesinfo.fr\/laplainedesvosgesinfo\/wp-json\/wp\/v2\/posts\/25445","targetHints":{"allow":["GET"]}}],"collection":[{"href":"https:\/\/vosgesinfo.fr\/laplainedesvosgesinfo\/wp-json\/wp\/v2\/posts"}],"about":[{"href":"https:\/\/vosgesinfo.fr\/laplainedesvosgesinfo\/wp-json\/wp\/v2\/types\/post"}],"author":[{"embeddable":true,"href":"https:\/\/vosgesinfo.fr\/laplainedesvosgesinfo\/wp-json\/wp\/v2\/users\/128"}],"replies":[{"embeddable":true,"href":"https:\/\/vosgesinfo.fr\/laplainedesvosgesinfo\/wp-json\/wp\/v2\/comments?post=25445"}],"version-history":[{"count":0,"href":"https:\/\/vosgesinfo.fr\/laplainedesvosgesinfo\/wp-json\/wp\/v2\/posts\/25445\/revisions"}],"wp:featuredmedia":[{"embeddable":true,"href":"https:\/\/vosgesinfo.fr\/laplainedesvosgesinfo\/wp-json\/wp\/v2\/media\/25446"}],"wp:attachment":[{"href":"https:\/\/vosgesinfo.fr\/laplainedesvosgesinfo\/wp-json\/wp\/v2\/media?parent=25445"}],"wp:term":[{"taxonomy":"category","embeddable":true,"href":"https:\/\/vosgesinfo.fr\/laplainedesvosgesinfo\/wp-json\/wp\/v2\/categories?post=25445"},{"taxonomy":"post_tag","embeddable":true,"href":"https:\/\/vosgesinfo.fr\/laplainedesvosgesinfo\/wp-json\/wp\/v2\/tags?post=25445"}],"curies":[{"name":"wp","href":"https:\/\/api.w.org\/{rel}","templated":true}]}}