{"id":25449,"date":"2023-03-28T07:39:22","date_gmt":"2023-03-28T05:39:22","guid":{"rendered":"https:\/\/vosgesinfo.fr\/laplainedesvosgesinfo\/2023\/03\/circuit-de-mirecourt-information-du-collectif-coupe-circuit\/"},"modified":"2023-03-28T07:39:22","modified_gmt":"2023-03-28T05:39:22","slug":"circuit-de-mirecourt-information-du-collectif-coupe-circuit","status":"publish","type":"post","link":"https:\/\/vosgesinfo.fr\/laplainedesvosgesinfo\/2023\/03\/circuit-de-mirecourt-information-du-collectif-coupe-circuit\/","title":{"rendered":"Circuit de Mirecourt &#8211; Information du Collectif Coupe-Circuit"},"content":{"rendered":"<div id=\"attachment_137362\" style=\"width: 810px\" class=\"wp-caption aligncenter\"><a href=\"\/2023\/03\/circuit-Mirecourt-collectif-coupe-circuit.jpg\"><img decoding=\"async\" aria-describedby=\"caption-attachment-137362\" class=\"size-full wp-image-137362\" src=\"\/2023\/03\/circuit-Mirecourt-collectif-coupe-circuit.jpg\" alt=\"Photo prise par le collectif. \" width=\"800\" height=\"446\" \/><\/a><p id=\"caption-attachment-137362\" class=\"wp-caption-text\">Photo prise par le collectif.<\/p><\/div>\n<p><strong>Circuit de Mirecourt : la responsabilit\u00e9 de la CCMD et du CD est engag\u00e9e ! (CCMD : Comm. Comm. de Mirecourt Dompaire &#8211; CD : Conseil d\u00e9partemental )<\/strong><br \/>\n<strong> Information du Collectif Coupe-Circuit, collectif de riverains et de citoyens s\u2019opposant au circuit.<\/strong><\/p>\n<p><strong>Ce que l\u2019on sait du circuit :<\/strong><br \/>\n\u2022 Circuit autos et motos de 3,7 km de long, 12 m de large en construction sur<br \/>\nl\u2019a\u00e9rop\u00f4le de Juvaincourt. Travaux de terrassement d\u00e9marr\u00e9s en septembre 2019,<br \/>\nsoit 15 mois avant l\u2019obtention du permis d\u2019am\u00e9nager, c\u2019est \u00e0 dire en toute ill\u00e9galit\u00e9.<br \/>\nAujourd\u2019hui, les travaux sont en passe d\u2019ach\u00e8vement.<br \/>\n\u2022 Arguments \u00e9cologiques balay\u00e9s d\u2019un revers de main par les \u00e9lus de la CCMD et<br \/>\ndu CD qui ne voient dans ce projet qu\u2019une promesse d\u2019activit\u00e9 \u00e9conomique (accueil<br \/>\nh\u00f4telier et tourisme local) et d\u2019emplois (10 \u00c9quiv. Temps Plein apr\u00e8s 4 ann\u00e9es*).<br \/>\n\u2022 Dossier d\u2019impact environnemental qui n\u2019a pas suscit\u00e9 d\u2019objections majeures de<br \/>\nl\u2019Autorit\u00e9 environnementale (MRAe) puis avis favorable du commissaire<br \/>\nenqu\u00eateur \u00e0 l\u2019issue de l\u2019enqu\u00eate publique. Ces \u00e9l\u00e9ments ont confort\u00e9 les \u00e9lus dans<br \/>\nleur appui au projet.<br \/>\n\u2022 Octroi, \u00e0 la SAS Circuit de Mirecourt, de 650 000 \u20ac de subventions publiques<br \/>\n(Europe (FEDER), R\u00e9gion, CD, CCMD).<br \/>\nL\u2019avis du Collectif Coupe Circuit :<br \/>\n\u2022 D\u00e9bat tronqu\u00e9 sur l\u2019opportunit\u00e9 et la viabilit\u00e9 du circuit auto :<br \/>\nResponsabilit\u00e9 de la MRAe qui a survol\u00e9 le dossier, enqu\u00eate publique d\u00e9faillante sur<br \/>\nla forme et le fond.<br \/>\n\u2022 Projet \u00e9cocidaire pour cette activit\u00e9 de loisir \u00ab carbon\u00e9e \u00bb, dans un contexte<br \/>\nr\u00e9chauffement climatique :<br \/>\n\u25e6 \u00c0 la construction : 18 ha cultures d\u00e9truits, 5 ha d\u2019asphalte, destruction de la<br \/>\nbiodiversit\u00e9.<br \/>\n\u25e6 En exploitation : consommation de carburant fossile, rejets de CO2 directs<br \/>\n(rotation des v\u00e9hicules sur la piste) et indirects (public se rendant au circuit),<br \/>\npollutions de l\u2019air et de l\u2019eau (eaux de ruissellement de la piste, charg\u00e9es de<br \/>\npolluants, rejet\u00e9es sans aucun traitement dans le sous-sol), perturbation de<br \/>\nl\u2019avifaune prot\u00e9g\u00e9e nichant dans le bois des Rappes (en bordure du circuit).<br \/>\n<strong>\u2022 Projet impactant directement la vie des riverains de la zone a\u00e9roportuaire et des villages environnants : 320 jours\/an, 7\/7jours, circuit utilis\u00e9 \u00e0 66 % pour du \u00ab roulage \u00bb de loisir, et des comp\u00e9titions*.<\/strong><br \/>\n\u25e6 Nuisances sonores garanties : insuffisance des mesures de protection cens\u00e9es<br \/>\n\u00eatre mises en place par l\u2019exploitant : merlons (buttes de terre) non conformes<br \/>\naux recommandations de l\u2019\u00e9tude acoustique, monitoring* (surveillance des<br \/>\n\u00e9missions sonores sur le circuit) pay\u00e9 par l\u2019exploitant du circuit : aucun contr\u00f4le<br \/>\nind\u00e9pendant pr\u00e9vu, ni sur le circuit, ni dans les villages riverains.<br \/>\n\u25e6 Trafic routier hors de contr\u00f4le, tourisme de masse probable.<\/p>\n<p><strong>\u2022 Leurre du ruissellement \u00e9conomique cr\u00e9\u00e9 par le circuit :<\/strong><br \/>\n\u25e6 Projet d\u2019h\u00f4tel de 50 chambres jouxtant le circuit auto, espace restauration de<br \/>\n150 couverts** existant sur le site du Karting (bordant le circuit auto), aire de \u00b1<br \/>\n8000 m\u00b2 pour camping-cars jouxtant le karting** : tous ces \u00e9quipements,<br \/>\nint\u00e9gr\u00e9s au \u00ab p\u00f4le m\u00e9canique \u00bb, sont g\u00e9r\u00e9s par les propri\u00e9taires des circuits.<br \/>\nComment les h\u00f4teliers-restaurateurs et les commer\u00e7ants mirecurtiens<br \/>\npourraient-ils y trouver leur compte ?<br \/>\n\u25e6 Nombre d\u00e9risoire d\u2019emplois cr\u00e9\u00e9s eu \u00e9gard \u00e0 la surface occup\u00e9e par le circuit<br \/>\n(47 ha) sur la zone \u00e9conomique de Juvaincourt (87 ha) : 0,2 ETP\/ha contre 4,3<br \/>\ndans le reste de la zone. Lors de manifestations, il est par ailleurs d\u2019usage de<br \/>\nrecourir massivement au b\u00e9n\u00e9volat, pas m\u00eame \u00e0 de l\u2019emploi pr\u00e9caire.<br \/>\n\u2022 Soup\u00e7ons de connivences, argent public dilapid\u00e9 :<br \/>\n\u25e6 Soup\u00e7on de prise ill\u00e9gale d\u2019int\u00e9r\u00eats pesant sur un des maires ayant sign\u00e9 le<br \/>\npermis d\u2019am\u00e9nager.<br \/>\n\u25e6 Attribution de subventions d\u2019argent public, vot\u00e9es par des \u00e9lus LREM et LR,<br \/>\nsans aucune consid\u00e9ration pour l\u2019impact environnemental et sans aucune<br \/>\ncontrepartie demand\u00e9e au porteur du projet.<\/p>\n<p><strong>Les proc\u00e9dures en cours, avec le soutien de Lorraine et Vosges Nature Environnement :<\/strong><br \/>\n\u2022 Recours, au Tribunal administratif de Nancy, depuis juin 21, pour faire annuler les<br \/>\nPermis d\u2019am\u00e9nager : instruction close, en attente de l\u2019audience (r\u00e9f\u00e9r\u00e9 rejet\u00e9 en<br \/>\nao\u00fbt 21).<br \/>\n\u2022 Plainte, en avril 2021, pour soup\u00e7on de prise ill\u00e9gale d\u2019int\u00e9r\u00eat, aupr\u00e8s du procureur<br \/>\nde la R\u00e9publique d\u2019\u00c9pinal : instruction toujours en cours.<br \/>\n\u2022 Plainte, en novembre 21, pour destruction d\u2019habitats d\u2019esp\u00e8ces prot\u00e9g\u00e9es : plainte<br \/>\nclass\u00e9e sans suite par le procureur de la R\u00e9publique d\u2019\u00c9pinal en juillet 22, demande<br \/>\nde r\u00e9examen de la plainte, aupr\u00e8s du Procureur g\u00e9n\u00e9ral de Nancy.<\/p>\n<p><strong>Et maintenant ?<\/strong><br \/>\nDepuis plus de deux ans, le Collectif Coupe-Circuit a tent\u00e9 d\u2019alerter les \u00e9lus et l\u2019\u00c9tat, sur le<br \/>\ncaract\u00e8re anachronique et \u00e9cocidaire du circuit. Si l\u2019ouverture du circuit para\u00eet aujourd\u2019hui<br \/>\nin\u00e9luctable et qu\u2019elle a effectivement lieu, la responsabilit\u00e9 de ces \u00ab d\u00e9cideurs \u00bb, dans les<br \/>\nd\u00e9g\u00e2ts irr\u00e9versibles \u00e0 l\u2019environnement et dans les d\u00e9boires \u00e0 venir des riverains, sera<br \/>\nenti\u00e8rement engag\u00e9e.<\/p>\n<p>Infos suppl\u00e9mentaires : page Facebook CollectifCoupeCircuitMirecourt<br \/>\nContact : coupe.circuit88@gmail.com<br \/>\n<strong>Vous souhaitez soutenir l\u2019action du Collectif ?<\/strong><br \/>\n<strong> Signez la p\u00e9tition sur Change.org :<\/strong><br \/>\n<strong> \u00ab Non \u00e0 un nouveau circuit automobile dans les Vosges ! \u00bb<\/strong><\/p>\n<p>* selon le porteur de projet circuit auto ** selon site internet karting<\/p>\n<p>&nbsp;<\/p>\n","protected":false},"excerpt":{"rendered":"<p>Circuit de Mirecourt : la responsabilit\u00e9 de la CCMD et du CD est engag\u00e9e ! (CCMD : Comm. Comm. de [&hellip;]<\/p>\n","protected":false},"author":126,"featured_media":25450,"comment_status":"open","ping_status":"open","sticky":false,"template":"","format":"standard","meta":{"footnotes":""},"categories":[29,37,195,18],"tags":[4224],"class_list":["post-25449","post","type-post","status-publish","format-standard","has-post-thumbnail","hentry","category-a-la-une","category-la-plaine","category-mirecourt-la-plaine","category-vosges","tag-circuit-mirecourt-juvaincourt"],"acf":[],"yoast_head":"<!-- This site is optimized with the Yoast SEO plugin v22.5 - https:\/\/yoast.com\/wordpress\/plugins\/seo\/ -->\n<title>Circuit de Mirecourt - Information du Collectif Coupe-Circuit - La Plaine des Vosges<\/title>\n<meta name=\"robots\" content=\"index, follow, max-snippet:-1, max-image-preview:large, max-video-preview:-1\" \/>\n<link rel=\"canonical\" href=\"https:\/\/vosgesinfo.fr\/laplainedesvosgesinfo\/2023\/03\/circuit-de-mirecourt-information-du-collectif-coupe-circuit\/\" \/>\n<meta name=\"twitter:card\" content=\"summary_large_image\" \/>\n<meta name=\"twitter:title\" content=\"Circuit de Mirecourt - Information du Collectif Coupe-Circuit - La Plaine des Vosges\" \/>\n<meta name=\"twitter:description\" content=\"Circuit de Mirecourt : la responsabilit\u00e9 de la CCMD et du CD est engag\u00e9e ! (CCMD : Comm. Comm. de [&hellip;]\" \/>\n<meta name=\"twitter:image\" content=\"https:\/\/vosgesinfo.fr\/app\/uploads\/sites\/2\/2024\/07\/202303circuit-mirecourt-collectif-coupe-circuit.jpg\" \/>\n<meta name=\"twitter:creator\" content=\"@VosgesInfo88\" \/>\n<meta name=\"twitter:site\" content=\"@VosgesInfo88\" \/>\n<meta name=\"twitter:label1\" content=\"\u00c9crit par\" \/>\n\t<meta name=\"twitter:data1\" content=\"La R\u00e9daction\" \/>\n\t<meta name=\"twitter:label2\" content=\"Dur\u00e9e de lecture estim\u00e9e\" \/>\n\t<meta name=\"twitter:data2\" content=\"4 minutes\" \/>\n<script type=\"application\/ld+json\" class=\"yoast-schema-graph\">{\"@context\":\"https:\/\/schema.org\",\"@graph\":[{\"@type\":\"Article\",\"@id\":\"https:\/\/vosgesinfo.fr\/laplainedesvosgesinfo\/2023\/03\/circuit-de-mirecourt-information-du-collectif-coupe-circuit\/#article\",\"isPartOf\":{\"@id\":\"https:\/\/vosgesinfo.fr\/laplainedesvosgesinfo\/2023\/03\/circuit-de-mirecourt-information-du-collectif-coupe-circuit\/\"},\"author\":{\"name\":\"La R\u00e9daction\",\"@id\":\"https:\/\/vosgesinfo.fr\/laplainedesvosgesinfo\/#\/schema\/person\/db412391f749f1ee67e177e1dc017316\"},\"headline\":\"Circuit de Mirecourt &#8211; Information du Collectif Coupe-Circuit\",\"datePublished\":\"2023-03-28T05:39:22+00:00\",\"dateModified\":\"2023-03-28T05:39:22+00:00\",\"mainEntityOfPage\":{\"@id\":\"https:\/\/vosgesinfo.fr\/laplainedesvosgesinfo\/2023\/03\/circuit-de-mirecourt-information-du-collectif-coupe-circuit\/\"},\"wordCount\":886,\"commentCount\":0,\"publisher\":{\"@id\":\"https:\/\/vosgesinfo.fr\/laplainedesvosgesinfo\/#organization\"},\"image\":{\"@id\":\"https:\/\/vosgesinfo.fr\/laplainedesvosgesinfo\/2023\/03\/circuit-de-mirecourt-information-du-collectif-coupe-circuit\/#primaryimage\"},\"thumbnailUrl\":\"https:\/\/vosgesinfo.fr\/app\/uploads\/sites\/2\/2024\/07\/202303circuit-mirecourt-collectif-coupe-circuit.jpg\",\"keywords\":[\"circuit mirecourt juvaincourt\"],\"articleSection\":[\"A la Une\",\"La Plaine\",\"Mirecourt\",\"Vosges\"],\"inLanguage\":\"fr-FR\",\"potentialAction\":[{\"@type\":\"CommentAction\",\"name\":\"Comment\",\"target\":[\"https:\/\/vosgesinfo.fr\/laplainedesvosgesinfo\/2023\/03\/circuit-de-mirecourt-information-du-collectif-coupe-circuit\/#respond\"]}]},{\"@type\":\"WebPage\",\"@id\":\"https:\/\/vosgesinfo.fr\/laplainedesvosgesinfo\/2023\/03\/circuit-de-mirecourt-information-du-collectif-coupe-circuit\/\",\"url\":\"https:\/\/vosgesinfo.fr\/laplainedesvosgesinfo\/2023\/03\/circuit-de-mirecourt-information-du-collectif-coupe-circuit\/\",\"name\":\"Circuit de Mirecourt - Information du Collectif Coupe-Circuit - La Plaine des Vosges\",\"isPartOf\":{\"@id\":\"https:\/\/vosgesinfo.fr\/laplainedesvosgesinfo\/#website\"},\"primaryImageOfPage\":{\"@id\":\"https:\/\/vosgesinfo.fr\/laplainedesvosgesinfo\/2023\/03\/circuit-de-mirecourt-information-du-collectif-coupe-circuit\/#primaryimage\"},\"image\":{\"@id\":\"https:\/\/vosgesinfo.fr\/laplainedesvosgesinfo\/2023\/03\/circuit-de-mirecourt-information-du-collectif-coupe-circuit\/#primaryimage\"},\"thumbnailUrl\":\"https:\/\/vosgesinfo.fr\/app\/uploads\/sites\/2\/2024\/07\/202303circuit-mirecourt-collectif-coupe-circuit.jpg\",\"datePublished\":\"2023-03-28T05:39:22+00:00\",\"dateModified\":\"2023-03-28T05:39:22+00:00\",\"breadcrumb\":{\"@id\":\"https:\/\/vosgesinfo.fr\/laplainedesvosgesinfo\/2023\/03\/circuit-de-mirecourt-information-du-collectif-coupe-circuit\/#breadcrumb\"},\"inLanguage\":\"fr-FR\",\"potentialAction\":[{\"@type\":\"ReadAction\",\"target\":[\"https:\/\/vosgesinfo.fr\/laplainedesvosgesinfo\/2023\/03\/circuit-de-mirecourt-information-du-collectif-coupe-circuit\/\"]}]},{\"@type\":\"ImageObject\",\"inLanguage\":\"fr-FR\",\"@id\":\"https:\/\/vosgesinfo.fr\/laplainedesvosgesinfo\/2023\/03\/circuit-de-mirecourt-information-du-collectif-coupe-circuit\/#primaryimage\",\"url\":\"https:\/\/vosgesinfo.fr\/app\/uploads\/sites\/2\/2024\/07\/202303circuit-mirecourt-collectif-coupe-circuit.jpg\",\"contentUrl\":\"https:\/\/vosgesinfo.fr\/app\/uploads\/sites\/2\/2024\/07\/202303circuit-mirecourt-collectif-coupe-circuit.jpg\",\"width\":800,\"height\":446},{\"@type\":\"BreadcrumbList\",\"@id\":\"https:\/\/vosgesinfo.fr\/laplainedesvosgesinfo\/2023\/03\/circuit-de-mirecourt-information-du-collectif-coupe-circuit\/#breadcrumb\",\"itemListElement\":[{\"@type\":\"ListItem\",\"position\":1,\"name\":\"Home\",\"item\":\"https:\/\/vosgesinfo.fr\/laplainedesvosgesinfo\/\"},{\"@type\":\"ListItem\",\"position\":2,\"name\":\"Circuit de Mirecourt &#8211; Information du Collectif Coupe-Circuit\"}]},{\"@type\":\"WebSite\",\"@id\":\"https:\/\/vosgesinfo.fr\/laplainedesvosgesinfo\/#website\",\"url\":\"https:\/\/vosgesinfo.fr\/laplainedesvosgesinfo\/\",\"name\":\"La Plaine des Vosges\",\"description\":\"Toute l&#039;actualit\u00e9 de la plaine de Vosges\",\"publisher\":{\"@id\":\"https:\/\/vosgesinfo.fr\/laplainedesvosgesinfo\/#organization\"},\"alternateName\":\"Toute l'actualit\u00e9 de la plaine des Vosges\",\"potentialAction\":[{\"@type\":\"SearchAction\",\"target\":{\"@type\":\"EntryPoint\",\"urlTemplate\":\"https:\/\/vosgesinfo.fr\/laplainedesvosgesinfo\/?s={search_term_string}\"},\"query-input\":\"required name=search_term_string\"}],\"inLanguage\":\"fr-FR\"},{\"@type\":\"Organization\",\"@id\":\"https:\/\/vosgesinfo.fr\/laplainedesvosgesinfo\/#organization\",\"name\":\"La Plaine des Vosges\",\"url\":\"https:\/\/vosgesinfo.fr\/laplainedesvosgesinfo\/\",\"logo\":{\"@type\":\"ImageObject\",\"inLanguage\":\"fr-FR\",\"@id\":\"https:\/\/vosgesinfo.fr\/laplainedesvosgesinfo\/#\/schema\/logo\/image\/\",\"url\":\"https:\/\/vosgesinfo.fr\/app\/uploads\/sites\/2\/2023\/08\/logo-laplaineinfo.svg\",\"contentUrl\":\"https:\/\/vosgesinfo.fr\/app\/uploads\/sites\/2\/2023\/08\/logo-laplaineinfo.svg\",\"width\":1,\"height\":1,\"caption\":\"La Plaine des Vosges\"},\"image\":{\"@id\":\"https:\/\/vosgesinfo.fr\/laplainedesvosgesinfo\/#\/schema\/logo\/image\/\"},\"sameAs\":[\"https:\/\/www.facebook.com\/laplainedesvosges\",\"https:\/\/x.com\/VosgesInfo88\",\"https:\/\/www.youtube.com\/@vosgesinfo\"]},{\"@type\":\"Person\",\"@id\":\"https:\/\/vosgesinfo.fr\/laplainedesvosgesinfo\/#\/schema\/person\/db412391f749f1ee67e177e1dc017316\",\"name\":\"La R\u00e9daction\",\"image\":{\"@type\":\"ImageObject\",\"inLanguage\":\"fr-FR\",\"@id\":\"https:\/\/vosgesinfo.fr\/laplainedesvosgesinfo\/#\/schema\/person\/image\/\",\"url\":\"https:\/\/secure.gravatar.com\/avatar\/d10cfbea47ec464014dd9e55d3c353f7c4017b65068eb823d0882be0ff3b0ff6?s=96&d=mm&r=g\",\"contentUrl\":\"https:\/\/secure.gravatar.com\/avatar\/d10cfbea47ec464014dd9e55d3c353f7c4017b65068eb823d0882be0ff3b0ff6?s=96&d=mm&r=g\",\"caption\":\"La R\u00e9daction\"},\"url\":\"https:\/\/vosgesinfo.fr\/laplainedesvosgesinfo\/author\/redaction\/\"}]}<\/script>\n<!-- \/ Yoast SEO plugin. -->","yoast_head_json":{"title":"Circuit de Mirecourt - Information du Collectif Coupe-Circuit - La Plaine des Vosges","robots":{"index":"index","follow":"follow","max-snippet":"max-snippet:-1","max-image-preview":"max-image-preview:large","max-video-preview":"max-video-preview:-1"},"canonical":"https:\/\/vosgesinfo.fr\/laplainedesvosgesinfo\/2023\/03\/circuit-de-mirecourt-information-du-collectif-coupe-circuit\/","twitter_card":"summary_large_image","twitter_title":"Circuit de Mirecourt - Information du Collectif Coupe-Circuit - La Plaine des Vosges","twitter_description":"Circuit de Mirecourt : la responsabilit\u00e9 de la CCMD et du CD est engag\u00e9e ! (CCMD : Comm. Comm. de [&hellip;]","twitter_image":"https:\/\/vosgesinfo.fr\/app\/uploads\/sites\/2\/2024\/07\/202303circuit-mirecourt-collectif-coupe-circuit.jpg","twitter_creator":"@VosgesInfo88","twitter_site":"@VosgesInfo88","twitter_misc":{"\u00c9crit par":"La R\u00e9daction","Dur\u00e9e de lecture estim\u00e9e":"4 minutes"},"schema":{"@context":"https:\/\/schema.org","@graph":[{"@type":"Article","@id":"https:\/\/vosgesinfo.fr\/laplainedesvosgesinfo\/2023\/03\/circuit-de-mirecourt-information-du-collectif-coupe-circuit\/#article","isPartOf":{"@id":"https:\/\/vosgesinfo.fr\/laplainedesvosgesinfo\/2023\/03\/circuit-de-mirecourt-information-du-collectif-coupe-circuit\/"},"author":{"name":"La R\u00e9daction","@id":"https:\/\/vosgesinfo.fr\/laplainedesvosgesinfo\/#\/schema\/person\/db412391f749f1ee67e177e1dc017316"},"headline":"Circuit de Mirecourt &#8211; Information du Collectif Coupe-Circuit","datePublished":"2023-03-28T05:39:22+00:00","dateModified":"2023-03-28T05:39:22+00:00","mainEntityOfPage":{"@id":"https:\/\/vosgesinfo.fr\/laplainedesvosgesinfo\/2023\/03\/circuit-de-mirecourt-information-du-collectif-coupe-circuit\/"},"wordCount":886,"commentCount":0,"publisher":{"@id":"https:\/\/vosgesinfo.fr\/laplainedesvosgesinfo\/#organization"},"image":{"@id":"https:\/\/vosgesinfo.fr\/laplainedesvosgesinfo\/2023\/03\/circuit-de-mirecourt-information-du-collectif-coupe-circuit\/#primaryimage"},"thumbnailUrl":"https:\/\/vosgesinfo.fr\/app\/uploads\/sites\/2\/2024\/07\/202303circuit-mirecourt-collectif-coupe-circuit.jpg","keywords":["circuit mirecourt juvaincourt"],"articleSection":["A la Une","La Plaine","Mirecourt","Vosges"],"inLanguage":"fr-FR","potentialAction":[{"@type":"CommentAction","name":"Comment","target":["https:\/\/vosgesinfo.fr\/laplainedesvosgesinfo\/2023\/03\/circuit-de-mirecourt-information-du-collectif-coupe-circuit\/#respond"]}]},{"@type":"WebPage","@id":"https:\/\/vosgesinfo.fr\/laplainedesvosgesinfo\/2023\/03\/circuit-de-mirecourt-information-du-collectif-coupe-circuit\/","url":"https:\/\/vosgesinfo.fr\/laplainedesvosgesinfo\/2023\/03\/circuit-de-mirecourt-information-du-collectif-coupe-circuit\/","name":"Circuit de Mirecourt - Information du Collectif Coupe-Circuit - La Plaine des Vosges","isPartOf":{"@id":"https:\/\/vosgesinfo.fr\/laplainedesvosgesinfo\/#website"},"primaryImageOfPage":{"@id":"https:\/\/vosgesinfo.fr\/laplainedesvosgesinfo\/2023\/03\/circuit-de-mirecourt-information-du-collectif-coupe-circuit\/#primaryimage"},"image":{"@id":"https:\/\/vosgesinfo.fr\/laplainedesvosgesinfo\/2023\/03\/circuit-de-mirecourt-information-du-collectif-coupe-circuit\/#primaryimage"},"thumbnailUrl":"https:\/\/vosgesinfo.fr\/app\/uploads\/sites\/2\/2024\/07\/202303circuit-mirecourt-collectif-coupe-circuit.jpg","datePublished":"2023-03-28T05:39:22+00:00","dateModified":"2023-03-28T05:39:22+00:00","breadcrumb":{"@id":"https:\/\/vosgesinfo.fr\/laplainedesvosgesinfo\/2023\/03\/circuit-de-mirecourt-information-du-collectif-coupe-circuit\/#breadcrumb"},"inLanguage":"fr-FR","potentialAction":[{"@type":"ReadAction","target":["https:\/\/vosgesinfo.fr\/laplainedesvosgesinfo\/2023\/03\/circuit-de-mirecourt-information-du-collectif-coupe-circuit\/"]}]},{"@type":"ImageObject","inLanguage":"fr-FR","@id":"https:\/\/vosgesinfo.fr\/laplainedesvosgesinfo\/2023\/03\/circuit-de-mirecourt-information-du-collectif-coupe-circuit\/#primaryimage","url":"https:\/\/vosgesinfo.fr\/app\/uploads\/sites\/2\/2024\/07\/202303circuit-mirecourt-collectif-coupe-circuit.jpg","contentUrl":"https:\/\/vosgesinfo.fr\/app\/uploads\/sites\/2\/2024\/07\/202303circuit-mirecourt-collectif-coupe-circuit.jpg","width":800,"height":446},{"@type":"BreadcrumbList","@id":"https:\/\/vosgesinfo.fr\/laplainedesvosgesinfo\/2023\/03\/circuit-de-mirecourt-information-du-collectif-coupe-circuit\/#breadcrumb","itemListElement":[{"@type":"ListItem","position":1,"name":"Home","item":"https:\/\/vosgesinfo.fr\/laplainedesvosgesinfo\/"},{"@type":"ListItem","position":2,"name":"Circuit de Mirecourt &#8211; Information du Collectif Coupe-Circuit"}]},{"@type":"WebSite","@id":"https:\/\/vosgesinfo.fr\/laplainedesvosgesinfo\/#website","url":"https:\/\/vosgesinfo.fr\/laplainedesvosgesinfo\/","name":"La Plaine des Vosges","description":"Toute l&#039;actualit\u00e9 de la plaine de Vosges","publisher":{"@id":"https:\/\/vosgesinfo.fr\/laplainedesvosgesinfo\/#organization"},"alternateName":"Toute l'actualit\u00e9 de la plaine des Vosges","potentialAction":[{"@type":"SearchAction","target":{"@type":"EntryPoint","urlTemplate":"https:\/\/vosgesinfo.fr\/laplainedesvosgesinfo\/?s={search_term_string}"},"query-input":"required name=search_term_string"}],"inLanguage":"fr-FR"},{"@type":"Organization","@id":"https:\/\/vosgesinfo.fr\/laplainedesvosgesinfo\/#organization","name":"La Plaine des Vosges","url":"https:\/\/vosgesinfo.fr\/laplainedesvosgesinfo\/","logo":{"@type":"ImageObject","inLanguage":"fr-FR","@id":"https:\/\/vosgesinfo.fr\/laplainedesvosgesinfo\/#\/schema\/logo\/image\/","url":"https:\/\/vosgesinfo.fr\/app\/uploads\/sites\/2\/2023\/08\/logo-laplaineinfo.svg","contentUrl":"https:\/\/vosgesinfo.fr\/app\/uploads\/sites\/2\/2023\/08\/logo-laplaineinfo.svg","width":1,"height":1,"caption":"La Plaine des Vosges"},"image":{"@id":"https:\/\/vosgesinfo.fr\/laplainedesvosgesinfo\/#\/schema\/logo\/image\/"},"sameAs":["https:\/\/www.facebook.com\/laplainedesvosges","https:\/\/x.com\/VosgesInfo88","https:\/\/www.youtube.com\/@vosgesinfo"]},{"@type":"Person","@id":"https:\/\/vosgesinfo.fr\/laplainedesvosgesinfo\/#\/schema\/person\/db412391f749f1ee67e177e1dc017316","name":"La R\u00e9daction","image":{"@type":"ImageObject","inLanguage":"fr-FR","@id":"https:\/\/vosgesinfo.fr\/laplainedesvosgesinfo\/#\/schema\/person\/image\/","url":"https:\/\/secure.gravatar.com\/avatar\/d10cfbea47ec464014dd9e55d3c353f7c4017b65068eb823d0882be0ff3b0ff6?s=96&d=mm&r=g","contentUrl":"https:\/\/secure.gravatar.com\/avatar\/d10cfbea47ec464014dd9e55d3c353f7c4017b65068eb823d0882be0ff3b0ff6?s=96&d=mm&r=g","caption":"La R\u00e9daction"},"url":"https:\/\/vosgesinfo.fr\/laplainedesvosgesinfo\/author\/redaction\/"}]}},"_links":{"self":[{"href":"https:\/\/vosgesinfo.fr\/laplainedesvosgesinfo\/wp-json\/wp\/v2\/posts\/25449","targetHints":{"allow":["GET"]}}],"collection":[{"href":"https:\/\/vosgesinfo.fr\/laplainedesvosgesinfo\/wp-json\/wp\/v2\/posts"}],"about":[{"href":"https:\/\/vosgesinfo.fr\/laplainedesvosgesinfo\/wp-json\/wp\/v2\/types\/post"}],"author":[{"embeddable":true,"href":"https:\/\/vosgesinfo.fr\/laplainedesvosgesinfo\/wp-json\/wp\/v2\/users\/126"}],"replies":[{"embeddable":true,"href":"https:\/\/vosgesinfo.fr\/laplainedesvosgesinfo\/wp-json\/wp\/v2\/comments?post=25449"}],"version-history":[{"count":0,"href":"https:\/\/vosgesinfo.fr\/laplainedesvosgesinfo\/wp-json\/wp\/v2\/posts\/25449\/revisions"}],"wp:featuredmedia":[{"embeddable":true,"href":"https:\/\/vosgesinfo.fr\/laplainedesvosgesinfo\/wp-json\/wp\/v2\/media\/25450"}],"wp:attachment":[{"href":"https:\/\/vosgesinfo.fr\/laplainedesvosgesinfo\/wp-json\/wp\/v2\/media?parent=25449"}],"wp:term":[{"taxonomy":"category","embeddable":true,"href":"https:\/\/vosgesinfo.fr\/laplainedesvosgesinfo\/wp-json\/wp\/v2\/categories?post=25449"},{"taxonomy":"post_tag","embeddable":true,"href":"https:\/\/vosgesinfo.fr\/laplainedesvosgesinfo\/wp-json\/wp\/v2\/tags?post=25449"}],"curies":[{"name":"wp","href":"https:\/\/api.w.org\/{rel}","templated":true}]}}