{"id":25459,"date":"2023-03-29T10:24:36","date_gmt":"2023-03-29T08:24:36","guid":{"rendered":"https:\/\/vosgesinfo.fr\/laplainedesvosgesinfo\/2023\/03\/senones-accueille-le-tournage-du-film-le-mangeur-dames-avec-paul-hamy-virginie-ledoyen-et-sandrine-bonnaire\/"},"modified":"2023-03-29T10:24:36","modified_gmt":"2023-03-29T08:24:36","slug":"senones-accueille-le-tournage-du-film-le-mangeur-dames-avec-paul-hamy-virginie-ledoyen-et-sandrine-bonnaire","status":"publish","type":"post","link":"https:\/\/vosgesinfo.fr\/laplainedesvosgesinfo\/2023\/03\/senones-accueille-le-tournage-du-film-le-mangeur-dames-avec-paul-hamy-virginie-ledoyen-et-sandrine-bonnaire\/","title":{"rendered":"Senones accueille le tournage du film \u00ab Le Mangeur d\u2019\u00e2mes \u00bb, avec Paul Hamy, Virginie Ledoyen et Sandrine Bonnaire"},"content":{"rendered":"<h2><strong>Les Vosges sont d\u00e9finitivement une terre de tournages. Preuve en est une nouvelle fois avec le tournage du long m\u00e9trage cin\u00e9ma \u00ab\u00a0Le Mangeur d\u2019\u00e2mes\u00a0\u00bb, r\u00e9alis\u00e9 par Julien Maury et Alexandre Bustillo d\u2019apr\u00e8s le roman d\u2019Alexis Laipsker, qui a d\u00e9but\u00e9 ce lundi 27 mars.<\/strong><\/h2>\n<p>Soutenu financi\u00e8rement par la R\u00e9gion Grand Est, dans le cadre du nouveau dispositif d\u00e9di\u00e9 au film de genre \u00ab\u00a0Frissons en Grand Est\u00a0\u00bb, ainsi que par le Conseil D\u00e9partemental des Vosges via le r\u00e9seau de collectivit\u00e9s Plato, le film est en tournage jusqu\u2019au 6 mai \u00e0 diff\u00e9rents endroits du d\u00e9partement. Notamment \u00e0 G\u00e9rardmer, Plombi\u00e8res-les-Bains et Senones. Ce n\u2019est d\u2019ailleurs pas une premi\u00e8re pour l\u2019ancienne capitale de la Principaut\u00e9 de Salm, qui avait d\u00e9j\u00e0 accueilli les tournages des s\u00e9ries \u00ab\u00a0Les Combattantes\u00a0\u00bb et \u00ab\u00a0Capitaine Marleau\u00a0\u00bb ces 2 derni\u00e8res ann\u00e9es.<\/p>\n","protected":false},"excerpt":{"rendered":"<p>Les Vosges sont d\u00e9finitivement une terre de tournages. Preuve en est une nouvelle fois avec le tournage du long m\u00e9trage [&hellip;]<\/p>\n","protected":false},"author":42,"featured_media":25460,"comment_status":"open","ping_status":"open","sticky":false,"template":"","format":"standard","meta":{"footnotes":""},"categories":[29,4,18],"tags":[],"class_list":["post-25459","post","type-post","status-publish","format-standard","has-post-thumbnail","hentry","category-a-la-une","category-culture","category-vosges"],"acf":[],"yoast_head":"<!-- This site is optimized with the Yoast SEO plugin v22.5 - https:\/\/yoast.com\/wordpress\/plugins\/seo\/ -->\n<title>Senones accueille le tournage du film \u00ab Le Mangeur d\u2019\u00e2mes \u00bb, avec Paul Hamy, Virginie Ledoyen et Sandrine Bonnaire - La Plaine des Vosges<\/title>\n<meta name=\"robots\" content=\"index, follow, max-snippet:-1, max-image-preview:large, max-video-preview:-1\" \/>\n<link rel=\"canonical\" href=\"https:\/\/vosgesinfo.fr\/laplainedesvosgesinfo\/2023\/03\/senones-accueille-le-tournage-du-film-le-mangeur-dames-avec-paul-hamy-virginie-ledoyen-et-sandrine-bonnaire\/\" \/>\n<meta name=\"twitter:card\" content=\"summary_large_image\" \/>\n<meta name=\"twitter:title\" content=\"Senones accueille le tournage du film \u00ab Le Mangeur d\u2019\u00e2mes \u00bb, avec Paul Hamy, Virginie Ledoyen et Sandrine Bonnaire - La Plaine des Vosges\" \/>\n<meta name=\"twitter:description\" content=\"Les Vosges sont d\u00e9finitivement une terre de tournages. Preuve en est une nouvelle fois avec le tournage du long m\u00e9trage [&hellip;]\" \/>\n<meta name=\"twitter:image\" content=\"https:\/\/vosgesinfo.fr\/app\/uploads\/sites\/2\/2024\/07\/202212camera-tournage-1.jpg\" \/>\n<meta name=\"twitter:creator\" content=\"@VosgesInfo88\" \/>\n<meta name=\"twitter:site\" content=\"@VosgesInfo88\" \/>\n<meta name=\"twitter:label1\" content=\"\u00c9crit par\" \/>\n\t<meta name=\"twitter:data1\" content=\"QG\" \/>\n\t<meta name=\"twitter:label2\" content=\"Dur\u00e9e de lecture estim\u00e9e\" \/>\n\t<meta name=\"twitter:data2\" content=\"1 minute\" \/>\n<script type=\"application\/ld+json\" class=\"yoast-schema-graph\">{\"@context\":\"https:\/\/schema.org\",\"@graph\":[{\"@type\":\"Article\",\"@id\":\"https:\/\/vosgesinfo.fr\/laplainedesvosgesinfo\/2023\/03\/senones-accueille-le-tournage-du-film-le-mangeur-dames-avec-paul-hamy-virginie-ledoyen-et-sandrine-bonnaire\/#article\",\"isPartOf\":{\"@id\":\"https:\/\/vosgesinfo.fr\/laplainedesvosgesinfo\/2023\/03\/senones-accueille-le-tournage-du-film-le-mangeur-dames-avec-paul-hamy-virginie-ledoyen-et-sandrine-bonnaire\/\"},\"author\":{\"name\":\"QG\",\"@id\":\"https:\/\/vosgesinfo.fr\/laplainedesvosgesinfo\/#\/schema\/person\/db5605779a843dad16b5368f3e7613a5\"},\"headline\":\"Senones accueille le tournage du film \u00ab Le Mangeur d\u2019\u00e2mes \u00bb, avec Paul Hamy, Virginie Ledoyen et Sandrine Bonnaire\",\"datePublished\":\"2023-03-29T08:24:36+00:00\",\"dateModified\":\"2023-03-29T08:24:36+00:00\",\"mainEntityOfPage\":{\"@id\":\"https:\/\/vosgesinfo.fr\/laplainedesvosgesinfo\/2023\/03\/senones-accueille-le-tournage-du-film-le-mangeur-dames-avec-paul-hamy-virginie-ledoyen-et-sandrine-bonnaire\/\"},\"wordCount\":170,\"commentCount\":0,\"publisher\":{\"@id\":\"https:\/\/vosgesinfo.fr\/laplainedesvosgesinfo\/#organization\"},\"image\":{\"@id\":\"https:\/\/vosgesinfo.fr\/laplainedesvosgesinfo\/2023\/03\/senones-accueille-le-tournage-du-film-le-mangeur-dames-avec-paul-hamy-virginie-ledoyen-et-sandrine-bonnaire\/#primaryimage\"},\"thumbnailUrl\":\"https:\/\/vosgesinfo.fr\/app\/uploads\/sites\/2\/2024\/07\/202212camera-tournage-1.jpg\",\"articleSection\":[\"A la Une\",\"Culture\",\"Vosges\"],\"inLanguage\":\"fr-FR\",\"potentialAction\":[{\"@type\":\"CommentAction\",\"name\":\"Comment\",\"target\":[\"https:\/\/vosgesinfo.fr\/laplainedesvosgesinfo\/2023\/03\/senones-accueille-le-tournage-du-film-le-mangeur-dames-avec-paul-hamy-virginie-ledoyen-et-sandrine-bonnaire\/#respond\"]}]},{\"@type\":\"WebPage\",\"@id\":\"https:\/\/vosgesinfo.fr\/laplainedesvosgesinfo\/2023\/03\/senones-accueille-le-tournage-du-film-le-mangeur-dames-avec-paul-hamy-virginie-ledoyen-et-sandrine-bonnaire\/\",\"url\":\"https:\/\/vosgesinfo.fr\/laplainedesvosgesinfo\/2023\/03\/senones-accueille-le-tournage-du-film-le-mangeur-dames-avec-paul-hamy-virginie-ledoyen-et-sandrine-bonnaire\/\",\"name\":\"Senones accueille le tournage du film \u00ab Le Mangeur d\u2019\u00e2mes \u00bb, avec Paul Hamy, Virginie Ledoyen et Sandrine Bonnaire - La Plaine des Vosges\",\"isPartOf\":{\"@id\":\"https:\/\/vosgesinfo.fr\/laplainedesvosgesinfo\/#website\"},\"primaryImageOfPage\":{\"@id\":\"https:\/\/vosgesinfo.fr\/laplainedesvosgesinfo\/2023\/03\/senones-accueille-le-tournage-du-film-le-mangeur-dames-avec-paul-hamy-virginie-ledoyen-et-sandrine-bonnaire\/#primaryimage\"},\"image\":{\"@id\":\"https:\/\/vosgesinfo.fr\/laplainedesvosgesinfo\/2023\/03\/senones-accueille-le-tournage-du-film-le-mangeur-dames-avec-paul-hamy-virginie-ledoyen-et-sandrine-bonnaire\/#primaryimage\"},\"thumbnailUrl\":\"https:\/\/vosgesinfo.fr\/app\/uploads\/sites\/2\/2024\/07\/202212camera-tournage-1.jpg\",\"datePublished\":\"2023-03-29T08:24:36+00:00\",\"dateModified\":\"2023-03-29T08:24:36+00:00\",\"breadcrumb\":{\"@id\":\"https:\/\/vosgesinfo.fr\/laplainedesvosgesinfo\/2023\/03\/senones-accueille-le-tournage-du-film-le-mangeur-dames-avec-paul-hamy-virginie-ledoyen-et-sandrine-bonnaire\/#breadcrumb\"},\"inLanguage\":\"fr-FR\",\"potentialAction\":[{\"@type\":\"ReadAction\",\"target\":[\"https:\/\/vosgesinfo.fr\/laplainedesvosgesinfo\/2023\/03\/senones-accueille-le-tournage-du-film-le-mangeur-dames-avec-paul-hamy-virginie-ledoyen-et-sandrine-bonnaire\/\"]}]},{\"@type\":\"ImageObject\",\"inLanguage\":\"fr-FR\",\"@id\":\"https:\/\/vosgesinfo.fr\/laplainedesvosgesinfo\/2023\/03\/senones-accueille-le-tournage-du-film-le-mangeur-dames-avec-paul-hamy-virginie-ledoyen-et-sandrine-bonnaire\/#primaryimage\",\"url\":\"https:\/\/vosgesinfo.fr\/app\/uploads\/sites\/2\/2024\/07\/202212camera-tournage-1.jpg\",\"contentUrl\":\"https:\/\/vosgesinfo.fr\/app\/uploads\/sites\/2\/2024\/07\/202212camera-tournage-1.jpg\",\"width\":800,\"height\":450},{\"@type\":\"BreadcrumbList\",\"@id\":\"https:\/\/vosgesinfo.fr\/laplainedesvosgesinfo\/2023\/03\/senones-accueille-le-tournage-du-film-le-mangeur-dames-avec-paul-hamy-virginie-ledoyen-et-sandrine-bonnaire\/#breadcrumb\",\"itemListElement\":[{\"@type\":\"ListItem\",\"position\":1,\"name\":\"Home\",\"item\":\"https:\/\/vosgesinfo.fr\/laplainedesvosgesinfo\/\"},{\"@type\":\"ListItem\",\"position\":2,\"name\":\"Senones accueille le tournage du film \u00ab Le Mangeur d\u2019\u00e2mes \u00bb, avec Paul Hamy, Virginie Ledoyen et Sandrine Bonnaire\"}]},{\"@type\":\"WebSite\",\"@id\":\"https:\/\/vosgesinfo.fr\/laplainedesvosgesinfo\/#website\",\"url\":\"https:\/\/vosgesinfo.fr\/laplainedesvosgesinfo\/\",\"name\":\"La Plaine des Vosges\",\"description\":\"Toute l&#039;actualit\u00e9 de la plaine de Vosges\",\"publisher\":{\"@id\":\"https:\/\/vosgesinfo.fr\/laplainedesvosgesinfo\/#organization\"},\"alternateName\":\"Toute l'actualit\u00e9 de la plaine des Vosges\",\"potentialAction\":[{\"@type\":\"SearchAction\",\"target\":{\"@type\":\"EntryPoint\",\"urlTemplate\":\"https:\/\/vosgesinfo.fr\/laplainedesvosgesinfo\/?s={search_term_string}\"},\"query-input\":\"required name=search_term_string\"}],\"inLanguage\":\"fr-FR\"},{\"@type\":\"Organization\",\"@id\":\"https:\/\/vosgesinfo.fr\/laplainedesvosgesinfo\/#organization\",\"name\":\"La Plaine des Vosges\",\"url\":\"https:\/\/vosgesinfo.fr\/laplainedesvosgesinfo\/\",\"logo\":{\"@type\":\"ImageObject\",\"inLanguage\":\"fr-FR\",\"@id\":\"https:\/\/vosgesinfo.fr\/laplainedesvosgesinfo\/#\/schema\/logo\/image\/\",\"url\":\"https:\/\/vosgesinfo.fr\/app\/uploads\/sites\/2\/2023\/08\/logo-laplaineinfo.svg\",\"contentUrl\":\"https:\/\/vosgesinfo.fr\/app\/uploads\/sites\/2\/2023\/08\/logo-laplaineinfo.svg\",\"width\":1,\"height\":1,\"caption\":\"La Plaine des Vosges\"},\"image\":{\"@id\":\"https:\/\/vosgesinfo.fr\/laplainedesvosgesinfo\/#\/schema\/logo\/image\/\"},\"sameAs\":[\"https:\/\/www.facebook.com\/laplainedesvosges\",\"https:\/\/x.com\/VosgesInfo88\",\"https:\/\/www.youtube.com\/@vosgesinfo\"]},{\"@type\":\"Person\",\"@id\":\"https:\/\/vosgesinfo.fr\/laplainedesvosgesinfo\/#\/schema\/person\/db5605779a843dad16b5368f3e7613a5\",\"name\":\"QG\",\"image\":{\"@type\":\"ImageObject\",\"inLanguage\":\"fr-FR\",\"@id\":\"https:\/\/vosgesinfo.fr\/laplainedesvosgesinfo\/#\/schema\/person\/image\/\",\"url\":\"https:\/\/secure.gravatar.com\/avatar\/ea80c42c204b534408512832fde52504ecabb9706bcb6151cf6175e5b64e6793?s=96&d=mm&r=g\",\"contentUrl\":\"https:\/\/secure.gravatar.com\/avatar\/ea80c42c204b534408512832fde52504ecabb9706bcb6151cf6175e5b64e6793?s=96&d=mm&r=g\",\"caption\":\"QG\"},\"url\":\"https:\/\/vosgesinfo.fr\/laplainedesvosgesinfo\/author\/quentin88\/\"}]}<\/script>\n<!-- \/ Yoast SEO plugin. -->","yoast_head_json":{"title":"Senones accueille le tournage du film \u00ab Le Mangeur d\u2019\u00e2mes \u00bb, avec Paul Hamy, Virginie Ledoyen et Sandrine Bonnaire - La Plaine des Vosges","robots":{"index":"index","follow":"follow","max-snippet":"max-snippet:-1","max-image-preview":"max-image-preview:large","max-video-preview":"max-video-preview:-1"},"canonical":"https:\/\/vosgesinfo.fr\/laplainedesvosgesinfo\/2023\/03\/senones-accueille-le-tournage-du-film-le-mangeur-dames-avec-paul-hamy-virginie-ledoyen-et-sandrine-bonnaire\/","twitter_card":"summary_large_image","twitter_title":"Senones accueille le tournage du film \u00ab Le Mangeur d\u2019\u00e2mes \u00bb, avec Paul Hamy, Virginie Ledoyen et Sandrine Bonnaire - La Plaine des Vosges","twitter_description":"Les Vosges sont d\u00e9finitivement une terre de tournages. Preuve en est une nouvelle fois avec le tournage du long m\u00e9trage [&hellip;]","twitter_image":"https:\/\/vosgesinfo.fr\/app\/uploads\/sites\/2\/2024\/07\/202212camera-tournage-1.jpg","twitter_creator":"@VosgesInfo88","twitter_site":"@VosgesInfo88","twitter_misc":{"\u00c9crit par":"QG","Dur\u00e9e de lecture estim\u00e9e":"1 minute"},"schema":{"@context":"https:\/\/schema.org","@graph":[{"@type":"Article","@id":"https:\/\/vosgesinfo.fr\/laplainedesvosgesinfo\/2023\/03\/senones-accueille-le-tournage-du-film-le-mangeur-dames-avec-paul-hamy-virginie-ledoyen-et-sandrine-bonnaire\/#article","isPartOf":{"@id":"https:\/\/vosgesinfo.fr\/laplainedesvosgesinfo\/2023\/03\/senones-accueille-le-tournage-du-film-le-mangeur-dames-avec-paul-hamy-virginie-ledoyen-et-sandrine-bonnaire\/"},"author":{"name":"QG","@id":"https:\/\/vosgesinfo.fr\/laplainedesvosgesinfo\/#\/schema\/person\/db5605779a843dad16b5368f3e7613a5"},"headline":"Senones accueille le tournage du film \u00ab Le Mangeur d\u2019\u00e2mes \u00bb, avec Paul Hamy, Virginie Ledoyen et Sandrine Bonnaire","datePublished":"2023-03-29T08:24:36+00:00","dateModified":"2023-03-29T08:24:36+00:00","mainEntityOfPage":{"@id":"https:\/\/vosgesinfo.fr\/laplainedesvosgesinfo\/2023\/03\/senones-accueille-le-tournage-du-film-le-mangeur-dames-avec-paul-hamy-virginie-ledoyen-et-sandrine-bonnaire\/"},"wordCount":170,"commentCount":0,"publisher":{"@id":"https:\/\/vosgesinfo.fr\/laplainedesvosgesinfo\/#organization"},"image":{"@id":"https:\/\/vosgesinfo.fr\/laplainedesvosgesinfo\/2023\/03\/senones-accueille-le-tournage-du-film-le-mangeur-dames-avec-paul-hamy-virginie-ledoyen-et-sandrine-bonnaire\/#primaryimage"},"thumbnailUrl":"https:\/\/vosgesinfo.fr\/app\/uploads\/sites\/2\/2024\/07\/202212camera-tournage-1.jpg","articleSection":["A la Une","Culture","Vosges"],"inLanguage":"fr-FR","potentialAction":[{"@type":"CommentAction","name":"Comment","target":["https:\/\/vosgesinfo.fr\/laplainedesvosgesinfo\/2023\/03\/senones-accueille-le-tournage-du-film-le-mangeur-dames-avec-paul-hamy-virginie-ledoyen-et-sandrine-bonnaire\/#respond"]}]},{"@type":"WebPage","@id":"https:\/\/vosgesinfo.fr\/laplainedesvosgesinfo\/2023\/03\/senones-accueille-le-tournage-du-film-le-mangeur-dames-avec-paul-hamy-virginie-ledoyen-et-sandrine-bonnaire\/","url":"https:\/\/vosgesinfo.fr\/laplainedesvosgesinfo\/2023\/03\/senones-accueille-le-tournage-du-film-le-mangeur-dames-avec-paul-hamy-virginie-ledoyen-et-sandrine-bonnaire\/","name":"Senones accueille le tournage du film \u00ab Le Mangeur d\u2019\u00e2mes \u00bb, avec Paul Hamy, Virginie Ledoyen et Sandrine Bonnaire - La Plaine des Vosges","isPartOf":{"@id":"https:\/\/vosgesinfo.fr\/laplainedesvosgesinfo\/#website"},"primaryImageOfPage":{"@id":"https:\/\/vosgesinfo.fr\/laplainedesvosgesinfo\/2023\/03\/senones-accueille-le-tournage-du-film-le-mangeur-dames-avec-paul-hamy-virginie-ledoyen-et-sandrine-bonnaire\/#primaryimage"},"image":{"@id":"https:\/\/vosgesinfo.fr\/laplainedesvosgesinfo\/2023\/03\/senones-accueille-le-tournage-du-film-le-mangeur-dames-avec-paul-hamy-virginie-ledoyen-et-sandrine-bonnaire\/#primaryimage"},"thumbnailUrl":"https:\/\/vosgesinfo.fr\/app\/uploads\/sites\/2\/2024\/07\/202212camera-tournage-1.jpg","datePublished":"2023-03-29T08:24:36+00:00","dateModified":"2023-03-29T08:24:36+00:00","breadcrumb":{"@id":"https:\/\/vosgesinfo.fr\/laplainedesvosgesinfo\/2023\/03\/senones-accueille-le-tournage-du-film-le-mangeur-dames-avec-paul-hamy-virginie-ledoyen-et-sandrine-bonnaire\/#breadcrumb"},"inLanguage":"fr-FR","potentialAction":[{"@type":"ReadAction","target":["https:\/\/vosgesinfo.fr\/laplainedesvosgesinfo\/2023\/03\/senones-accueille-le-tournage-du-film-le-mangeur-dames-avec-paul-hamy-virginie-ledoyen-et-sandrine-bonnaire\/"]}]},{"@type":"ImageObject","inLanguage":"fr-FR","@id":"https:\/\/vosgesinfo.fr\/laplainedesvosgesinfo\/2023\/03\/senones-accueille-le-tournage-du-film-le-mangeur-dames-avec-paul-hamy-virginie-ledoyen-et-sandrine-bonnaire\/#primaryimage","url":"https:\/\/vosgesinfo.fr\/app\/uploads\/sites\/2\/2024\/07\/202212camera-tournage-1.jpg","contentUrl":"https:\/\/vosgesinfo.fr\/app\/uploads\/sites\/2\/2024\/07\/202212camera-tournage-1.jpg","width":800,"height":450},{"@type":"BreadcrumbList","@id":"https:\/\/vosgesinfo.fr\/laplainedesvosgesinfo\/2023\/03\/senones-accueille-le-tournage-du-film-le-mangeur-dames-avec-paul-hamy-virginie-ledoyen-et-sandrine-bonnaire\/#breadcrumb","itemListElement":[{"@type":"ListItem","position":1,"name":"Home","item":"https:\/\/vosgesinfo.fr\/laplainedesvosgesinfo\/"},{"@type":"ListItem","position":2,"name":"Senones accueille le tournage du film \u00ab Le Mangeur d\u2019\u00e2mes \u00bb, avec Paul Hamy, Virginie Ledoyen et Sandrine Bonnaire"}]},{"@type":"WebSite","@id":"https:\/\/vosgesinfo.fr\/laplainedesvosgesinfo\/#website","url":"https:\/\/vosgesinfo.fr\/laplainedesvosgesinfo\/","name":"La Plaine des Vosges","description":"Toute l&#039;actualit\u00e9 de la plaine de Vosges","publisher":{"@id":"https:\/\/vosgesinfo.fr\/laplainedesvosgesinfo\/#organization"},"alternateName":"Toute l'actualit\u00e9 de la plaine des Vosges","potentialAction":[{"@type":"SearchAction","target":{"@type":"EntryPoint","urlTemplate":"https:\/\/vosgesinfo.fr\/laplainedesvosgesinfo\/?s={search_term_string}"},"query-input":"required name=search_term_string"}],"inLanguage":"fr-FR"},{"@type":"Organization","@id":"https:\/\/vosgesinfo.fr\/laplainedesvosgesinfo\/#organization","name":"La Plaine des Vosges","url":"https:\/\/vosgesinfo.fr\/laplainedesvosgesinfo\/","logo":{"@type":"ImageObject","inLanguage":"fr-FR","@id":"https:\/\/vosgesinfo.fr\/laplainedesvosgesinfo\/#\/schema\/logo\/image\/","url":"https:\/\/vosgesinfo.fr\/app\/uploads\/sites\/2\/2023\/08\/logo-laplaineinfo.svg","contentUrl":"https:\/\/vosgesinfo.fr\/app\/uploads\/sites\/2\/2023\/08\/logo-laplaineinfo.svg","width":1,"height":1,"caption":"La Plaine des Vosges"},"image":{"@id":"https:\/\/vosgesinfo.fr\/laplainedesvosgesinfo\/#\/schema\/logo\/image\/"},"sameAs":["https:\/\/www.facebook.com\/laplainedesvosges","https:\/\/x.com\/VosgesInfo88","https:\/\/www.youtube.com\/@vosgesinfo"]},{"@type":"Person","@id":"https:\/\/vosgesinfo.fr\/laplainedesvosgesinfo\/#\/schema\/person\/db5605779a843dad16b5368f3e7613a5","name":"QG","image":{"@type":"ImageObject","inLanguage":"fr-FR","@id":"https:\/\/vosgesinfo.fr\/laplainedesvosgesinfo\/#\/schema\/person\/image\/","url":"https:\/\/secure.gravatar.com\/avatar\/ea80c42c204b534408512832fde52504ecabb9706bcb6151cf6175e5b64e6793?s=96&d=mm&r=g","contentUrl":"https:\/\/secure.gravatar.com\/avatar\/ea80c42c204b534408512832fde52504ecabb9706bcb6151cf6175e5b64e6793?s=96&d=mm&r=g","caption":"QG"},"url":"https:\/\/vosgesinfo.fr\/laplainedesvosgesinfo\/author\/quentin88\/"}]}},"_links":{"self":[{"href":"https:\/\/vosgesinfo.fr\/laplainedesvosgesinfo\/wp-json\/wp\/v2\/posts\/25459","targetHints":{"allow":["GET"]}}],"collection":[{"href":"https:\/\/vosgesinfo.fr\/laplainedesvosgesinfo\/wp-json\/wp\/v2\/posts"}],"about":[{"href":"https:\/\/vosgesinfo.fr\/laplainedesvosgesinfo\/wp-json\/wp\/v2\/types\/post"}],"author":[{"embeddable":true,"href":"https:\/\/vosgesinfo.fr\/laplainedesvosgesinfo\/wp-json\/wp\/v2\/users\/42"}],"replies":[{"embeddable":true,"href":"https:\/\/vosgesinfo.fr\/laplainedesvosgesinfo\/wp-json\/wp\/v2\/comments?post=25459"}],"version-history":[{"count":0,"href":"https:\/\/vosgesinfo.fr\/laplainedesvosgesinfo\/wp-json\/wp\/v2\/posts\/25459\/revisions"}],"wp:featuredmedia":[{"embeddable":true,"href":"https:\/\/vosgesinfo.fr\/laplainedesvosgesinfo\/wp-json\/wp\/v2\/media\/25460"}],"wp:attachment":[{"href":"https:\/\/vosgesinfo.fr\/laplainedesvosgesinfo\/wp-json\/wp\/v2\/media?parent=25459"}],"wp:term":[{"taxonomy":"category","embeddable":true,"href":"https:\/\/vosgesinfo.fr\/laplainedesvosgesinfo\/wp-json\/wp\/v2\/categories?post=25459"},{"taxonomy":"post_tag","embeddable":true,"href":"https:\/\/vosgesinfo.fr\/laplainedesvosgesinfo\/wp-json\/wp\/v2\/tags?post=25459"}],"curies":[{"name":"wp","href":"https:\/\/api.w.org\/{rel}","templated":true}]}}