{"id":25675,"date":"2023-04-23T10:34:39","date_gmt":"2023-04-23T08:34:39","guid":{"rendered":"https:\/\/vosgesinfo.fr\/laplainedesvosgesinfo\/2023\/04\/a-vittel-on-peut-sentrainer-au-club-de-kinomichi\/"},"modified":"2023-04-23T10:34:39","modified_gmt":"2023-04-23T08:34:39","slug":"a-vittel-on-peut-sentrainer-au-club-de-kinomichi","status":"publish","type":"post","link":"https:\/\/vosgesinfo.fr\/laplainedesvosgesinfo\/2023\/04\/a-vittel-on-peut-sentrainer-au-club-de-kinomichi\/","title":{"rendered":"\u00c0 Vittel, on peut s\u2019entra\u00eener au club de \u00ab\u00a0KINOMICHI\u00a0\u00bb"},"content":{"rendered":"<div id=\"attachment_138030\" style=\"width: 576px\" class=\"wp-caption aligncenter\"><a href=\"\/2023\/04\/17BE5056-3C31-4BB8-B805-E147FD81BC34.jpeg\"><img decoding=\"async\" aria-describedby=\"caption-attachment-138030\" class=\"size-full wp-image-138030\" src=\"\/2023\/04\/17BE5056-3C31-4BB8-B805-E147FD81BC34.jpeg\" alt=\"Il est possible de pratiquer \u00e0 Vittel le \u00ab\u00a0KINOMICHI\u00a0\u00bb. L\u2019enseignement est dispens\u00e9 par des professionnels de la discipline et par l\u2019association du m\u00eame nom, dans le complexe du CPO de Vittel.\" width=\"566\" height=\"800\" \/><\/a><p id=\"caption-attachment-138030\" class=\"wp-caption-text\">Il est possible de pratiquer \u00e0 Vittel le \u00ab\u00a0KINOMICHI\u00a0\u00bb. L\u2019enseignement est dispens\u00e9 par des professionnels de la discipline et par l\u2019association du m\u00eame nom, dans le complexe du CPO de Vittel.<\/p><\/div>\n<p class=\"p1\"><strong>Vittel continue de se positionner comme ville phare du sport sur l\u2019ensemble du d\u00e9partement des Vosges. Au Centre de Pr\u00e9paration Olympique, de nombreuses disciplines sont enseign\u00e9es et ouvertes au public par des associations assurant les entra\u00eenements, encadr\u00e9s par des professionnels. Tel est le cas pour le club de \u00ab KINOMICHI \u00bb, actif et discret dans la cit\u00e9 thermale depuis quelques ann\u00e9es.<\/strong><\/p>\n<p class=\"p3\"><span class=\"s2\">Le Kinomichi est une pratique corporelle douce et fluide, cr\u00e9\u00e9e par le ma\u00eetre Noro Masamichi dans les ann\u00e9es 1970. Cette discipline s&rsquo;inspire des mouvements de l&rsquo;a\u00efkido mais se concentre davantage sur l&rsquo;expression corporelle et la coordination des mouvements. La recherche de l&rsquo;harmonie avec soi &#8211; m\u00eame et avec les autres est \u00e9galement le but recherch\u00e9 par la pratique de cette discipline.<\/span><\/p>\n<p class=\"p3\"><span class=\"s2\">Le Kinomichi se pratique en groupe, sous la direction d&rsquo;un enseignant qualifi\u00e9 et dans une atmosph\u00e8re calme et respectueuse. Les exercices propos\u00e9s sont simples et accessibles \u00e0 tous, quel que soit l&rsquo;\u00e2ge ou la condition physique.\u00a0<\/span><span class=\"s2\">Cette pratique permet de d\u00e9velopper une meilleure conscience de son corps, de ses \u00e9motions et de son environnement, en favorisant la d\u00e9tente ainsi que la respiration profonde et la coordination des mouvements.<br \/>\n<\/span><\/p>\n<p class=\"p3\"><span class=\"s2\">Elle contribue \u00e9galement \u00e0 am\u00e9liorer la posture du corps en g\u00e9n\u00e9ral ainsi que l&rsquo;\u00e9quilibre et la souplesse, tout en r\u00e9duisant le stress et les tensions physiques et mentales.\u00a0<\/span><span class=\"s2\">Le Kinomichi est une discipline id\u00e9ale pour ceux qui souhaitent prendre soin de leur corps, am\u00e9liorer leur bien-\u00eatre et d\u00e9couvrir une nouvelle forme d&rsquo;expression corporelle en toute simplicit\u00e9.<\/span><\/p>\n","protected":false},"excerpt":{"rendered":"<p>Vittel continue de se positionner comme ville phare du sport sur l\u2019ensemble du d\u00e9partement des Vosges. Au Centre de Pr\u00e9paration [&hellip;]<\/p>\n","protected":false},"author":128,"featured_media":25676,"comment_status":"open","ping_status":"open","sticky":false,"template":"","format":"standard","meta":{"footnotes":""},"categories":[29,37,14,38],"tags":[7155,7156,36],"class_list":["post-25675","post","type-post","status-publish","format-standard","has-post-thumbnail","hentry","category-a-la-une","category-la-plaine","category-sport","category-vittel-la-plaine","tag-centre-de-preparation-olympique-cpo","tag-club-de-kinomichi","tag-ville-de-vittel"],"acf":[],"yoast_head":"<!-- This site is optimized with the Yoast SEO plugin v22.5 - https:\/\/yoast.com\/wordpress\/plugins\/seo\/ -->\n<title>\u00c0 Vittel, on peut s\u2019entra\u00eener au club de \u00ab\u00a0KINOMICHI\u00a0\u00bb - La Plaine des Vosges<\/title>\n<meta name=\"robots\" content=\"index, follow, max-snippet:-1, max-image-preview:large, max-video-preview:-1\" \/>\n<link rel=\"canonical\" href=\"https:\/\/vosgesinfo.fr\/laplainedesvosgesinfo\/2023\/04\/a-vittel-on-peut-sentrainer-au-club-de-kinomichi\/\" \/>\n<meta name=\"twitter:card\" content=\"summary_large_image\" \/>\n<meta name=\"twitter:title\" content=\"\u00c0 Vittel, on peut s\u2019entra\u00eener au club de \u00ab\u00a0KINOMICHI\u00a0\u00bb - La Plaine des Vosges\" \/>\n<meta name=\"twitter:description\" content=\"Vittel continue de se positionner comme ville phare du sport sur l\u2019ensemble du d\u00e9partement des Vosges. Au Centre de Pr\u00e9paration [&hellip;]\" \/>\n<meta name=\"twitter:image\" content=\"https:\/\/vosgesinfo.fr\/app\/uploads\/sites\/2\/2024\/07\/20230417be5056-3c31-4bb8-b805-e147fd81bc34.jpeg\" \/>\n<meta name=\"twitter:creator\" content=\"@VosgesInfo88\" \/>\n<meta name=\"twitter:site\" content=\"@VosgesInfo88\" \/>\n<meta name=\"twitter:label1\" content=\"\u00c9crit par\" \/>\n\t<meta name=\"twitter:data1\" content=\"F L\" \/>\n\t<meta name=\"twitter:label2\" content=\"Dur\u00e9e de lecture estim\u00e9e\" \/>\n\t<meta name=\"twitter:data2\" content=\"2 minutes\" \/>\n<script type=\"application\/ld+json\" class=\"yoast-schema-graph\">{\"@context\":\"https:\/\/schema.org\",\"@graph\":[{\"@type\":\"Article\",\"@id\":\"https:\/\/vosgesinfo.fr\/laplainedesvosgesinfo\/2023\/04\/a-vittel-on-peut-sentrainer-au-club-de-kinomichi\/#article\",\"isPartOf\":{\"@id\":\"https:\/\/vosgesinfo.fr\/laplainedesvosgesinfo\/2023\/04\/a-vittel-on-peut-sentrainer-au-club-de-kinomichi\/\"},\"author\":{\"name\":\"F L\",\"@id\":\"https:\/\/vosgesinfo.fr\/laplainedesvosgesinfo\/#\/schema\/person\/79e32bebcee803e323d575130a214cb1\"},\"headline\":\"\u00c0 Vittel, on peut s\u2019entra\u00eener au club de \u00ab\u00a0KINOMICHI\u00a0\u00bb\",\"datePublished\":\"2023-04-23T08:34:39+00:00\",\"dateModified\":\"2023-04-23T08:34:39+00:00\",\"mainEntityOfPage\":{\"@id\":\"https:\/\/vosgesinfo.fr\/laplainedesvosgesinfo\/2023\/04\/a-vittel-on-peut-sentrainer-au-club-de-kinomichi\/\"},\"wordCount\":323,\"commentCount\":0,\"publisher\":{\"@id\":\"https:\/\/vosgesinfo.fr\/laplainedesvosgesinfo\/#organization\"},\"image\":{\"@id\":\"https:\/\/vosgesinfo.fr\/laplainedesvosgesinfo\/2023\/04\/a-vittel-on-peut-sentrainer-au-club-de-kinomichi\/#primaryimage\"},\"thumbnailUrl\":\"https:\/\/vosgesinfo.fr\/app\/uploads\/sites\/2\/2024\/07\/20230417be5056-3c31-4bb8-b805-e147fd81bc34.jpeg\",\"keywords\":[\"Centre de pr\u00e9paration Olympique CPO\",\"Club de Kinomichi\",\"Ville de Vittel\"],\"articleSection\":[\"A la Une\",\"La Plaine\",\"Sport\",\"Vittel\"],\"inLanguage\":\"fr-FR\",\"potentialAction\":[{\"@type\":\"CommentAction\",\"name\":\"Comment\",\"target\":[\"https:\/\/vosgesinfo.fr\/laplainedesvosgesinfo\/2023\/04\/a-vittel-on-peut-sentrainer-au-club-de-kinomichi\/#respond\"]}]},{\"@type\":\"WebPage\",\"@id\":\"https:\/\/vosgesinfo.fr\/laplainedesvosgesinfo\/2023\/04\/a-vittel-on-peut-sentrainer-au-club-de-kinomichi\/\",\"url\":\"https:\/\/vosgesinfo.fr\/laplainedesvosgesinfo\/2023\/04\/a-vittel-on-peut-sentrainer-au-club-de-kinomichi\/\",\"name\":\"\u00c0 Vittel, on peut s\u2019entra\u00eener au club de \u00ab\u00a0KINOMICHI\u00a0\u00bb - La Plaine des Vosges\",\"isPartOf\":{\"@id\":\"https:\/\/vosgesinfo.fr\/laplainedesvosgesinfo\/#website\"},\"primaryImageOfPage\":{\"@id\":\"https:\/\/vosgesinfo.fr\/laplainedesvosgesinfo\/2023\/04\/a-vittel-on-peut-sentrainer-au-club-de-kinomichi\/#primaryimage\"},\"image\":{\"@id\":\"https:\/\/vosgesinfo.fr\/laplainedesvosgesinfo\/2023\/04\/a-vittel-on-peut-sentrainer-au-club-de-kinomichi\/#primaryimage\"},\"thumbnailUrl\":\"https:\/\/vosgesinfo.fr\/app\/uploads\/sites\/2\/2024\/07\/20230417be5056-3c31-4bb8-b805-e147fd81bc34.jpeg\",\"datePublished\":\"2023-04-23T08:34:39+00:00\",\"dateModified\":\"2023-04-23T08:34:39+00:00\",\"breadcrumb\":{\"@id\":\"https:\/\/vosgesinfo.fr\/laplainedesvosgesinfo\/2023\/04\/a-vittel-on-peut-sentrainer-au-club-de-kinomichi\/#breadcrumb\"},\"inLanguage\":\"fr-FR\",\"potentialAction\":[{\"@type\":\"ReadAction\",\"target\":[\"https:\/\/vosgesinfo.fr\/laplainedesvosgesinfo\/2023\/04\/a-vittel-on-peut-sentrainer-au-club-de-kinomichi\/\"]}]},{\"@type\":\"ImageObject\",\"inLanguage\":\"fr-FR\",\"@id\":\"https:\/\/vosgesinfo.fr\/laplainedesvosgesinfo\/2023\/04\/a-vittel-on-peut-sentrainer-au-club-de-kinomichi\/#primaryimage\",\"url\":\"https:\/\/vosgesinfo.fr\/app\/uploads\/sites\/2\/2024\/07\/20230417be5056-3c31-4bb8-b805-e147fd81bc34.jpeg\",\"contentUrl\":\"https:\/\/vosgesinfo.fr\/app\/uploads\/sites\/2\/2024\/07\/20230417be5056-3c31-4bb8-b805-e147fd81bc34.jpeg\",\"width\":566,\"height\":800},{\"@type\":\"BreadcrumbList\",\"@id\":\"https:\/\/vosgesinfo.fr\/laplainedesvosgesinfo\/2023\/04\/a-vittel-on-peut-sentrainer-au-club-de-kinomichi\/#breadcrumb\",\"itemListElement\":[{\"@type\":\"ListItem\",\"position\":1,\"name\":\"Home\",\"item\":\"https:\/\/vosgesinfo.fr\/laplainedesvosgesinfo\/\"},{\"@type\":\"ListItem\",\"position\":2,\"name\":\"\u00c0 Vittel, on peut s\u2019entra\u00eener au club de \u00ab\u00a0KINOMICHI\u00a0\u00bb\"}]},{\"@type\":\"WebSite\",\"@id\":\"https:\/\/vosgesinfo.fr\/laplainedesvosgesinfo\/#website\",\"url\":\"https:\/\/vosgesinfo.fr\/laplainedesvosgesinfo\/\",\"name\":\"La Plaine des Vosges\",\"description\":\"Toute l&#039;actualit\u00e9 de la plaine de Vosges\",\"publisher\":{\"@id\":\"https:\/\/vosgesinfo.fr\/laplainedesvosgesinfo\/#organization\"},\"alternateName\":\"Toute l'actualit\u00e9 de la plaine des Vosges\",\"potentialAction\":[{\"@type\":\"SearchAction\",\"target\":{\"@type\":\"EntryPoint\",\"urlTemplate\":\"https:\/\/vosgesinfo.fr\/laplainedesvosgesinfo\/?s={search_term_string}\"},\"query-input\":\"required name=search_term_string\"}],\"inLanguage\":\"fr-FR\"},{\"@type\":\"Organization\",\"@id\":\"https:\/\/vosgesinfo.fr\/laplainedesvosgesinfo\/#organization\",\"name\":\"La Plaine des Vosges\",\"url\":\"https:\/\/vosgesinfo.fr\/laplainedesvosgesinfo\/\",\"logo\":{\"@type\":\"ImageObject\",\"inLanguage\":\"fr-FR\",\"@id\":\"https:\/\/vosgesinfo.fr\/laplainedesvosgesinfo\/#\/schema\/logo\/image\/\",\"url\":\"https:\/\/vosgesinfo.fr\/app\/uploads\/sites\/2\/2023\/08\/logo-laplaineinfo.svg\",\"contentUrl\":\"https:\/\/vosgesinfo.fr\/app\/uploads\/sites\/2\/2023\/08\/logo-laplaineinfo.svg\",\"width\":1,\"height\":1,\"caption\":\"La Plaine des Vosges\"},\"image\":{\"@id\":\"https:\/\/vosgesinfo.fr\/laplainedesvosgesinfo\/#\/schema\/logo\/image\/\"},\"sameAs\":[\"https:\/\/www.facebook.com\/laplainedesvosges\",\"https:\/\/x.com\/VosgesInfo88\",\"https:\/\/www.youtube.com\/@vosgesinfo\"]},{\"@type\":\"Person\",\"@id\":\"https:\/\/vosgesinfo.fr\/laplainedesvosgesinfo\/#\/schema\/person\/79e32bebcee803e323d575130a214cb1\",\"name\":\"F L\",\"image\":{\"@type\":\"ImageObject\",\"inLanguage\":\"fr-FR\",\"@id\":\"https:\/\/vosgesinfo.fr\/laplainedesvosgesinfo\/#\/schema\/person\/image\/\",\"url\":\"https:\/\/secure.gravatar.com\/avatar\/d357c72e152089867fde6ef62184057ee532a6f21b254c937a932e835554cfb3?s=96&d=mm&r=g\",\"contentUrl\":\"https:\/\/secure.gravatar.com\/avatar\/d357c72e152089867fde6ef62184057ee532a6f21b254c937a932e835554cfb3?s=96&d=mm&r=g\",\"caption\":\"F L\"},\"url\":\"https:\/\/vosgesinfo.fr\/laplainedesvosgesinfo\/author\/frlevyp88\/\"}]}<\/script>\n<!-- \/ Yoast SEO plugin. -->","yoast_head_json":{"title":"\u00c0 Vittel, on peut s\u2019entra\u00eener au club de \u00ab\u00a0KINOMICHI\u00a0\u00bb - La Plaine des Vosges","robots":{"index":"index","follow":"follow","max-snippet":"max-snippet:-1","max-image-preview":"max-image-preview:large","max-video-preview":"max-video-preview:-1"},"canonical":"https:\/\/vosgesinfo.fr\/laplainedesvosgesinfo\/2023\/04\/a-vittel-on-peut-sentrainer-au-club-de-kinomichi\/","twitter_card":"summary_large_image","twitter_title":"\u00c0 Vittel, on peut s\u2019entra\u00eener au club de \u00ab\u00a0KINOMICHI\u00a0\u00bb - La Plaine des Vosges","twitter_description":"Vittel continue de se positionner comme ville phare du sport sur l\u2019ensemble du d\u00e9partement des Vosges. Au Centre de Pr\u00e9paration [&hellip;]","twitter_image":"https:\/\/vosgesinfo.fr\/app\/uploads\/sites\/2\/2024\/07\/20230417be5056-3c31-4bb8-b805-e147fd81bc34.jpeg","twitter_creator":"@VosgesInfo88","twitter_site":"@VosgesInfo88","twitter_misc":{"\u00c9crit par":"F L","Dur\u00e9e de lecture estim\u00e9e":"2 minutes"},"schema":{"@context":"https:\/\/schema.org","@graph":[{"@type":"Article","@id":"https:\/\/vosgesinfo.fr\/laplainedesvosgesinfo\/2023\/04\/a-vittel-on-peut-sentrainer-au-club-de-kinomichi\/#article","isPartOf":{"@id":"https:\/\/vosgesinfo.fr\/laplainedesvosgesinfo\/2023\/04\/a-vittel-on-peut-sentrainer-au-club-de-kinomichi\/"},"author":{"name":"F L","@id":"https:\/\/vosgesinfo.fr\/laplainedesvosgesinfo\/#\/schema\/person\/79e32bebcee803e323d575130a214cb1"},"headline":"\u00c0 Vittel, on peut s\u2019entra\u00eener au club de \u00ab\u00a0KINOMICHI\u00a0\u00bb","datePublished":"2023-04-23T08:34:39+00:00","dateModified":"2023-04-23T08:34:39+00:00","mainEntityOfPage":{"@id":"https:\/\/vosgesinfo.fr\/laplainedesvosgesinfo\/2023\/04\/a-vittel-on-peut-sentrainer-au-club-de-kinomichi\/"},"wordCount":323,"commentCount":0,"publisher":{"@id":"https:\/\/vosgesinfo.fr\/laplainedesvosgesinfo\/#organization"},"image":{"@id":"https:\/\/vosgesinfo.fr\/laplainedesvosgesinfo\/2023\/04\/a-vittel-on-peut-sentrainer-au-club-de-kinomichi\/#primaryimage"},"thumbnailUrl":"https:\/\/vosgesinfo.fr\/app\/uploads\/sites\/2\/2024\/07\/20230417be5056-3c31-4bb8-b805-e147fd81bc34.jpeg","keywords":["Centre de pr\u00e9paration Olympique CPO","Club de Kinomichi","Ville de Vittel"],"articleSection":["A la Une","La Plaine","Sport","Vittel"],"inLanguage":"fr-FR","potentialAction":[{"@type":"CommentAction","name":"Comment","target":["https:\/\/vosgesinfo.fr\/laplainedesvosgesinfo\/2023\/04\/a-vittel-on-peut-sentrainer-au-club-de-kinomichi\/#respond"]}]},{"@type":"WebPage","@id":"https:\/\/vosgesinfo.fr\/laplainedesvosgesinfo\/2023\/04\/a-vittel-on-peut-sentrainer-au-club-de-kinomichi\/","url":"https:\/\/vosgesinfo.fr\/laplainedesvosgesinfo\/2023\/04\/a-vittel-on-peut-sentrainer-au-club-de-kinomichi\/","name":"\u00c0 Vittel, on peut s\u2019entra\u00eener au club de \u00ab\u00a0KINOMICHI\u00a0\u00bb - La Plaine des Vosges","isPartOf":{"@id":"https:\/\/vosgesinfo.fr\/laplainedesvosgesinfo\/#website"},"primaryImageOfPage":{"@id":"https:\/\/vosgesinfo.fr\/laplainedesvosgesinfo\/2023\/04\/a-vittel-on-peut-sentrainer-au-club-de-kinomichi\/#primaryimage"},"image":{"@id":"https:\/\/vosgesinfo.fr\/laplainedesvosgesinfo\/2023\/04\/a-vittel-on-peut-sentrainer-au-club-de-kinomichi\/#primaryimage"},"thumbnailUrl":"https:\/\/vosgesinfo.fr\/app\/uploads\/sites\/2\/2024\/07\/20230417be5056-3c31-4bb8-b805-e147fd81bc34.jpeg","datePublished":"2023-04-23T08:34:39+00:00","dateModified":"2023-04-23T08:34:39+00:00","breadcrumb":{"@id":"https:\/\/vosgesinfo.fr\/laplainedesvosgesinfo\/2023\/04\/a-vittel-on-peut-sentrainer-au-club-de-kinomichi\/#breadcrumb"},"inLanguage":"fr-FR","potentialAction":[{"@type":"ReadAction","target":["https:\/\/vosgesinfo.fr\/laplainedesvosgesinfo\/2023\/04\/a-vittel-on-peut-sentrainer-au-club-de-kinomichi\/"]}]},{"@type":"ImageObject","inLanguage":"fr-FR","@id":"https:\/\/vosgesinfo.fr\/laplainedesvosgesinfo\/2023\/04\/a-vittel-on-peut-sentrainer-au-club-de-kinomichi\/#primaryimage","url":"https:\/\/vosgesinfo.fr\/app\/uploads\/sites\/2\/2024\/07\/20230417be5056-3c31-4bb8-b805-e147fd81bc34.jpeg","contentUrl":"https:\/\/vosgesinfo.fr\/app\/uploads\/sites\/2\/2024\/07\/20230417be5056-3c31-4bb8-b805-e147fd81bc34.jpeg","width":566,"height":800},{"@type":"BreadcrumbList","@id":"https:\/\/vosgesinfo.fr\/laplainedesvosgesinfo\/2023\/04\/a-vittel-on-peut-sentrainer-au-club-de-kinomichi\/#breadcrumb","itemListElement":[{"@type":"ListItem","position":1,"name":"Home","item":"https:\/\/vosgesinfo.fr\/laplainedesvosgesinfo\/"},{"@type":"ListItem","position":2,"name":"\u00c0 Vittel, on peut s\u2019entra\u00eener au club de \u00ab\u00a0KINOMICHI\u00a0\u00bb"}]},{"@type":"WebSite","@id":"https:\/\/vosgesinfo.fr\/laplainedesvosgesinfo\/#website","url":"https:\/\/vosgesinfo.fr\/laplainedesvosgesinfo\/","name":"La Plaine des Vosges","description":"Toute l&#039;actualit\u00e9 de la plaine de Vosges","publisher":{"@id":"https:\/\/vosgesinfo.fr\/laplainedesvosgesinfo\/#organization"},"alternateName":"Toute l'actualit\u00e9 de la plaine des Vosges","potentialAction":[{"@type":"SearchAction","target":{"@type":"EntryPoint","urlTemplate":"https:\/\/vosgesinfo.fr\/laplainedesvosgesinfo\/?s={search_term_string}"},"query-input":"required name=search_term_string"}],"inLanguage":"fr-FR"},{"@type":"Organization","@id":"https:\/\/vosgesinfo.fr\/laplainedesvosgesinfo\/#organization","name":"La Plaine des Vosges","url":"https:\/\/vosgesinfo.fr\/laplainedesvosgesinfo\/","logo":{"@type":"ImageObject","inLanguage":"fr-FR","@id":"https:\/\/vosgesinfo.fr\/laplainedesvosgesinfo\/#\/schema\/logo\/image\/","url":"https:\/\/vosgesinfo.fr\/app\/uploads\/sites\/2\/2023\/08\/logo-laplaineinfo.svg","contentUrl":"https:\/\/vosgesinfo.fr\/app\/uploads\/sites\/2\/2023\/08\/logo-laplaineinfo.svg","width":1,"height":1,"caption":"La Plaine des Vosges"},"image":{"@id":"https:\/\/vosgesinfo.fr\/laplainedesvosgesinfo\/#\/schema\/logo\/image\/"},"sameAs":["https:\/\/www.facebook.com\/laplainedesvosges","https:\/\/x.com\/VosgesInfo88","https:\/\/www.youtube.com\/@vosgesinfo"]},{"@type":"Person","@id":"https:\/\/vosgesinfo.fr\/laplainedesvosgesinfo\/#\/schema\/person\/79e32bebcee803e323d575130a214cb1","name":"F L","image":{"@type":"ImageObject","inLanguage":"fr-FR","@id":"https:\/\/vosgesinfo.fr\/laplainedesvosgesinfo\/#\/schema\/person\/image\/","url":"https:\/\/secure.gravatar.com\/avatar\/d357c72e152089867fde6ef62184057ee532a6f21b254c937a932e835554cfb3?s=96&d=mm&r=g","contentUrl":"https:\/\/secure.gravatar.com\/avatar\/d357c72e152089867fde6ef62184057ee532a6f21b254c937a932e835554cfb3?s=96&d=mm&r=g","caption":"F L"},"url":"https:\/\/vosgesinfo.fr\/laplainedesvosgesinfo\/author\/frlevyp88\/"}]}},"_links":{"self":[{"href":"https:\/\/vosgesinfo.fr\/laplainedesvosgesinfo\/wp-json\/wp\/v2\/posts\/25675","targetHints":{"allow":["GET"]}}],"collection":[{"href":"https:\/\/vosgesinfo.fr\/laplainedesvosgesinfo\/wp-json\/wp\/v2\/posts"}],"about":[{"href":"https:\/\/vosgesinfo.fr\/laplainedesvosgesinfo\/wp-json\/wp\/v2\/types\/post"}],"author":[{"embeddable":true,"href":"https:\/\/vosgesinfo.fr\/laplainedesvosgesinfo\/wp-json\/wp\/v2\/users\/128"}],"replies":[{"embeddable":true,"href":"https:\/\/vosgesinfo.fr\/laplainedesvosgesinfo\/wp-json\/wp\/v2\/comments?post=25675"}],"version-history":[{"count":0,"href":"https:\/\/vosgesinfo.fr\/laplainedesvosgesinfo\/wp-json\/wp\/v2\/posts\/25675\/revisions"}],"wp:featuredmedia":[{"embeddable":true,"href":"https:\/\/vosgesinfo.fr\/laplainedesvosgesinfo\/wp-json\/wp\/v2\/media\/25676"}],"wp:attachment":[{"href":"https:\/\/vosgesinfo.fr\/laplainedesvosgesinfo\/wp-json\/wp\/v2\/media?parent=25675"}],"wp:term":[{"taxonomy":"category","embeddable":true,"href":"https:\/\/vosgesinfo.fr\/laplainedesvosgesinfo\/wp-json\/wp\/v2\/categories?post=25675"},{"taxonomy":"post_tag","embeddable":true,"href":"https:\/\/vosgesinfo.fr\/laplainedesvosgesinfo\/wp-json\/wp\/v2\/tags?post=25675"}],"curies":[{"name":"wp","href":"https:\/\/api.w.org\/{rel}","templated":true}]}}