{"id":25718,"date":"2023-04-26T15:25:08","date_gmt":"2023-04-26T13:25:08","guid":{"rendered":"https:\/\/vosgesinfo.fr\/laplainedesvosgesinfo\/2023\/04\/fillette-retrouvee-morte-dans-un-sac-poubelle-le-suspect-etait-deja-connu-de-la-justice\/"},"modified":"2023-04-26T15:25:08","modified_gmt":"2023-04-26T13:25:08","slug":"fillette-retrouvee-morte-dans-un-sac-poubelle-le-suspect-etait-deja-connu-de-la-justice","status":"publish","type":"post","link":"https:\/\/vosgesinfo.fr\/laplainedesvosgesinfo\/2023\/04\/fillette-retrouvee-morte-dans-un-sac-poubelle-le-suspect-etait-deja-connu-de-la-justice\/","title":{"rendered":"Fillette retrouv\u00e9e morte dans un sac poubelle : le suspect \u00e9tait d\u00e9j\u00e0 connu de la justice"},"content":{"rendered":"<h2>Une fillette de 5 ans avait disparu ce mardi en d\u00e9but d\u2019apr\u00e8s-midi, \u00e0 Rambervillers. Son corps a \u00e9t\u00e9 retrouv\u00e9 dans un sac-poubelle, \u00e0 Rambervillers. Le corps sans vie de leur enfant a \u00e9t\u00e9 d\u00e9couvert vers 16 heures, dans un appartement situ\u00e9 \u00e0 quelques m\u00e8tres du domicile de l\u2019enfant.<em>\u00a0<\/em>Un adolescent, d\u00e9j\u00e0 connu de la police, a \u00e9t\u00e9 interpell\u00e9 et plac\u00e9 en garde \u00e0 vue mardi. Ce mercredi apr\u00e8s-midi, le procureur a souhait\u00e9 apporter quelques \u00e9l\u00e9ments.<\/h2>\n","protected":false},"excerpt":{"rendered":"<p>Une fillette de 5 ans avait disparu ce mardi en d\u00e9but d\u2019apr\u00e8s-midi, \u00e0 Rambervillers. Son corps a \u00e9t\u00e9 retrouv\u00e9 dans [&hellip;]<\/p>\n","protected":false},"author":42,"featured_media":25719,"comment_status":"open","ping_status":"open","sticky":false,"template":"","format":"standard","meta":{"footnotes":""},"categories":[29,8],"tags":[],"class_list":["post-25718","post","type-post","status-publish","format-standard","has-post-thumbnail","hentry","category-a-la-une","category-faits-divers"],"acf":[],"yoast_head":"<!-- This site is optimized with the Yoast SEO plugin v22.5 - https:\/\/yoast.com\/wordpress\/plugins\/seo\/ -->\n<title>Fillette retrouv\u00e9e morte dans un sac poubelle : le suspect \u00e9tait d\u00e9j\u00e0 connu de la justice - La Plaine des Vosges<\/title>\n<meta name=\"robots\" content=\"index, follow, max-snippet:-1, max-image-preview:large, max-video-preview:-1\" \/>\n<link rel=\"canonical\" href=\"https:\/\/vosgesinfo.fr\/laplainedesvosgesinfo\/2023\/04\/fillette-retrouvee-morte-dans-un-sac-poubelle-le-suspect-etait-deja-connu-de-la-justice\/\" \/>\n<meta name=\"twitter:card\" content=\"summary_large_image\" \/>\n<meta name=\"twitter:title\" content=\"Fillette retrouv\u00e9e morte dans un sac poubelle : le suspect \u00e9tait d\u00e9j\u00e0 connu de la justice - La Plaine des Vosges\" \/>\n<meta name=\"twitter:description\" content=\"Une fillette de 5 ans avait disparu ce mardi en d\u00e9but d\u2019apr\u00e8s-midi, \u00e0 Rambervillers. Son corps a \u00e9t\u00e9 retrouv\u00e9 dans [&hellip;]\" \/>\n<meta name=\"twitter:image\" content=\"https:\/\/vosgesinfo.fr\/app\/uploads\/sites\/2\/2024\/07\/202304frederic-nahon-procureur-de-la-republique.jpg\" \/>\n<meta name=\"twitter:creator\" content=\"@VosgesInfo88\" \/>\n<meta name=\"twitter:site\" content=\"@VosgesInfo88\" \/>\n<meta name=\"twitter:label1\" content=\"\u00c9crit par\" \/>\n\t<meta name=\"twitter:data1\" content=\"QG\" \/>\n<script type=\"application\/ld+json\" class=\"yoast-schema-graph\">{\"@context\":\"https:\/\/schema.org\",\"@graph\":[{\"@type\":\"Article\",\"@id\":\"https:\/\/vosgesinfo.fr\/laplainedesvosgesinfo\/2023\/04\/fillette-retrouvee-morte-dans-un-sac-poubelle-le-suspect-etait-deja-connu-de-la-justice\/#article\",\"isPartOf\":{\"@id\":\"https:\/\/vosgesinfo.fr\/laplainedesvosgesinfo\/2023\/04\/fillette-retrouvee-morte-dans-un-sac-poubelle-le-suspect-etait-deja-connu-de-la-justice\/\"},\"author\":{\"name\":\"QG\",\"@id\":\"https:\/\/vosgesinfo.fr\/laplainedesvosgesinfo\/#\/schema\/person\/db5605779a843dad16b5368f3e7613a5\"},\"headline\":\"Fillette retrouv\u00e9e morte dans un sac poubelle : le suspect \u00e9tait d\u00e9j\u00e0 connu de la justice\",\"datePublished\":\"2023-04-26T13:25:08+00:00\",\"dateModified\":\"2023-04-26T13:25:08+00:00\",\"mainEntityOfPage\":{\"@id\":\"https:\/\/vosgesinfo.fr\/laplainedesvosgesinfo\/2023\/04\/fillette-retrouvee-morte-dans-un-sac-poubelle-le-suspect-etait-deja-connu-de-la-justice\/\"},\"wordCount\":95,\"commentCount\":0,\"publisher\":{\"@id\":\"https:\/\/vosgesinfo.fr\/laplainedesvosgesinfo\/#organization\"},\"image\":{\"@id\":\"https:\/\/vosgesinfo.fr\/laplainedesvosgesinfo\/2023\/04\/fillette-retrouvee-morte-dans-un-sac-poubelle-le-suspect-etait-deja-connu-de-la-justice\/#primaryimage\"},\"thumbnailUrl\":\"https:\/\/vosgesinfo.fr\/app\/uploads\/sites\/2\/2024\/07\/202304frederic-nahon-procureur-de-la-republique.jpg\",\"articleSection\":[\"A la Une\",\"Faits-divers\"],\"inLanguage\":\"fr-FR\",\"potentialAction\":[{\"@type\":\"CommentAction\",\"name\":\"Comment\",\"target\":[\"https:\/\/vosgesinfo.fr\/laplainedesvosgesinfo\/2023\/04\/fillette-retrouvee-morte-dans-un-sac-poubelle-le-suspect-etait-deja-connu-de-la-justice\/#respond\"]}]},{\"@type\":\"WebPage\",\"@id\":\"https:\/\/vosgesinfo.fr\/laplainedesvosgesinfo\/2023\/04\/fillette-retrouvee-morte-dans-un-sac-poubelle-le-suspect-etait-deja-connu-de-la-justice\/\",\"url\":\"https:\/\/vosgesinfo.fr\/laplainedesvosgesinfo\/2023\/04\/fillette-retrouvee-morte-dans-un-sac-poubelle-le-suspect-etait-deja-connu-de-la-justice\/\",\"name\":\"Fillette retrouv\u00e9e morte dans un sac poubelle : le suspect \u00e9tait d\u00e9j\u00e0 connu de la justice - La Plaine des Vosges\",\"isPartOf\":{\"@id\":\"https:\/\/vosgesinfo.fr\/laplainedesvosgesinfo\/#website\"},\"primaryImageOfPage\":{\"@id\":\"https:\/\/vosgesinfo.fr\/laplainedesvosgesinfo\/2023\/04\/fillette-retrouvee-morte-dans-un-sac-poubelle-le-suspect-etait-deja-connu-de-la-justice\/#primaryimage\"},\"image\":{\"@id\":\"https:\/\/vosgesinfo.fr\/laplainedesvosgesinfo\/2023\/04\/fillette-retrouvee-morte-dans-un-sac-poubelle-le-suspect-etait-deja-connu-de-la-justice\/#primaryimage\"},\"thumbnailUrl\":\"https:\/\/vosgesinfo.fr\/app\/uploads\/sites\/2\/2024\/07\/202304frederic-nahon-procureur-de-la-republique.jpg\",\"datePublished\":\"2023-04-26T13:25:08+00:00\",\"dateModified\":\"2023-04-26T13:25:08+00:00\",\"breadcrumb\":{\"@id\":\"https:\/\/vosgesinfo.fr\/laplainedesvosgesinfo\/2023\/04\/fillette-retrouvee-morte-dans-un-sac-poubelle-le-suspect-etait-deja-connu-de-la-justice\/#breadcrumb\"},\"inLanguage\":\"fr-FR\",\"potentialAction\":[{\"@type\":\"ReadAction\",\"target\":[\"https:\/\/vosgesinfo.fr\/laplainedesvosgesinfo\/2023\/04\/fillette-retrouvee-morte-dans-un-sac-poubelle-le-suspect-etait-deja-connu-de-la-justice\/\"]}]},{\"@type\":\"ImageObject\",\"inLanguage\":\"fr-FR\",\"@id\":\"https:\/\/vosgesinfo.fr\/laplainedesvosgesinfo\/2023\/04\/fillette-retrouvee-morte-dans-un-sac-poubelle-le-suspect-etait-deja-connu-de-la-justice\/#primaryimage\",\"url\":\"https:\/\/vosgesinfo.fr\/app\/uploads\/sites\/2\/2024\/07\/202304frederic-nahon-procureur-de-la-republique.jpg\",\"contentUrl\":\"https:\/\/vosgesinfo.fr\/app\/uploads\/sites\/2\/2024\/07\/202304frederic-nahon-procureur-de-la-republique.jpg\",\"width\":417,\"height\":498},{\"@type\":\"BreadcrumbList\",\"@id\":\"https:\/\/vosgesinfo.fr\/laplainedesvosgesinfo\/2023\/04\/fillette-retrouvee-morte-dans-un-sac-poubelle-le-suspect-etait-deja-connu-de-la-justice\/#breadcrumb\",\"itemListElement\":[{\"@type\":\"ListItem\",\"position\":1,\"name\":\"Home\",\"item\":\"https:\/\/vosgesinfo.fr\/laplainedesvosgesinfo\/\"},{\"@type\":\"ListItem\",\"position\":2,\"name\":\"Fillette retrouv\u00e9e morte dans un sac poubelle : le suspect \u00e9tait d\u00e9j\u00e0 connu de la justice\"}]},{\"@type\":\"WebSite\",\"@id\":\"https:\/\/vosgesinfo.fr\/laplainedesvosgesinfo\/#website\",\"url\":\"https:\/\/vosgesinfo.fr\/laplainedesvosgesinfo\/\",\"name\":\"La Plaine des Vosges\",\"description\":\"Toute l&#039;actualit\u00e9 de la plaine de Vosges\",\"publisher\":{\"@id\":\"https:\/\/vosgesinfo.fr\/laplainedesvosgesinfo\/#organization\"},\"alternateName\":\"Toute l'actualit\u00e9 de la plaine des Vosges\",\"potentialAction\":[{\"@type\":\"SearchAction\",\"target\":{\"@type\":\"EntryPoint\",\"urlTemplate\":\"https:\/\/vosgesinfo.fr\/laplainedesvosgesinfo\/?s={search_term_string}\"},\"query-input\":\"required name=search_term_string\"}],\"inLanguage\":\"fr-FR\"},{\"@type\":\"Organization\",\"@id\":\"https:\/\/vosgesinfo.fr\/laplainedesvosgesinfo\/#organization\",\"name\":\"La Plaine des Vosges\",\"url\":\"https:\/\/vosgesinfo.fr\/laplainedesvosgesinfo\/\",\"logo\":{\"@type\":\"ImageObject\",\"inLanguage\":\"fr-FR\",\"@id\":\"https:\/\/vosgesinfo.fr\/laplainedesvosgesinfo\/#\/schema\/logo\/image\/\",\"url\":\"https:\/\/vosgesinfo.fr\/app\/uploads\/sites\/2\/2023\/08\/logo-laplaineinfo.svg\",\"contentUrl\":\"https:\/\/vosgesinfo.fr\/app\/uploads\/sites\/2\/2023\/08\/logo-laplaineinfo.svg\",\"width\":1,\"height\":1,\"caption\":\"La Plaine des Vosges\"},\"image\":{\"@id\":\"https:\/\/vosgesinfo.fr\/laplainedesvosgesinfo\/#\/schema\/logo\/image\/\"},\"sameAs\":[\"https:\/\/www.facebook.com\/laplainedesvosges\",\"https:\/\/x.com\/VosgesInfo88\",\"https:\/\/www.youtube.com\/@vosgesinfo\"]},{\"@type\":\"Person\",\"@id\":\"https:\/\/vosgesinfo.fr\/laplainedesvosgesinfo\/#\/schema\/person\/db5605779a843dad16b5368f3e7613a5\",\"name\":\"QG\",\"image\":{\"@type\":\"ImageObject\",\"inLanguage\":\"fr-FR\",\"@id\":\"https:\/\/vosgesinfo.fr\/laplainedesvosgesinfo\/#\/schema\/person\/image\/\",\"url\":\"https:\/\/secure.gravatar.com\/avatar\/ea80c42c204b534408512832fde52504ecabb9706bcb6151cf6175e5b64e6793?s=96&d=mm&r=g\",\"contentUrl\":\"https:\/\/secure.gravatar.com\/avatar\/ea80c42c204b534408512832fde52504ecabb9706bcb6151cf6175e5b64e6793?s=96&d=mm&r=g\",\"caption\":\"QG\"},\"url\":\"https:\/\/vosgesinfo.fr\/laplainedesvosgesinfo\/author\/quentin88\/\"}]}<\/script>\n<!-- \/ Yoast SEO plugin. -->","yoast_head_json":{"title":"Fillette retrouv\u00e9e morte dans un sac poubelle : le suspect \u00e9tait d\u00e9j\u00e0 connu de la justice - La Plaine des Vosges","robots":{"index":"index","follow":"follow","max-snippet":"max-snippet:-1","max-image-preview":"max-image-preview:large","max-video-preview":"max-video-preview:-1"},"canonical":"https:\/\/vosgesinfo.fr\/laplainedesvosgesinfo\/2023\/04\/fillette-retrouvee-morte-dans-un-sac-poubelle-le-suspect-etait-deja-connu-de-la-justice\/","twitter_card":"summary_large_image","twitter_title":"Fillette retrouv\u00e9e morte dans un sac poubelle : le suspect \u00e9tait d\u00e9j\u00e0 connu de la justice - La Plaine des Vosges","twitter_description":"Une fillette de 5 ans avait disparu ce mardi en d\u00e9but d\u2019apr\u00e8s-midi, \u00e0 Rambervillers. Son corps a \u00e9t\u00e9 retrouv\u00e9 dans [&hellip;]","twitter_image":"https:\/\/vosgesinfo.fr\/app\/uploads\/sites\/2\/2024\/07\/202304frederic-nahon-procureur-de-la-republique.jpg","twitter_creator":"@VosgesInfo88","twitter_site":"@VosgesInfo88","twitter_misc":{"\u00c9crit par":"QG"},"schema":{"@context":"https:\/\/schema.org","@graph":[{"@type":"Article","@id":"https:\/\/vosgesinfo.fr\/laplainedesvosgesinfo\/2023\/04\/fillette-retrouvee-morte-dans-un-sac-poubelle-le-suspect-etait-deja-connu-de-la-justice\/#article","isPartOf":{"@id":"https:\/\/vosgesinfo.fr\/laplainedesvosgesinfo\/2023\/04\/fillette-retrouvee-morte-dans-un-sac-poubelle-le-suspect-etait-deja-connu-de-la-justice\/"},"author":{"name":"QG","@id":"https:\/\/vosgesinfo.fr\/laplainedesvosgesinfo\/#\/schema\/person\/db5605779a843dad16b5368f3e7613a5"},"headline":"Fillette retrouv\u00e9e morte dans un sac poubelle : le suspect \u00e9tait d\u00e9j\u00e0 connu de la justice","datePublished":"2023-04-26T13:25:08+00:00","dateModified":"2023-04-26T13:25:08+00:00","mainEntityOfPage":{"@id":"https:\/\/vosgesinfo.fr\/laplainedesvosgesinfo\/2023\/04\/fillette-retrouvee-morte-dans-un-sac-poubelle-le-suspect-etait-deja-connu-de-la-justice\/"},"wordCount":95,"commentCount":0,"publisher":{"@id":"https:\/\/vosgesinfo.fr\/laplainedesvosgesinfo\/#organization"},"image":{"@id":"https:\/\/vosgesinfo.fr\/laplainedesvosgesinfo\/2023\/04\/fillette-retrouvee-morte-dans-un-sac-poubelle-le-suspect-etait-deja-connu-de-la-justice\/#primaryimage"},"thumbnailUrl":"https:\/\/vosgesinfo.fr\/app\/uploads\/sites\/2\/2024\/07\/202304frederic-nahon-procureur-de-la-republique.jpg","articleSection":["A la Une","Faits-divers"],"inLanguage":"fr-FR","potentialAction":[{"@type":"CommentAction","name":"Comment","target":["https:\/\/vosgesinfo.fr\/laplainedesvosgesinfo\/2023\/04\/fillette-retrouvee-morte-dans-un-sac-poubelle-le-suspect-etait-deja-connu-de-la-justice\/#respond"]}]},{"@type":"WebPage","@id":"https:\/\/vosgesinfo.fr\/laplainedesvosgesinfo\/2023\/04\/fillette-retrouvee-morte-dans-un-sac-poubelle-le-suspect-etait-deja-connu-de-la-justice\/","url":"https:\/\/vosgesinfo.fr\/laplainedesvosgesinfo\/2023\/04\/fillette-retrouvee-morte-dans-un-sac-poubelle-le-suspect-etait-deja-connu-de-la-justice\/","name":"Fillette retrouv\u00e9e morte dans un sac poubelle : le suspect \u00e9tait d\u00e9j\u00e0 connu de la justice - La Plaine des Vosges","isPartOf":{"@id":"https:\/\/vosgesinfo.fr\/laplainedesvosgesinfo\/#website"},"primaryImageOfPage":{"@id":"https:\/\/vosgesinfo.fr\/laplainedesvosgesinfo\/2023\/04\/fillette-retrouvee-morte-dans-un-sac-poubelle-le-suspect-etait-deja-connu-de-la-justice\/#primaryimage"},"image":{"@id":"https:\/\/vosgesinfo.fr\/laplainedesvosgesinfo\/2023\/04\/fillette-retrouvee-morte-dans-un-sac-poubelle-le-suspect-etait-deja-connu-de-la-justice\/#primaryimage"},"thumbnailUrl":"https:\/\/vosgesinfo.fr\/app\/uploads\/sites\/2\/2024\/07\/202304frederic-nahon-procureur-de-la-republique.jpg","datePublished":"2023-04-26T13:25:08+00:00","dateModified":"2023-04-26T13:25:08+00:00","breadcrumb":{"@id":"https:\/\/vosgesinfo.fr\/laplainedesvosgesinfo\/2023\/04\/fillette-retrouvee-morte-dans-un-sac-poubelle-le-suspect-etait-deja-connu-de-la-justice\/#breadcrumb"},"inLanguage":"fr-FR","potentialAction":[{"@type":"ReadAction","target":["https:\/\/vosgesinfo.fr\/laplainedesvosgesinfo\/2023\/04\/fillette-retrouvee-morte-dans-un-sac-poubelle-le-suspect-etait-deja-connu-de-la-justice\/"]}]},{"@type":"ImageObject","inLanguage":"fr-FR","@id":"https:\/\/vosgesinfo.fr\/laplainedesvosgesinfo\/2023\/04\/fillette-retrouvee-morte-dans-un-sac-poubelle-le-suspect-etait-deja-connu-de-la-justice\/#primaryimage","url":"https:\/\/vosgesinfo.fr\/app\/uploads\/sites\/2\/2024\/07\/202304frederic-nahon-procureur-de-la-republique.jpg","contentUrl":"https:\/\/vosgesinfo.fr\/app\/uploads\/sites\/2\/2024\/07\/202304frederic-nahon-procureur-de-la-republique.jpg","width":417,"height":498},{"@type":"BreadcrumbList","@id":"https:\/\/vosgesinfo.fr\/laplainedesvosgesinfo\/2023\/04\/fillette-retrouvee-morte-dans-un-sac-poubelle-le-suspect-etait-deja-connu-de-la-justice\/#breadcrumb","itemListElement":[{"@type":"ListItem","position":1,"name":"Home","item":"https:\/\/vosgesinfo.fr\/laplainedesvosgesinfo\/"},{"@type":"ListItem","position":2,"name":"Fillette retrouv\u00e9e morte dans un sac poubelle : le suspect \u00e9tait d\u00e9j\u00e0 connu de la justice"}]},{"@type":"WebSite","@id":"https:\/\/vosgesinfo.fr\/laplainedesvosgesinfo\/#website","url":"https:\/\/vosgesinfo.fr\/laplainedesvosgesinfo\/","name":"La Plaine des Vosges","description":"Toute l&#039;actualit\u00e9 de la plaine de Vosges","publisher":{"@id":"https:\/\/vosgesinfo.fr\/laplainedesvosgesinfo\/#organization"},"alternateName":"Toute l'actualit\u00e9 de la plaine des Vosges","potentialAction":[{"@type":"SearchAction","target":{"@type":"EntryPoint","urlTemplate":"https:\/\/vosgesinfo.fr\/laplainedesvosgesinfo\/?s={search_term_string}"},"query-input":"required name=search_term_string"}],"inLanguage":"fr-FR"},{"@type":"Organization","@id":"https:\/\/vosgesinfo.fr\/laplainedesvosgesinfo\/#organization","name":"La Plaine des Vosges","url":"https:\/\/vosgesinfo.fr\/laplainedesvosgesinfo\/","logo":{"@type":"ImageObject","inLanguage":"fr-FR","@id":"https:\/\/vosgesinfo.fr\/laplainedesvosgesinfo\/#\/schema\/logo\/image\/","url":"https:\/\/vosgesinfo.fr\/app\/uploads\/sites\/2\/2023\/08\/logo-laplaineinfo.svg","contentUrl":"https:\/\/vosgesinfo.fr\/app\/uploads\/sites\/2\/2023\/08\/logo-laplaineinfo.svg","width":1,"height":1,"caption":"La Plaine des Vosges"},"image":{"@id":"https:\/\/vosgesinfo.fr\/laplainedesvosgesinfo\/#\/schema\/logo\/image\/"},"sameAs":["https:\/\/www.facebook.com\/laplainedesvosges","https:\/\/x.com\/VosgesInfo88","https:\/\/www.youtube.com\/@vosgesinfo"]},{"@type":"Person","@id":"https:\/\/vosgesinfo.fr\/laplainedesvosgesinfo\/#\/schema\/person\/db5605779a843dad16b5368f3e7613a5","name":"QG","image":{"@type":"ImageObject","inLanguage":"fr-FR","@id":"https:\/\/vosgesinfo.fr\/laplainedesvosgesinfo\/#\/schema\/person\/image\/","url":"https:\/\/secure.gravatar.com\/avatar\/ea80c42c204b534408512832fde52504ecabb9706bcb6151cf6175e5b64e6793?s=96&d=mm&r=g","contentUrl":"https:\/\/secure.gravatar.com\/avatar\/ea80c42c204b534408512832fde52504ecabb9706bcb6151cf6175e5b64e6793?s=96&d=mm&r=g","caption":"QG"},"url":"https:\/\/vosgesinfo.fr\/laplainedesvosgesinfo\/author\/quentin88\/"}]}},"_links":{"self":[{"href":"https:\/\/vosgesinfo.fr\/laplainedesvosgesinfo\/wp-json\/wp\/v2\/posts\/25718","targetHints":{"allow":["GET"]}}],"collection":[{"href":"https:\/\/vosgesinfo.fr\/laplainedesvosgesinfo\/wp-json\/wp\/v2\/posts"}],"about":[{"href":"https:\/\/vosgesinfo.fr\/laplainedesvosgesinfo\/wp-json\/wp\/v2\/types\/post"}],"author":[{"embeddable":true,"href":"https:\/\/vosgesinfo.fr\/laplainedesvosgesinfo\/wp-json\/wp\/v2\/users\/42"}],"replies":[{"embeddable":true,"href":"https:\/\/vosgesinfo.fr\/laplainedesvosgesinfo\/wp-json\/wp\/v2\/comments?post=25718"}],"version-history":[{"count":0,"href":"https:\/\/vosgesinfo.fr\/laplainedesvosgesinfo\/wp-json\/wp\/v2\/posts\/25718\/revisions"}],"wp:featuredmedia":[{"embeddable":true,"href":"https:\/\/vosgesinfo.fr\/laplainedesvosgesinfo\/wp-json\/wp\/v2\/media\/25719"}],"wp:attachment":[{"href":"https:\/\/vosgesinfo.fr\/laplainedesvosgesinfo\/wp-json\/wp\/v2\/media?parent=25718"}],"wp:term":[{"taxonomy":"category","embeddable":true,"href":"https:\/\/vosgesinfo.fr\/laplainedesvosgesinfo\/wp-json\/wp\/v2\/categories?post=25718"},{"taxonomy":"post_tag","embeddable":true,"href":"https:\/\/vosgesinfo.fr\/laplainedesvosgesinfo\/wp-json\/wp\/v2\/tags?post=25718"}],"curies":[{"name":"wp","href":"https:\/\/api.w.org\/{rel}","templated":true}]}}