{"id":25811,"date":"2023-05-04T17:53:34","date_gmt":"2023-05-04T15:53:34","guid":{"rendered":"https:\/\/vosgesinfo.fr\/laplainedesvosgesinfo\/2023\/05\/la-fete-foraine-sinstalle-du-06-mai-au-14-mai-2023-a-neufchateau\/"},"modified":"2023-05-04T17:53:34","modified_gmt":"2023-05-04T15:53:34","slug":"la-fete-foraine-sinstalle-du-06-mai-au-14-mai-2023-a-neufchateau","status":"publish","type":"post","link":"https:\/\/vosgesinfo.fr\/laplainedesvosgesinfo\/2023\/05\/la-fete-foraine-sinstalle-du-06-mai-au-14-mai-2023-a-neufchateau\/","title":{"rendered":"La f\u00eate foraine s\u2019installe du 06 mai au 14 mai 2023 \u00e0 Neufch\u00e2teau"},"content":{"rendered":"<p><a href=\"\/2023\/05\/14.jpg\"><img decoding=\"async\" class=\"alignnone size-medium wp-image-138421 aligncenter\" src=\"\/2023\/05\/14-340x255.jpg\" alt=\"1\" width=\"340\" height=\"255\" \/><\/a><\/p>\n<p>Petits et grands ont rendez-vous d\u00e8s\u00a0samedi 06\u00a0mai 2023\u00a0pour le retour de la traditionnelle f\u00eate foraine organis\u00e9e dans la cit\u00e9 des Goncourt.<\/p>\n<p>Au programme de cette f\u00eate patronale, de nombreuses attractions qui vont ravir tout le monde, man\u00e8ges \u00e0 sensations, autos tamponneuses, grue \u00e0 peluches, Casino, tir \u00e0 la carabine sans oublier les succulents churros et la fameuse barbe \u00e0 papa, ils y en aura pour tout les go\u00fbts.<\/p>\n<p>La f\u00eate foraine de Neufch\u00e2teau aura lieu du\u00a0samedi 06\u00a0mai 2023 au dimanche 14 mai 2023 sur l\u2019esplanade des Marronniers.<\/p>\n<p>L\u2019inauguration se fera samedi 06 mai \u00e0 14h00.<\/p>\n","protected":false},"excerpt":{"rendered":"<p>Petits et grands ont rendez-vous d\u00e8s\u00a0samedi 06\u00a0mai 2023\u00a0pour le retour de la traditionnelle f\u00eate foraine organis\u00e9e dans la cit\u00e9 des [&hellip;]<\/p>\n","protected":false},"author":1,"featured_media":443,"comment_status":"open","ping_status":"open","sticky":false,"template":"","format":"standard","meta":{"footnotes":""},"categories":[29,24,22],"tags":[924,31],"class_list":["post-25811","post","type-post","status-publish","format-standard","has-post-thumbnail","hentry","category-a-la-une","category-festivites","category-neufchateau","tag-fete-foraine","tag-ville-de-neufchateau"],"acf":[],"yoast_head":"<!-- This site is optimized with the Yoast SEO plugin v22.5 - https:\/\/yoast.com\/wordpress\/plugins\/seo\/ -->\n<title>La f\u00eate foraine s\u2019installe du 06 mai au 14 mai 2023 \u00e0 Neufch\u00e2teau - La Plaine des Vosges<\/title>\n<meta name=\"robots\" content=\"index, follow, max-snippet:-1, max-image-preview:large, max-video-preview:-1\" \/>\n<link rel=\"canonical\" href=\"https:\/\/vosgesinfo.fr\/laplainedesvosgesinfo\/2023\/05\/la-fete-foraine-sinstalle-du-06-mai-au-14-mai-2023-a-neufchateau\/\" \/>\n<meta name=\"twitter:card\" content=\"summary_large_image\" \/>\n<meta name=\"twitter:title\" content=\"La f\u00eate foraine s\u2019installe du 06 mai au 14 mai 2023 \u00e0 Neufch\u00e2teau - La Plaine des Vosges\" \/>\n<meta name=\"twitter:description\" content=\"Petits et grands ont rendez-vous d\u00e8s\u00a0samedi 06\u00a0mai 2023\u00a0pour le retour de la traditionnelle f\u00eate foraine organis\u00e9e dans la cit\u00e9 des [&hellip;]\" \/>\n<meta name=\"twitter:image\" content=\"https:\/\/vosgesinfo.fr\/app\/uploads\/sites\/2\/2023\/09\/14.jpg\" \/>\n<meta name=\"twitter:creator\" content=\"@VosgesInfo88\" \/>\n<meta name=\"twitter:site\" content=\"@VosgesInfo88\" \/>\n<meta name=\"twitter:label1\" content=\"\u00c9crit par\" \/>\n\t<meta name=\"twitter:data1\" content=\"qs_admin\" \/>\n<script type=\"application\/ld+json\" class=\"yoast-schema-graph\">{\"@context\":\"https:\/\/schema.org\",\"@graph\":[{\"@type\":\"Article\",\"@id\":\"https:\/\/vosgesinfo.fr\/laplainedesvosgesinfo\/2023\/05\/la-fete-foraine-sinstalle-du-06-mai-au-14-mai-2023-a-neufchateau\/#article\",\"isPartOf\":{\"@id\":\"https:\/\/vosgesinfo.fr\/laplainedesvosgesinfo\/2023\/05\/la-fete-foraine-sinstalle-du-06-mai-au-14-mai-2023-a-neufchateau\/\"},\"author\":{\"name\":\"qs_admin\",\"@id\":\"https:\/\/vosgesinfo.fr\/laplainedesvosgesinfo\/#\/schema\/person\/bc5d02d71e6932e81b6dadb7386667b1\"},\"headline\":\"La f\u00eate foraine s\u2019installe du 06 mai au 14 mai 2023 \u00e0 Neufch\u00e2teau\",\"datePublished\":\"2023-05-04T15:53:34+00:00\",\"dateModified\":\"2023-05-04T15:53:34+00:00\",\"mainEntityOfPage\":{\"@id\":\"https:\/\/vosgesinfo.fr\/laplainedesvosgesinfo\/2023\/05\/la-fete-foraine-sinstalle-du-06-mai-au-14-mai-2023-a-neufchateau\/\"},\"wordCount\":110,\"commentCount\":0,\"publisher\":{\"@id\":\"https:\/\/vosgesinfo.fr\/laplainedesvosgesinfo\/#organization\"},\"image\":{\"@id\":\"https:\/\/vosgesinfo.fr\/laplainedesvosgesinfo\/2023\/05\/la-fete-foraine-sinstalle-du-06-mai-au-14-mai-2023-a-neufchateau\/#primaryimage\"},\"thumbnailUrl\":\"https:\/\/vosgesinfo.fr\/app\/uploads\/sites\/2\/2023\/09\/14.jpg\",\"keywords\":[\"F\u00eate foraine\",\"Ville de Neufch\u00e2teau\"],\"articleSection\":[\"A la Une\",\"Festivit\u00e9s\",\"Neufch\u00e2teau\"],\"inLanguage\":\"fr-FR\",\"potentialAction\":[{\"@type\":\"CommentAction\",\"name\":\"Comment\",\"target\":[\"https:\/\/vosgesinfo.fr\/laplainedesvosgesinfo\/2023\/05\/la-fete-foraine-sinstalle-du-06-mai-au-14-mai-2023-a-neufchateau\/#respond\"]}]},{\"@type\":\"WebPage\",\"@id\":\"https:\/\/vosgesinfo.fr\/laplainedesvosgesinfo\/2023\/05\/la-fete-foraine-sinstalle-du-06-mai-au-14-mai-2023-a-neufchateau\/\",\"url\":\"https:\/\/vosgesinfo.fr\/laplainedesvosgesinfo\/2023\/05\/la-fete-foraine-sinstalle-du-06-mai-au-14-mai-2023-a-neufchateau\/\",\"name\":\"La f\u00eate foraine s\u2019installe du 06 mai au 14 mai 2023 \u00e0 Neufch\u00e2teau - La Plaine des Vosges\",\"isPartOf\":{\"@id\":\"https:\/\/vosgesinfo.fr\/laplainedesvosgesinfo\/#website\"},\"primaryImageOfPage\":{\"@id\":\"https:\/\/vosgesinfo.fr\/laplainedesvosgesinfo\/2023\/05\/la-fete-foraine-sinstalle-du-06-mai-au-14-mai-2023-a-neufchateau\/#primaryimage\"},\"image\":{\"@id\":\"https:\/\/vosgesinfo.fr\/laplainedesvosgesinfo\/2023\/05\/la-fete-foraine-sinstalle-du-06-mai-au-14-mai-2023-a-neufchateau\/#primaryimage\"},\"thumbnailUrl\":\"https:\/\/vosgesinfo.fr\/app\/uploads\/sites\/2\/2023\/09\/14.jpg\",\"datePublished\":\"2023-05-04T15:53:34+00:00\",\"dateModified\":\"2023-05-04T15:53:34+00:00\",\"breadcrumb\":{\"@id\":\"https:\/\/vosgesinfo.fr\/laplainedesvosgesinfo\/2023\/05\/la-fete-foraine-sinstalle-du-06-mai-au-14-mai-2023-a-neufchateau\/#breadcrumb\"},\"inLanguage\":\"fr-FR\",\"potentialAction\":[{\"@type\":\"ReadAction\",\"target\":[\"https:\/\/vosgesinfo.fr\/laplainedesvosgesinfo\/2023\/05\/la-fete-foraine-sinstalle-du-06-mai-au-14-mai-2023-a-neufchateau\/\"]}]},{\"@type\":\"ImageObject\",\"inLanguage\":\"fr-FR\",\"@id\":\"https:\/\/vosgesinfo.fr\/laplainedesvosgesinfo\/2023\/05\/la-fete-foraine-sinstalle-du-06-mai-au-14-mai-2023-a-neufchateau\/#primaryimage\",\"url\":\"https:\/\/vosgesinfo.fr\/app\/uploads\/sites\/2\/2023\/09\/14.jpg\",\"contentUrl\":\"https:\/\/vosgesinfo.fr\/app\/uploads\/sites\/2\/2023\/09\/14.jpg\",\"width\":281,\"height\":179},{\"@type\":\"BreadcrumbList\",\"@id\":\"https:\/\/vosgesinfo.fr\/laplainedesvosgesinfo\/2023\/05\/la-fete-foraine-sinstalle-du-06-mai-au-14-mai-2023-a-neufchateau\/#breadcrumb\",\"itemListElement\":[{\"@type\":\"ListItem\",\"position\":1,\"name\":\"Home\",\"item\":\"https:\/\/vosgesinfo.fr\/laplainedesvosgesinfo\/\"},{\"@type\":\"ListItem\",\"position\":2,\"name\":\"La f\u00eate foraine s\u2019installe du 06 mai au 14 mai 2023 \u00e0 Neufch\u00e2teau\"}]},{\"@type\":\"WebSite\",\"@id\":\"https:\/\/vosgesinfo.fr\/laplainedesvosgesinfo\/#website\",\"url\":\"https:\/\/vosgesinfo.fr\/laplainedesvosgesinfo\/\",\"name\":\"La Plaine des Vosges\",\"description\":\"Toute l&#039;actualit\u00e9 de la plaine de Vosges\",\"publisher\":{\"@id\":\"https:\/\/vosgesinfo.fr\/laplainedesvosgesinfo\/#organization\"},\"alternateName\":\"Toute l'actualit\u00e9 de la plaine des Vosges\",\"potentialAction\":[{\"@type\":\"SearchAction\",\"target\":{\"@type\":\"EntryPoint\",\"urlTemplate\":\"https:\/\/vosgesinfo.fr\/laplainedesvosgesinfo\/?s={search_term_string}\"},\"query-input\":\"required name=search_term_string\"}],\"inLanguage\":\"fr-FR\"},{\"@type\":\"Organization\",\"@id\":\"https:\/\/vosgesinfo.fr\/laplainedesvosgesinfo\/#organization\",\"name\":\"La Plaine des Vosges\",\"url\":\"https:\/\/vosgesinfo.fr\/laplainedesvosgesinfo\/\",\"logo\":{\"@type\":\"ImageObject\",\"inLanguage\":\"fr-FR\",\"@id\":\"https:\/\/vosgesinfo.fr\/laplainedesvosgesinfo\/#\/schema\/logo\/image\/\",\"url\":\"https:\/\/vosgesinfo.fr\/app\/uploads\/sites\/2\/2023\/08\/logo-laplaineinfo.svg\",\"contentUrl\":\"https:\/\/vosgesinfo.fr\/app\/uploads\/sites\/2\/2023\/08\/logo-laplaineinfo.svg\",\"width\":1,\"height\":1,\"caption\":\"La Plaine des Vosges\"},\"image\":{\"@id\":\"https:\/\/vosgesinfo.fr\/laplainedesvosgesinfo\/#\/schema\/logo\/image\/\"},\"sameAs\":[\"https:\/\/www.facebook.com\/laplainedesvosges\",\"https:\/\/x.com\/VosgesInfo88\",\"https:\/\/www.youtube.com\/@vosgesinfo\"]},{\"@type\":\"Person\",\"@id\":\"https:\/\/vosgesinfo.fr\/laplainedesvosgesinfo\/#\/schema\/person\/bc5d02d71e6932e81b6dadb7386667b1\",\"name\":\"qs_admin\",\"image\":{\"@type\":\"ImageObject\",\"inLanguage\":\"fr-FR\",\"@id\":\"https:\/\/vosgesinfo.fr\/laplainedesvosgesinfo\/#\/schema\/person\/image\/\",\"url\":\"https:\/\/secure.gravatar.com\/avatar\/94b18ee0ed79e4a42ea2f2931277b6841a8999fc6fde214600c78057cf1fe1de?s=96&d=mm&r=g\",\"contentUrl\":\"https:\/\/secure.gravatar.com\/avatar\/94b18ee0ed79e4a42ea2f2931277b6841a8999fc6fde214600c78057cf1fe1de?s=96&d=mm&r=g\",\"caption\":\"qs_admin\"},\"sameAs\":[\"https:\/\/vosgesinfo.fr\/wp\"],\"url\":\"https:\/\/vosgesinfo.fr\/laplainedesvosgesinfo\/author\/qs_admin\/\"}]}<\/script>\n<!-- \/ Yoast SEO plugin. -->","yoast_head_json":{"title":"La f\u00eate foraine s\u2019installe du 06 mai au 14 mai 2023 \u00e0 Neufch\u00e2teau - La Plaine des Vosges","robots":{"index":"index","follow":"follow","max-snippet":"max-snippet:-1","max-image-preview":"max-image-preview:large","max-video-preview":"max-video-preview:-1"},"canonical":"https:\/\/vosgesinfo.fr\/laplainedesvosgesinfo\/2023\/05\/la-fete-foraine-sinstalle-du-06-mai-au-14-mai-2023-a-neufchateau\/","twitter_card":"summary_large_image","twitter_title":"La f\u00eate foraine s\u2019installe du 06 mai au 14 mai 2023 \u00e0 Neufch\u00e2teau - La Plaine des Vosges","twitter_description":"Petits et grands ont rendez-vous d\u00e8s\u00a0samedi 06\u00a0mai 2023\u00a0pour le retour de la traditionnelle f\u00eate foraine organis\u00e9e dans la cit\u00e9 des [&hellip;]","twitter_image":"https:\/\/vosgesinfo.fr\/app\/uploads\/sites\/2\/2023\/09\/14.jpg","twitter_creator":"@VosgesInfo88","twitter_site":"@VosgesInfo88","twitter_misc":{"\u00c9crit par":"qs_admin"},"schema":{"@context":"https:\/\/schema.org","@graph":[{"@type":"Article","@id":"https:\/\/vosgesinfo.fr\/laplainedesvosgesinfo\/2023\/05\/la-fete-foraine-sinstalle-du-06-mai-au-14-mai-2023-a-neufchateau\/#article","isPartOf":{"@id":"https:\/\/vosgesinfo.fr\/laplainedesvosgesinfo\/2023\/05\/la-fete-foraine-sinstalle-du-06-mai-au-14-mai-2023-a-neufchateau\/"},"author":{"name":"qs_admin","@id":"https:\/\/vosgesinfo.fr\/laplainedesvosgesinfo\/#\/schema\/person\/bc5d02d71e6932e81b6dadb7386667b1"},"headline":"La f\u00eate foraine s\u2019installe du 06 mai au 14 mai 2023 \u00e0 Neufch\u00e2teau","datePublished":"2023-05-04T15:53:34+00:00","dateModified":"2023-05-04T15:53:34+00:00","mainEntityOfPage":{"@id":"https:\/\/vosgesinfo.fr\/laplainedesvosgesinfo\/2023\/05\/la-fete-foraine-sinstalle-du-06-mai-au-14-mai-2023-a-neufchateau\/"},"wordCount":110,"commentCount":0,"publisher":{"@id":"https:\/\/vosgesinfo.fr\/laplainedesvosgesinfo\/#organization"},"image":{"@id":"https:\/\/vosgesinfo.fr\/laplainedesvosgesinfo\/2023\/05\/la-fete-foraine-sinstalle-du-06-mai-au-14-mai-2023-a-neufchateau\/#primaryimage"},"thumbnailUrl":"https:\/\/vosgesinfo.fr\/app\/uploads\/sites\/2\/2023\/09\/14.jpg","keywords":["F\u00eate foraine","Ville de Neufch\u00e2teau"],"articleSection":["A la Une","Festivit\u00e9s","Neufch\u00e2teau"],"inLanguage":"fr-FR","potentialAction":[{"@type":"CommentAction","name":"Comment","target":["https:\/\/vosgesinfo.fr\/laplainedesvosgesinfo\/2023\/05\/la-fete-foraine-sinstalle-du-06-mai-au-14-mai-2023-a-neufchateau\/#respond"]}]},{"@type":"WebPage","@id":"https:\/\/vosgesinfo.fr\/laplainedesvosgesinfo\/2023\/05\/la-fete-foraine-sinstalle-du-06-mai-au-14-mai-2023-a-neufchateau\/","url":"https:\/\/vosgesinfo.fr\/laplainedesvosgesinfo\/2023\/05\/la-fete-foraine-sinstalle-du-06-mai-au-14-mai-2023-a-neufchateau\/","name":"La f\u00eate foraine s\u2019installe du 06 mai au 14 mai 2023 \u00e0 Neufch\u00e2teau - La Plaine des Vosges","isPartOf":{"@id":"https:\/\/vosgesinfo.fr\/laplainedesvosgesinfo\/#website"},"primaryImageOfPage":{"@id":"https:\/\/vosgesinfo.fr\/laplainedesvosgesinfo\/2023\/05\/la-fete-foraine-sinstalle-du-06-mai-au-14-mai-2023-a-neufchateau\/#primaryimage"},"image":{"@id":"https:\/\/vosgesinfo.fr\/laplainedesvosgesinfo\/2023\/05\/la-fete-foraine-sinstalle-du-06-mai-au-14-mai-2023-a-neufchateau\/#primaryimage"},"thumbnailUrl":"https:\/\/vosgesinfo.fr\/app\/uploads\/sites\/2\/2023\/09\/14.jpg","datePublished":"2023-05-04T15:53:34+00:00","dateModified":"2023-05-04T15:53:34+00:00","breadcrumb":{"@id":"https:\/\/vosgesinfo.fr\/laplainedesvosgesinfo\/2023\/05\/la-fete-foraine-sinstalle-du-06-mai-au-14-mai-2023-a-neufchateau\/#breadcrumb"},"inLanguage":"fr-FR","potentialAction":[{"@type":"ReadAction","target":["https:\/\/vosgesinfo.fr\/laplainedesvosgesinfo\/2023\/05\/la-fete-foraine-sinstalle-du-06-mai-au-14-mai-2023-a-neufchateau\/"]}]},{"@type":"ImageObject","inLanguage":"fr-FR","@id":"https:\/\/vosgesinfo.fr\/laplainedesvosgesinfo\/2023\/05\/la-fete-foraine-sinstalle-du-06-mai-au-14-mai-2023-a-neufchateau\/#primaryimage","url":"https:\/\/vosgesinfo.fr\/app\/uploads\/sites\/2\/2023\/09\/14.jpg","contentUrl":"https:\/\/vosgesinfo.fr\/app\/uploads\/sites\/2\/2023\/09\/14.jpg","width":281,"height":179},{"@type":"BreadcrumbList","@id":"https:\/\/vosgesinfo.fr\/laplainedesvosgesinfo\/2023\/05\/la-fete-foraine-sinstalle-du-06-mai-au-14-mai-2023-a-neufchateau\/#breadcrumb","itemListElement":[{"@type":"ListItem","position":1,"name":"Home","item":"https:\/\/vosgesinfo.fr\/laplainedesvosgesinfo\/"},{"@type":"ListItem","position":2,"name":"La f\u00eate foraine s\u2019installe du 06 mai au 14 mai 2023 \u00e0 Neufch\u00e2teau"}]},{"@type":"WebSite","@id":"https:\/\/vosgesinfo.fr\/laplainedesvosgesinfo\/#website","url":"https:\/\/vosgesinfo.fr\/laplainedesvosgesinfo\/","name":"La Plaine des Vosges","description":"Toute l&#039;actualit\u00e9 de la plaine de Vosges","publisher":{"@id":"https:\/\/vosgesinfo.fr\/laplainedesvosgesinfo\/#organization"},"alternateName":"Toute l'actualit\u00e9 de la plaine des Vosges","potentialAction":[{"@type":"SearchAction","target":{"@type":"EntryPoint","urlTemplate":"https:\/\/vosgesinfo.fr\/laplainedesvosgesinfo\/?s={search_term_string}"},"query-input":"required name=search_term_string"}],"inLanguage":"fr-FR"},{"@type":"Organization","@id":"https:\/\/vosgesinfo.fr\/laplainedesvosgesinfo\/#organization","name":"La Plaine des Vosges","url":"https:\/\/vosgesinfo.fr\/laplainedesvosgesinfo\/","logo":{"@type":"ImageObject","inLanguage":"fr-FR","@id":"https:\/\/vosgesinfo.fr\/laplainedesvosgesinfo\/#\/schema\/logo\/image\/","url":"https:\/\/vosgesinfo.fr\/app\/uploads\/sites\/2\/2023\/08\/logo-laplaineinfo.svg","contentUrl":"https:\/\/vosgesinfo.fr\/app\/uploads\/sites\/2\/2023\/08\/logo-laplaineinfo.svg","width":1,"height":1,"caption":"La Plaine des Vosges"},"image":{"@id":"https:\/\/vosgesinfo.fr\/laplainedesvosgesinfo\/#\/schema\/logo\/image\/"},"sameAs":["https:\/\/www.facebook.com\/laplainedesvosges","https:\/\/x.com\/VosgesInfo88","https:\/\/www.youtube.com\/@vosgesinfo"]},{"@type":"Person","@id":"https:\/\/vosgesinfo.fr\/laplainedesvosgesinfo\/#\/schema\/person\/bc5d02d71e6932e81b6dadb7386667b1","name":"qs_admin","image":{"@type":"ImageObject","inLanguage":"fr-FR","@id":"https:\/\/vosgesinfo.fr\/laplainedesvosgesinfo\/#\/schema\/person\/image\/","url":"https:\/\/secure.gravatar.com\/avatar\/94b18ee0ed79e4a42ea2f2931277b6841a8999fc6fde214600c78057cf1fe1de?s=96&d=mm&r=g","contentUrl":"https:\/\/secure.gravatar.com\/avatar\/94b18ee0ed79e4a42ea2f2931277b6841a8999fc6fde214600c78057cf1fe1de?s=96&d=mm&r=g","caption":"qs_admin"},"sameAs":["https:\/\/vosgesinfo.fr\/wp"],"url":"https:\/\/vosgesinfo.fr\/laplainedesvosgesinfo\/author\/qs_admin\/"}]}},"_links":{"self":[{"href":"https:\/\/vosgesinfo.fr\/laplainedesvosgesinfo\/wp-json\/wp\/v2\/posts\/25811","targetHints":{"allow":["GET"]}}],"collection":[{"href":"https:\/\/vosgesinfo.fr\/laplainedesvosgesinfo\/wp-json\/wp\/v2\/posts"}],"about":[{"href":"https:\/\/vosgesinfo.fr\/laplainedesvosgesinfo\/wp-json\/wp\/v2\/types\/post"}],"author":[{"embeddable":true,"href":"https:\/\/vosgesinfo.fr\/laplainedesvosgesinfo\/wp-json\/wp\/v2\/users\/1"}],"replies":[{"embeddable":true,"href":"https:\/\/vosgesinfo.fr\/laplainedesvosgesinfo\/wp-json\/wp\/v2\/comments?post=25811"}],"version-history":[{"count":0,"href":"https:\/\/vosgesinfo.fr\/laplainedesvosgesinfo\/wp-json\/wp\/v2\/posts\/25811\/revisions"}],"wp:featuredmedia":[{"embeddable":true,"href":"https:\/\/vosgesinfo.fr\/laplainedesvosgesinfo\/wp-json\/wp\/v2\/media\/443"}],"wp:attachment":[{"href":"https:\/\/vosgesinfo.fr\/laplainedesvosgesinfo\/wp-json\/wp\/v2\/media?parent=25811"}],"wp:term":[{"taxonomy":"category","embeddable":true,"href":"https:\/\/vosgesinfo.fr\/laplainedesvosgesinfo\/wp-json\/wp\/v2\/categories?post=25811"},{"taxonomy":"post_tag","embeddable":true,"href":"https:\/\/vosgesinfo.fr\/laplainedesvosgesinfo\/wp-json\/wp\/v2\/tags?post=25811"}],"curies":[{"name":"wp","href":"https:\/\/api.w.org\/{rel}","templated":true}]}}