{"id":25893,"date":"2023-05-18T14:07:57","date_gmt":"2023-05-18T12:07:57","guid":{"rendered":"https:\/\/vosgesinfo.fr\/laplainedesvosgesinfo\/2023\/05\/pour-renforcer-ses-equipes-la-ville-de-vittel-recrute\/"},"modified":"2023-05-18T14:07:57","modified_gmt":"2023-05-18T12:07:57","slug":"pour-renforcer-ses-equipes-la-ville-de-vittel-recrute","status":"publish","type":"post","link":"https:\/\/vosgesinfo.fr\/laplainedesvosgesinfo\/2023\/05\/pour-renforcer-ses-equipes-la-ville-de-vittel-recrute\/","title":{"rendered":"Pour renforcer ses \u00e9quipes, la ville de Vittel recrute"},"content":{"rendered":"<p><strong><a href=\"\/2023\/05\/0C8BCDF7-403A-47E5-9B13-D847F27A4400.jpeg\"><img decoding=\"async\" class=\"aligncenter size-full wp-image-138676\" src=\"\/2023\/05\/0C8BCDF7-403A-47E5-9B13-D847F27A4400.jpeg\" alt=\"La ville de Vittel recrute\" width=\"800\" height=\"485\" \/><\/a><br \/>\nAfin de renforcer ses \u00e9quipes, la ville de Vittel propose de nombreux postes \u00e0 temps plein ou partiel, suivant les services concern\u00e9s. L\u2019ensemble des offres est \u00e0 consulter sur le site de la ville. Deux postes sont actuellement \u00e0 pourvoir dans la cit\u00e9 thermale.<br \/>\n<\/strong><\/p>\n<p>Le premier poste concerne le cin\u00e9ma de l\u2019Alhambra. La salle est \u00e0 la recherche d\u2019un agent d\u2019accueil, homme ou femme. Ce poste est propos\u00e9 \u00e0 temps partiel pour 17 heures 30 de pr\u00e9sence par semaine. Le poste est \u00e0 pourvoir imm\u00e9diatement. Il concerne les cadres d\u2019emploi des adjoints administratifs, et la date de d\u00e9p\u00f4t des candidatures est fix\u00e9 au 31 mai 2023.<\/p>\n<p>C\u2019est \u00e9galement un appel \u00e0 candidature en direction d\u2019un agent comptable, que vient de lancer la ville de Vittel. Ce poste est offert \u00e0 temps complet soit 35 heures par semaine, pour une dur\u00e9e de 6 mois. Ce poste est \u00e0 pourvoir au 1er septembre 2023, et la date de d\u00e9p\u00f4t des candidatures est arr\u00eat\u00e9e au 2 juin 2023.<\/p>\n<p>www.ville-vittel.fr\/emploi<\/p>\n","protected":false},"excerpt":{"rendered":"<p>Afin de renforcer ses \u00e9quipes, la ville de Vittel propose de nombreux postes \u00e0 temps plein ou partiel, suivant les [&hellip;]<\/p>\n","protected":false},"author":128,"featured_media":25894,"comment_status":"open","ping_status":"open","sticky":false,"template":"","format":"standard","meta":{"footnotes":""},"categories":[29,37,53,38],"tags":[36],"class_list":["post-25893","post","type-post","status-publish","format-standard","has-post-thumbnail","hentry","category-a-la-une","category-la-plaine","category-vie-locale","category-vittel-la-plaine","tag-ville-de-vittel"],"acf":[],"yoast_head":"<!-- This site is optimized with the Yoast SEO plugin v22.5 - https:\/\/yoast.com\/wordpress\/plugins\/seo\/ -->\n<title>Pour renforcer ses \u00e9quipes, la ville de Vittel recrute - La Plaine des Vosges<\/title>\n<meta name=\"robots\" content=\"index, follow, max-snippet:-1, max-image-preview:large, max-video-preview:-1\" \/>\n<link rel=\"canonical\" href=\"https:\/\/vosgesinfo.fr\/laplainedesvosgesinfo\/2023\/05\/pour-renforcer-ses-equipes-la-ville-de-vittel-recrute\/\" \/>\n<meta name=\"twitter:card\" content=\"summary_large_image\" \/>\n<meta name=\"twitter:title\" content=\"Pour renforcer ses \u00e9quipes, la ville de Vittel recrute - La Plaine des Vosges\" \/>\n<meta name=\"twitter:description\" content=\"Afin de renforcer ses \u00e9quipes, la ville de Vittel propose de nombreux postes \u00e0 temps plein ou partiel, suivant les [&hellip;]\" \/>\n<meta name=\"twitter:image\" content=\"https:\/\/vosgesinfo.fr\/app\/uploads\/sites\/2\/2024\/07\/2023050c8bcdf7-403a-47e5-9b13-d847f27a4400.jpeg\" \/>\n<meta name=\"twitter:creator\" content=\"@VosgesInfo88\" \/>\n<meta name=\"twitter:site\" content=\"@VosgesInfo88\" \/>\n<meta name=\"twitter:label1\" content=\"\u00c9crit par\" \/>\n\t<meta name=\"twitter:data1\" content=\"F L\" \/>\n\t<meta name=\"twitter:label2\" content=\"Dur\u00e9e de lecture estim\u00e9e\" \/>\n\t<meta name=\"twitter:data2\" content=\"1 minute\" \/>\n<script type=\"application\/ld+json\" class=\"yoast-schema-graph\">{\"@context\":\"https:\/\/schema.org\",\"@graph\":[{\"@type\":\"Article\",\"@id\":\"https:\/\/vosgesinfo.fr\/laplainedesvosgesinfo\/2023\/05\/pour-renforcer-ses-equipes-la-ville-de-vittel-recrute\/#article\",\"isPartOf\":{\"@id\":\"https:\/\/vosgesinfo.fr\/laplainedesvosgesinfo\/2023\/05\/pour-renforcer-ses-equipes-la-ville-de-vittel-recrute\/\"},\"author\":{\"name\":\"F L\",\"@id\":\"https:\/\/vosgesinfo.fr\/laplainedesvosgesinfo\/#\/schema\/person\/79e32bebcee803e323d575130a214cb1\"},\"headline\":\"Pour renforcer ses \u00e9quipes, la ville de Vittel recrute\",\"datePublished\":\"2023-05-18T12:07:57+00:00\",\"dateModified\":\"2023-05-18T12:07:57+00:00\",\"mainEntityOfPage\":{\"@id\":\"https:\/\/vosgesinfo.fr\/laplainedesvosgesinfo\/2023\/05\/pour-renforcer-ses-equipes-la-ville-de-vittel-recrute\/\"},\"wordCount\":178,\"commentCount\":0,\"publisher\":{\"@id\":\"https:\/\/vosgesinfo.fr\/laplainedesvosgesinfo\/#organization\"},\"image\":{\"@id\":\"https:\/\/vosgesinfo.fr\/laplainedesvosgesinfo\/2023\/05\/pour-renforcer-ses-equipes-la-ville-de-vittel-recrute\/#primaryimage\"},\"thumbnailUrl\":\"https:\/\/vosgesinfo.fr\/app\/uploads\/sites\/2\/2024\/07\/2023050c8bcdf7-403a-47e5-9b13-d847f27a4400.jpeg\",\"keywords\":[\"Ville de Vittel\"],\"articleSection\":[\"A la Une\",\"La Plaine\",\"Vie locale\",\"Vittel\"],\"inLanguage\":\"fr-FR\",\"potentialAction\":[{\"@type\":\"CommentAction\",\"name\":\"Comment\",\"target\":[\"https:\/\/vosgesinfo.fr\/laplainedesvosgesinfo\/2023\/05\/pour-renforcer-ses-equipes-la-ville-de-vittel-recrute\/#respond\"]}]},{\"@type\":\"WebPage\",\"@id\":\"https:\/\/vosgesinfo.fr\/laplainedesvosgesinfo\/2023\/05\/pour-renforcer-ses-equipes-la-ville-de-vittel-recrute\/\",\"url\":\"https:\/\/vosgesinfo.fr\/laplainedesvosgesinfo\/2023\/05\/pour-renforcer-ses-equipes-la-ville-de-vittel-recrute\/\",\"name\":\"Pour renforcer ses \u00e9quipes, la ville de Vittel recrute - La Plaine des Vosges\",\"isPartOf\":{\"@id\":\"https:\/\/vosgesinfo.fr\/laplainedesvosgesinfo\/#website\"},\"primaryImageOfPage\":{\"@id\":\"https:\/\/vosgesinfo.fr\/laplainedesvosgesinfo\/2023\/05\/pour-renforcer-ses-equipes-la-ville-de-vittel-recrute\/#primaryimage\"},\"image\":{\"@id\":\"https:\/\/vosgesinfo.fr\/laplainedesvosgesinfo\/2023\/05\/pour-renforcer-ses-equipes-la-ville-de-vittel-recrute\/#primaryimage\"},\"thumbnailUrl\":\"https:\/\/vosgesinfo.fr\/app\/uploads\/sites\/2\/2024\/07\/2023050c8bcdf7-403a-47e5-9b13-d847f27a4400.jpeg\",\"datePublished\":\"2023-05-18T12:07:57+00:00\",\"dateModified\":\"2023-05-18T12:07:57+00:00\",\"breadcrumb\":{\"@id\":\"https:\/\/vosgesinfo.fr\/laplainedesvosgesinfo\/2023\/05\/pour-renforcer-ses-equipes-la-ville-de-vittel-recrute\/#breadcrumb\"},\"inLanguage\":\"fr-FR\",\"potentialAction\":[{\"@type\":\"ReadAction\",\"target\":[\"https:\/\/vosgesinfo.fr\/laplainedesvosgesinfo\/2023\/05\/pour-renforcer-ses-equipes-la-ville-de-vittel-recrute\/\"]}]},{\"@type\":\"ImageObject\",\"inLanguage\":\"fr-FR\",\"@id\":\"https:\/\/vosgesinfo.fr\/laplainedesvosgesinfo\/2023\/05\/pour-renforcer-ses-equipes-la-ville-de-vittel-recrute\/#primaryimage\",\"url\":\"https:\/\/vosgesinfo.fr\/app\/uploads\/sites\/2\/2024\/07\/2023050c8bcdf7-403a-47e5-9b13-d847f27a4400.jpeg\",\"contentUrl\":\"https:\/\/vosgesinfo.fr\/app\/uploads\/sites\/2\/2024\/07\/2023050c8bcdf7-403a-47e5-9b13-d847f27a4400.jpeg\",\"width\":800,\"height\":485},{\"@type\":\"BreadcrumbList\",\"@id\":\"https:\/\/vosgesinfo.fr\/laplainedesvosgesinfo\/2023\/05\/pour-renforcer-ses-equipes-la-ville-de-vittel-recrute\/#breadcrumb\",\"itemListElement\":[{\"@type\":\"ListItem\",\"position\":1,\"name\":\"Home\",\"item\":\"https:\/\/vosgesinfo.fr\/laplainedesvosgesinfo\/\"},{\"@type\":\"ListItem\",\"position\":2,\"name\":\"Pour renforcer ses \u00e9quipes, la ville de Vittel recrute\"}]},{\"@type\":\"WebSite\",\"@id\":\"https:\/\/vosgesinfo.fr\/laplainedesvosgesinfo\/#website\",\"url\":\"https:\/\/vosgesinfo.fr\/laplainedesvosgesinfo\/\",\"name\":\"La Plaine des Vosges\",\"description\":\"Toute l&#039;actualit\u00e9 de la plaine de Vosges\",\"publisher\":{\"@id\":\"https:\/\/vosgesinfo.fr\/laplainedesvosgesinfo\/#organization\"},\"alternateName\":\"Toute l'actualit\u00e9 de la plaine des Vosges\",\"potentialAction\":[{\"@type\":\"SearchAction\",\"target\":{\"@type\":\"EntryPoint\",\"urlTemplate\":\"https:\/\/vosgesinfo.fr\/laplainedesvosgesinfo\/?s={search_term_string}\"},\"query-input\":\"required name=search_term_string\"}],\"inLanguage\":\"fr-FR\"},{\"@type\":\"Organization\",\"@id\":\"https:\/\/vosgesinfo.fr\/laplainedesvosgesinfo\/#organization\",\"name\":\"La Plaine des Vosges\",\"url\":\"https:\/\/vosgesinfo.fr\/laplainedesvosgesinfo\/\",\"logo\":{\"@type\":\"ImageObject\",\"inLanguage\":\"fr-FR\",\"@id\":\"https:\/\/vosgesinfo.fr\/laplainedesvosgesinfo\/#\/schema\/logo\/image\/\",\"url\":\"https:\/\/vosgesinfo.fr\/app\/uploads\/sites\/2\/2023\/08\/logo-laplaineinfo.svg\",\"contentUrl\":\"https:\/\/vosgesinfo.fr\/app\/uploads\/sites\/2\/2023\/08\/logo-laplaineinfo.svg\",\"width\":1,\"height\":1,\"caption\":\"La Plaine des Vosges\"},\"image\":{\"@id\":\"https:\/\/vosgesinfo.fr\/laplainedesvosgesinfo\/#\/schema\/logo\/image\/\"},\"sameAs\":[\"https:\/\/www.facebook.com\/laplainedesvosges\",\"https:\/\/x.com\/VosgesInfo88\",\"https:\/\/www.youtube.com\/@vosgesinfo\"]},{\"@type\":\"Person\",\"@id\":\"https:\/\/vosgesinfo.fr\/laplainedesvosgesinfo\/#\/schema\/person\/79e32bebcee803e323d575130a214cb1\",\"name\":\"F L\",\"image\":{\"@type\":\"ImageObject\",\"inLanguage\":\"fr-FR\",\"@id\":\"https:\/\/vosgesinfo.fr\/laplainedesvosgesinfo\/#\/schema\/person\/image\/\",\"url\":\"https:\/\/secure.gravatar.com\/avatar\/d357c72e152089867fde6ef62184057ee532a6f21b254c937a932e835554cfb3?s=96&d=mm&r=g\",\"contentUrl\":\"https:\/\/secure.gravatar.com\/avatar\/d357c72e152089867fde6ef62184057ee532a6f21b254c937a932e835554cfb3?s=96&d=mm&r=g\",\"caption\":\"F L\"},\"url\":\"https:\/\/vosgesinfo.fr\/laplainedesvosgesinfo\/author\/frlevyp88\/\"}]}<\/script>\n<!-- \/ Yoast SEO plugin. -->","yoast_head_json":{"title":"Pour renforcer ses \u00e9quipes, la ville de Vittel recrute - La Plaine des Vosges","robots":{"index":"index","follow":"follow","max-snippet":"max-snippet:-1","max-image-preview":"max-image-preview:large","max-video-preview":"max-video-preview:-1"},"canonical":"https:\/\/vosgesinfo.fr\/laplainedesvosgesinfo\/2023\/05\/pour-renforcer-ses-equipes-la-ville-de-vittel-recrute\/","twitter_card":"summary_large_image","twitter_title":"Pour renforcer ses \u00e9quipes, la ville de Vittel recrute - La Plaine des Vosges","twitter_description":"Afin de renforcer ses \u00e9quipes, la ville de Vittel propose de nombreux postes \u00e0 temps plein ou partiel, suivant les [&hellip;]","twitter_image":"https:\/\/vosgesinfo.fr\/app\/uploads\/sites\/2\/2024\/07\/2023050c8bcdf7-403a-47e5-9b13-d847f27a4400.jpeg","twitter_creator":"@VosgesInfo88","twitter_site":"@VosgesInfo88","twitter_misc":{"\u00c9crit par":"F L","Dur\u00e9e de lecture estim\u00e9e":"1 minute"},"schema":{"@context":"https:\/\/schema.org","@graph":[{"@type":"Article","@id":"https:\/\/vosgesinfo.fr\/laplainedesvosgesinfo\/2023\/05\/pour-renforcer-ses-equipes-la-ville-de-vittel-recrute\/#article","isPartOf":{"@id":"https:\/\/vosgesinfo.fr\/laplainedesvosgesinfo\/2023\/05\/pour-renforcer-ses-equipes-la-ville-de-vittel-recrute\/"},"author":{"name":"F L","@id":"https:\/\/vosgesinfo.fr\/laplainedesvosgesinfo\/#\/schema\/person\/79e32bebcee803e323d575130a214cb1"},"headline":"Pour renforcer ses \u00e9quipes, la ville de Vittel recrute","datePublished":"2023-05-18T12:07:57+00:00","dateModified":"2023-05-18T12:07:57+00:00","mainEntityOfPage":{"@id":"https:\/\/vosgesinfo.fr\/laplainedesvosgesinfo\/2023\/05\/pour-renforcer-ses-equipes-la-ville-de-vittel-recrute\/"},"wordCount":178,"commentCount":0,"publisher":{"@id":"https:\/\/vosgesinfo.fr\/laplainedesvosgesinfo\/#organization"},"image":{"@id":"https:\/\/vosgesinfo.fr\/laplainedesvosgesinfo\/2023\/05\/pour-renforcer-ses-equipes-la-ville-de-vittel-recrute\/#primaryimage"},"thumbnailUrl":"https:\/\/vosgesinfo.fr\/app\/uploads\/sites\/2\/2024\/07\/2023050c8bcdf7-403a-47e5-9b13-d847f27a4400.jpeg","keywords":["Ville de Vittel"],"articleSection":["A la Une","La Plaine","Vie locale","Vittel"],"inLanguage":"fr-FR","potentialAction":[{"@type":"CommentAction","name":"Comment","target":["https:\/\/vosgesinfo.fr\/laplainedesvosgesinfo\/2023\/05\/pour-renforcer-ses-equipes-la-ville-de-vittel-recrute\/#respond"]}]},{"@type":"WebPage","@id":"https:\/\/vosgesinfo.fr\/laplainedesvosgesinfo\/2023\/05\/pour-renforcer-ses-equipes-la-ville-de-vittel-recrute\/","url":"https:\/\/vosgesinfo.fr\/laplainedesvosgesinfo\/2023\/05\/pour-renforcer-ses-equipes-la-ville-de-vittel-recrute\/","name":"Pour renforcer ses \u00e9quipes, la ville de Vittel recrute - La Plaine des Vosges","isPartOf":{"@id":"https:\/\/vosgesinfo.fr\/laplainedesvosgesinfo\/#website"},"primaryImageOfPage":{"@id":"https:\/\/vosgesinfo.fr\/laplainedesvosgesinfo\/2023\/05\/pour-renforcer-ses-equipes-la-ville-de-vittel-recrute\/#primaryimage"},"image":{"@id":"https:\/\/vosgesinfo.fr\/laplainedesvosgesinfo\/2023\/05\/pour-renforcer-ses-equipes-la-ville-de-vittel-recrute\/#primaryimage"},"thumbnailUrl":"https:\/\/vosgesinfo.fr\/app\/uploads\/sites\/2\/2024\/07\/2023050c8bcdf7-403a-47e5-9b13-d847f27a4400.jpeg","datePublished":"2023-05-18T12:07:57+00:00","dateModified":"2023-05-18T12:07:57+00:00","breadcrumb":{"@id":"https:\/\/vosgesinfo.fr\/laplainedesvosgesinfo\/2023\/05\/pour-renforcer-ses-equipes-la-ville-de-vittel-recrute\/#breadcrumb"},"inLanguage":"fr-FR","potentialAction":[{"@type":"ReadAction","target":["https:\/\/vosgesinfo.fr\/laplainedesvosgesinfo\/2023\/05\/pour-renforcer-ses-equipes-la-ville-de-vittel-recrute\/"]}]},{"@type":"ImageObject","inLanguage":"fr-FR","@id":"https:\/\/vosgesinfo.fr\/laplainedesvosgesinfo\/2023\/05\/pour-renforcer-ses-equipes-la-ville-de-vittel-recrute\/#primaryimage","url":"https:\/\/vosgesinfo.fr\/app\/uploads\/sites\/2\/2024\/07\/2023050c8bcdf7-403a-47e5-9b13-d847f27a4400.jpeg","contentUrl":"https:\/\/vosgesinfo.fr\/app\/uploads\/sites\/2\/2024\/07\/2023050c8bcdf7-403a-47e5-9b13-d847f27a4400.jpeg","width":800,"height":485},{"@type":"BreadcrumbList","@id":"https:\/\/vosgesinfo.fr\/laplainedesvosgesinfo\/2023\/05\/pour-renforcer-ses-equipes-la-ville-de-vittel-recrute\/#breadcrumb","itemListElement":[{"@type":"ListItem","position":1,"name":"Home","item":"https:\/\/vosgesinfo.fr\/laplainedesvosgesinfo\/"},{"@type":"ListItem","position":2,"name":"Pour renforcer ses \u00e9quipes, la ville de Vittel recrute"}]},{"@type":"WebSite","@id":"https:\/\/vosgesinfo.fr\/laplainedesvosgesinfo\/#website","url":"https:\/\/vosgesinfo.fr\/laplainedesvosgesinfo\/","name":"La Plaine des Vosges","description":"Toute l&#039;actualit\u00e9 de la plaine de Vosges","publisher":{"@id":"https:\/\/vosgesinfo.fr\/laplainedesvosgesinfo\/#organization"},"alternateName":"Toute l'actualit\u00e9 de la plaine des Vosges","potentialAction":[{"@type":"SearchAction","target":{"@type":"EntryPoint","urlTemplate":"https:\/\/vosgesinfo.fr\/laplainedesvosgesinfo\/?s={search_term_string}"},"query-input":"required name=search_term_string"}],"inLanguage":"fr-FR"},{"@type":"Organization","@id":"https:\/\/vosgesinfo.fr\/laplainedesvosgesinfo\/#organization","name":"La Plaine des Vosges","url":"https:\/\/vosgesinfo.fr\/laplainedesvosgesinfo\/","logo":{"@type":"ImageObject","inLanguage":"fr-FR","@id":"https:\/\/vosgesinfo.fr\/laplainedesvosgesinfo\/#\/schema\/logo\/image\/","url":"https:\/\/vosgesinfo.fr\/app\/uploads\/sites\/2\/2023\/08\/logo-laplaineinfo.svg","contentUrl":"https:\/\/vosgesinfo.fr\/app\/uploads\/sites\/2\/2023\/08\/logo-laplaineinfo.svg","width":1,"height":1,"caption":"La Plaine des Vosges"},"image":{"@id":"https:\/\/vosgesinfo.fr\/laplainedesvosgesinfo\/#\/schema\/logo\/image\/"},"sameAs":["https:\/\/www.facebook.com\/laplainedesvosges","https:\/\/x.com\/VosgesInfo88","https:\/\/www.youtube.com\/@vosgesinfo"]},{"@type":"Person","@id":"https:\/\/vosgesinfo.fr\/laplainedesvosgesinfo\/#\/schema\/person\/79e32bebcee803e323d575130a214cb1","name":"F L","image":{"@type":"ImageObject","inLanguage":"fr-FR","@id":"https:\/\/vosgesinfo.fr\/laplainedesvosgesinfo\/#\/schema\/person\/image\/","url":"https:\/\/secure.gravatar.com\/avatar\/d357c72e152089867fde6ef62184057ee532a6f21b254c937a932e835554cfb3?s=96&d=mm&r=g","contentUrl":"https:\/\/secure.gravatar.com\/avatar\/d357c72e152089867fde6ef62184057ee532a6f21b254c937a932e835554cfb3?s=96&d=mm&r=g","caption":"F L"},"url":"https:\/\/vosgesinfo.fr\/laplainedesvosgesinfo\/author\/frlevyp88\/"}]}},"_links":{"self":[{"href":"https:\/\/vosgesinfo.fr\/laplainedesvosgesinfo\/wp-json\/wp\/v2\/posts\/25893","targetHints":{"allow":["GET"]}}],"collection":[{"href":"https:\/\/vosgesinfo.fr\/laplainedesvosgesinfo\/wp-json\/wp\/v2\/posts"}],"about":[{"href":"https:\/\/vosgesinfo.fr\/laplainedesvosgesinfo\/wp-json\/wp\/v2\/types\/post"}],"author":[{"embeddable":true,"href":"https:\/\/vosgesinfo.fr\/laplainedesvosgesinfo\/wp-json\/wp\/v2\/users\/128"}],"replies":[{"embeddable":true,"href":"https:\/\/vosgesinfo.fr\/laplainedesvosgesinfo\/wp-json\/wp\/v2\/comments?post=25893"}],"version-history":[{"count":0,"href":"https:\/\/vosgesinfo.fr\/laplainedesvosgesinfo\/wp-json\/wp\/v2\/posts\/25893\/revisions"}],"wp:featuredmedia":[{"embeddable":true,"href":"https:\/\/vosgesinfo.fr\/laplainedesvosgesinfo\/wp-json\/wp\/v2\/media\/25894"}],"wp:attachment":[{"href":"https:\/\/vosgesinfo.fr\/laplainedesvosgesinfo\/wp-json\/wp\/v2\/media?parent=25893"}],"wp:term":[{"taxonomy":"category","embeddable":true,"href":"https:\/\/vosgesinfo.fr\/laplainedesvosgesinfo\/wp-json\/wp\/v2\/categories?post=25893"},{"taxonomy":"post_tag","embeddable":true,"href":"https:\/\/vosgesinfo.fr\/laplainedesvosgesinfo\/wp-json\/wp\/v2\/tags?post=25893"}],"curies":[{"name":"wp","href":"https:\/\/api.w.org\/{rel}","templated":true}]}}