{"id":25895,"date":"2023-05-19T13:16:56","date_gmt":"2023-05-19T11:16:56","guid":{"rendered":"https:\/\/vosgesinfo.fr\/laplainedesvosgesinfo\/2023\/05\/astrid-de-geuser-expose-a-la-mediatheque-de-vittel\/"},"modified":"2023-05-19T13:16:56","modified_gmt":"2023-05-19T11:16:56","slug":"astrid-de-geuser-expose-a-la-mediatheque-de-vittel","status":"publish","type":"post","link":"https:\/\/vosgesinfo.fr\/laplainedesvosgesinfo\/2023\/05\/astrid-de-geuser-expose-a-la-mediatheque-de-vittel\/","title":{"rendered":"Astrid de Geuser expose \u00e0 la M\u00e9diath\u00e8que de Vittel"},"content":{"rendered":"\n<p><strong>C\u2019est dans un monde f\u00e9erique que nous fait voyager Astrid de Geuser qui expose sur les cimaises de la M\u00e9diath\u00e8que de Vittel depuis le 6 mai et jusqu\u2019au 29 juin 2023. Mise en sc\u00e8ne et installation parfaite pour cette exposition, qui fait voyager le public dans un monde onirique fait de peintures et de sculptures, donnant \u00e9galement une place de choix aux fleurs et aux papillons.<br \/>\n<\/strong><\/p>\n<p>C\u2019est une artiste plasticienne qui a les honneurs de la M\u00e9diath\u00e8que de Vittel du 6 mai au 29 juin 2023. N\u00e9e \u00e0 Toulouse en 1982, Astrid de Geuser est \u00e9galement peintre et sculpteur, contemplative du Vivant. En multipliant les techniques et les mat\u00e9riaux, l\u2019artiste donne naissance \u00e0 des \u00eatres hybrides aux essences m\u00eal\u00e9es, rendant hommage \u00e0 la faune et la flore. Gr\u00e2ce \u00e0 son pass\u00e9 d\u2019illustratrice, ses \u0153uvres se parent d\u2019une dimension narrative. L\u2019harmonie en g\u00e9n\u00e9ral lui inspire ses cr\u00e9ations o\u00f9 s\u2019enlacent la lumi\u00e8re et le mouvement du beau.<\/p>\n<p><em>\u00ab Tout na\u00eet d\u2019un croquis d\u2019intention \u00e0 partir duquel j\u2019imagine les multiples mat\u00e9riaux qui serviront \u00e0 sa r\u00e9alisation. Je travaille les divers \u00e9l\u00e9ments en polystyr\u00e8ne extrud\u00e9, bande pl\u00e2tr\u00e9e et grillage mais \u00e9galement carton. Le tout est fusionn\u00e9 avec des r\u00e9sines. Avec des bombes de peinture successives, l\u2019\u0153uvre vient alors \u00e0 s\u2019animer. Les sculptures tendent \u00e0 illustrer la relation symbiotique entre l\u2019animal et le v\u00e9g\u00e9tal et \u00e0 \u00e9veiller le visiteur dans la conscience du vivant \u00bb,\u00a0<\/em>d\u00e9clare Astrid de Geuser.<\/p>\n","protected":false},"excerpt":{"rendered":"<p>C\u2019est dans un monde f\u00e9erique que nous fait voyager Astrid de Geuser qui expose sur les cimaises de la M\u00e9diath\u00e8que [&hellip;]<\/p>\n","protected":false},"author":128,"featured_media":25896,"comment_status":"open","ping_status":"open","sticky":false,"template":"","format":"standard","meta":{"footnotes":""},"categories":[29,4,37,53,38],"tags":[7196,162,36],"class_list":["post-25895","post","type-post","status-publish","format-standard","has-post-thumbnail","hentry","category-a-la-une","category-culture","category-la-plaine","category-vie-locale","category-vittel-la-plaine","tag-astrid-de-geuser","tag-expositions-mediatheque-de-vittel","tag-ville-de-vittel"],"acf":[],"yoast_head":"<!-- This site is optimized with the Yoast SEO plugin v22.5 - https:\/\/yoast.com\/wordpress\/plugins\/seo\/ -->\n<title>Astrid de Geuser expose \u00e0 la M\u00e9diath\u00e8que de Vittel - La Plaine des Vosges<\/title>\n<meta name=\"robots\" content=\"index, follow, max-snippet:-1, max-image-preview:large, max-video-preview:-1\" \/>\n<link rel=\"canonical\" href=\"https:\/\/vosgesinfo.fr\/laplainedesvosgesinfo\/2023\/05\/astrid-de-geuser-expose-a-la-mediatheque-de-vittel\/\" \/>\n<meta name=\"twitter:card\" content=\"summary_large_image\" \/>\n<meta name=\"twitter:title\" content=\"Astrid de Geuser expose \u00e0 la M\u00e9diath\u00e8que de Vittel - La Plaine des Vosges\" \/>\n<meta name=\"twitter:description\" content=\"C\u2019est dans un monde f\u00e9erique que nous fait voyager Astrid de Geuser qui expose sur les cimaises de la M\u00e9diath\u00e8que [&hellip;]\" \/>\n<meta name=\"twitter:image\" content=\"https:\/\/vosgesinfo.fr\/app\/uploads\/sites\/2\/2024\/07\/202305ce938804-fac6-4cc7-be7f-a47e0f354e9b.jpeg\" \/>\n<meta name=\"twitter:creator\" content=\"@VosgesInfo88\" \/>\n<meta name=\"twitter:site\" content=\"@VosgesInfo88\" \/>\n<meta name=\"twitter:label1\" content=\"\u00c9crit par\" \/>\n\t<meta name=\"twitter:data1\" content=\"F L\" \/>\n\t<meta name=\"twitter:label2\" content=\"Dur\u00e9e de lecture estim\u00e9e\" \/>\n\t<meta name=\"twitter:data2\" content=\"1 minute\" \/>\n<script type=\"application\/ld+json\" class=\"yoast-schema-graph\">{\"@context\":\"https:\/\/schema.org\",\"@graph\":[{\"@type\":\"Article\",\"@id\":\"https:\/\/vosgesinfo.fr\/laplainedesvosgesinfo\/2023\/05\/astrid-de-geuser-expose-a-la-mediatheque-de-vittel\/#article\",\"isPartOf\":{\"@id\":\"https:\/\/vosgesinfo.fr\/laplainedesvosgesinfo\/2023\/05\/astrid-de-geuser-expose-a-la-mediatheque-de-vittel\/\"},\"author\":{\"name\":\"F L\",\"@id\":\"https:\/\/vosgesinfo.fr\/laplainedesvosgesinfo\/#\/schema\/person\/79e32bebcee803e323d575130a214cb1\"},\"headline\":\"Astrid de Geuser expose \u00e0 la M\u00e9diath\u00e8que de Vittel\",\"datePublished\":\"2023-05-19T11:16:56+00:00\",\"dateModified\":\"2023-05-19T11:16:56+00:00\",\"mainEntityOfPage\":{\"@id\":\"https:\/\/vosgesinfo.fr\/laplainedesvosgesinfo\/2023\/05\/astrid-de-geuser-expose-a-la-mediatheque-de-vittel\/\"},\"wordCount\":270,\"commentCount\":0,\"publisher\":{\"@id\":\"https:\/\/vosgesinfo.fr\/laplainedesvosgesinfo\/#organization\"},\"image\":{\"@id\":\"https:\/\/vosgesinfo.fr\/laplainedesvosgesinfo\/2023\/05\/astrid-de-geuser-expose-a-la-mediatheque-de-vittel\/#primaryimage\"},\"thumbnailUrl\":\"https:\/\/vosgesinfo.fr\/app\/uploads\/sites\/2\/2024\/07\/202305ce938804-fac6-4cc7-be7f-a47e0f354e9b.jpeg\",\"keywords\":[\"Astrid de Geuser\",\"Expositions m\u00e9diath\u00e8que de Vittel\",\"Ville de Vittel\"],\"articleSection\":[\"A la Une\",\"Culture\",\"La Plaine\",\"Vie locale\",\"Vittel\"],\"inLanguage\":\"fr-FR\",\"potentialAction\":[{\"@type\":\"CommentAction\",\"name\":\"Comment\",\"target\":[\"https:\/\/vosgesinfo.fr\/laplainedesvosgesinfo\/2023\/05\/astrid-de-geuser-expose-a-la-mediatheque-de-vittel\/#respond\"]}]},{\"@type\":\"WebPage\",\"@id\":\"https:\/\/vosgesinfo.fr\/laplainedesvosgesinfo\/2023\/05\/astrid-de-geuser-expose-a-la-mediatheque-de-vittel\/\",\"url\":\"https:\/\/vosgesinfo.fr\/laplainedesvosgesinfo\/2023\/05\/astrid-de-geuser-expose-a-la-mediatheque-de-vittel\/\",\"name\":\"Astrid de Geuser expose \u00e0 la M\u00e9diath\u00e8que de Vittel - La Plaine des Vosges\",\"isPartOf\":{\"@id\":\"https:\/\/vosgesinfo.fr\/laplainedesvosgesinfo\/#website\"},\"primaryImageOfPage\":{\"@id\":\"https:\/\/vosgesinfo.fr\/laplainedesvosgesinfo\/2023\/05\/astrid-de-geuser-expose-a-la-mediatheque-de-vittel\/#primaryimage\"},\"image\":{\"@id\":\"https:\/\/vosgesinfo.fr\/laplainedesvosgesinfo\/2023\/05\/astrid-de-geuser-expose-a-la-mediatheque-de-vittel\/#primaryimage\"},\"thumbnailUrl\":\"https:\/\/vosgesinfo.fr\/app\/uploads\/sites\/2\/2024\/07\/202305ce938804-fac6-4cc7-be7f-a47e0f354e9b.jpeg\",\"datePublished\":\"2023-05-19T11:16:56+00:00\",\"dateModified\":\"2023-05-19T11:16:56+00:00\",\"breadcrumb\":{\"@id\":\"https:\/\/vosgesinfo.fr\/laplainedesvosgesinfo\/2023\/05\/astrid-de-geuser-expose-a-la-mediatheque-de-vittel\/#breadcrumb\"},\"inLanguage\":\"fr-FR\",\"potentialAction\":[{\"@type\":\"ReadAction\",\"target\":[\"https:\/\/vosgesinfo.fr\/laplainedesvosgesinfo\/2023\/05\/astrid-de-geuser-expose-a-la-mediatheque-de-vittel\/\"]}]},{\"@type\":\"ImageObject\",\"inLanguage\":\"fr-FR\",\"@id\":\"https:\/\/vosgesinfo.fr\/laplainedesvosgesinfo\/2023\/05\/astrid-de-geuser-expose-a-la-mediatheque-de-vittel\/#primaryimage\",\"url\":\"https:\/\/vosgesinfo.fr\/app\/uploads\/sites\/2\/2024\/07\/202305ce938804-fac6-4cc7-be7f-a47e0f354e9b.jpeg\",\"contentUrl\":\"https:\/\/vosgesinfo.fr\/app\/uploads\/sites\/2\/2024\/07\/202305ce938804-fac6-4cc7-be7f-a47e0f354e9b.jpeg\",\"width\":800,\"height\":600},{\"@type\":\"BreadcrumbList\",\"@id\":\"https:\/\/vosgesinfo.fr\/laplainedesvosgesinfo\/2023\/05\/astrid-de-geuser-expose-a-la-mediatheque-de-vittel\/#breadcrumb\",\"itemListElement\":[{\"@type\":\"ListItem\",\"position\":1,\"name\":\"Home\",\"item\":\"https:\/\/vosgesinfo.fr\/laplainedesvosgesinfo\/\"},{\"@type\":\"ListItem\",\"position\":2,\"name\":\"Astrid de Geuser expose \u00e0 la M\u00e9diath\u00e8que de Vittel\"}]},{\"@type\":\"WebSite\",\"@id\":\"https:\/\/vosgesinfo.fr\/laplainedesvosgesinfo\/#website\",\"url\":\"https:\/\/vosgesinfo.fr\/laplainedesvosgesinfo\/\",\"name\":\"La Plaine des Vosges\",\"description\":\"Toute l&#039;actualit\u00e9 de la plaine de Vosges\",\"publisher\":{\"@id\":\"https:\/\/vosgesinfo.fr\/laplainedesvosgesinfo\/#organization\"},\"alternateName\":\"Toute l'actualit\u00e9 de la plaine des Vosges\",\"potentialAction\":[{\"@type\":\"SearchAction\",\"target\":{\"@type\":\"EntryPoint\",\"urlTemplate\":\"https:\/\/vosgesinfo.fr\/laplainedesvosgesinfo\/?s={search_term_string}\"},\"query-input\":\"required name=search_term_string\"}],\"inLanguage\":\"fr-FR\"},{\"@type\":\"Organization\",\"@id\":\"https:\/\/vosgesinfo.fr\/laplainedesvosgesinfo\/#organization\",\"name\":\"La Plaine des Vosges\",\"url\":\"https:\/\/vosgesinfo.fr\/laplainedesvosgesinfo\/\",\"logo\":{\"@type\":\"ImageObject\",\"inLanguage\":\"fr-FR\",\"@id\":\"https:\/\/vosgesinfo.fr\/laplainedesvosgesinfo\/#\/schema\/logo\/image\/\",\"url\":\"https:\/\/vosgesinfo.fr\/app\/uploads\/sites\/2\/2023\/08\/logo-laplaineinfo.svg\",\"contentUrl\":\"https:\/\/vosgesinfo.fr\/app\/uploads\/sites\/2\/2023\/08\/logo-laplaineinfo.svg\",\"width\":1,\"height\":1,\"caption\":\"La Plaine des Vosges\"},\"image\":{\"@id\":\"https:\/\/vosgesinfo.fr\/laplainedesvosgesinfo\/#\/schema\/logo\/image\/\"},\"sameAs\":[\"https:\/\/www.facebook.com\/laplainedesvosges\",\"https:\/\/x.com\/VosgesInfo88\",\"https:\/\/www.youtube.com\/@vosgesinfo\"]},{\"@type\":\"Person\",\"@id\":\"https:\/\/vosgesinfo.fr\/laplainedesvosgesinfo\/#\/schema\/person\/79e32bebcee803e323d575130a214cb1\",\"name\":\"F L\",\"image\":{\"@type\":\"ImageObject\",\"inLanguage\":\"fr-FR\",\"@id\":\"https:\/\/vosgesinfo.fr\/laplainedesvosgesinfo\/#\/schema\/person\/image\/\",\"url\":\"https:\/\/secure.gravatar.com\/avatar\/d357c72e152089867fde6ef62184057ee532a6f21b254c937a932e835554cfb3?s=96&d=mm&r=g\",\"contentUrl\":\"https:\/\/secure.gravatar.com\/avatar\/d357c72e152089867fde6ef62184057ee532a6f21b254c937a932e835554cfb3?s=96&d=mm&r=g\",\"caption\":\"F L\"},\"url\":\"https:\/\/vosgesinfo.fr\/laplainedesvosgesinfo\/author\/frlevyp88\/\"}]}<\/script>\n<!-- \/ Yoast SEO plugin. -->","yoast_head_json":{"title":"Astrid de Geuser expose \u00e0 la M\u00e9diath\u00e8que de Vittel - La Plaine des Vosges","robots":{"index":"index","follow":"follow","max-snippet":"max-snippet:-1","max-image-preview":"max-image-preview:large","max-video-preview":"max-video-preview:-1"},"canonical":"https:\/\/vosgesinfo.fr\/laplainedesvosgesinfo\/2023\/05\/astrid-de-geuser-expose-a-la-mediatheque-de-vittel\/","twitter_card":"summary_large_image","twitter_title":"Astrid de Geuser expose \u00e0 la M\u00e9diath\u00e8que de Vittel - La Plaine des Vosges","twitter_description":"C\u2019est dans un monde f\u00e9erique que nous fait voyager Astrid de Geuser qui expose sur les cimaises de la M\u00e9diath\u00e8que [&hellip;]","twitter_image":"https:\/\/vosgesinfo.fr\/app\/uploads\/sites\/2\/2024\/07\/202305ce938804-fac6-4cc7-be7f-a47e0f354e9b.jpeg","twitter_creator":"@VosgesInfo88","twitter_site":"@VosgesInfo88","twitter_misc":{"\u00c9crit par":"F L","Dur\u00e9e de lecture estim\u00e9e":"1 minute"},"schema":{"@context":"https:\/\/schema.org","@graph":[{"@type":"Article","@id":"https:\/\/vosgesinfo.fr\/laplainedesvosgesinfo\/2023\/05\/astrid-de-geuser-expose-a-la-mediatheque-de-vittel\/#article","isPartOf":{"@id":"https:\/\/vosgesinfo.fr\/laplainedesvosgesinfo\/2023\/05\/astrid-de-geuser-expose-a-la-mediatheque-de-vittel\/"},"author":{"name":"F L","@id":"https:\/\/vosgesinfo.fr\/laplainedesvosgesinfo\/#\/schema\/person\/79e32bebcee803e323d575130a214cb1"},"headline":"Astrid de Geuser expose \u00e0 la M\u00e9diath\u00e8que de Vittel","datePublished":"2023-05-19T11:16:56+00:00","dateModified":"2023-05-19T11:16:56+00:00","mainEntityOfPage":{"@id":"https:\/\/vosgesinfo.fr\/laplainedesvosgesinfo\/2023\/05\/astrid-de-geuser-expose-a-la-mediatheque-de-vittel\/"},"wordCount":270,"commentCount":0,"publisher":{"@id":"https:\/\/vosgesinfo.fr\/laplainedesvosgesinfo\/#organization"},"image":{"@id":"https:\/\/vosgesinfo.fr\/laplainedesvosgesinfo\/2023\/05\/astrid-de-geuser-expose-a-la-mediatheque-de-vittel\/#primaryimage"},"thumbnailUrl":"https:\/\/vosgesinfo.fr\/app\/uploads\/sites\/2\/2024\/07\/202305ce938804-fac6-4cc7-be7f-a47e0f354e9b.jpeg","keywords":["Astrid de Geuser","Expositions m\u00e9diath\u00e8que de Vittel","Ville de Vittel"],"articleSection":["A la Une","Culture","La Plaine","Vie locale","Vittel"],"inLanguage":"fr-FR","potentialAction":[{"@type":"CommentAction","name":"Comment","target":["https:\/\/vosgesinfo.fr\/laplainedesvosgesinfo\/2023\/05\/astrid-de-geuser-expose-a-la-mediatheque-de-vittel\/#respond"]}]},{"@type":"WebPage","@id":"https:\/\/vosgesinfo.fr\/laplainedesvosgesinfo\/2023\/05\/astrid-de-geuser-expose-a-la-mediatheque-de-vittel\/","url":"https:\/\/vosgesinfo.fr\/laplainedesvosgesinfo\/2023\/05\/astrid-de-geuser-expose-a-la-mediatheque-de-vittel\/","name":"Astrid de Geuser expose \u00e0 la M\u00e9diath\u00e8que de Vittel - La Plaine des Vosges","isPartOf":{"@id":"https:\/\/vosgesinfo.fr\/laplainedesvosgesinfo\/#website"},"primaryImageOfPage":{"@id":"https:\/\/vosgesinfo.fr\/laplainedesvosgesinfo\/2023\/05\/astrid-de-geuser-expose-a-la-mediatheque-de-vittel\/#primaryimage"},"image":{"@id":"https:\/\/vosgesinfo.fr\/laplainedesvosgesinfo\/2023\/05\/astrid-de-geuser-expose-a-la-mediatheque-de-vittel\/#primaryimage"},"thumbnailUrl":"https:\/\/vosgesinfo.fr\/app\/uploads\/sites\/2\/2024\/07\/202305ce938804-fac6-4cc7-be7f-a47e0f354e9b.jpeg","datePublished":"2023-05-19T11:16:56+00:00","dateModified":"2023-05-19T11:16:56+00:00","breadcrumb":{"@id":"https:\/\/vosgesinfo.fr\/laplainedesvosgesinfo\/2023\/05\/astrid-de-geuser-expose-a-la-mediatheque-de-vittel\/#breadcrumb"},"inLanguage":"fr-FR","potentialAction":[{"@type":"ReadAction","target":["https:\/\/vosgesinfo.fr\/laplainedesvosgesinfo\/2023\/05\/astrid-de-geuser-expose-a-la-mediatheque-de-vittel\/"]}]},{"@type":"ImageObject","inLanguage":"fr-FR","@id":"https:\/\/vosgesinfo.fr\/laplainedesvosgesinfo\/2023\/05\/astrid-de-geuser-expose-a-la-mediatheque-de-vittel\/#primaryimage","url":"https:\/\/vosgesinfo.fr\/app\/uploads\/sites\/2\/2024\/07\/202305ce938804-fac6-4cc7-be7f-a47e0f354e9b.jpeg","contentUrl":"https:\/\/vosgesinfo.fr\/app\/uploads\/sites\/2\/2024\/07\/202305ce938804-fac6-4cc7-be7f-a47e0f354e9b.jpeg","width":800,"height":600},{"@type":"BreadcrumbList","@id":"https:\/\/vosgesinfo.fr\/laplainedesvosgesinfo\/2023\/05\/astrid-de-geuser-expose-a-la-mediatheque-de-vittel\/#breadcrumb","itemListElement":[{"@type":"ListItem","position":1,"name":"Home","item":"https:\/\/vosgesinfo.fr\/laplainedesvosgesinfo\/"},{"@type":"ListItem","position":2,"name":"Astrid de Geuser expose \u00e0 la M\u00e9diath\u00e8que de Vittel"}]},{"@type":"WebSite","@id":"https:\/\/vosgesinfo.fr\/laplainedesvosgesinfo\/#website","url":"https:\/\/vosgesinfo.fr\/laplainedesvosgesinfo\/","name":"La Plaine des Vosges","description":"Toute l&#039;actualit\u00e9 de la plaine de Vosges","publisher":{"@id":"https:\/\/vosgesinfo.fr\/laplainedesvosgesinfo\/#organization"},"alternateName":"Toute l'actualit\u00e9 de la plaine des Vosges","potentialAction":[{"@type":"SearchAction","target":{"@type":"EntryPoint","urlTemplate":"https:\/\/vosgesinfo.fr\/laplainedesvosgesinfo\/?s={search_term_string}"},"query-input":"required name=search_term_string"}],"inLanguage":"fr-FR"},{"@type":"Organization","@id":"https:\/\/vosgesinfo.fr\/laplainedesvosgesinfo\/#organization","name":"La Plaine des Vosges","url":"https:\/\/vosgesinfo.fr\/laplainedesvosgesinfo\/","logo":{"@type":"ImageObject","inLanguage":"fr-FR","@id":"https:\/\/vosgesinfo.fr\/laplainedesvosgesinfo\/#\/schema\/logo\/image\/","url":"https:\/\/vosgesinfo.fr\/app\/uploads\/sites\/2\/2023\/08\/logo-laplaineinfo.svg","contentUrl":"https:\/\/vosgesinfo.fr\/app\/uploads\/sites\/2\/2023\/08\/logo-laplaineinfo.svg","width":1,"height":1,"caption":"La Plaine des Vosges"},"image":{"@id":"https:\/\/vosgesinfo.fr\/laplainedesvosgesinfo\/#\/schema\/logo\/image\/"},"sameAs":["https:\/\/www.facebook.com\/laplainedesvosges","https:\/\/x.com\/VosgesInfo88","https:\/\/www.youtube.com\/@vosgesinfo"]},{"@type":"Person","@id":"https:\/\/vosgesinfo.fr\/laplainedesvosgesinfo\/#\/schema\/person\/79e32bebcee803e323d575130a214cb1","name":"F L","image":{"@type":"ImageObject","inLanguage":"fr-FR","@id":"https:\/\/vosgesinfo.fr\/laplainedesvosgesinfo\/#\/schema\/person\/image\/","url":"https:\/\/secure.gravatar.com\/avatar\/d357c72e152089867fde6ef62184057ee532a6f21b254c937a932e835554cfb3?s=96&d=mm&r=g","contentUrl":"https:\/\/secure.gravatar.com\/avatar\/d357c72e152089867fde6ef62184057ee532a6f21b254c937a932e835554cfb3?s=96&d=mm&r=g","caption":"F L"},"url":"https:\/\/vosgesinfo.fr\/laplainedesvosgesinfo\/author\/frlevyp88\/"}]}},"_links":{"self":[{"href":"https:\/\/vosgesinfo.fr\/laplainedesvosgesinfo\/wp-json\/wp\/v2\/posts\/25895","targetHints":{"allow":["GET"]}}],"collection":[{"href":"https:\/\/vosgesinfo.fr\/laplainedesvosgesinfo\/wp-json\/wp\/v2\/posts"}],"about":[{"href":"https:\/\/vosgesinfo.fr\/laplainedesvosgesinfo\/wp-json\/wp\/v2\/types\/post"}],"author":[{"embeddable":true,"href":"https:\/\/vosgesinfo.fr\/laplainedesvosgesinfo\/wp-json\/wp\/v2\/users\/128"}],"replies":[{"embeddable":true,"href":"https:\/\/vosgesinfo.fr\/laplainedesvosgesinfo\/wp-json\/wp\/v2\/comments?post=25895"}],"version-history":[{"count":0,"href":"https:\/\/vosgesinfo.fr\/laplainedesvosgesinfo\/wp-json\/wp\/v2\/posts\/25895\/revisions"}],"wp:featuredmedia":[{"embeddable":true,"href":"https:\/\/vosgesinfo.fr\/laplainedesvosgesinfo\/wp-json\/wp\/v2\/media\/25896"}],"wp:attachment":[{"href":"https:\/\/vosgesinfo.fr\/laplainedesvosgesinfo\/wp-json\/wp\/v2\/media?parent=25895"}],"wp:term":[{"taxonomy":"category","embeddable":true,"href":"https:\/\/vosgesinfo.fr\/laplainedesvosgesinfo\/wp-json\/wp\/v2\/categories?post=25895"},{"taxonomy":"post_tag","embeddable":true,"href":"https:\/\/vosgesinfo.fr\/laplainedesvosgesinfo\/wp-json\/wp\/v2\/tags?post=25895"}],"curies":[{"name":"wp","href":"https:\/\/api.w.org\/{rel}","templated":true}]}}