{"id":25993,"date":"2023-06-07T06:18:57","date_gmt":"2023-06-07T04:18:57","guid":{"rendered":"https:\/\/vosgesinfo.fr\/laplainedesvosgesinfo\/2023\/06\/vittel-se-prepare-pour-la-fete-de-la-musique-2023\/"},"modified":"2023-06-07T06:18:57","modified_gmt":"2023-06-07T04:18:57","slug":"vittel-se-prepare-pour-la-fete-de-la-musique-2023","status":"publish","type":"post","link":"https:\/\/vosgesinfo.fr\/laplainedesvosgesinfo\/2023\/06\/vittel-se-prepare-pour-la-fete-de-la-musique-2023\/","title":{"rendered":"Vittel se pr\u00e9pare pour la F\u00eate de la Musique 2023"},"content":{"rendered":"\n<p class=\"p1\"><strong>Comme chaque ann\u00e9e, les Vittellois et les habitants de la Plaine attendaient le programme des festivit\u00e9s organis\u00e9es par le service animation de la ville \u00e0 l\u2019occasion de la F\u00eate de la Musique et l\u2019\u00e9dition 2023. C\u2019est chose faite depuis mardi 6 juin. Un programme riche et vari\u00e9 attend donc le public \u00a0dans les art\u00e8res principales de la ville.<\/strong><\/p>\n<p class=\"p3\"><span class=\"s2\">Orchestre Music&rsquo;All &#8211; Avenue Bouloumi\u00e9 &#8211; Vari\u00e9t\u00e9s <\/span><\/p>\n<p class=\"p3\"><span class=\"s2\">Orchestre Fusion Live &#8211; Terasse du Terminus &#8211; Musette et Vari\u00e9t\u00e9s<\/span><\/p>\n<p class=\"p3\"><span class=\"s2\">Ecole de Musique et de danse &#8211; Espace Alhambra &#8211; ensembles instrumentaux<\/span><\/p>\n<p class=\"p3\"><span class=\"s2\">Groupe 2G &#8211; en bas de la rue de Metz &#8211; Jazz, rock et Vari\u00e9tes <\/span><\/p>\n<p class=\"p3\"><span class=\"s2\">Adamo et Julien &#8211; en bas de la rue Jeanne d&rsquo;Arc &#8211; soul, funk am\u00e9ricaine et Chill<\/span><\/p>\n<p class=\"p3\"><span class=\"s2\">Classe de musiques actuelles et l&rsquo;ensemble Tubone &#8211; Villa St Martin &#8211; M\u00e9tal,pop,blues et rock<\/span><\/p>\n<p class=\"p3\"><span class=\"s2\">Sara Noema &#8211; Devant la caisse d&rsquo;Epargne &#8211; Vari\u00e9t\u00e9s<\/span><\/p>\n<p class=\"p3\"><span class=\"s2\">Punches &#8211; en bas de la rue Saint Martin &#8211; pop et punk<\/span><\/p>\n<p class=\"p3\"><span class=\"s2\">Angel in the sky &#8211; Parking du service culturel<span class=\"Apple-converted-space\">\u00a0 <\/span>&#8211; pop et rock<\/span><\/p>\n<p class=\"p3\"><span class=\"s2\">Orchestre Dimension &#8211; Place de Gaulle &#8211; Vari\u00e9t\u00e9s<\/span><\/p>\n<p class=\"p3\"><span class=\"s2\">Duo Influences &#8211; Places des dames &#8211; Vari\u00e9t\u00e9s<\/span><\/p>\n<p class=\"p3\"><span class=\"s2\">Seluj et L\u00e9on &#8211; Place des Francs &#8211; rap et hip hop<\/span><\/p>\n<p class=\"p3\"><span class=\"s2\">Dusty Crow &#8211; Parking visiteurs du Stade Bouloumi\u00e9 &#8211; techno &#8211; Hardcore<\/span><\/p>\n<p class=\"p3\"><span class=\"s2\">Dj Ludo &#8211; Avenue Cl\u00e9menceau &#8211; Pizzeria Fonti <\/span><\/p>\n","protected":false},"excerpt":{"rendered":"<p>Comme chaque ann\u00e9e, les Vittellois et les habitants de la Plaine attendaient le programme des festivit\u00e9s organis\u00e9es par le service [&hellip;]<\/p>\n","protected":false},"author":128,"featured_media":25994,"comment_status":"open","ping_status":"open","sticky":false,"template":"","format":"standard","meta":{"footnotes":""},"categories":[29,42,4,37,15,38],"tags":[1382,138,36],"class_list":["post-25993","post","type-post","status-publish","format-standard","has-post-thumbnail","hentry","category-a-la-une","category-concert","category-culture","category-la-plaine","category-tourisme","category-vittel-la-plaine","tag-fete-de-la-musique","tag-service-animation-vittel","tag-ville-de-vittel"],"acf":[],"yoast_head":"<!-- This site is optimized with the Yoast SEO plugin v22.5 - https:\/\/yoast.com\/wordpress\/plugins\/seo\/ -->\n<title>Vittel se pr\u00e9pare pour la F\u00eate de la Musique 2023 - La Plaine des Vosges<\/title>\n<meta name=\"robots\" content=\"index, follow, max-snippet:-1, max-image-preview:large, max-video-preview:-1\" \/>\n<link rel=\"canonical\" href=\"https:\/\/vosgesinfo.fr\/laplainedesvosgesinfo\/2023\/06\/vittel-se-prepare-pour-la-fete-de-la-musique-2023\/\" \/>\n<meta name=\"twitter:card\" content=\"summary_large_image\" \/>\n<meta name=\"twitter:title\" content=\"Vittel se pr\u00e9pare pour la F\u00eate de la Musique 2023 - La Plaine des Vosges\" \/>\n<meta name=\"twitter:description\" content=\"Comme chaque ann\u00e9e, les Vittellois et les habitants de la Plaine attendaient le programme des festivit\u00e9s organis\u00e9es par le service [&hellip;]\" \/>\n<meta name=\"twitter:image\" content=\"https:\/\/vosgesinfo.fr\/app\/uploads\/sites\/2\/2024\/07\/202306fc2c9e6a-7677-44cc-a5a5-82540d52fde2.jpeg\" \/>\n<meta name=\"twitter:creator\" content=\"@VosgesInfo88\" \/>\n<meta name=\"twitter:site\" content=\"@VosgesInfo88\" \/>\n<meta name=\"twitter:label1\" content=\"\u00c9crit par\" \/>\n\t<meta name=\"twitter:data1\" content=\"F L\" \/>\n\t<meta name=\"twitter:label2\" content=\"Dur\u00e9e de lecture estim\u00e9e\" \/>\n\t<meta name=\"twitter:data2\" content=\"1 minute\" \/>\n<script type=\"application\/ld+json\" class=\"yoast-schema-graph\">{\"@context\":\"https:\/\/schema.org\",\"@graph\":[{\"@type\":\"Article\",\"@id\":\"https:\/\/vosgesinfo.fr\/laplainedesvosgesinfo\/2023\/06\/vittel-se-prepare-pour-la-fete-de-la-musique-2023\/#article\",\"isPartOf\":{\"@id\":\"https:\/\/vosgesinfo.fr\/laplainedesvosgesinfo\/2023\/06\/vittel-se-prepare-pour-la-fete-de-la-musique-2023\/\"},\"author\":{\"name\":\"F L\",\"@id\":\"https:\/\/vosgesinfo.fr\/laplainedesvosgesinfo\/#\/schema\/person\/79e32bebcee803e323d575130a214cb1\"},\"headline\":\"Vittel se pr\u00e9pare pour la F\u00eate de la Musique 2023\",\"datePublished\":\"2023-06-07T04:18:57+00:00\",\"dateModified\":\"2023-06-07T04:18:57+00:00\",\"mainEntityOfPage\":{\"@id\":\"https:\/\/vosgesinfo.fr\/laplainedesvosgesinfo\/2023\/06\/vittel-se-prepare-pour-la-fete-de-la-musique-2023\/\"},\"wordCount\":259,\"commentCount\":0,\"publisher\":{\"@id\":\"https:\/\/vosgesinfo.fr\/laplainedesvosgesinfo\/#organization\"},\"image\":{\"@id\":\"https:\/\/vosgesinfo.fr\/laplainedesvosgesinfo\/2023\/06\/vittel-se-prepare-pour-la-fete-de-la-musique-2023\/#primaryimage\"},\"thumbnailUrl\":\"https:\/\/vosgesinfo.fr\/app\/uploads\/sites\/2\/2024\/07\/202306fc2c9e6a-7677-44cc-a5a5-82540d52fde2.jpeg\",\"keywords\":[\"f\u00eate de la musique\",\"Service animation Vittel\",\"Ville de Vittel\"],\"articleSection\":[\"A la Une\",\"Concert\",\"Culture\",\"La Plaine\",\"Tourisme\",\"Vittel\"],\"inLanguage\":\"fr-FR\",\"potentialAction\":[{\"@type\":\"CommentAction\",\"name\":\"Comment\",\"target\":[\"https:\/\/vosgesinfo.fr\/laplainedesvosgesinfo\/2023\/06\/vittel-se-prepare-pour-la-fete-de-la-musique-2023\/#respond\"]}]},{\"@type\":\"WebPage\",\"@id\":\"https:\/\/vosgesinfo.fr\/laplainedesvosgesinfo\/2023\/06\/vittel-se-prepare-pour-la-fete-de-la-musique-2023\/\",\"url\":\"https:\/\/vosgesinfo.fr\/laplainedesvosgesinfo\/2023\/06\/vittel-se-prepare-pour-la-fete-de-la-musique-2023\/\",\"name\":\"Vittel se pr\u00e9pare pour la F\u00eate de la Musique 2023 - La Plaine des Vosges\",\"isPartOf\":{\"@id\":\"https:\/\/vosgesinfo.fr\/laplainedesvosgesinfo\/#website\"},\"primaryImageOfPage\":{\"@id\":\"https:\/\/vosgesinfo.fr\/laplainedesvosgesinfo\/2023\/06\/vittel-se-prepare-pour-la-fete-de-la-musique-2023\/#primaryimage\"},\"image\":{\"@id\":\"https:\/\/vosgesinfo.fr\/laplainedesvosgesinfo\/2023\/06\/vittel-se-prepare-pour-la-fete-de-la-musique-2023\/#primaryimage\"},\"thumbnailUrl\":\"https:\/\/vosgesinfo.fr\/app\/uploads\/sites\/2\/2024\/07\/202306fc2c9e6a-7677-44cc-a5a5-82540d52fde2.jpeg\",\"datePublished\":\"2023-06-07T04:18:57+00:00\",\"dateModified\":\"2023-06-07T04:18:57+00:00\",\"breadcrumb\":{\"@id\":\"https:\/\/vosgesinfo.fr\/laplainedesvosgesinfo\/2023\/06\/vittel-se-prepare-pour-la-fete-de-la-musique-2023\/#breadcrumb\"},\"inLanguage\":\"fr-FR\",\"potentialAction\":[{\"@type\":\"ReadAction\",\"target\":[\"https:\/\/vosgesinfo.fr\/laplainedesvosgesinfo\/2023\/06\/vittel-se-prepare-pour-la-fete-de-la-musique-2023\/\"]}]},{\"@type\":\"ImageObject\",\"inLanguage\":\"fr-FR\",\"@id\":\"https:\/\/vosgesinfo.fr\/laplainedesvosgesinfo\/2023\/06\/vittel-se-prepare-pour-la-fete-de-la-musique-2023\/#primaryimage\",\"url\":\"https:\/\/vosgesinfo.fr\/app\/uploads\/sites\/2\/2024\/07\/202306fc2c9e6a-7677-44cc-a5a5-82540d52fde2.jpeg\",\"contentUrl\":\"https:\/\/vosgesinfo.fr\/app\/uploads\/sites\/2\/2024\/07\/202306fc2c9e6a-7677-44cc-a5a5-82540d52fde2.jpeg\",\"width\":800,\"height\":443},{\"@type\":\"BreadcrumbList\",\"@id\":\"https:\/\/vosgesinfo.fr\/laplainedesvosgesinfo\/2023\/06\/vittel-se-prepare-pour-la-fete-de-la-musique-2023\/#breadcrumb\",\"itemListElement\":[{\"@type\":\"ListItem\",\"position\":1,\"name\":\"Home\",\"item\":\"https:\/\/vosgesinfo.fr\/laplainedesvosgesinfo\/\"},{\"@type\":\"ListItem\",\"position\":2,\"name\":\"Vittel se pr\u00e9pare pour la F\u00eate de la Musique 2023\"}]},{\"@type\":\"WebSite\",\"@id\":\"https:\/\/vosgesinfo.fr\/laplainedesvosgesinfo\/#website\",\"url\":\"https:\/\/vosgesinfo.fr\/laplainedesvosgesinfo\/\",\"name\":\"La Plaine des Vosges\",\"description\":\"Toute l&#039;actualit\u00e9 de la plaine de Vosges\",\"publisher\":{\"@id\":\"https:\/\/vosgesinfo.fr\/laplainedesvosgesinfo\/#organization\"},\"alternateName\":\"Toute l'actualit\u00e9 de la plaine des Vosges\",\"potentialAction\":[{\"@type\":\"SearchAction\",\"target\":{\"@type\":\"EntryPoint\",\"urlTemplate\":\"https:\/\/vosgesinfo.fr\/laplainedesvosgesinfo\/?s={search_term_string}\"},\"query-input\":\"required name=search_term_string\"}],\"inLanguage\":\"fr-FR\"},{\"@type\":\"Organization\",\"@id\":\"https:\/\/vosgesinfo.fr\/laplainedesvosgesinfo\/#organization\",\"name\":\"La Plaine des Vosges\",\"url\":\"https:\/\/vosgesinfo.fr\/laplainedesvosgesinfo\/\",\"logo\":{\"@type\":\"ImageObject\",\"inLanguage\":\"fr-FR\",\"@id\":\"https:\/\/vosgesinfo.fr\/laplainedesvosgesinfo\/#\/schema\/logo\/image\/\",\"url\":\"https:\/\/vosgesinfo.fr\/app\/uploads\/sites\/2\/2023\/08\/logo-laplaineinfo.svg\",\"contentUrl\":\"https:\/\/vosgesinfo.fr\/app\/uploads\/sites\/2\/2023\/08\/logo-laplaineinfo.svg\",\"width\":1,\"height\":1,\"caption\":\"La Plaine des Vosges\"},\"image\":{\"@id\":\"https:\/\/vosgesinfo.fr\/laplainedesvosgesinfo\/#\/schema\/logo\/image\/\"},\"sameAs\":[\"https:\/\/www.facebook.com\/laplainedesvosges\",\"https:\/\/x.com\/VosgesInfo88\",\"https:\/\/www.youtube.com\/@vosgesinfo\"]},{\"@type\":\"Person\",\"@id\":\"https:\/\/vosgesinfo.fr\/laplainedesvosgesinfo\/#\/schema\/person\/79e32bebcee803e323d575130a214cb1\",\"name\":\"F L\",\"image\":{\"@type\":\"ImageObject\",\"inLanguage\":\"fr-FR\",\"@id\":\"https:\/\/vosgesinfo.fr\/laplainedesvosgesinfo\/#\/schema\/person\/image\/\",\"url\":\"https:\/\/secure.gravatar.com\/avatar\/d357c72e152089867fde6ef62184057ee532a6f21b254c937a932e835554cfb3?s=96&d=mm&r=g\",\"contentUrl\":\"https:\/\/secure.gravatar.com\/avatar\/d357c72e152089867fde6ef62184057ee532a6f21b254c937a932e835554cfb3?s=96&d=mm&r=g\",\"caption\":\"F L\"},\"url\":\"https:\/\/vosgesinfo.fr\/laplainedesvosgesinfo\/author\/frlevyp88\/\"}]}<\/script>\n<!-- \/ Yoast SEO plugin. -->","yoast_head_json":{"title":"Vittel se pr\u00e9pare pour la F\u00eate de la Musique 2023 - La Plaine des Vosges","robots":{"index":"index","follow":"follow","max-snippet":"max-snippet:-1","max-image-preview":"max-image-preview:large","max-video-preview":"max-video-preview:-1"},"canonical":"https:\/\/vosgesinfo.fr\/laplainedesvosgesinfo\/2023\/06\/vittel-se-prepare-pour-la-fete-de-la-musique-2023\/","twitter_card":"summary_large_image","twitter_title":"Vittel se pr\u00e9pare pour la F\u00eate de la Musique 2023 - La Plaine des Vosges","twitter_description":"Comme chaque ann\u00e9e, les Vittellois et les habitants de la Plaine attendaient le programme des festivit\u00e9s organis\u00e9es par le service [&hellip;]","twitter_image":"https:\/\/vosgesinfo.fr\/app\/uploads\/sites\/2\/2024\/07\/202306fc2c9e6a-7677-44cc-a5a5-82540d52fde2.jpeg","twitter_creator":"@VosgesInfo88","twitter_site":"@VosgesInfo88","twitter_misc":{"\u00c9crit par":"F L","Dur\u00e9e de lecture estim\u00e9e":"1 minute"},"schema":{"@context":"https:\/\/schema.org","@graph":[{"@type":"Article","@id":"https:\/\/vosgesinfo.fr\/laplainedesvosgesinfo\/2023\/06\/vittel-se-prepare-pour-la-fete-de-la-musique-2023\/#article","isPartOf":{"@id":"https:\/\/vosgesinfo.fr\/laplainedesvosgesinfo\/2023\/06\/vittel-se-prepare-pour-la-fete-de-la-musique-2023\/"},"author":{"name":"F L","@id":"https:\/\/vosgesinfo.fr\/laplainedesvosgesinfo\/#\/schema\/person\/79e32bebcee803e323d575130a214cb1"},"headline":"Vittel se pr\u00e9pare pour la F\u00eate de la Musique 2023","datePublished":"2023-06-07T04:18:57+00:00","dateModified":"2023-06-07T04:18:57+00:00","mainEntityOfPage":{"@id":"https:\/\/vosgesinfo.fr\/laplainedesvosgesinfo\/2023\/06\/vittel-se-prepare-pour-la-fete-de-la-musique-2023\/"},"wordCount":259,"commentCount":0,"publisher":{"@id":"https:\/\/vosgesinfo.fr\/laplainedesvosgesinfo\/#organization"},"image":{"@id":"https:\/\/vosgesinfo.fr\/laplainedesvosgesinfo\/2023\/06\/vittel-se-prepare-pour-la-fete-de-la-musique-2023\/#primaryimage"},"thumbnailUrl":"https:\/\/vosgesinfo.fr\/app\/uploads\/sites\/2\/2024\/07\/202306fc2c9e6a-7677-44cc-a5a5-82540d52fde2.jpeg","keywords":["f\u00eate de la musique","Service animation Vittel","Ville de Vittel"],"articleSection":["A la Une","Concert","Culture","La Plaine","Tourisme","Vittel"],"inLanguage":"fr-FR","potentialAction":[{"@type":"CommentAction","name":"Comment","target":["https:\/\/vosgesinfo.fr\/laplainedesvosgesinfo\/2023\/06\/vittel-se-prepare-pour-la-fete-de-la-musique-2023\/#respond"]}]},{"@type":"WebPage","@id":"https:\/\/vosgesinfo.fr\/laplainedesvosgesinfo\/2023\/06\/vittel-se-prepare-pour-la-fete-de-la-musique-2023\/","url":"https:\/\/vosgesinfo.fr\/laplainedesvosgesinfo\/2023\/06\/vittel-se-prepare-pour-la-fete-de-la-musique-2023\/","name":"Vittel se pr\u00e9pare pour la F\u00eate de la Musique 2023 - La Plaine des Vosges","isPartOf":{"@id":"https:\/\/vosgesinfo.fr\/laplainedesvosgesinfo\/#website"},"primaryImageOfPage":{"@id":"https:\/\/vosgesinfo.fr\/laplainedesvosgesinfo\/2023\/06\/vittel-se-prepare-pour-la-fete-de-la-musique-2023\/#primaryimage"},"image":{"@id":"https:\/\/vosgesinfo.fr\/laplainedesvosgesinfo\/2023\/06\/vittel-se-prepare-pour-la-fete-de-la-musique-2023\/#primaryimage"},"thumbnailUrl":"https:\/\/vosgesinfo.fr\/app\/uploads\/sites\/2\/2024\/07\/202306fc2c9e6a-7677-44cc-a5a5-82540d52fde2.jpeg","datePublished":"2023-06-07T04:18:57+00:00","dateModified":"2023-06-07T04:18:57+00:00","breadcrumb":{"@id":"https:\/\/vosgesinfo.fr\/laplainedesvosgesinfo\/2023\/06\/vittel-se-prepare-pour-la-fete-de-la-musique-2023\/#breadcrumb"},"inLanguage":"fr-FR","potentialAction":[{"@type":"ReadAction","target":["https:\/\/vosgesinfo.fr\/laplainedesvosgesinfo\/2023\/06\/vittel-se-prepare-pour-la-fete-de-la-musique-2023\/"]}]},{"@type":"ImageObject","inLanguage":"fr-FR","@id":"https:\/\/vosgesinfo.fr\/laplainedesvosgesinfo\/2023\/06\/vittel-se-prepare-pour-la-fete-de-la-musique-2023\/#primaryimage","url":"https:\/\/vosgesinfo.fr\/app\/uploads\/sites\/2\/2024\/07\/202306fc2c9e6a-7677-44cc-a5a5-82540d52fde2.jpeg","contentUrl":"https:\/\/vosgesinfo.fr\/app\/uploads\/sites\/2\/2024\/07\/202306fc2c9e6a-7677-44cc-a5a5-82540d52fde2.jpeg","width":800,"height":443},{"@type":"BreadcrumbList","@id":"https:\/\/vosgesinfo.fr\/laplainedesvosgesinfo\/2023\/06\/vittel-se-prepare-pour-la-fete-de-la-musique-2023\/#breadcrumb","itemListElement":[{"@type":"ListItem","position":1,"name":"Home","item":"https:\/\/vosgesinfo.fr\/laplainedesvosgesinfo\/"},{"@type":"ListItem","position":2,"name":"Vittel se pr\u00e9pare pour la F\u00eate de la Musique 2023"}]},{"@type":"WebSite","@id":"https:\/\/vosgesinfo.fr\/laplainedesvosgesinfo\/#website","url":"https:\/\/vosgesinfo.fr\/laplainedesvosgesinfo\/","name":"La Plaine des Vosges","description":"Toute l&#039;actualit\u00e9 de la plaine de Vosges","publisher":{"@id":"https:\/\/vosgesinfo.fr\/laplainedesvosgesinfo\/#organization"},"alternateName":"Toute l'actualit\u00e9 de la plaine des Vosges","potentialAction":[{"@type":"SearchAction","target":{"@type":"EntryPoint","urlTemplate":"https:\/\/vosgesinfo.fr\/laplainedesvosgesinfo\/?s={search_term_string}"},"query-input":"required name=search_term_string"}],"inLanguage":"fr-FR"},{"@type":"Organization","@id":"https:\/\/vosgesinfo.fr\/laplainedesvosgesinfo\/#organization","name":"La Plaine des Vosges","url":"https:\/\/vosgesinfo.fr\/laplainedesvosgesinfo\/","logo":{"@type":"ImageObject","inLanguage":"fr-FR","@id":"https:\/\/vosgesinfo.fr\/laplainedesvosgesinfo\/#\/schema\/logo\/image\/","url":"https:\/\/vosgesinfo.fr\/app\/uploads\/sites\/2\/2023\/08\/logo-laplaineinfo.svg","contentUrl":"https:\/\/vosgesinfo.fr\/app\/uploads\/sites\/2\/2023\/08\/logo-laplaineinfo.svg","width":1,"height":1,"caption":"La Plaine des Vosges"},"image":{"@id":"https:\/\/vosgesinfo.fr\/laplainedesvosgesinfo\/#\/schema\/logo\/image\/"},"sameAs":["https:\/\/www.facebook.com\/laplainedesvosges","https:\/\/x.com\/VosgesInfo88","https:\/\/www.youtube.com\/@vosgesinfo"]},{"@type":"Person","@id":"https:\/\/vosgesinfo.fr\/laplainedesvosgesinfo\/#\/schema\/person\/79e32bebcee803e323d575130a214cb1","name":"F L","image":{"@type":"ImageObject","inLanguage":"fr-FR","@id":"https:\/\/vosgesinfo.fr\/laplainedesvosgesinfo\/#\/schema\/person\/image\/","url":"https:\/\/secure.gravatar.com\/avatar\/d357c72e152089867fde6ef62184057ee532a6f21b254c937a932e835554cfb3?s=96&d=mm&r=g","contentUrl":"https:\/\/secure.gravatar.com\/avatar\/d357c72e152089867fde6ef62184057ee532a6f21b254c937a932e835554cfb3?s=96&d=mm&r=g","caption":"F L"},"url":"https:\/\/vosgesinfo.fr\/laplainedesvosgesinfo\/author\/frlevyp88\/"}]}},"_links":{"self":[{"href":"https:\/\/vosgesinfo.fr\/laplainedesvosgesinfo\/wp-json\/wp\/v2\/posts\/25993","targetHints":{"allow":["GET"]}}],"collection":[{"href":"https:\/\/vosgesinfo.fr\/laplainedesvosgesinfo\/wp-json\/wp\/v2\/posts"}],"about":[{"href":"https:\/\/vosgesinfo.fr\/laplainedesvosgesinfo\/wp-json\/wp\/v2\/types\/post"}],"author":[{"embeddable":true,"href":"https:\/\/vosgesinfo.fr\/laplainedesvosgesinfo\/wp-json\/wp\/v2\/users\/128"}],"replies":[{"embeddable":true,"href":"https:\/\/vosgesinfo.fr\/laplainedesvosgesinfo\/wp-json\/wp\/v2\/comments?post=25993"}],"version-history":[{"count":0,"href":"https:\/\/vosgesinfo.fr\/laplainedesvosgesinfo\/wp-json\/wp\/v2\/posts\/25993\/revisions"}],"wp:featuredmedia":[{"embeddable":true,"href":"https:\/\/vosgesinfo.fr\/laplainedesvosgesinfo\/wp-json\/wp\/v2\/media\/25994"}],"wp:attachment":[{"href":"https:\/\/vosgesinfo.fr\/laplainedesvosgesinfo\/wp-json\/wp\/v2\/media?parent=25993"}],"wp:term":[{"taxonomy":"category","embeddable":true,"href":"https:\/\/vosgesinfo.fr\/laplainedesvosgesinfo\/wp-json\/wp\/v2\/categories?post=25993"},{"taxonomy":"post_tag","embeddable":true,"href":"https:\/\/vosgesinfo.fr\/laplainedesvosgesinfo\/wp-json\/wp\/v2\/tags?post=25993"}],"curies":[{"name":"wp","href":"https:\/\/api.w.org\/{rel}","templated":true}]}}