{"id":25995,"date":"2023-06-07T06:38:06","date_gmt":"2023-06-07T04:38:06","guid":{"rendered":"https:\/\/vosgesinfo.fr\/laplainedesvosgesinfo\/2023\/06\/a-lapproche-de-lete-la-ville-de-vittel-recrute\/"},"modified":"2023-06-07T06:38:06","modified_gmt":"2023-06-07T04:38:06","slug":"a-lapproche-de-lete-la-ville-de-vittel-recrute","status":"publish","type":"post","link":"https:\/\/vosgesinfo.fr\/laplainedesvosgesinfo\/2023\/06\/a-lapproche-de-lete-la-ville-de-vittel-recrute\/","title":{"rendered":"\u00c0 l\u2019approche de l\u2019\u00e9t\u00e9, la ville de Vittel recrute"},"content":{"rendered":"<div id=\"attachment_138955\" style=\"width: 810px\" class=\"wp-caption aligncenter\"><a href=\"\/2023\/06\/51DA6CDB-EBC1-4C30-88DC-FFE4B49C2301.jpeg\"><img decoding=\"async\" aria-describedby=\"caption-attachment-138955\" class=\"size-full wp-image-138955\" src=\"\/2023\/06\/51DA6CDB-EBC1-4C30-88DC-FFE4B49C2301.jpeg\" alt=\"La ville de Vittel recrute pour de nombreux postes \u00e0 pourvoir dans diff\u00e9rents domaines\" width=\"800\" height=\"485\" \/><\/a><p id=\"caption-attachment-138955\" class=\"wp-caption-text\">La ville de Vittel recrute pour de nombreux postes \u00e0 pourvoir dans diff\u00e9rents domaines.<\/p><\/div>\n<p class=\"p1\"><strong><span class=\"s1\">Pour renforcer ses \u00e9quipes et \u00e0 l\u2019approche de l\u2019\u00e9t\u00e9, la Ville de Vittel offre de nombreux postes dans diff\u00e9rents domaines. Ces postes sont \u00e0 pourvoir \u00e0 temps plein ou \u00e0 temps partiel.<\/span><\/strong><\/p>\n<p class=\"p2\"><span class=\"s1\">La Ville\u00a0de Vittel recherche un agent charg\u00e9 d\u2019\u00e9tude, de conception et de suivi des travaux. Ce poste \u00e0 temps complet est \u00e0 pourvoir au 1er juillet 2023. Il s\u2019adresse \u00e0 un\u00a0<\/span><span class=\"s1\">cadre d\u2019emploi des techniciens territoriaux de cat\u00e9gorie B. La date\u00a0<\/span><span class=\"s1\">limite de d\u00e9p\u00f4t des candidatures est fix\u00e9e au 24 juin 2023.<\/span><\/p>\n<p class=\"p2\"><span class=\"s1\">Un poste \u00e0 temps complet de 20 heures est offert \u00e0 un enseignant sp\u00e9cialis\u00e9 en contrebasse et guitare basse, mais aussi en \u00e9veil musical. Ce poste est<\/span><span class=\"s1\">\u00a0\u00e0 pourvoir au 1er septembre 2023. Il est ouvert \u00e0 un\u00a0<\/span><span class=\"s1\">cadre d\u2019emploi des Assistants d\u2019Enseignement Artistique &#8211; Titulaire ou contractuel. La date\u00a0<\/span><span class=\"s1\">limite de d\u00e9p\u00f4t des candidatures est fix\u00e9e au 30 juin 2023.<\/span><\/p>\n<p class=\"p1\">Enfin la ville recrute \u00e9galement un professeur de piano. Le poste propos\u00e9 est\u00a0<span class=\"s1\">\u00e0 temps non complet sur une dur\u00e9e de 6 heures. Il est<\/span><span class=\"s1\">\u00a0\u00e0 pourvoir au 1er septembre 2023 et s\u2019adresse \u00e0 un\u00a0<\/span><span class=\"s1\">cadre d\u2019emploi des Assistants d\u2019Enseignement Artistique &#8211; Titulaire ou contractuel.<\/span><\/p>\n<p class=\"p2\"><span class=\"s1\"> Date limite de d\u00e9p\u00f4t des candidatures : 30 juin 2023<\/span><\/p>\n<p class=\"p2\"><span class=\"s1\"> Toutes les infos sur notre site : www.ville-vittel.fr\/emploi<\/span><\/p>\n<p class=\"p2\"><span class=\"s1\">N&rsquo;h\u00e9sitez pas \u00e0 postuler ou \u00e0 faire tourner !<\/span><\/p>\n","protected":false},"excerpt":{"rendered":"<p>Pour renforcer ses \u00e9quipes et \u00e0 l\u2019approche de l\u2019\u00e9t\u00e9, la Ville de Vittel offre de nombreux postes dans diff\u00e9rents domaines. [&hellip;]<\/p>\n","protected":false},"author":128,"featured_media":25996,"comment_status":"open","ping_status":"open","sticky":false,"template":"","format":"standard","meta":{"footnotes":""},"categories":[29,37,38],"tags":[148,36],"class_list":["post-25995","post","type-post","status-publish","format-standard","has-post-thumbnail","hentry","category-a-la-une","category-la-plaine","category-vittel-la-plaine","tag-ecole-de-musique-de-vittel","tag-ville-de-vittel"],"acf":[],"yoast_head":"<!-- This site is optimized with the Yoast SEO plugin v22.5 - https:\/\/yoast.com\/wordpress\/plugins\/seo\/ -->\n<title>\u00c0 l\u2019approche de l\u2019\u00e9t\u00e9, la ville de Vittel recrute - La Plaine des Vosges<\/title>\n<meta name=\"robots\" content=\"index, follow, max-snippet:-1, max-image-preview:large, max-video-preview:-1\" \/>\n<link rel=\"canonical\" href=\"https:\/\/vosgesinfo.fr\/laplainedesvosgesinfo\/2023\/06\/a-lapproche-de-lete-la-ville-de-vittel-recrute\/\" \/>\n<meta name=\"twitter:card\" content=\"summary_large_image\" \/>\n<meta name=\"twitter:title\" content=\"\u00c0 l\u2019approche de l\u2019\u00e9t\u00e9, la ville de Vittel recrute - La Plaine des Vosges\" \/>\n<meta name=\"twitter:description\" content=\"Pour renforcer ses \u00e9quipes et \u00e0 l\u2019approche de l\u2019\u00e9t\u00e9, la Ville de Vittel offre de nombreux postes dans diff\u00e9rents domaines. [&hellip;]\" \/>\n<meta name=\"twitter:image\" content=\"https:\/\/vosgesinfo.fr\/app\/uploads\/sites\/2\/2024\/07\/20230651da6cdb-ebc1-4c30-88dc-ffe4b49c2301.jpeg\" \/>\n<meta name=\"twitter:creator\" content=\"@VosgesInfo88\" \/>\n<meta name=\"twitter:site\" content=\"@VosgesInfo88\" \/>\n<meta name=\"twitter:label1\" content=\"\u00c9crit par\" \/>\n\t<meta name=\"twitter:data1\" content=\"F L\" \/>\n\t<meta name=\"twitter:label2\" content=\"Dur\u00e9e de lecture estim\u00e9e\" \/>\n\t<meta name=\"twitter:data2\" content=\"1 minute\" \/>\n<script type=\"application\/ld+json\" class=\"yoast-schema-graph\">{\"@context\":\"https:\/\/schema.org\",\"@graph\":[{\"@type\":\"Article\",\"@id\":\"https:\/\/vosgesinfo.fr\/laplainedesvosgesinfo\/2023\/06\/a-lapproche-de-lete-la-ville-de-vittel-recrute\/#article\",\"isPartOf\":{\"@id\":\"https:\/\/vosgesinfo.fr\/laplainedesvosgesinfo\/2023\/06\/a-lapproche-de-lete-la-ville-de-vittel-recrute\/\"},\"author\":{\"name\":\"F L\",\"@id\":\"https:\/\/vosgesinfo.fr\/laplainedesvosgesinfo\/#\/schema\/person\/79e32bebcee803e323d575130a214cb1\"},\"headline\":\"\u00c0 l\u2019approche de l\u2019\u00e9t\u00e9, la ville de Vittel recrute\",\"datePublished\":\"2023-06-07T04:38:06+00:00\",\"dateModified\":\"2023-06-07T04:38:06+00:00\",\"mainEntityOfPage\":{\"@id\":\"https:\/\/vosgesinfo.fr\/laplainedesvosgesinfo\/2023\/06\/a-lapproche-de-lete-la-ville-de-vittel-recrute\/\"},\"wordCount\":246,\"commentCount\":0,\"publisher\":{\"@id\":\"https:\/\/vosgesinfo.fr\/laplainedesvosgesinfo\/#organization\"},\"image\":{\"@id\":\"https:\/\/vosgesinfo.fr\/laplainedesvosgesinfo\/2023\/06\/a-lapproche-de-lete-la-ville-de-vittel-recrute\/#primaryimage\"},\"thumbnailUrl\":\"https:\/\/vosgesinfo.fr\/app\/uploads\/sites\/2\/2024\/07\/20230651da6cdb-ebc1-4c30-88dc-ffe4b49c2301.jpeg\",\"keywords\":[\"Ecole de musique de Vittel\",\"Ville de Vittel\"],\"articleSection\":[\"A la Une\",\"La Plaine\",\"Vittel\"],\"inLanguage\":\"fr-FR\",\"potentialAction\":[{\"@type\":\"CommentAction\",\"name\":\"Comment\",\"target\":[\"https:\/\/vosgesinfo.fr\/laplainedesvosgesinfo\/2023\/06\/a-lapproche-de-lete-la-ville-de-vittel-recrute\/#respond\"]}]},{\"@type\":\"WebPage\",\"@id\":\"https:\/\/vosgesinfo.fr\/laplainedesvosgesinfo\/2023\/06\/a-lapproche-de-lete-la-ville-de-vittel-recrute\/\",\"url\":\"https:\/\/vosgesinfo.fr\/laplainedesvosgesinfo\/2023\/06\/a-lapproche-de-lete-la-ville-de-vittel-recrute\/\",\"name\":\"\u00c0 l\u2019approche de l\u2019\u00e9t\u00e9, la ville de Vittel recrute - La Plaine des Vosges\",\"isPartOf\":{\"@id\":\"https:\/\/vosgesinfo.fr\/laplainedesvosgesinfo\/#website\"},\"primaryImageOfPage\":{\"@id\":\"https:\/\/vosgesinfo.fr\/laplainedesvosgesinfo\/2023\/06\/a-lapproche-de-lete-la-ville-de-vittel-recrute\/#primaryimage\"},\"image\":{\"@id\":\"https:\/\/vosgesinfo.fr\/laplainedesvosgesinfo\/2023\/06\/a-lapproche-de-lete-la-ville-de-vittel-recrute\/#primaryimage\"},\"thumbnailUrl\":\"https:\/\/vosgesinfo.fr\/app\/uploads\/sites\/2\/2024\/07\/20230651da6cdb-ebc1-4c30-88dc-ffe4b49c2301.jpeg\",\"datePublished\":\"2023-06-07T04:38:06+00:00\",\"dateModified\":\"2023-06-07T04:38:06+00:00\",\"breadcrumb\":{\"@id\":\"https:\/\/vosgesinfo.fr\/laplainedesvosgesinfo\/2023\/06\/a-lapproche-de-lete-la-ville-de-vittel-recrute\/#breadcrumb\"},\"inLanguage\":\"fr-FR\",\"potentialAction\":[{\"@type\":\"ReadAction\",\"target\":[\"https:\/\/vosgesinfo.fr\/laplainedesvosgesinfo\/2023\/06\/a-lapproche-de-lete-la-ville-de-vittel-recrute\/\"]}]},{\"@type\":\"ImageObject\",\"inLanguage\":\"fr-FR\",\"@id\":\"https:\/\/vosgesinfo.fr\/laplainedesvosgesinfo\/2023\/06\/a-lapproche-de-lete-la-ville-de-vittel-recrute\/#primaryimage\",\"url\":\"https:\/\/vosgesinfo.fr\/app\/uploads\/sites\/2\/2024\/07\/20230651da6cdb-ebc1-4c30-88dc-ffe4b49c2301.jpeg\",\"contentUrl\":\"https:\/\/vosgesinfo.fr\/app\/uploads\/sites\/2\/2024\/07\/20230651da6cdb-ebc1-4c30-88dc-ffe4b49c2301.jpeg\",\"width\":800,\"height\":485},{\"@type\":\"BreadcrumbList\",\"@id\":\"https:\/\/vosgesinfo.fr\/laplainedesvosgesinfo\/2023\/06\/a-lapproche-de-lete-la-ville-de-vittel-recrute\/#breadcrumb\",\"itemListElement\":[{\"@type\":\"ListItem\",\"position\":1,\"name\":\"Home\",\"item\":\"https:\/\/vosgesinfo.fr\/laplainedesvosgesinfo\/\"},{\"@type\":\"ListItem\",\"position\":2,\"name\":\"\u00c0 l\u2019approche de l\u2019\u00e9t\u00e9, la ville de Vittel recrute\"}]},{\"@type\":\"WebSite\",\"@id\":\"https:\/\/vosgesinfo.fr\/laplainedesvosgesinfo\/#website\",\"url\":\"https:\/\/vosgesinfo.fr\/laplainedesvosgesinfo\/\",\"name\":\"La Plaine des Vosges\",\"description\":\"Toute l&#039;actualit\u00e9 de la plaine de Vosges\",\"publisher\":{\"@id\":\"https:\/\/vosgesinfo.fr\/laplainedesvosgesinfo\/#organization\"},\"alternateName\":\"Toute l'actualit\u00e9 de la plaine des Vosges\",\"potentialAction\":[{\"@type\":\"SearchAction\",\"target\":{\"@type\":\"EntryPoint\",\"urlTemplate\":\"https:\/\/vosgesinfo.fr\/laplainedesvosgesinfo\/?s={search_term_string}\"},\"query-input\":\"required name=search_term_string\"}],\"inLanguage\":\"fr-FR\"},{\"@type\":\"Organization\",\"@id\":\"https:\/\/vosgesinfo.fr\/laplainedesvosgesinfo\/#organization\",\"name\":\"La Plaine des Vosges\",\"url\":\"https:\/\/vosgesinfo.fr\/laplainedesvosgesinfo\/\",\"logo\":{\"@type\":\"ImageObject\",\"inLanguage\":\"fr-FR\",\"@id\":\"https:\/\/vosgesinfo.fr\/laplainedesvosgesinfo\/#\/schema\/logo\/image\/\",\"url\":\"https:\/\/vosgesinfo.fr\/app\/uploads\/sites\/2\/2023\/08\/logo-laplaineinfo.svg\",\"contentUrl\":\"https:\/\/vosgesinfo.fr\/app\/uploads\/sites\/2\/2023\/08\/logo-laplaineinfo.svg\",\"width\":1,\"height\":1,\"caption\":\"La Plaine des Vosges\"},\"image\":{\"@id\":\"https:\/\/vosgesinfo.fr\/laplainedesvosgesinfo\/#\/schema\/logo\/image\/\"},\"sameAs\":[\"https:\/\/www.facebook.com\/laplainedesvosges\",\"https:\/\/x.com\/VosgesInfo88\",\"https:\/\/www.youtube.com\/@vosgesinfo\"]},{\"@type\":\"Person\",\"@id\":\"https:\/\/vosgesinfo.fr\/laplainedesvosgesinfo\/#\/schema\/person\/79e32bebcee803e323d575130a214cb1\",\"name\":\"F L\",\"image\":{\"@type\":\"ImageObject\",\"inLanguage\":\"fr-FR\",\"@id\":\"https:\/\/vosgesinfo.fr\/laplainedesvosgesinfo\/#\/schema\/person\/image\/\",\"url\":\"https:\/\/secure.gravatar.com\/avatar\/d357c72e152089867fde6ef62184057ee532a6f21b254c937a932e835554cfb3?s=96&d=mm&r=g\",\"contentUrl\":\"https:\/\/secure.gravatar.com\/avatar\/d357c72e152089867fde6ef62184057ee532a6f21b254c937a932e835554cfb3?s=96&d=mm&r=g\",\"caption\":\"F L\"},\"url\":\"https:\/\/vosgesinfo.fr\/laplainedesvosgesinfo\/author\/frlevyp88\/\"}]}<\/script>\n<!-- \/ Yoast SEO plugin. -->","yoast_head_json":{"title":"\u00c0 l\u2019approche de l\u2019\u00e9t\u00e9, la ville de Vittel recrute - La Plaine des Vosges","robots":{"index":"index","follow":"follow","max-snippet":"max-snippet:-1","max-image-preview":"max-image-preview:large","max-video-preview":"max-video-preview:-1"},"canonical":"https:\/\/vosgesinfo.fr\/laplainedesvosgesinfo\/2023\/06\/a-lapproche-de-lete-la-ville-de-vittel-recrute\/","twitter_card":"summary_large_image","twitter_title":"\u00c0 l\u2019approche de l\u2019\u00e9t\u00e9, la ville de Vittel recrute - La Plaine des Vosges","twitter_description":"Pour renforcer ses \u00e9quipes et \u00e0 l\u2019approche de l\u2019\u00e9t\u00e9, la Ville de Vittel offre de nombreux postes dans diff\u00e9rents domaines. [&hellip;]","twitter_image":"https:\/\/vosgesinfo.fr\/app\/uploads\/sites\/2\/2024\/07\/20230651da6cdb-ebc1-4c30-88dc-ffe4b49c2301.jpeg","twitter_creator":"@VosgesInfo88","twitter_site":"@VosgesInfo88","twitter_misc":{"\u00c9crit par":"F L","Dur\u00e9e de lecture estim\u00e9e":"1 minute"},"schema":{"@context":"https:\/\/schema.org","@graph":[{"@type":"Article","@id":"https:\/\/vosgesinfo.fr\/laplainedesvosgesinfo\/2023\/06\/a-lapproche-de-lete-la-ville-de-vittel-recrute\/#article","isPartOf":{"@id":"https:\/\/vosgesinfo.fr\/laplainedesvosgesinfo\/2023\/06\/a-lapproche-de-lete-la-ville-de-vittel-recrute\/"},"author":{"name":"F L","@id":"https:\/\/vosgesinfo.fr\/laplainedesvosgesinfo\/#\/schema\/person\/79e32bebcee803e323d575130a214cb1"},"headline":"\u00c0 l\u2019approche de l\u2019\u00e9t\u00e9, la ville de Vittel recrute","datePublished":"2023-06-07T04:38:06+00:00","dateModified":"2023-06-07T04:38:06+00:00","mainEntityOfPage":{"@id":"https:\/\/vosgesinfo.fr\/laplainedesvosgesinfo\/2023\/06\/a-lapproche-de-lete-la-ville-de-vittel-recrute\/"},"wordCount":246,"commentCount":0,"publisher":{"@id":"https:\/\/vosgesinfo.fr\/laplainedesvosgesinfo\/#organization"},"image":{"@id":"https:\/\/vosgesinfo.fr\/laplainedesvosgesinfo\/2023\/06\/a-lapproche-de-lete-la-ville-de-vittel-recrute\/#primaryimage"},"thumbnailUrl":"https:\/\/vosgesinfo.fr\/app\/uploads\/sites\/2\/2024\/07\/20230651da6cdb-ebc1-4c30-88dc-ffe4b49c2301.jpeg","keywords":["Ecole de musique de Vittel","Ville de Vittel"],"articleSection":["A la Une","La Plaine","Vittel"],"inLanguage":"fr-FR","potentialAction":[{"@type":"CommentAction","name":"Comment","target":["https:\/\/vosgesinfo.fr\/laplainedesvosgesinfo\/2023\/06\/a-lapproche-de-lete-la-ville-de-vittel-recrute\/#respond"]}]},{"@type":"WebPage","@id":"https:\/\/vosgesinfo.fr\/laplainedesvosgesinfo\/2023\/06\/a-lapproche-de-lete-la-ville-de-vittel-recrute\/","url":"https:\/\/vosgesinfo.fr\/laplainedesvosgesinfo\/2023\/06\/a-lapproche-de-lete-la-ville-de-vittel-recrute\/","name":"\u00c0 l\u2019approche de l\u2019\u00e9t\u00e9, la ville de Vittel recrute - La Plaine des Vosges","isPartOf":{"@id":"https:\/\/vosgesinfo.fr\/laplainedesvosgesinfo\/#website"},"primaryImageOfPage":{"@id":"https:\/\/vosgesinfo.fr\/laplainedesvosgesinfo\/2023\/06\/a-lapproche-de-lete-la-ville-de-vittel-recrute\/#primaryimage"},"image":{"@id":"https:\/\/vosgesinfo.fr\/laplainedesvosgesinfo\/2023\/06\/a-lapproche-de-lete-la-ville-de-vittel-recrute\/#primaryimage"},"thumbnailUrl":"https:\/\/vosgesinfo.fr\/app\/uploads\/sites\/2\/2024\/07\/20230651da6cdb-ebc1-4c30-88dc-ffe4b49c2301.jpeg","datePublished":"2023-06-07T04:38:06+00:00","dateModified":"2023-06-07T04:38:06+00:00","breadcrumb":{"@id":"https:\/\/vosgesinfo.fr\/laplainedesvosgesinfo\/2023\/06\/a-lapproche-de-lete-la-ville-de-vittel-recrute\/#breadcrumb"},"inLanguage":"fr-FR","potentialAction":[{"@type":"ReadAction","target":["https:\/\/vosgesinfo.fr\/laplainedesvosgesinfo\/2023\/06\/a-lapproche-de-lete-la-ville-de-vittel-recrute\/"]}]},{"@type":"ImageObject","inLanguage":"fr-FR","@id":"https:\/\/vosgesinfo.fr\/laplainedesvosgesinfo\/2023\/06\/a-lapproche-de-lete-la-ville-de-vittel-recrute\/#primaryimage","url":"https:\/\/vosgesinfo.fr\/app\/uploads\/sites\/2\/2024\/07\/20230651da6cdb-ebc1-4c30-88dc-ffe4b49c2301.jpeg","contentUrl":"https:\/\/vosgesinfo.fr\/app\/uploads\/sites\/2\/2024\/07\/20230651da6cdb-ebc1-4c30-88dc-ffe4b49c2301.jpeg","width":800,"height":485},{"@type":"BreadcrumbList","@id":"https:\/\/vosgesinfo.fr\/laplainedesvosgesinfo\/2023\/06\/a-lapproche-de-lete-la-ville-de-vittel-recrute\/#breadcrumb","itemListElement":[{"@type":"ListItem","position":1,"name":"Home","item":"https:\/\/vosgesinfo.fr\/laplainedesvosgesinfo\/"},{"@type":"ListItem","position":2,"name":"\u00c0 l\u2019approche de l\u2019\u00e9t\u00e9, la ville de Vittel recrute"}]},{"@type":"WebSite","@id":"https:\/\/vosgesinfo.fr\/laplainedesvosgesinfo\/#website","url":"https:\/\/vosgesinfo.fr\/laplainedesvosgesinfo\/","name":"La Plaine des Vosges","description":"Toute l&#039;actualit\u00e9 de la plaine de Vosges","publisher":{"@id":"https:\/\/vosgesinfo.fr\/laplainedesvosgesinfo\/#organization"},"alternateName":"Toute l'actualit\u00e9 de la plaine des Vosges","potentialAction":[{"@type":"SearchAction","target":{"@type":"EntryPoint","urlTemplate":"https:\/\/vosgesinfo.fr\/laplainedesvosgesinfo\/?s={search_term_string}"},"query-input":"required name=search_term_string"}],"inLanguage":"fr-FR"},{"@type":"Organization","@id":"https:\/\/vosgesinfo.fr\/laplainedesvosgesinfo\/#organization","name":"La Plaine des Vosges","url":"https:\/\/vosgesinfo.fr\/laplainedesvosgesinfo\/","logo":{"@type":"ImageObject","inLanguage":"fr-FR","@id":"https:\/\/vosgesinfo.fr\/laplainedesvosgesinfo\/#\/schema\/logo\/image\/","url":"https:\/\/vosgesinfo.fr\/app\/uploads\/sites\/2\/2023\/08\/logo-laplaineinfo.svg","contentUrl":"https:\/\/vosgesinfo.fr\/app\/uploads\/sites\/2\/2023\/08\/logo-laplaineinfo.svg","width":1,"height":1,"caption":"La Plaine des Vosges"},"image":{"@id":"https:\/\/vosgesinfo.fr\/laplainedesvosgesinfo\/#\/schema\/logo\/image\/"},"sameAs":["https:\/\/www.facebook.com\/laplainedesvosges","https:\/\/x.com\/VosgesInfo88","https:\/\/www.youtube.com\/@vosgesinfo"]},{"@type":"Person","@id":"https:\/\/vosgesinfo.fr\/laplainedesvosgesinfo\/#\/schema\/person\/79e32bebcee803e323d575130a214cb1","name":"F L","image":{"@type":"ImageObject","inLanguage":"fr-FR","@id":"https:\/\/vosgesinfo.fr\/laplainedesvosgesinfo\/#\/schema\/person\/image\/","url":"https:\/\/secure.gravatar.com\/avatar\/d357c72e152089867fde6ef62184057ee532a6f21b254c937a932e835554cfb3?s=96&d=mm&r=g","contentUrl":"https:\/\/secure.gravatar.com\/avatar\/d357c72e152089867fde6ef62184057ee532a6f21b254c937a932e835554cfb3?s=96&d=mm&r=g","caption":"F L"},"url":"https:\/\/vosgesinfo.fr\/laplainedesvosgesinfo\/author\/frlevyp88\/"}]}},"_links":{"self":[{"href":"https:\/\/vosgesinfo.fr\/laplainedesvosgesinfo\/wp-json\/wp\/v2\/posts\/25995","targetHints":{"allow":["GET"]}}],"collection":[{"href":"https:\/\/vosgesinfo.fr\/laplainedesvosgesinfo\/wp-json\/wp\/v2\/posts"}],"about":[{"href":"https:\/\/vosgesinfo.fr\/laplainedesvosgesinfo\/wp-json\/wp\/v2\/types\/post"}],"author":[{"embeddable":true,"href":"https:\/\/vosgesinfo.fr\/laplainedesvosgesinfo\/wp-json\/wp\/v2\/users\/128"}],"replies":[{"embeddable":true,"href":"https:\/\/vosgesinfo.fr\/laplainedesvosgesinfo\/wp-json\/wp\/v2\/comments?post=25995"}],"version-history":[{"count":0,"href":"https:\/\/vosgesinfo.fr\/laplainedesvosgesinfo\/wp-json\/wp\/v2\/posts\/25995\/revisions"}],"wp:featuredmedia":[{"embeddable":true,"href":"https:\/\/vosgesinfo.fr\/laplainedesvosgesinfo\/wp-json\/wp\/v2\/media\/25996"}],"wp:attachment":[{"href":"https:\/\/vosgesinfo.fr\/laplainedesvosgesinfo\/wp-json\/wp\/v2\/media?parent=25995"}],"wp:term":[{"taxonomy":"category","embeddable":true,"href":"https:\/\/vosgesinfo.fr\/laplainedesvosgesinfo\/wp-json\/wp\/v2\/categories?post=25995"},{"taxonomy":"post_tag","embeddable":true,"href":"https:\/\/vosgesinfo.fr\/laplainedesvosgesinfo\/wp-json\/wp\/v2\/tags?post=25995"}],"curies":[{"name":"wp","href":"https:\/\/api.w.org\/{rel}","templated":true}]}}