{"id":26089,"date":"2023-06-18T17:55:34","date_gmt":"2023-06-18T15:55:34","guid":{"rendered":"https:\/\/vosgesinfo.fr\/laplainedesvosgesinfo\/2023\/06\/commemoration-du-83%e1%b5%89-anniversaire-de-lappel-du-18-juin\/"},"modified":"2023-06-18T17:55:34","modified_gmt":"2023-06-18T15:55:34","slug":"commemoration-du-83%e1%b5%89-anniversaire-de-lappel-du-18-juin","status":"publish","type":"post","link":"https:\/\/vosgesinfo.fr\/laplainedesvosgesinfo\/2023\/06\/commemoration-du-83%e1%b5%89-anniversaire-de-lappel-du-18-juin\/","title":{"rendered":"Comm\u00e9moration du 83\u1d49 anniversaire de l\u2019appel du 18 juin"},"content":{"rendered":"<p><a href=\"\/2023\/06\/20230618_183908.jpg\"><img decoding=\"async\" class=\"alignnone size-medium wp-image-139271 aligncenter\" src=\"\/2023\/06\/20230618_183908-400x180.jpg\" alt=\"20230618_183908\" width=\"400\" height=\"180\" \/><\/a><\/p>\n<p><span id=\"p0\">C\u2019est sous un ciel orageux que le Maire Simon Leclerc a pr\u00e9sid\u00e9 la c\u00e9r\u00e9monie comm\u00e9morant l\u2019Appel du 18 juin du G\u00e9n\u00e9ral de Gaulle.<\/span><\/p>\n<p><span id=\"p57\">Les repr\u00e9sentants des diff\u00e9rentes autorit\u00e9s, sapeurs-pompiers, gendarmerie, police nationale, porte drapeaux, fanfare, adjoints et conseillers municipaux ont ainsi pu entendre une lecture \u00e9mouvante du texte de l\u2019Appel du 18 juin 1940 lu par un jeune sapeur-pompier.<\/span><\/p>\n<p><span id=\"p2\">\u00ab Les Chefs qui, depuis de nombreuses ann\u00e9es sont \u00e0 la t\u00eate des arm\u00e9es fran\u00e7aises, ont form\u00e9 un gouvernement.<\/span><span id=\"p3\">\u00a0Ce gouvernement, all\u00e9guant la d\u00e9faite de nos arm\u00e9es, s\u2019est mis en rapport avec l\u2019ennemi pour cesser le combat.<\/span><\/p>\n<p><span id=\"p5\">Certes, nous avons \u00e9t\u00e9, nous sommes submerg\u00e9s par la force m\u00e9canique terrestre et a\u00e9rienne de l\u2019ennemi.<\/span><span id=\"p6\">\u00a0Infiniment plus que leur nombre, ce sont les chars, les avions, la tactique des Allemands qui nous font reculer.<\/span><span id=\"p7\">\u00a0Ce sont les chars, les avions, la tactique des Allemands qui ont surpris nos chefs au point de les amener l\u00e0 o\u00f9 ils en sont aujourd\u2019hui.<\/span><span id=\"p8\">\u00a0Mais le dernier mot est-il dit ?<\/span><span id=\"p58\">\u00a0L\u2019esp\u00e9rance, doit-elle dispara\u00eetre ?<\/span><span id=\"p59\">\u00a0La d\u00e9faite, est-elle d\u00e9finitive ?<\/span><span id=\"p11\">\u00a0Non !<\/span><\/p>\n<p><span id=\"p13\">Croyez-moi, moi qui vous parle en connaissance de cause et vous dis que rien n\u2019est perdu pour la France.<\/span><span id=\"p14\">\u00a0Les m\u00eames moyens qui nous ont vaincus peuvent faire venir un jour la victoire.<\/span><span id=\"p15\">\u00a0Car la France n\u2019est pas seule !<\/span><span id=\"p16\">\u00a0Elle n\u2019est pas seule !<\/span><span id=\"p17\">\u00a0Elle n\u2019est pas seule !<\/span><span id=\"p18\">\u00a0Elle a un vaste\u00a0<span id=\"37\" class=\"s-rg\">Empire<\/span>\u00a0derri\u00e8re elle.<\/span><span id=\"p19\">\u00a0Elle peut faire bloc avec l\u2019Empire britannique qui tient la mer et continue la lutte.<\/span><span id=\"p20\">\u00a0Elle peut, comme l\u2019Angleterre, utiliser sans limite l\u2019immense industrie des \u00c9tats-Unis.<\/span><\/p>\n<p><span id=\"p21\">Cette guerre n\u2019est pas limit\u00e9e au territoire malheureux de notre pays.<\/span><span id=\"p22\">\u00a0Cette guerre n\u2019est pas tranch\u00e9e par la bataille de France.<\/span><span id=\"p23\">\u00a0Cette guerre est une guerre mondiale.<\/span><span id=\"p24\">\u00a0Toutes les fautes, tous les retards, toutes les souffrances n\u2019emp\u00eachent pas qu\u2019il y\u00a0<span id=\"38\" class=\"s-ve\">a<\/span>\u00a0dans l\u2019univers tous les moyens n\u00e9cessaires pour \u00e9craser un jour nos ennemis.<\/span><span id=\"p25\">\u00a0Foudroy\u00e9s aujourd\u2019hui par la force m\u00e9canique, nous pourrons vaincre dans l\u2019avenir par une force m\u00e9canique sup\u00e9rieure.<\/span><span id=\"p26\">\u00a0Le destin du monde est l\u00e0.<\/span><\/p>\n<p><span id=\"p27\">Moi, g\u00e9n\u00e9ral de Gaulle, actuellement \u00e0 Londres, j\u2019invite les officiers et les soldats fran\u00e7ais, qui se trouvent en territoire britannique ou qui viendraient \u00e0 s\u2019y trouver, avec leurs armes ou sans leurs armes, j\u2019invite les ing\u00e9nieurs et les ouvriers sp\u00e9cialistes des industries d\u2019armement qui se trouvent en territoire britannique ou qui viendraient \u00e0 s\u2019y trouver, \u00e0 se mettre en rapport avec moi.<\/span><span id=\"p60\">\u00a0Quoi qu\u2019il arrive, la flamme de la r\u00e9sistance fran\u00e7aise ne doit pas s\u2019\u00e9teindre et ne s\u2019\u00e9teindra pas.<\/span><span id=\"p29\">\u00a0Demain comme aujourd\u2019hui, je parlerai \u00e0 la radio de Londres.<\/span><span id=\"p30\">\u00a0\u00bb<\/span><\/p>\n<p><span id=\"p31\">Simon Leclerc,\u00a0Vice-pr\u00e9sident\u00a0du conseil d\u00e9partemental des Vosges, Pr\u00e9sident de la Communaut\u00e9 de communes de l&rsquo;Ouest Vosgien, maire de Neufch\u00e2teau a proc\u00e9d\u00e9 \u00e0 la lecture du message de Madame Patricia\u00a0<span id=\"41\" class=\"s-rg\">Miralles<\/span>, secr\u00e9taire d\u2019\u00c9tat aupr\u00e8s du ministre des Arm\u00e9es, charg\u00e9e des\u00a0anciens\u00a0combattants et de la M\u00e9moire.<\/span><\/p>\n<p><span id=\"p61\">La gerbe du Souvenirs Fran\u00e7ais a \u00e9t\u00e9 d\u00e9pos\u00e9e par Cyprien Lemaire, Pr\u00e9sident du Souvenir Fran\u00e7ais accompagn\u00e9 des laur\u00e9ats du Concours National de la R\u00e9sistance et de la d\u00e9portation.<\/span><\/p>\n<p><span id=\"p33\">La gerbe des Associations Patriotiques a \u00e9t\u00e9\u00a0d\u00e9pos\u00e9e\u00a0par Michel\u00a0<span id=\"45\" class=\"s-rg\">Cobriat<\/span>, Pr\u00e9sident de la\u00a0<span id=\"46\" class=\"s-rg\">FNACA<\/span>, Jacques\u00a0<span id=\"47\" class=\"s-rg\">Jeanpierre<\/span>, membre de l&rsquo;Amicale de la Sidi Brahim et Jacques\u00a0<span id=\"48\" class=\"s-rg\">Hutin<\/span>, Pr\u00e9sident de l&rsquo;UNC.<\/span><\/p>\n<p><span id=\"p34\">Le d\u00e9p\u00f4t de la gerbe de la ville de Neufch\u00e2teau par Simon Leclerc, Dominique Humbert, conseill\u00e8re d\u00e9partementale,\u00a0Vice-pr\u00e9sidente\u00a0de la\u00a0<span id=\"50\" class=\"s-rg\">CCOV<\/span>, Maire d&rsquo;Autigny-la-Tour, repr\u00e9sentant Fran\u00e7ois\u00a0<span id=\"52\" class=\"s-rg\">Vannson<\/span>\u00a0Pr\u00e9sident du Conseil D\u00e9partemental des Vosges, le capitaine\u00a0<span id=\"53\" class=\"s-rg\">Mickael<\/span>\u00a0Gobert, adjoint au commandant de la compagnie de gendarmerie de Neufch\u00e2teau, le lieutenant S\u00e9bastien\u00a0<span id=\"54\" class=\"s-rg\">Dumain<\/span>, chef du centre de Secours de Neufch\u00e2teau et Muriel\u00a0<span id=\"55\" class=\"s-rg\">Rol<\/span>, premi\u00e8re adjointe de la ville de Neufch\u00e2teau.<\/span><\/p>\n\n","protected":false},"excerpt":{"rendered":"<p>C\u2019est sous un ciel orageux que le Maire Simon Leclerc a pr\u00e9sid\u00e9 la c\u00e9r\u00e9monie comm\u00e9morant l\u2019Appel du 18 juin du [&hellip;]<\/p>\n","protected":false},"author":1,"featured_media":26090,"comment_status":"open","ping_status":"open","sticky":false,"template":"","format":"standard","meta":{"footnotes":""},"categories":[29,120,22],"tags":[7219,31],"class_list":["post-26089","post","type-post","status-publish","format-standard","has-post-thumbnail","hentry","category-a-la-une","category-ceremonie-commemorative","category-neufchateau","tag-ceremonie-du-18-juin","tag-ville-de-neufchateau"],"acf":[],"yoast_head":"<!-- This site is optimized with the Yoast SEO plugin v22.5 - https:\/\/yoast.com\/wordpress\/plugins\/seo\/ -->\n<title>Comm\u00e9moration du 83\u1d49 anniversaire de l\u2019appel du 18 juin - La Plaine des Vosges<\/title>\n<meta name=\"robots\" content=\"index, follow, max-snippet:-1, max-image-preview:large, max-video-preview:-1\" \/>\n<link rel=\"canonical\" href=\"https:\/\/vosgesinfo.fr\/laplainedesvosgesinfo\/2023\/06\/commemoration-du-83\u1d49-anniversaire-de-lappel-du-18-juin\/\" \/>\n<meta name=\"twitter:card\" content=\"summary_large_image\" \/>\n<meta name=\"twitter:title\" content=\"Comm\u00e9moration du 83\u1d49 anniversaire de l\u2019appel du 18 juin - La Plaine des Vosges\" \/>\n<meta name=\"twitter:description\" content=\"C\u2019est sous un ciel orageux que le Maire Simon Leclerc a pr\u00e9sid\u00e9 la c\u00e9r\u00e9monie comm\u00e9morant l\u2019Appel du 18 juin du [&hellip;]\" \/>\n<meta name=\"twitter:image\" content=\"https:\/\/vosgesinfo.fr\/app\/uploads\/sites\/2\/2024\/07\/20230620230618-183908.jpg\" \/>\n<meta name=\"twitter:creator\" content=\"@VosgesInfo88\" \/>\n<meta name=\"twitter:site\" content=\"@VosgesInfo88\" \/>\n<meta name=\"twitter:label1\" content=\"\u00c9crit par\" \/>\n\t<meta name=\"twitter:data1\" content=\"qs_admin\" \/>\n\t<meta name=\"twitter:label2\" content=\"Dur\u00e9e de lecture estim\u00e9e\" \/>\n\t<meta name=\"twitter:data2\" content=\"3 minutes\" \/>\n<script type=\"application\/ld+json\" class=\"yoast-schema-graph\">{\"@context\":\"https:\/\/schema.org\",\"@graph\":[{\"@type\":\"Article\",\"@id\":\"https:\/\/vosgesinfo.fr\/laplainedesvosgesinfo\/2023\/06\/commemoration-du-83%e1%b5%89-anniversaire-de-lappel-du-18-juin\/#article\",\"isPartOf\":{\"@id\":\"https:\/\/vosgesinfo.fr\/laplainedesvosgesinfo\/2023\/06\/commemoration-du-83%e1%b5%89-anniversaire-de-lappel-du-18-juin\/\"},\"author\":{\"name\":\"qs_admin\",\"@id\":\"https:\/\/vosgesinfo.fr\/laplainedesvosgesinfo\/#\/schema\/person\/bc5d02d71e6932e81b6dadb7386667b1\"},\"headline\":\"Comm\u00e9moration du 83\u1d49 anniversaire de l\u2019appel du 18 juin\",\"datePublished\":\"2023-06-18T15:55:34+00:00\",\"dateModified\":\"2023-06-18T15:55:34+00:00\",\"mainEntityOfPage\":{\"@id\":\"https:\/\/vosgesinfo.fr\/laplainedesvosgesinfo\/2023\/06\/commemoration-du-83%e1%b5%89-anniversaire-de-lappel-du-18-juin\/\"},\"wordCount\":703,\"commentCount\":0,\"publisher\":{\"@id\":\"https:\/\/vosgesinfo.fr\/laplainedesvosgesinfo\/#organization\"},\"image\":{\"@id\":\"https:\/\/vosgesinfo.fr\/laplainedesvosgesinfo\/2023\/06\/commemoration-du-83%e1%b5%89-anniversaire-de-lappel-du-18-juin\/#primaryimage\"},\"thumbnailUrl\":\"https:\/\/vosgesinfo.fr\/app\/uploads\/sites\/2\/2024\/07\/20230620230618-183908.jpg\",\"keywords\":[\"c\u00e9r\u00e9monie du 18 juin\",\"Ville de Neufch\u00e2teau\"],\"articleSection\":[\"A la Une\",\"C\u00e9r\u00e9monie comm\u00e9morative\",\"Neufch\u00e2teau\"],\"inLanguage\":\"fr-FR\",\"potentialAction\":[{\"@type\":\"CommentAction\",\"name\":\"Comment\",\"target\":[\"https:\/\/vosgesinfo.fr\/laplainedesvosgesinfo\/2023\/06\/commemoration-du-83%e1%b5%89-anniversaire-de-lappel-du-18-juin\/#respond\"]}]},{\"@type\":\"WebPage\",\"@id\":\"https:\/\/vosgesinfo.fr\/laplainedesvosgesinfo\/2023\/06\/commemoration-du-83%e1%b5%89-anniversaire-de-lappel-du-18-juin\/\",\"url\":\"https:\/\/vosgesinfo.fr\/laplainedesvosgesinfo\/2023\/06\/commemoration-du-83%e1%b5%89-anniversaire-de-lappel-du-18-juin\/\",\"name\":\"Comm\u00e9moration du 83\u1d49 anniversaire de l\u2019appel du 18 juin - La Plaine des Vosges\",\"isPartOf\":{\"@id\":\"https:\/\/vosgesinfo.fr\/laplainedesvosgesinfo\/#website\"},\"primaryImageOfPage\":{\"@id\":\"https:\/\/vosgesinfo.fr\/laplainedesvosgesinfo\/2023\/06\/commemoration-du-83%e1%b5%89-anniversaire-de-lappel-du-18-juin\/#primaryimage\"},\"image\":{\"@id\":\"https:\/\/vosgesinfo.fr\/laplainedesvosgesinfo\/2023\/06\/commemoration-du-83%e1%b5%89-anniversaire-de-lappel-du-18-juin\/#primaryimage\"},\"thumbnailUrl\":\"https:\/\/vosgesinfo.fr\/app\/uploads\/sites\/2\/2024\/07\/20230620230618-183908.jpg\",\"datePublished\":\"2023-06-18T15:55:34+00:00\",\"dateModified\":\"2023-06-18T15:55:34+00:00\",\"breadcrumb\":{\"@id\":\"https:\/\/vosgesinfo.fr\/laplainedesvosgesinfo\/2023\/06\/commemoration-du-83%e1%b5%89-anniversaire-de-lappel-du-18-juin\/#breadcrumb\"},\"inLanguage\":\"fr-FR\",\"potentialAction\":[{\"@type\":\"ReadAction\",\"target\":[\"https:\/\/vosgesinfo.fr\/laplainedesvosgesinfo\/2023\/06\/commemoration-du-83%e1%b5%89-anniversaire-de-lappel-du-18-juin\/\"]}]},{\"@type\":\"ImageObject\",\"inLanguage\":\"fr-FR\",\"@id\":\"https:\/\/vosgesinfo.fr\/laplainedesvosgesinfo\/2023\/06\/commemoration-du-83%e1%b5%89-anniversaire-de-lappel-du-18-juin\/#primaryimage\",\"url\":\"https:\/\/vosgesinfo.fr\/app\/uploads\/sites\/2\/2024\/07\/20230620230618-183908.jpg\",\"contentUrl\":\"https:\/\/vosgesinfo.fr\/app\/uploads\/sites\/2\/2024\/07\/20230620230618-183908.jpg\",\"width\":800,\"height\":360},{\"@type\":\"BreadcrumbList\",\"@id\":\"https:\/\/vosgesinfo.fr\/laplainedesvosgesinfo\/2023\/06\/commemoration-du-83%e1%b5%89-anniversaire-de-lappel-du-18-juin\/#breadcrumb\",\"itemListElement\":[{\"@type\":\"ListItem\",\"position\":1,\"name\":\"Home\",\"item\":\"https:\/\/vosgesinfo.fr\/laplainedesvosgesinfo\/\"},{\"@type\":\"ListItem\",\"position\":2,\"name\":\"Comm\u00e9moration du 83\u1d49 anniversaire de l\u2019appel du 18 juin\"}]},{\"@type\":\"WebSite\",\"@id\":\"https:\/\/vosgesinfo.fr\/laplainedesvosgesinfo\/#website\",\"url\":\"https:\/\/vosgesinfo.fr\/laplainedesvosgesinfo\/\",\"name\":\"La Plaine des Vosges\",\"description\":\"Toute l&#039;actualit\u00e9 de la plaine de Vosges\",\"publisher\":{\"@id\":\"https:\/\/vosgesinfo.fr\/laplainedesvosgesinfo\/#organization\"},\"alternateName\":\"Toute l'actualit\u00e9 de la plaine des Vosges\",\"potentialAction\":[{\"@type\":\"SearchAction\",\"target\":{\"@type\":\"EntryPoint\",\"urlTemplate\":\"https:\/\/vosgesinfo.fr\/laplainedesvosgesinfo\/?s={search_term_string}\"},\"query-input\":\"required name=search_term_string\"}],\"inLanguage\":\"fr-FR\"},{\"@type\":\"Organization\",\"@id\":\"https:\/\/vosgesinfo.fr\/laplainedesvosgesinfo\/#organization\",\"name\":\"La Plaine des Vosges\",\"url\":\"https:\/\/vosgesinfo.fr\/laplainedesvosgesinfo\/\",\"logo\":{\"@type\":\"ImageObject\",\"inLanguage\":\"fr-FR\",\"@id\":\"https:\/\/vosgesinfo.fr\/laplainedesvosgesinfo\/#\/schema\/logo\/image\/\",\"url\":\"https:\/\/vosgesinfo.fr\/app\/uploads\/sites\/2\/2023\/08\/logo-laplaineinfo.svg\",\"contentUrl\":\"https:\/\/vosgesinfo.fr\/app\/uploads\/sites\/2\/2023\/08\/logo-laplaineinfo.svg\",\"width\":1,\"height\":1,\"caption\":\"La Plaine des Vosges\"},\"image\":{\"@id\":\"https:\/\/vosgesinfo.fr\/laplainedesvosgesinfo\/#\/schema\/logo\/image\/\"},\"sameAs\":[\"https:\/\/www.facebook.com\/laplainedesvosges\",\"https:\/\/x.com\/VosgesInfo88\",\"https:\/\/www.youtube.com\/@vosgesinfo\"]},{\"@type\":\"Person\",\"@id\":\"https:\/\/vosgesinfo.fr\/laplainedesvosgesinfo\/#\/schema\/person\/bc5d02d71e6932e81b6dadb7386667b1\",\"name\":\"qs_admin\",\"image\":{\"@type\":\"ImageObject\",\"inLanguage\":\"fr-FR\",\"@id\":\"https:\/\/vosgesinfo.fr\/laplainedesvosgesinfo\/#\/schema\/person\/image\/\",\"url\":\"https:\/\/secure.gravatar.com\/avatar\/94b18ee0ed79e4a42ea2f2931277b6841a8999fc6fde214600c78057cf1fe1de?s=96&d=mm&r=g\",\"contentUrl\":\"https:\/\/secure.gravatar.com\/avatar\/94b18ee0ed79e4a42ea2f2931277b6841a8999fc6fde214600c78057cf1fe1de?s=96&d=mm&r=g\",\"caption\":\"qs_admin\"},\"sameAs\":[\"https:\/\/vosgesinfo.fr\/wp\"],\"url\":\"https:\/\/vosgesinfo.fr\/laplainedesvosgesinfo\/author\/qs_admin\/\"}]}<\/script>\n<!-- \/ Yoast SEO plugin. -->","yoast_head_json":{"title":"Comm\u00e9moration du 83\u1d49 anniversaire de l\u2019appel du 18 juin - La Plaine des Vosges","robots":{"index":"index","follow":"follow","max-snippet":"max-snippet:-1","max-image-preview":"max-image-preview:large","max-video-preview":"max-video-preview:-1"},"canonical":"https:\/\/vosgesinfo.fr\/laplainedesvosgesinfo\/2023\/06\/commemoration-du-83\u1d49-anniversaire-de-lappel-du-18-juin\/","twitter_card":"summary_large_image","twitter_title":"Comm\u00e9moration du 83\u1d49 anniversaire de l\u2019appel du 18 juin - La Plaine des Vosges","twitter_description":"C\u2019est sous un ciel orageux que le Maire Simon Leclerc a pr\u00e9sid\u00e9 la c\u00e9r\u00e9monie comm\u00e9morant l\u2019Appel du 18 juin du [&hellip;]","twitter_image":"https:\/\/vosgesinfo.fr\/app\/uploads\/sites\/2\/2024\/07\/20230620230618-183908.jpg","twitter_creator":"@VosgesInfo88","twitter_site":"@VosgesInfo88","twitter_misc":{"\u00c9crit par":"qs_admin","Dur\u00e9e de lecture estim\u00e9e":"3 minutes"},"schema":{"@context":"https:\/\/schema.org","@graph":[{"@type":"Article","@id":"https:\/\/vosgesinfo.fr\/laplainedesvosgesinfo\/2023\/06\/commemoration-du-83%e1%b5%89-anniversaire-de-lappel-du-18-juin\/#article","isPartOf":{"@id":"https:\/\/vosgesinfo.fr\/laplainedesvosgesinfo\/2023\/06\/commemoration-du-83%e1%b5%89-anniversaire-de-lappel-du-18-juin\/"},"author":{"name":"qs_admin","@id":"https:\/\/vosgesinfo.fr\/laplainedesvosgesinfo\/#\/schema\/person\/bc5d02d71e6932e81b6dadb7386667b1"},"headline":"Comm\u00e9moration du 83\u1d49 anniversaire de l\u2019appel du 18 juin","datePublished":"2023-06-18T15:55:34+00:00","dateModified":"2023-06-18T15:55:34+00:00","mainEntityOfPage":{"@id":"https:\/\/vosgesinfo.fr\/laplainedesvosgesinfo\/2023\/06\/commemoration-du-83%e1%b5%89-anniversaire-de-lappel-du-18-juin\/"},"wordCount":703,"commentCount":0,"publisher":{"@id":"https:\/\/vosgesinfo.fr\/laplainedesvosgesinfo\/#organization"},"image":{"@id":"https:\/\/vosgesinfo.fr\/laplainedesvosgesinfo\/2023\/06\/commemoration-du-83%e1%b5%89-anniversaire-de-lappel-du-18-juin\/#primaryimage"},"thumbnailUrl":"https:\/\/vosgesinfo.fr\/app\/uploads\/sites\/2\/2024\/07\/20230620230618-183908.jpg","keywords":["c\u00e9r\u00e9monie du 18 juin","Ville de Neufch\u00e2teau"],"articleSection":["A la Une","C\u00e9r\u00e9monie comm\u00e9morative","Neufch\u00e2teau"],"inLanguage":"fr-FR","potentialAction":[{"@type":"CommentAction","name":"Comment","target":["https:\/\/vosgesinfo.fr\/laplainedesvosgesinfo\/2023\/06\/commemoration-du-83%e1%b5%89-anniversaire-de-lappel-du-18-juin\/#respond"]}]},{"@type":"WebPage","@id":"https:\/\/vosgesinfo.fr\/laplainedesvosgesinfo\/2023\/06\/commemoration-du-83%e1%b5%89-anniversaire-de-lappel-du-18-juin\/","url":"https:\/\/vosgesinfo.fr\/laplainedesvosgesinfo\/2023\/06\/commemoration-du-83%e1%b5%89-anniversaire-de-lappel-du-18-juin\/","name":"Comm\u00e9moration du 83\u1d49 anniversaire de l\u2019appel du 18 juin - La Plaine des Vosges","isPartOf":{"@id":"https:\/\/vosgesinfo.fr\/laplainedesvosgesinfo\/#website"},"primaryImageOfPage":{"@id":"https:\/\/vosgesinfo.fr\/laplainedesvosgesinfo\/2023\/06\/commemoration-du-83%e1%b5%89-anniversaire-de-lappel-du-18-juin\/#primaryimage"},"image":{"@id":"https:\/\/vosgesinfo.fr\/laplainedesvosgesinfo\/2023\/06\/commemoration-du-83%e1%b5%89-anniversaire-de-lappel-du-18-juin\/#primaryimage"},"thumbnailUrl":"https:\/\/vosgesinfo.fr\/app\/uploads\/sites\/2\/2024\/07\/20230620230618-183908.jpg","datePublished":"2023-06-18T15:55:34+00:00","dateModified":"2023-06-18T15:55:34+00:00","breadcrumb":{"@id":"https:\/\/vosgesinfo.fr\/laplainedesvosgesinfo\/2023\/06\/commemoration-du-83%e1%b5%89-anniversaire-de-lappel-du-18-juin\/#breadcrumb"},"inLanguage":"fr-FR","potentialAction":[{"@type":"ReadAction","target":["https:\/\/vosgesinfo.fr\/laplainedesvosgesinfo\/2023\/06\/commemoration-du-83%e1%b5%89-anniversaire-de-lappel-du-18-juin\/"]}]},{"@type":"ImageObject","inLanguage":"fr-FR","@id":"https:\/\/vosgesinfo.fr\/laplainedesvosgesinfo\/2023\/06\/commemoration-du-83%e1%b5%89-anniversaire-de-lappel-du-18-juin\/#primaryimage","url":"https:\/\/vosgesinfo.fr\/app\/uploads\/sites\/2\/2024\/07\/20230620230618-183908.jpg","contentUrl":"https:\/\/vosgesinfo.fr\/app\/uploads\/sites\/2\/2024\/07\/20230620230618-183908.jpg","width":800,"height":360},{"@type":"BreadcrumbList","@id":"https:\/\/vosgesinfo.fr\/laplainedesvosgesinfo\/2023\/06\/commemoration-du-83%e1%b5%89-anniversaire-de-lappel-du-18-juin\/#breadcrumb","itemListElement":[{"@type":"ListItem","position":1,"name":"Home","item":"https:\/\/vosgesinfo.fr\/laplainedesvosgesinfo\/"},{"@type":"ListItem","position":2,"name":"Comm\u00e9moration du 83\u1d49 anniversaire de l\u2019appel du 18 juin"}]},{"@type":"WebSite","@id":"https:\/\/vosgesinfo.fr\/laplainedesvosgesinfo\/#website","url":"https:\/\/vosgesinfo.fr\/laplainedesvosgesinfo\/","name":"La Plaine des Vosges","description":"Toute l&#039;actualit\u00e9 de la plaine de Vosges","publisher":{"@id":"https:\/\/vosgesinfo.fr\/laplainedesvosgesinfo\/#organization"},"alternateName":"Toute l'actualit\u00e9 de la plaine des Vosges","potentialAction":[{"@type":"SearchAction","target":{"@type":"EntryPoint","urlTemplate":"https:\/\/vosgesinfo.fr\/laplainedesvosgesinfo\/?s={search_term_string}"},"query-input":"required name=search_term_string"}],"inLanguage":"fr-FR"},{"@type":"Organization","@id":"https:\/\/vosgesinfo.fr\/laplainedesvosgesinfo\/#organization","name":"La Plaine des Vosges","url":"https:\/\/vosgesinfo.fr\/laplainedesvosgesinfo\/","logo":{"@type":"ImageObject","inLanguage":"fr-FR","@id":"https:\/\/vosgesinfo.fr\/laplainedesvosgesinfo\/#\/schema\/logo\/image\/","url":"https:\/\/vosgesinfo.fr\/app\/uploads\/sites\/2\/2023\/08\/logo-laplaineinfo.svg","contentUrl":"https:\/\/vosgesinfo.fr\/app\/uploads\/sites\/2\/2023\/08\/logo-laplaineinfo.svg","width":1,"height":1,"caption":"La Plaine des Vosges"},"image":{"@id":"https:\/\/vosgesinfo.fr\/laplainedesvosgesinfo\/#\/schema\/logo\/image\/"},"sameAs":["https:\/\/www.facebook.com\/laplainedesvosges","https:\/\/x.com\/VosgesInfo88","https:\/\/www.youtube.com\/@vosgesinfo"]},{"@type":"Person","@id":"https:\/\/vosgesinfo.fr\/laplainedesvosgesinfo\/#\/schema\/person\/bc5d02d71e6932e81b6dadb7386667b1","name":"qs_admin","image":{"@type":"ImageObject","inLanguage":"fr-FR","@id":"https:\/\/vosgesinfo.fr\/laplainedesvosgesinfo\/#\/schema\/person\/image\/","url":"https:\/\/secure.gravatar.com\/avatar\/94b18ee0ed79e4a42ea2f2931277b6841a8999fc6fde214600c78057cf1fe1de?s=96&d=mm&r=g","contentUrl":"https:\/\/secure.gravatar.com\/avatar\/94b18ee0ed79e4a42ea2f2931277b6841a8999fc6fde214600c78057cf1fe1de?s=96&d=mm&r=g","caption":"qs_admin"},"sameAs":["https:\/\/vosgesinfo.fr\/wp"],"url":"https:\/\/vosgesinfo.fr\/laplainedesvosgesinfo\/author\/qs_admin\/"}]}},"_links":{"self":[{"href":"https:\/\/vosgesinfo.fr\/laplainedesvosgesinfo\/wp-json\/wp\/v2\/posts\/26089","targetHints":{"allow":["GET"]}}],"collection":[{"href":"https:\/\/vosgesinfo.fr\/laplainedesvosgesinfo\/wp-json\/wp\/v2\/posts"}],"about":[{"href":"https:\/\/vosgesinfo.fr\/laplainedesvosgesinfo\/wp-json\/wp\/v2\/types\/post"}],"author":[{"embeddable":true,"href":"https:\/\/vosgesinfo.fr\/laplainedesvosgesinfo\/wp-json\/wp\/v2\/users\/1"}],"replies":[{"embeddable":true,"href":"https:\/\/vosgesinfo.fr\/laplainedesvosgesinfo\/wp-json\/wp\/v2\/comments?post=26089"}],"version-history":[{"count":0,"href":"https:\/\/vosgesinfo.fr\/laplainedesvosgesinfo\/wp-json\/wp\/v2\/posts\/26089\/revisions"}],"wp:featuredmedia":[{"embeddable":true,"href":"https:\/\/vosgesinfo.fr\/laplainedesvosgesinfo\/wp-json\/wp\/v2\/media\/26090"}],"wp:attachment":[{"href":"https:\/\/vosgesinfo.fr\/laplainedesvosgesinfo\/wp-json\/wp\/v2\/media?parent=26089"}],"wp:term":[{"taxonomy":"category","embeddable":true,"href":"https:\/\/vosgesinfo.fr\/laplainedesvosgesinfo\/wp-json\/wp\/v2\/categories?post=26089"},{"taxonomy":"post_tag","embeddable":true,"href":"https:\/\/vosgesinfo.fr\/laplainedesvosgesinfo\/wp-json\/wp\/v2\/tags?post=26089"}],"curies":[{"name":"wp","href":"https:\/\/api.w.org\/{rel}","templated":true}]}}