{"id":26097,"date":"2023-06-18T19:31:13","date_gmt":"2023-06-18T17:31:13","guid":{"rendered":"https:\/\/vosgesinfo.fr\/laplainedesvosgesinfo\/2023\/06\/le-garage-villeminot-de-vittel-entre-dans-lhistoire\/"},"modified":"2023-06-18T19:31:13","modified_gmt":"2023-06-18T17:31:13","slug":"le-garage-villeminot-de-vittel-entre-dans-lhistoire","status":"publish","type":"post","link":"https:\/\/vosgesinfo.fr\/laplainedesvosgesinfo\/2023\/06\/le-garage-villeminot-de-vittel-entre-dans-lhistoire\/","title":{"rendered":"Le garage Villeminot de Vittel entre dans l\u2019histoire"},"content":{"rendered":"\n<p class=\"p1\"><strong>Un beau projet initi\u00e9 par le Club Auto R\u00e9tro Vosgien aux c\u00f4t\u00e9s de la F\u00e9d\u00e9ration Fran\u00e7aise des v\u00e9hicules d\u2019\u00e9poque, s\u2019est tenu ce week &#8211; end du 17 et 18 juin 2023 \u00e0 Vittel. L\u2019\u00e9v\u00e9nement \u00e9tait d\u2019importance pour la famille Villeminot r\u00e9unie pour l\u2019occasion, mais \u00e9galement pour les amis et les nombreux clients du garage du m\u00eame nom, fier de f\u00eater ses 100 ans d\u2019existence.<\/strong><\/p>\n<p class=\"p3\"><span class=\"s2\">C\u2019est avec un grand plaisir et une grande fiert\u00e9 que l\u2019\u00e9quipe du garage Villeminot a f\u00eat\u00e9 les 100 ans de cet \u00e9tablissement vittellois, devenu aujourd\u2019hui la concession de la marque Citro\u00ebn dans la cit\u00e9 thermale. \u00c0 l\u2019initiative du Club Auto\u00a0R\u00e9tro Vosgien et de\u00a0la F\u00e9d\u00e9ration fran\u00e7aise des v\u00e9hicules d\u2019\u00e9poque, une belle exposition de v\u00e9hicules de marque Citro\u00ebn de tous \u00e2ges a eu lieu sur le parking du garage vittellois.<\/span><\/p>\n<p class=\"p3\"><span class=\"s2\">L\u2019\u00e9v\u00e9nement de la journ\u00e9e empreint d\u2019\u00e9motion pour la famille Villeminot r\u00e9unie au grand complet, a \u00e9t\u00e9 la pose d\u2019une plaque comm\u00e9morative sur la fa\u00e7ade du b\u00e2timent, veritable lieu historique automobile de la cit\u00e9 thermale. Une seconde plaque a \u00e9t\u00e9 appos\u00e9e \u00e9galement ce jour, et offerte par le Groupement des Agents Citro\u00ebn. Des clients de tr\u00e8s longue date \u00e9taient convi\u00e9s \u00e0 cette occasion par la famille, qui regrettait de ne pouvoir accueillir davantage de monde faute de place suffisante.<\/span><\/p>\n","protected":false},"excerpt":{"rendered":"<p>Un beau projet initi\u00e9 par le Club Auto R\u00e9tro Vosgien aux c\u00f4t\u00e9s de la F\u00e9d\u00e9ration Fran\u00e7aise des v\u00e9hicules d\u2019\u00e9poque, s\u2019est [&hellip;]<\/p>\n","protected":false},"author":128,"featured_media":26098,"comment_status":"open","ping_status":"open","sticky":false,"template":"","format":"standard","meta":{"footnotes":""},"categories":[29,24,37,53,38,18],"tags":[104,7220,36],"class_list":["post-26097","post","type-post","status-publish","format-standard","has-post-thumbnail","hentry","category-a-la-une","category-festivites","category-la-plaine","category-vie-locale","category-vittel-la-plaine","category-vosges","tag-club-auto-retro-vosgien","tag-garage-villeminot-vittel","tag-ville-de-vittel"],"acf":[],"yoast_head":"<!-- This site is optimized with the Yoast SEO plugin v22.5 - https:\/\/yoast.com\/wordpress\/plugins\/seo\/ -->\n<title>Le garage Villeminot de Vittel entre dans l\u2019histoire - La Plaine des Vosges<\/title>\n<meta name=\"robots\" content=\"index, follow, max-snippet:-1, max-image-preview:large, max-video-preview:-1\" \/>\n<link rel=\"canonical\" href=\"https:\/\/vosgesinfo.fr\/laplainedesvosgesinfo\/2023\/06\/le-garage-villeminot-de-vittel-entre-dans-lhistoire\/\" \/>\n<meta name=\"twitter:card\" content=\"summary_large_image\" \/>\n<meta name=\"twitter:title\" content=\"Le garage Villeminot de Vittel entre dans l\u2019histoire - La Plaine des Vosges\" \/>\n<meta name=\"twitter:description\" content=\"Un beau projet initi\u00e9 par le Club Auto R\u00e9tro Vosgien aux c\u00f4t\u00e9s de la F\u00e9d\u00e9ration Fran\u00e7aise des v\u00e9hicules d\u2019\u00e9poque, s\u2019est [&hellip;]\" \/>\n<meta name=\"twitter:image\" content=\"https:\/\/vosgesinfo.fr\/app\/uploads\/sites\/2\/2024\/07\/2023068ab40998-5a44-4a97-b39d-65f17e93ffe6.jpeg\" \/>\n<meta name=\"twitter:creator\" content=\"@VosgesInfo88\" \/>\n<meta name=\"twitter:site\" content=\"@VosgesInfo88\" \/>\n<meta name=\"twitter:label1\" content=\"\u00c9crit par\" \/>\n\t<meta name=\"twitter:data1\" content=\"F L\" \/>\n\t<meta name=\"twitter:label2\" content=\"Dur\u00e9e de lecture estim\u00e9e\" \/>\n\t<meta name=\"twitter:data2\" content=\"1 minute\" \/>\n<script type=\"application\/ld+json\" class=\"yoast-schema-graph\">{\"@context\":\"https:\/\/schema.org\",\"@graph\":[{\"@type\":\"Article\",\"@id\":\"https:\/\/vosgesinfo.fr\/laplainedesvosgesinfo\/2023\/06\/le-garage-villeminot-de-vittel-entre-dans-lhistoire\/#article\",\"isPartOf\":{\"@id\":\"https:\/\/vosgesinfo.fr\/laplainedesvosgesinfo\/2023\/06\/le-garage-villeminot-de-vittel-entre-dans-lhistoire\/\"},\"author\":{\"name\":\"F L\",\"@id\":\"https:\/\/vosgesinfo.fr\/laplainedesvosgesinfo\/#\/schema\/person\/79e32bebcee803e323d575130a214cb1\"},\"headline\":\"Le garage Villeminot de Vittel entre dans l\u2019histoire\",\"datePublished\":\"2023-06-18T17:31:13+00:00\",\"dateModified\":\"2023-06-18T17:31:13+00:00\",\"mainEntityOfPage\":{\"@id\":\"https:\/\/vosgesinfo.fr\/laplainedesvosgesinfo\/2023\/06\/le-garage-villeminot-de-vittel-entre-dans-lhistoire\/\"},\"wordCount\":261,\"commentCount\":0,\"publisher\":{\"@id\":\"https:\/\/vosgesinfo.fr\/laplainedesvosgesinfo\/#organization\"},\"image\":{\"@id\":\"https:\/\/vosgesinfo.fr\/laplainedesvosgesinfo\/2023\/06\/le-garage-villeminot-de-vittel-entre-dans-lhistoire\/#primaryimage\"},\"thumbnailUrl\":\"https:\/\/vosgesinfo.fr\/app\/uploads\/sites\/2\/2024\/07\/2023068ab40998-5a44-4a97-b39d-65f17e93ffe6.jpeg\",\"keywords\":[\"Club Auto Retro Vosgien\",\"Garage Villeminot Vittel\",\"Ville de Vittel\"],\"articleSection\":[\"A la Une\",\"Festivit\u00e9s\",\"La Plaine\",\"Vie locale\",\"Vittel\",\"Vosges\"],\"inLanguage\":\"fr-FR\",\"potentialAction\":[{\"@type\":\"CommentAction\",\"name\":\"Comment\",\"target\":[\"https:\/\/vosgesinfo.fr\/laplainedesvosgesinfo\/2023\/06\/le-garage-villeminot-de-vittel-entre-dans-lhistoire\/#respond\"]}]},{\"@type\":\"WebPage\",\"@id\":\"https:\/\/vosgesinfo.fr\/laplainedesvosgesinfo\/2023\/06\/le-garage-villeminot-de-vittel-entre-dans-lhistoire\/\",\"url\":\"https:\/\/vosgesinfo.fr\/laplainedesvosgesinfo\/2023\/06\/le-garage-villeminot-de-vittel-entre-dans-lhistoire\/\",\"name\":\"Le garage Villeminot de Vittel entre dans l\u2019histoire - La Plaine des Vosges\",\"isPartOf\":{\"@id\":\"https:\/\/vosgesinfo.fr\/laplainedesvosgesinfo\/#website\"},\"primaryImageOfPage\":{\"@id\":\"https:\/\/vosgesinfo.fr\/laplainedesvosgesinfo\/2023\/06\/le-garage-villeminot-de-vittel-entre-dans-lhistoire\/#primaryimage\"},\"image\":{\"@id\":\"https:\/\/vosgesinfo.fr\/laplainedesvosgesinfo\/2023\/06\/le-garage-villeminot-de-vittel-entre-dans-lhistoire\/#primaryimage\"},\"thumbnailUrl\":\"https:\/\/vosgesinfo.fr\/app\/uploads\/sites\/2\/2024\/07\/2023068ab40998-5a44-4a97-b39d-65f17e93ffe6.jpeg\",\"datePublished\":\"2023-06-18T17:31:13+00:00\",\"dateModified\":\"2023-06-18T17:31:13+00:00\",\"breadcrumb\":{\"@id\":\"https:\/\/vosgesinfo.fr\/laplainedesvosgesinfo\/2023\/06\/le-garage-villeminot-de-vittel-entre-dans-lhistoire\/#breadcrumb\"},\"inLanguage\":\"fr-FR\",\"potentialAction\":[{\"@type\":\"ReadAction\",\"target\":[\"https:\/\/vosgesinfo.fr\/laplainedesvosgesinfo\/2023\/06\/le-garage-villeminot-de-vittel-entre-dans-lhistoire\/\"]}]},{\"@type\":\"ImageObject\",\"inLanguage\":\"fr-FR\",\"@id\":\"https:\/\/vosgesinfo.fr\/laplainedesvosgesinfo\/2023\/06\/le-garage-villeminot-de-vittel-entre-dans-lhistoire\/#primaryimage\",\"url\":\"https:\/\/vosgesinfo.fr\/app\/uploads\/sites\/2\/2024\/07\/2023068ab40998-5a44-4a97-b39d-65f17e93ffe6.jpeg\",\"contentUrl\":\"https:\/\/vosgesinfo.fr\/app\/uploads\/sites\/2\/2024\/07\/2023068ab40998-5a44-4a97-b39d-65f17e93ffe6.jpeg\",\"width\":800,\"height\":450},{\"@type\":\"BreadcrumbList\",\"@id\":\"https:\/\/vosgesinfo.fr\/laplainedesvosgesinfo\/2023\/06\/le-garage-villeminot-de-vittel-entre-dans-lhistoire\/#breadcrumb\",\"itemListElement\":[{\"@type\":\"ListItem\",\"position\":1,\"name\":\"Home\",\"item\":\"https:\/\/vosgesinfo.fr\/laplainedesvosgesinfo\/\"},{\"@type\":\"ListItem\",\"position\":2,\"name\":\"Le garage Villeminot de Vittel entre dans l\u2019histoire\"}]},{\"@type\":\"WebSite\",\"@id\":\"https:\/\/vosgesinfo.fr\/laplainedesvosgesinfo\/#website\",\"url\":\"https:\/\/vosgesinfo.fr\/laplainedesvosgesinfo\/\",\"name\":\"La Plaine des Vosges\",\"description\":\"Toute l&#039;actualit\u00e9 de la plaine de Vosges\",\"publisher\":{\"@id\":\"https:\/\/vosgesinfo.fr\/laplainedesvosgesinfo\/#organization\"},\"alternateName\":\"Toute l'actualit\u00e9 de la plaine des Vosges\",\"potentialAction\":[{\"@type\":\"SearchAction\",\"target\":{\"@type\":\"EntryPoint\",\"urlTemplate\":\"https:\/\/vosgesinfo.fr\/laplainedesvosgesinfo\/?s={search_term_string}\"},\"query-input\":\"required name=search_term_string\"}],\"inLanguage\":\"fr-FR\"},{\"@type\":\"Organization\",\"@id\":\"https:\/\/vosgesinfo.fr\/laplainedesvosgesinfo\/#organization\",\"name\":\"La Plaine des Vosges\",\"url\":\"https:\/\/vosgesinfo.fr\/laplainedesvosgesinfo\/\",\"logo\":{\"@type\":\"ImageObject\",\"inLanguage\":\"fr-FR\",\"@id\":\"https:\/\/vosgesinfo.fr\/laplainedesvosgesinfo\/#\/schema\/logo\/image\/\",\"url\":\"https:\/\/vosgesinfo.fr\/app\/uploads\/sites\/2\/2023\/08\/logo-laplaineinfo.svg\",\"contentUrl\":\"https:\/\/vosgesinfo.fr\/app\/uploads\/sites\/2\/2023\/08\/logo-laplaineinfo.svg\",\"width\":1,\"height\":1,\"caption\":\"La Plaine des Vosges\"},\"image\":{\"@id\":\"https:\/\/vosgesinfo.fr\/laplainedesvosgesinfo\/#\/schema\/logo\/image\/\"},\"sameAs\":[\"https:\/\/www.facebook.com\/laplainedesvosges\",\"https:\/\/x.com\/VosgesInfo88\",\"https:\/\/www.youtube.com\/@vosgesinfo\"]},{\"@type\":\"Person\",\"@id\":\"https:\/\/vosgesinfo.fr\/laplainedesvosgesinfo\/#\/schema\/person\/79e32bebcee803e323d575130a214cb1\",\"name\":\"F L\",\"image\":{\"@type\":\"ImageObject\",\"inLanguage\":\"fr-FR\",\"@id\":\"https:\/\/vosgesinfo.fr\/laplainedesvosgesinfo\/#\/schema\/person\/image\/\",\"url\":\"https:\/\/secure.gravatar.com\/avatar\/d357c72e152089867fde6ef62184057ee532a6f21b254c937a932e835554cfb3?s=96&d=mm&r=g\",\"contentUrl\":\"https:\/\/secure.gravatar.com\/avatar\/d357c72e152089867fde6ef62184057ee532a6f21b254c937a932e835554cfb3?s=96&d=mm&r=g\",\"caption\":\"F L\"},\"url\":\"https:\/\/vosgesinfo.fr\/laplainedesvosgesinfo\/author\/frlevyp88\/\"}]}<\/script>\n<!-- \/ Yoast SEO plugin. -->","yoast_head_json":{"title":"Le garage Villeminot de Vittel entre dans l\u2019histoire - La Plaine des Vosges","robots":{"index":"index","follow":"follow","max-snippet":"max-snippet:-1","max-image-preview":"max-image-preview:large","max-video-preview":"max-video-preview:-1"},"canonical":"https:\/\/vosgesinfo.fr\/laplainedesvosgesinfo\/2023\/06\/le-garage-villeminot-de-vittel-entre-dans-lhistoire\/","twitter_card":"summary_large_image","twitter_title":"Le garage Villeminot de Vittel entre dans l\u2019histoire - La Plaine des Vosges","twitter_description":"Un beau projet initi\u00e9 par le Club Auto R\u00e9tro Vosgien aux c\u00f4t\u00e9s de la F\u00e9d\u00e9ration Fran\u00e7aise des v\u00e9hicules d\u2019\u00e9poque, s\u2019est [&hellip;]","twitter_image":"https:\/\/vosgesinfo.fr\/app\/uploads\/sites\/2\/2024\/07\/2023068ab40998-5a44-4a97-b39d-65f17e93ffe6.jpeg","twitter_creator":"@VosgesInfo88","twitter_site":"@VosgesInfo88","twitter_misc":{"\u00c9crit par":"F L","Dur\u00e9e de lecture estim\u00e9e":"1 minute"},"schema":{"@context":"https:\/\/schema.org","@graph":[{"@type":"Article","@id":"https:\/\/vosgesinfo.fr\/laplainedesvosgesinfo\/2023\/06\/le-garage-villeminot-de-vittel-entre-dans-lhistoire\/#article","isPartOf":{"@id":"https:\/\/vosgesinfo.fr\/laplainedesvosgesinfo\/2023\/06\/le-garage-villeminot-de-vittel-entre-dans-lhistoire\/"},"author":{"name":"F L","@id":"https:\/\/vosgesinfo.fr\/laplainedesvosgesinfo\/#\/schema\/person\/79e32bebcee803e323d575130a214cb1"},"headline":"Le garage Villeminot de Vittel entre dans l\u2019histoire","datePublished":"2023-06-18T17:31:13+00:00","dateModified":"2023-06-18T17:31:13+00:00","mainEntityOfPage":{"@id":"https:\/\/vosgesinfo.fr\/laplainedesvosgesinfo\/2023\/06\/le-garage-villeminot-de-vittel-entre-dans-lhistoire\/"},"wordCount":261,"commentCount":0,"publisher":{"@id":"https:\/\/vosgesinfo.fr\/laplainedesvosgesinfo\/#organization"},"image":{"@id":"https:\/\/vosgesinfo.fr\/laplainedesvosgesinfo\/2023\/06\/le-garage-villeminot-de-vittel-entre-dans-lhistoire\/#primaryimage"},"thumbnailUrl":"https:\/\/vosgesinfo.fr\/app\/uploads\/sites\/2\/2024\/07\/2023068ab40998-5a44-4a97-b39d-65f17e93ffe6.jpeg","keywords":["Club Auto Retro Vosgien","Garage Villeminot Vittel","Ville de Vittel"],"articleSection":["A la Une","Festivit\u00e9s","La Plaine","Vie locale","Vittel","Vosges"],"inLanguage":"fr-FR","potentialAction":[{"@type":"CommentAction","name":"Comment","target":["https:\/\/vosgesinfo.fr\/laplainedesvosgesinfo\/2023\/06\/le-garage-villeminot-de-vittel-entre-dans-lhistoire\/#respond"]}]},{"@type":"WebPage","@id":"https:\/\/vosgesinfo.fr\/laplainedesvosgesinfo\/2023\/06\/le-garage-villeminot-de-vittel-entre-dans-lhistoire\/","url":"https:\/\/vosgesinfo.fr\/laplainedesvosgesinfo\/2023\/06\/le-garage-villeminot-de-vittel-entre-dans-lhistoire\/","name":"Le garage Villeminot de Vittel entre dans l\u2019histoire - La Plaine des Vosges","isPartOf":{"@id":"https:\/\/vosgesinfo.fr\/laplainedesvosgesinfo\/#website"},"primaryImageOfPage":{"@id":"https:\/\/vosgesinfo.fr\/laplainedesvosgesinfo\/2023\/06\/le-garage-villeminot-de-vittel-entre-dans-lhistoire\/#primaryimage"},"image":{"@id":"https:\/\/vosgesinfo.fr\/laplainedesvosgesinfo\/2023\/06\/le-garage-villeminot-de-vittel-entre-dans-lhistoire\/#primaryimage"},"thumbnailUrl":"https:\/\/vosgesinfo.fr\/app\/uploads\/sites\/2\/2024\/07\/2023068ab40998-5a44-4a97-b39d-65f17e93ffe6.jpeg","datePublished":"2023-06-18T17:31:13+00:00","dateModified":"2023-06-18T17:31:13+00:00","breadcrumb":{"@id":"https:\/\/vosgesinfo.fr\/laplainedesvosgesinfo\/2023\/06\/le-garage-villeminot-de-vittel-entre-dans-lhistoire\/#breadcrumb"},"inLanguage":"fr-FR","potentialAction":[{"@type":"ReadAction","target":["https:\/\/vosgesinfo.fr\/laplainedesvosgesinfo\/2023\/06\/le-garage-villeminot-de-vittel-entre-dans-lhistoire\/"]}]},{"@type":"ImageObject","inLanguage":"fr-FR","@id":"https:\/\/vosgesinfo.fr\/laplainedesvosgesinfo\/2023\/06\/le-garage-villeminot-de-vittel-entre-dans-lhistoire\/#primaryimage","url":"https:\/\/vosgesinfo.fr\/app\/uploads\/sites\/2\/2024\/07\/2023068ab40998-5a44-4a97-b39d-65f17e93ffe6.jpeg","contentUrl":"https:\/\/vosgesinfo.fr\/app\/uploads\/sites\/2\/2024\/07\/2023068ab40998-5a44-4a97-b39d-65f17e93ffe6.jpeg","width":800,"height":450},{"@type":"BreadcrumbList","@id":"https:\/\/vosgesinfo.fr\/laplainedesvosgesinfo\/2023\/06\/le-garage-villeminot-de-vittel-entre-dans-lhistoire\/#breadcrumb","itemListElement":[{"@type":"ListItem","position":1,"name":"Home","item":"https:\/\/vosgesinfo.fr\/laplainedesvosgesinfo\/"},{"@type":"ListItem","position":2,"name":"Le garage Villeminot de Vittel entre dans l\u2019histoire"}]},{"@type":"WebSite","@id":"https:\/\/vosgesinfo.fr\/laplainedesvosgesinfo\/#website","url":"https:\/\/vosgesinfo.fr\/laplainedesvosgesinfo\/","name":"La Plaine des Vosges","description":"Toute l&#039;actualit\u00e9 de la plaine de Vosges","publisher":{"@id":"https:\/\/vosgesinfo.fr\/laplainedesvosgesinfo\/#organization"},"alternateName":"Toute l'actualit\u00e9 de la plaine des Vosges","potentialAction":[{"@type":"SearchAction","target":{"@type":"EntryPoint","urlTemplate":"https:\/\/vosgesinfo.fr\/laplainedesvosgesinfo\/?s={search_term_string}"},"query-input":"required name=search_term_string"}],"inLanguage":"fr-FR"},{"@type":"Organization","@id":"https:\/\/vosgesinfo.fr\/laplainedesvosgesinfo\/#organization","name":"La Plaine des Vosges","url":"https:\/\/vosgesinfo.fr\/laplainedesvosgesinfo\/","logo":{"@type":"ImageObject","inLanguage":"fr-FR","@id":"https:\/\/vosgesinfo.fr\/laplainedesvosgesinfo\/#\/schema\/logo\/image\/","url":"https:\/\/vosgesinfo.fr\/app\/uploads\/sites\/2\/2023\/08\/logo-laplaineinfo.svg","contentUrl":"https:\/\/vosgesinfo.fr\/app\/uploads\/sites\/2\/2023\/08\/logo-laplaineinfo.svg","width":1,"height":1,"caption":"La Plaine des Vosges"},"image":{"@id":"https:\/\/vosgesinfo.fr\/laplainedesvosgesinfo\/#\/schema\/logo\/image\/"},"sameAs":["https:\/\/www.facebook.com\/laplainedesvosges","https:\/\/x.com\/VosgesInfo88","https:\/\/www.youtube.com\/@vosgesinfo"]},{"@type":"Person","@id":"https:\/\/vosgesinfo.fr\/laplainedesvosgesinfo\/#\/schema\/person\/79e32bebcee803e323d575130a214cb1","name":"F L","image":{"@type":"ImageObject","inLanguage":"fr-FR","@id":"https:\/\/vosgesinfo.fr\/laplainedesvosgesinfo\/#\/schema\/person\/image\/","url":"https:\/\/secure.gravatar.com\/avatar\/d357c72e152089867fde6ef62184057ee532a6f21b254c937a932e835554cfb3?s=96&d=mm&r=g","contentUrl":"https:\/\/secure.gravatar.com\/avatar\/d357c72e152089867fde6ef62184057ee532a6f21b254c937a932e835554cfb3?s=96&d=mm&r=g","caption":"F L"},"url":"https:\/\/vosgesinfo.fr\/laplainedesvosgesinfo\/author\/frlevyp88\/"}]}},"_links":{"self":[{"href":"https:\/\/vosgesinfo.fr\/laplainedesvosgesinfo\/wp-json\/wp\/v2\/posts\/26097","targetHints":{"allow":["GET"]}}],"collection":[{"href":"https:\/\/vosgesinfo.fr\/laplainedesvosgesinfo\/wp-json\/wp\/v2\/posts"}],"about":[{"href":"https:\/\/vosgesinfo.fr\/laplainedesvosgesinfo\/wp-json\/wp\/v2\/types\/post"}],"author":[{"embeddable":true,"href":"https:\/\/vosgesinfo.fr\/laplainedesvosgesinfo\/wp-json\/wp\/v2\/users\/128"}],"replies":[{"embeddable":true,"href":"https:\/\/vosgesinfo.fr\/laplainedesvosgesinfo\/wp-json\/wp\/v2\/comments?post=26097"}],"version-history":[{"count":0,"href":"https:\/\/vosgesinfo.fr\/laplainedesvosgesinfo\/wp-json\/wp\/v2\/posts\/26097\/revisions"}],"wp:featuredmedia":[{"embeddable":true,"href":"https:\/\/vosgesinfo.fr\/laplainedesvosgesinfo\/wp-json\/wp\/v2\/media\/26098"}],"wp:attachment":[{"href":"https:\/\/vosgesinfo.fr\/laplainedesvosgesinfo\/wp-json\/wp\/v2\/media?parent=26097"}],"wp:term":[{"taxonomy":"category","embeddable":true,"href":"https:\/\/vosgesinfo.fr\/laplainedesvosgesinfo\/wp-json\/wp\/v2\/categories?post=26097"},{"taxonomy":"post_tag","embeddable":true,"href":"https:\/\/vosgesinfo.fr\/laplainedesvosgesinfo\/wp-json\/wp\/v2\/tags?post=26097"}],"curies":[{"name":"wp","href":"https:\/\/api.w.org\/{rel}","templated":true}]}}