{"id":26129,"date":"2023-06-21T15:58:56","date_gmt":"2023-06-21T13:58:56","guid":{"rendered":"https:\/\/vosgesinfo.fr\/laplainedesvosgesinfo\/2023\/06\/jardin-du-haut-chitelet-lete-est-officiellement-lance-avec-vincent-ganaye\/"},"modified":"2023-06-21T15:58:56","modified_gmt":"2023-06-21T13:58:56","slug":"jardin-du-haut-chitelet-lete-est-officiellement-lance-avec-vincent-ganaye","status":"publish","type":"post","link":"https:\/\/vosgesinfo.fr\/laplainedesvosgesinfo\/2023\/06\/jardin-du-haut-chitelet-lete-est-officiellement-lance-avec-vincent-ganaye\/","title":{"rendered":"Jardin du Haut Chitelet : l\u2019\u00e9t\u00e9 est officiellement lanc\u00e9 avec Vincent Ganaye"},"content":{"rendered":"<h3 lang=\"en-US\">Mercredi apr\u00e8s-midi, le Jardin d\u2019Altitude du haut Chitelet profitait de l\u2019arriv\u00e9e de l\u2019\u00e9t\u00e9 pour proc\u00e9der au vernissage de l\u2019exposition \u00ab\u00a0Brumes\u00a0\u00bb de Vincent Ganaye qui restera visible jusqu\u2019au 30 septembre prochain.<\/h3>\n","protected":false},"excerpt":{"rendered":"<p>Mercredi apr\u00e8s-midi, le Jardin d\u2019Altitude du haut Chitelet profitait de l\u2019arriv\u00e9e de l\u2019\u00e9t\u00e9 pour proc\u00e9der au vernissage de l\u2019exposition \u00ab\u00a0Brumes\u00a0\u00bb [&hellip;]<\/p>\n","protected":false},"author":42,"featured_media":26130,"comment_status":"open","ping_status":"open","sticky":false,"template":"","format":"standard","meta":{"footnotes":""},"categories":[29,4,7,18],"tags":[],"class_list":["post-26129","post","type-post","status-publish","format-standard","has-post-thumbnail","hentry","category-a-la-une","category-culture","category-environnement","category-vosges"],"acf":[],"yoast_head":"<!-- This site is optimized with the Yoast SEO plugin v22.5 - https:\/\/yoast.com\/wordpress\/plugins\/seo\/ -->\n<title>Jardin du Haut Chitelet : l\u2019\u00e9t\u00e9 est officiellement lanc\u00e9 avec Vincent Ganaye - La Plaine des Vosges<\/title>\n<meta name=\"robots\" content=\"index, follow, max-snippet:-1, max-image-preview:large, max-video-preview:-1\" \/>\n<link rel=\"canonical\" href=\"https:\/\/vosgesinfo.fr\/laplainedesvosgesinfo\/2023\/06\/jardin-du-haut-chitelet-lete-est-officiellement-lance-avec-vincent-ganaye\/\" \/>\n<meta name=\"twitter:card\" content=\"summary_large_image\" \/>\n<meta name=\"twitter:title\" content=\"Jardin du Haut Chitelet : l\u2019\u00e9t\u00e9 est officiellement lanc\u00e9 avec Vincent Ganaye - La Plaine des Vosges\" \/>\n<meta name=\"twitter:description\" content=\"Mercredi apr\u00e8s-midi, le Jardin d\u2019Altitude du haut Chitelet profitait de l\u2019arriv\u00e9e de l\u2019\u00e9t\u00e9 pour proc\u00e9der au vernissage de l\u2019exposition \u00ab\u00a0Brumes\u00a0\u00bb [&hellip;]\" \/>\n<meta name=\"twitter:image\" content=\"https:\/\/vosgesinfo.fr\/app\/uploads\/sites\/2\/2024\/07\/202306pxl-20230621-122621957.jpg\" \/>\n<meta name=\"twitter:creator\" content=\"@VosgesInfo88\" \/>\n<meta name=\"twitter:site\" content=\"@VosgesInfo88\" \/>\n<meta name=\"twitter:label1\" content=\"\u00c9crit par\" \/>\n\t<meta name=\"twitter:data1\" content=\"QG\" \/>\n<script type=\"application\/ld+json\" class=\"yoast-schema-graph\">{\"@context\":\"https:\/\/schema.org\",\"@graph\":[{\"@type\":\"Article\",\"@id\":\"https:\/\/vosgesinfo.fr\/laplainedesvosgesinfo\/2023\/06\/jardin-du-haut-chitelet-lete-est-officiellement-lance-avec-vincent-ganaye\/#article\",\"isPartOf\":{\"@id\":\"https:\/\/vosgesinfo.fr\/laplainedesvosgesinfo\/2023\/06\/jardin-du-haut-chitelet-lete-est-officiellement-lance-avec-vincent-ganaye\/\"},\"author\":{\"name\":\"QG\",\"@id\":\"https:\/\/vosgesinfo.fr\/laplainedesvosgesinfo\/#\/schema\/person\/db5605779a843dad16b5368f3e7613a5\"},\"headline\":\"Jardin du Haut Chitelet : l\u2019\u00e9t\u00e9 est officiellement lanc\u00e9 avec Vincent Ganaye\",\"datePublished\":\"2023-06-21T13:58:56+00:00\",\"dateModified\":\"2023-06-21T13:58:56+00:00\",\"mainEntityOfPage\":{\"@id\":\"https:\/\/vosgesinfo.fr\/laplainedesvosgesinfo\/2023\/06\/jardin-du-haut-chitelet-lete-est-officiellement-lance-avec-vincent-ganaye\/\"},\"wordCount\":49,\"commentCount\":0,\"publisher\":{\"@id\":\"https:\/\/vosgesinfo.fr\/laplainedesvosgesinfo\/#organization\"},\"image\":{\"@id\":\"https:\/\/vosgesinfo.fr\/laplainedesvosgesinfo\/2023\/06\/jardin-du-haut-chitelet-lete-est-officiellement-lance-avec-vincent-ganaye\/#primaryimage\"},\"thumbnailUrl\":\"https:\/\/vosgesinfo.fr\/app\/uploads\/sites\/2\/2024\/07\/202306pxl-20230621-122621957.jpg\",\"articleSection\":[\"A la Une\",\"Culture\",\"Environnement\",\"Vosges\"],\"inLanguage\":\"fr-FR\",\"potentialAction\":[{\"@type\":\"CommentAction\",\"name\":\"Comment\",\"target\":[\"https:\/\/vosgesinfo.fr\/laplainedesvosgesinfo\/2023\/06\/jardin-du-haut-chitelet-lete-est-officiellement-lance-avec-vincent-ganaye\/#respond\"]}]},{\"@type\":\"WebPage\",\"@id\":\"https:\/\/vosgesinfo.fr\/laplainedesvosgesinfo\/2023\/06\/jardin-du-haut-chitelet-lete-est-officiellement-lance-avec-vincent-ganaye\/\",\"url\":\"https:\/\/vosgesinfo.fr\/laplainedesvosgesinfo\/2023\/06\/jardin-du-haut-chitelet-lete-est-officiellement-lance-avec-vincent-ganaye\/\",\"name\":\"Jardin du Haut Chitelet : l\u2019\u00e9t\u00e9 est officiellement lanc\u00e9 avec Vincent Ganaye - La Plaine des Vosges\",\"isPartOf\":{\"@id\":\"https:\/\/vosgesinfo.fr\/laplainedesvosgesinfo\/#website\"},\"primaryImageOfPage\":{\"@id\":\"https:\/\/vosgesinfo.fr\/laplainedesvosgesinfo\/2023\/06\/jardin-du-haut-chitelet-lete-est-officiellement-lance-avec-vincent-ganaye\/#primaryimage\"},\"image\":{\"@id\":\"https:\/\/vosgesinfo.fr\/laplainedesvosgesinfo\/2023\/06\/jardin-du-haut-chitelet-lete-est-officiellement-lance-avec-vincent-ganaye\/#primaryimage\"},\"thumbnailUrl\":\"https:\/\/vosgesinfo.fr\/app\/uploads\/sites\/2\/2024\/07\/202306pxl-20230621-122621957.jpg\",\"datePublished\":\"2023-06-21T13:58:56+00:00\",\"dateModified\":\"2023-06-21T13:58:56+00:00\",\"breadcrumb\":{\"@id\":\"https:\/\/vosgesinfo.fr\/laplainedesvosgesinfo\/2023\/06\/jardin-du-haut-chitelet-lete-est-officiellement-lance-avec-vincent-ganaye\/#breadcrumb\"},\"inLanguage\":\"fr-FR\",\"potentialAction\":[{\"@type\":\"ReadAction\",\"target\":[\"https:\/\/vosgesinfo.fr\/laplainedesvosgesinfo\/2023\/06\/jardin-du-haut-chitelet-lete-est-officiellement-lance-avec-vincent-ganaye\/\"]}]},{\"@type\":\"ImageObject\",\"inLanguage\":\"fr-FR\",\"@id\":\"https:\/\/vosgesinfo.fr\/laplainedesvosgesinfo\/2023\/06\/jardin-du-haut-chitelet-lete-est-officiellement-lance-avec-vincent-ganaye\/#primaryimage\",\"url\":\"https:\/\/vosgesinfo.fr\/app\/uploads\/sites\/2\/2024\/07\/202306pxl-20230621-122621957.jpg\",\"contentUrl\":\"https:\/\/vosgesinfo.fr\/app\/uploads\/sites\/2\/2024\/07\/202306pxl-20230621-122621957.jpg\",\"width\":800,\"height\":602},{\"@type\":\"BreadcrumbList\",\"@id\":\"https:\/\/vosgesinfo.fr\/laplainedesvosgesinfo\/2023\/06\/jardin-du-haut-chitelet-lete-est-officiellement-lance-avec-vincent-ganaye\/#breadcrumb\",\"itemListElement\":[{\"@type\":\"ListItem\",\"position\":1,\"name\":\"Home\",\"item\":\"https:\/\/vosgesinfo.fr\/laplainedesvosgesinfo\/\"},{\"@type\":\"ListItem\",\"position\":2,\"name\":\"Jardin du Haut Chitelet : l\u2019\u00e9t\u00e9 est officiellement lanc\u00e9 avec Vincent Ganaye\"}]},{\"@type\":\"WebSite\",\"@id\":\"https:\/\/vosgesinfo.fr\/laplainedesvosgesinfo\/#website\",\"url\":\"https:\/\/vosgesinfo.fr\/laplainedesvosgesinfo\/\",\"name\":\"La Plaine des Vosges\",\"description\":\"Toute l&#039;actualit\u00e9 de la plaine de Vosges\",\"publisher\":{\"@id\":\"https:\/\/vosgesinfo.fr\/laplainedesvosgesinfo\/#organization\"},\"alternateName\":\"Toute l'actualit\u00e9 de la plaine des Vosges\",\"potentialAction\":[{\"@type\":\"SearchAction\",\"target\":{\"@type\":\"EntryPoint\",\"urlTemplate\":\"https:\/\/vosgesinfo.fr\/laplainedesvosgesinfo\/?s={search_term_string}\"},\"query-input\":\"required name=search_term_string\"}],\"inLanguage\":\"fr-FR\"},{\"@type\":\"Organization\",\"@id\":\"https:\/\/vosgesinfo.fr\/laplainedesvosgesinfo\/#organization\",\"name\":\"La Plaine des Vosges\",\"url\":\"https:\/\/vosgesinfo.fr\/laplainedesvosgesinfo\/\",\"logo\":{\"@type\":\"ImageObject\",\"inLanguage\":\"fr-FR\",\"@id\":\"https:\/\/vosgesinfo.fr\/laplainedesvosgesinfo\/#\/schema\/logo\/image\/\",\"url\":\"https:\/\/vosgesinfo.fr\/app\/uploads\/sites\/2\/2023\/08\/logo-laplaineinfo.svg\",\"contentUrl\":\"https:\/\/vosgesinfo.fr\/app\/uploads\/sites\/2\/2023\/08\/logo-laplaineinfo.svg\",\"width\":1,\"height\":1,\"caption\":\"La Plaine des Vosges\"},\"image\":{\"@id\":\"https:\/\/vosgesinfo.fr\/laplainedesvosgesinfo\/#\/schema\/logo\/image\/\"},\"sameAs\":[\"https:\/\/www.facebook.com\/laplainedesvosges\",\"https:\/\/x.com\/VosgesInfo88\",\"https:\/\/www.youtube.com\/@vosgesinfo\"]},{\"@type\":\"Person\",\"@id\":\"https:\/\/vosgesinfo.fr\/laplainedesvosgesinfo\/#\/schema\/person\/db5605779a843dad16b5368f3e7613a5\",\"name\":\"QG\",\"image\":{\"@type\":\"ImageObject\",\"inLanguage\":\"fr-FR\",\"@id\":\"https:\/\/vosgesinfo.fr\/laplainedesvosgesinfo\/#\/schema\/person\/image\/\",\"url\":\"https:\/\/secure.gravatar.com\/avatar\/ea80c42c204b534408512832fde52504ecabb9706bcb6151cf6175e5b64e6793?s=96&d=mm&r=g\",\"contentUrl\":\"https:\/\/secure.gravatar.com\/avatar\/ea80c42c204b534408512832fde52504ecabb9706bcb6151cf6175e5b64e6793?s=96&d=mm&r=g\",\"caption\":\"QG\"},\"url\":\"https:\/\/vosgesinfo.fr\/laplainedesvosgesinfo\/author\/quentin88\/\"}]}<\/script>\n<!-- \/ Yoast SEO plugin. -->","yoast_head_json":{"title":"Jardin du Haut Chitelet : l\u2019\u00e9t\u00e9 est officiellement lanc\u00e9 avec Vincent Ganaye - La Plaine des Vosges","robots":{"index":"index","follow":"follow","max-snippet":"max-snippet:-1","max-image-preview":"max-image-preview:large","max-video-preview":"max-video-preview:-1"},"canonical":"https:\/\/vosgesinfo.fr\/laplainedesvosgesinfo\/2023\/06\/jardin-du-haut-chitelet-lete-est-officiellement-lance-avec-vincent-ganaye\/","twitter_card":"summary_large_image","twitter_title":"Jardin du Haut Chitelet : l\u2019\u00e9t\u00e9 est officiellement lanc\u00e9 avec Vincent Ganaye - La Plaine des Vosges","twitter_description":"Mercredi apr\u00e8s-midi, le Jardin d\u2019Altitude du haut Chitelet profitait de l\u2019arriv\u00e9e de l\u2019\u00e9t\u00e9 pour proc\u00e9der au vernissage de l\u2019exposition \u00ab\u00a0Brumes\u00a0\u00bb [&hellip;]","twitter_image":"https:\/\/vosgesinfo.fr\/app\/uploads\/sites\/2\/2024\/07\/202306pxl-20230621-122621957.jpg","twitter_creator":"@VosgesInfo88","twitter_site":"@VosgesInfo88","twitter_misc":{"\u00c9crit par":"QG"},"schema":{"@context":"https:\/\/schema.org","@graph":[{"@type":"Article","@id":"https:\/\/vosgesinfo.fr\/laplainedesvosgesinfo\/2023\/06\/jardin-du-haut-chitelet-lete-est-officiellement-lance-avec-vincent-ganaye\/#article","isPartOf":{"@id":"https:\/\/vosgesinfo.fr\/laplainedesvosgesinfo\/2023\/06\/jardin-du-haut-chitelet-lete-est-officiellement-lance-avec-vincent-ganaye\/"},"author":{"name":"QG","@id":"https:\/\/vosgesinfo.fr\/laplainedesvosgesinfo\/#\/schema\/person\/db5605779a843dad16b5368f3e7613a5"},"headline":"Jardin du Haut Chitelet : l\u2019\u00e9t\u00e9 est officiellement lanc\u00e9 avec Vincent Ganaye","datePublished":"2023-06-21T13:58:56+00:00","dateModified":"2023-06-21T13:58:56+00:00","mainEntityOfPage":{"@id":"https:\/\/vosgesinfo.fr\/laplainedesvosgesinfo\/2023\/06\/jardin-du-haut-chitelet-lete-est-officiellement-lance-avec-vincent-ganaye\/"},"wordCount":49,"commentCount":0,"publisher":{"@id":"https:\/\/vosgesinfo.fr\/laplainedesvosgesinfo\/#organization"},"image":{"@id":"https:\/\/vosgesinfo.fr\/laplainedesvosgesinfo\/2023\/06\/jardin-du-haut-chitelet-lete-est-officiellement-lance-avec-vincent-ganaye\/#primaryimage"},"thumbnailUrl":"https:\/\/vosgesinfo.fr\/app\/uploads\/sites\/2\/2024\/07\/202306pxl-20230621-122621957.jpg","articleSection":["A la Une","Culture","Environnement","Vosges"],"inLanguage":"fr-FR","potentialAction":[{"@type":"CommentAction","name":"Comment","target":["https:\/\/vosgesinfo.fr\/laplainedesvosgesinfo\/2023\/06\/jardin-du-haut-chitelet-lete-est-officiellement-lance-avec-vincent-ganaye\/#respond"]}]},{"@type":"WebPage","@id":"https:\/\/vosgesinfo.fr\/laplainedesvosgesinfo\/2023\/06\/jardin-du-haut-chitelet-lete-est-officiellement-lance-avec-vincent-ganaye\/","url":"https:\/\/vosgesinfo.fr\/laplainedesvosgesinfo\/2023\/06\/jardin-du-haut-chitelet-lete-est-officiellement-lance-avec-vincent-ganaye\/","name":"Jardin du Haut Chitelet : l\u2019\u00e9t\u00e9 est officiellement lanc\u00e9 avec Vincent Ganaye - La Plaine des Vosges","isPartOf":{"@id":"https:\/\/vosgesinfo.fr\/laplainedesvosgesinfo\/#website"},"primaryImageOfPage":{"@id":"https:\/\/vosgesinfo.fr\/laplainedesvosgesinfo\/2023\/06\/jardin-du-haut-chitelet-lete-est-officiellement-lance-avec-vincent-ganaye\/#primaryimage"},"image":{"@id":"https:\/\/vosgesinfo.fr\/laplainedesvosgesinfo\/2023\/06\/jardin-du-haut-chitelet-lete-est-officiellement-lance-avec-vincent-ganaye\/#primaryimage"},"thumbnailUrl":"https:\/\/vosgesinfo.fr\/app\/uploads\/sites\/2\/2024\/07\/202306pxl-20230621-122621957.jpg","datePublished":"2023-06-21T13:58:56+00:00","dateModified":"2023-06-21T13:58:56+00:00","breadcrumb":{"@id":"https:\/\/vosgesinfo.fr\/laplainedesvosgesinfo\/2023\/06\/jardin-du-haut-chitelet-lete-est-officiellement-lance-avec-vincent-ganaye\/#breadcrumb"},"inLanguage":"fr-FR","potentialAction":[{"@type":"ReadAction","target":["https:\/\/vosgesinfo.fr\/laplainedesvosgesinfo\/2023\/06\/jardin-du-haut-chitelet-lete-est-officiellement-lance-avec-vincent-ganaye\/"]}]},{"@type":"ImageObject","inLanguage":"fr-FR","@id":"https:\/\/vosgesinfo.fr\/laplainedesvosgesinfo\/2023\/06\/jardin-du-haut-chitelet-lete-est-officiellement-lance-avec-vincent-ganaye\/#primaryimage","url":"https:\/\/vosgesinfo.fr\/app\/uploads\/sites\/2\/2024\/07\/202306pxl-20230621-122621957.jpg","contentUrl":"https:\/\/vosgesinfo.fr\/app\/uploads\/sites\/2\/2024\/07\/202306pxl-20230621-122621957.jpg","width":800,"height":602},{"@type":"BreadcrumbList","@id":"https:\/\/vosgesinfo.fr\/laplainedesvosgesinfo\/2023\/06\/jardin-du-haut-chitelet-lete-est-officiellement-lance-avec-vincent-ganaye\/#breadcrumb","itemListElement":[{"@type":"ListItem","position":1,"name":"Home","item":"https:\/\/vosgesinfo.fr\/laplainedesvosgesinfo\/"},{"@type":"ListItem","position":2,"name":"Jardin du Haut Chitelet : l\u2019\u00e9t\u00e9 est officiellement lanc\u00e9 avec Vincent Ganaye"}]},{"@type":"WebSite","@id":"https:\/\/vosgesinfo.fr\/laplainedesvosgesinfo\/#website","url":"https:\/\/vosgesinfo.fr\/laplainedesvosgesinfo\/","name":"La Plaine des Vosges","description":"Toute l&#039;actualit\u00e9 de la plaine de Vosges","publisher":{"@id":"https:\/\/vosgesinfo.fr\/laplainedesvosgesinfo\/#organization"},"alternateName":"Toute l'actualit\u00e9 de la plaine des Vosges","potentialAction":[{"@type":"SearchAction","target":{"@type":"EntryPoint","urlTemplate":"https:\/\/vosgesinfo.fr\/laplainedesvosgesinfo\/?s={search_term_string}"},"query-input":"required name=search_term_string"}],"inLanguage":"fr-FR"},{"@type":"Organization","@id":"https:\/\/vosgesinfo.fr\/laplainedesvosgesinfo\/#organization","name":"La Plaine des Vosges","url":"https:\/\/vosgesinfo.fr\/laplainedesvosgesinfo\/","logo":{"@type":"ImageObject","inLanguage":"fr-FR","@id":"https:\/\/vosgesinfo.fr\/laplainedesvosgesinfo\/#\/schema\/logo\/image\/","url":"https:\/\/vosgesinfo.fr\/app\/uploads\/sites\/2\/2023\/08\/logo-laplaineinfo.svg","contentUrl":"https:\/\/vosgesinfo.fr\/app\/uploads\/sites\/2\/2023\/08\/logo-laplaineinfo.svg","width":1,"height":1,"caption":"La Plaine des Vosges"},"image":{"@id":"https:\/\/vosgesinfo.fr\/laplainedesvosgesinfo\/#\/schema\/logo\/image\/"},"sameAs":["https:\/\/www.facebook.com\/laplainedesvosges","https:\/\/x.com\/VosgesInfo88","https:\/\/www.youtube.com\/@vosgesinfo"]},{"@type":"Person","@id":"https:\/\/vosgesinfo.fr\/laplainedesvosgesinfo\/#\/schema\/person\/db5605779a843dad16b5368f3e7613a5","name":"QG","image":{"@type":"ImageObject","inLanguage":"fr-FR","@id":"https:\/\/vosgesinfo.fr\/laplainedesvosgesinfo\/#\/schema\/person\/image\/","url":"https:\/\/secure.gravatar.com\/avatar\/ea80c42c204b534408512832fde52504ecabb9706bcb6151cf6175e5b64e6793?s=96&d=mm&r=g","contentUrl":"https:\/\/secure.gravatar.com\/avatar\/ea80c42c204b534408512832fde52504ecabb9706bcb6151cf6175e5b64e6793?s=96&d=mm&r=g","caption":"QG"},"url":"https:\/\/vosgesinfo.fr\/laplainedesvosgesinfo\/author\/quentin88\/"}]}},"_links":{"self":[{"href":"https:\/\/vosgesinfo.fr\/laplainedesvosgesinfo\/wp-json\/wp\/v2\/posts\/26129","targetHints":{"allow":["GET"]}}],"collection":[{"href":"https:\/\/vosgesinfo.fr\/laplainedesvosgesinfo\/wp-json\/wp\/v2\/posts"}],"about":[{"href":"https:\/\/vosgesinfo.fr\/laplainedesvosgesinfo\/wp-json\/wp\/v2\/types\/post"}],"author":[{"embeddable":true,"href":"https:\/\/vosgesinfo.fr\/laplainedesvosgesinfo\/wp-json\/wp\/v2\/users\/42"}],"replies":[{"embeddable":true,"href":"https:\/\/vosgesinfo.fr\/laplainedesvosgesinfo\/wp-json\/wp\/v2\/comments?post=26129"}],"version-history":[{"count":0,"href":"https:\/\/vosgesinfo.fr\/laplainedesvosgesinfo\/wp-json\/wp\/v2\/posts\/26129\/revisions"}],"wp:featuredmedia":[{"embeddable":true,"href":"https:\/\/vosgesinfo.fr\/laplainedesvosgesinfo\/wp-json\/wp\/v2\/media\/26130"}],"wp:attachment":[{"href":"https:\/\/vosgesinfo.fr\/laplainedesvosgesinfo\/wp-json\/wp\/v2\/media?parent=26129"}],"wp:term":[{"taxonomy":"category","embeddable":true,"href":"https:\/\/vosgesinfo.fr\/laplainedesvosgesinfo\/wp-json\/wp\/v2\/categories?post=26129"},{"taxonomy":"post_tag","embeddable":true,"href":"https:\/\/vosgesinfo.fr\/laplainedesvosgesinfo\/wp-json\/wp\/v2\/tags?post=26129"}],"curies":[{"name":"wp","href":"https:\/\/api.w.org\/{rel}","templated":true}]}}