{"id":26131,"date":"2023-06-21T16:48:20","date_gmt":"2023-06-21T14:48:20","guid":{"rendered":"https:\/\/vosgesinfo.fr\/laplainedesvosgesinfo\/2023\/06\/la-journee-nationale-du-don-dorganes-sorganise-au-chov-de-neufchateau-et-vittel\/"},"modified":"2023-06-21T16:48:20","modified_gmt":"2023-06-21T14:48:20","slug":"la-journee-nationale-du-don-dorganes-sorganise-au-chov-de-neufchateau-et-vittel","status":"publish","type":"post","link":"https:\/\/vosgesinfo.fr\/laplainedesvosgesinfo\/2023\/06\/la-journee-nationale-du-don-dorganes-sorganise-au-chov-de-neufchateau-et-vittel\/","title":{"rendered":"La journ\u00e9e nationale du don d\u2019organes s\u2019organise au CHOV de Neufch\u00e2teau et Vittel"},"content":{"rendered":"<p><a href=\"\/2023\/06\/316B32D2-FC3F-4DAF-AE62-BDC0D493AE57.jpeg\"><img decoding=\"async\" class=\"aligncenter size-full wp-image-139371\" src=\"\/2023\/06\/316B32D2-FC3F-4DAF-AE62-BDC0D493AE57.jpeg\" alt=\"Murielle Martin \u00e0 Vittel\" width=\"800\" height=\"600\" \/><\/a><\/p>\n<p class=\"p3\"><strong><span class=\"s2\">La\u00a0Journ\u00e9e nationale de r\u00e9flexion sur le don d\u2019organes et la greffe, se d\u00e9roulera cette ann\u00e9e au CHOV de Neufch\u00e2teau et Vittel le 22 juin 2023. Pour faire face \u00e0 une p\u00e9nurie d\u2019organes importante \u00e0 travers le monde, les recherches portant sur la transplantation se sont multipli\u00e9es ces derni\u00e8res ann\u00e9es, et d\u2019\u00e9normes avanc\u00e9es ont \u00e9t\u00e9 accomplies en mobilisant plusieurs \u00e9quipes de l\u2019Inserm. Leur objectif premier\u00a0est de continuer \u00e0 garantir l\u2019efficacit\u00e9 de ces chirurgies qui sauvent des vies.<\/span><\/strong><\/p>\n<p class=\"p3\">Murielle Martin est infirmi\u00e8re de coordination pour le don\u00a0d\u2019organes et de tissus au CHOV de l\u2019Ouest Vosgien, et se pr\u00e9pare \u00e0 recevoir le public attendu nombreux dans les locaux de l\u2019h\u00f4pital de Vittel, ce jeudi 22 juin 2022 \u00e0 partir de 9 heures 30.<\/p>\n<p class=\"p3\"><strong>Quelles sont les conditions requises en France pour un don d\u2019organes ?<\/strong><\/p>\n<p class=\"p3\">\u00ab <em>Le don\u00a0<\/em><em>d\u2019organes est possible pour toute personne au del\u00e0 de 14 ans et ce peu importe son \u00e9tat de sant\u00e9, son orientation sexuelle ou son lieu de r\u00e9sidence. Il est possible pour toute personne de donner ses organes et ses tissus \u00e0 son d\u00e9c\u00e8s \u00bb<\/em>.<\/p>\n<p class=\"p3\"><strong>Quels sont les avantages du don d\u2019organes ?<\/strong><\/p>\n<p class=\"p3\"><span class=\"ILfuVd\" lang=\"fr\"><span class=\"hgKElc\"><em>\u00ab Le don d&rsquo;organes par des personnes vivantes, pr\u00e9sente de nombreux avantages par rapport \u00e0 celui de personnes d\u00e9c\u00e9d\u00e9es. Il permet de proc\u00e9der aux examens pr\u00e9liminaires dans le calme, et de planifier le meilleur moment pour effectuer cette intervention \u00bb.<\/em><br \/>\n<\/span><\/span><\/p>\n<p class=\"p3\"><strong>Le don d\u2019organes est &#8211; il anonyme ?<\/strong><\/p>\n<p class=\"p3\"><em>\u00ab L&rsquo;Agence de la biom\u00e9decine rappelle que le don\u00a0d\u2019organes\u00a0repose en France sur le principe de l&rsquo;anonymat du donneur, qui ne peut conna\u00eetre l&rsquo;identit\u00e9 du receveur ni le receveur celle du donneur \u00bb.<\/em><\/p>\n<p class=\"p3\"><strong>Quels sont les organes les plus transplant\u00e9s aujourd\u2019hui ?<\/strong><\/p>\n<div id=\"IySTZMG7A6ilkdUP7bOICA__3\">\n<div class=\"XbtRGb qxsd wDYxhc viOShc LKPcQc\" data-md=\"61\">\n<div class=\"LGOjhe\" data-attrid=\"wa:\/description\" data-hveid=\"CAgQAA\"><em><span class=\"ILfuVd\" lang=\"fr\"><span class=\"hgKElc\">La majorit\u00e9 des interventions effectu\u00e9es en France concernent les reins avec 3376 greffes \u00e0 l\u2019ann\u00e9e. Viennent ensuite les greffes du foie a raison de 1294 greffes annuelles. Le c\u0153ur vient ensuite pour 411\u00a0<\/span><\/span><span class=\"ILfuVd\" lang=\"fr\"><span class=\"hgKElc\">greffes, suivi par 334 greffes de poumons. Enfin on enregistre \u00e0 l\u2019ann\u00e9e en France 70 greffes de pancr\u00e9as. Ce sont 30000 personnes concern\u00e9es qui chaque ann\u00e9e en France attendent un don d\u2019organe \u00bb,\u00a0<\/span><\/span><\/em>d\u00e9clare Murielle Martin.<\/div>\n<\/div>\n<\/div>\n<p class=\"p3\">\n","protected":false},"excerpt":{"rendered":"<p>La\u00a0Journ\u00e9e nationale de r\u00e9flexion sur le don d\u2019organes et la greffe, se d\u00e9roulera cette ann\u00e9e au CHOV de Neufch\u00e2teau et [&hellip;]<\/p>\n","protected":false},"author":128,"featured_media":26132,"comment_status":"open","ping_status":"open","sticky":false,"template":"","format":"standard","meta":{"footnotes":""},"categories":[29,37,12,38],"tags":[152,7228],"class_list":["post-26131","post","type-post","status-publish","format-standard","has-post-thumbnail","hentry","category-a-la-une","category-la-plaine","category-sante","category-vittel-la-plaine","tag-chov-de-louest-vosgien","tag-journee-du-don-dorganes"],"acf":[],"yoast_head":"<!-- This site is optimized with the Yoast SEO plugin v22.5 - https:\/\/yoast.com\/wordpress\/plugins\/seo\/ -->\n<title>La journ\u00e9e nationale du don d\u2019organes s\u2019organise au CHOV de Neufch\u00e2teau et Vittel - La Plaine des Vosges<\/title>\n<meta name=\"robots\" content=\"index, follow, max-snippet:-1, max-image-preview:large, max-video-preview:-1\" \/>\n<link rel=\"canonical\" href=\"https:\/\/vosgesinfo.fr\/laplainedesvosgesinfo\/2023\/06\/la-journee-nationale-du-don-dorganes-sorganise-au-chov-de-neufchateau-et-vittel\/\" \/>\n<meta name=\"twitter:card\" content=\"summary_large_image\" \/>\n<meta name=\"twitter:title\" content=\"La journ\u00e9e nationale du don d\u2019organes s\u2019organise au CHOV de Neufch\u00e2teau et Vittel - La Plaine des Vosges\" \/>\n<meta name=\"twitter:description\" content=\"La\u00a0Journ\u00e9e nationale de r\u00e9flexion sur le don d\u2019organes et la greffe, se d\u00e9roulera cette ann\u00e9e au CHOV de Neufch\u00e2teau et [&hellip;]\" \/>\n<meta name=\"twitter:image\" content=\"https:\/\/vosgesinfo.fr\/app\/uploads\/sites\/2\/2024\/07\/202306316b32d2-fc3f-4daf-ae62-bdc0d493ae57.jpeg\" \/>\n<meta name=\"twitter:creator\" content=\"@VosgesInfo88\" \/>\n<meta name=\"twitter:site\" content=\"@VosgesInfo88\" \/>\n<meta name=\"twitter:label1\" content=\"\u00c9crit par\" \/>\n\t<meta name=\"twitter:data1\" content=\"F L\" \/>\n\t<meta name=\"twitter:label2\" content=\"Dur\u00e9e de lecture estim\u00e9e\" \/>\n\t<meta name=\"twitter:data2\" content=\"2 minutes\" \/>\n<script type=\"application\/ld+json\" class=\"yoast-schema-graph\">{\"@context\":\"https:\/\/schema.org\",\"@graph\":[{\"@type\":\"Article\",\"@id\":\"https:\/\/vosgesinfo.fr\/laplainedesvosgesinfo\/2023\/06\/la-journee-nationale-du-don-dorganes-sorganise-au-chov-de-neufchateau-et-vittel\/#article\",\"isPartOf\":{\"@id\":\"https:\/\/vosgesinfo.fr\/laplainedesvosgesinfo\/2023\/06\/la-journee-nationale-du-don-dorganes-sorganise-au-chov-de-neufchateau-et-vittel\/\"},\"author\":{\"name\":\"F L\",\"@id\":\"https:\/\/vosgesinfo.fr\/laplainedesvosgesinfo\/#\/schema\/person\/79e32bebcee803e323d575130a214cb1\"},\"headline\":\"La journ\u00e9e nationale du don d\u2019organes s\u2019organise au CHOV de Neufch\u00e2teau et Vittel\",\"datePublished\":\"2023-06-21T14:48:20+00:00\",\"dateModified\":\"2023-06-21T14:48:20+00:00\",\"mainEntityOfPage\":{\"@id\":\"https:\/\/vosgesinfo.fr\/laplainedesvosgesinfo\/2023\/06\/la-journee-nationale-du-don-dorganes-sorganise-au-chov-de-neufchateau-et-vittel\/\"},\"wordCount\":388,\"commentCount\":0,\"publisher\":{\"@id\":\"https:\/\/vosgesinfo.fr\/laplainedesvosgesinfo\/#organization\"},\"image\":{\"@id\":\"https:\/\/vosgesinfo.fr\/laplainedesvosgesinfo\/2023\/06\/la-journee-nationale-du-don-dorganes-sorganise-au-chov-de-neufchateau-et-vittel\/#primaryimage\"},\"thumbnailUrl\":\"https:\/\/vosgesinfo.fr\/app\/uploads\/sites\/2\/2024\/07\/202306316b32d2-fc3f-4daf-ae62-bdc0d493ae57.jpeg\",\"keywords\":[\"CHOV de l'Ouest Vosgien\",\"Journ\u00e9e du don d\u2019organes\"],\"articleSection\":[\"A la Une\",\"La Plaine\",\"Sant\u00e9\",\"Vittel\"],\"inLanguage\":\"fr-FR\",\"potentialAction\":[{\"@type\":\"CommentAction\",\"name\":\"Comment\",\"target\":[\"https:\/\/vosgesinfo.fr\/laplainedesvosgesinfo\/2023\/06\/la-journee-nationale-du-don-dorganes-sorganise-au-chov-de-neufchateau-et-vittel\/#respond\"]}]},{\"@type\":\"WebPage\",\"@id\":\"https:\/\/vosgesinfo.fr\/laplainedesvosgesinfo\/2023\/06\/la-journee-nationale-du-don-dorganes-sorganise-au-chov-de-neufchateau-et-vittel\/\",\"url\":\"https:\/\/vosgesinfo.fr\/laplainedesvosgesinfo\/2023\/06\/la-journee-nationale-du-don-dorganes-sorganise-au-chov-de-neufchateau-et-vittel\/\",\"name\":\"La journ\u00e9e nationale du don d\u2019organes s\u2019organise au CHOV de Neufch\u00e2teau et Vittel - La Plaine des Vosges\",\"isPartOf\":{\"@id\":\"https:\/\/vosgesinfo.fr\/laplainedesvosgesinfo\/#website\"},\"primaryImageOfPage\":{\"@id\":\"https:\/\/vosgesinfo.fr\/laplainedesvosgesinfo\/2023\/06\/la-journee-nationale-du-don-dorganes-sorganise-au-chov-de-neufchateau-et-vittel\/#primaryimage\"},\"image\":{\"@id\":\"https:\/\/vosgesinfo.fr\/laplainedesvosgesinfo\/2023\/06\/la-journee-nationale-du-don-dorganes-sorganise-au-chov-de-neufchateau-et-vittel\/#primaryimage\"},\"thumbnailUrl\":\"https:\/\/vosgesinfo.fr\/app\/uploads\/sites\/2\/2024\/07\/202306316b32d2-fc3f-4daf-ae62-bdc0d493ae57.jpeg\",\"datePublished\":\"2023-06-21T14:48:20+00:00\",\"dateModified\":\"2023-06-21T14:48:20+00:00\",\"breadcrumb\":{\"@id\":\"https:\/\/vosgesinfo.fr\/laplainedesvosgesinfo\/2023\/06\/la-journee-nationale-du-don-dorganes-sorganise-au-chov-de-neufchateau-et-vittel\/#breadcrumb\"},\"inLanguage\":\"fr-FR\",\"potentialAction\":[{\"@type\":\"ReadAction\",\"target\":[\"https:\/\/vosgesinfo.fr\/laplainedesvosgesinfo\/2023\/06\/la-journee-nationale-du-don-dorganes-sorganise-au-chov-de-neufchateau-et-vittel\/\"]}]},{\"@type\":\"ImageObject\",\"inLanguage\":\"fr-FR\",\"@id\":\"https:\/\/vosgesinfo.fr\/laplainedesvosgesinfo\/2023\/06\/la-journee-nationale-du-don-dorganes-sorganise-au-chov-de-neufchateau-et-vittel\/#primaryimage\",\"url\":\"https:\/\/vosgesinfo.fr\/app\/uploads\/sites\/2\/2024\/07\/202306316b32d2-fc3f-4daf-ae62-bdc0d493ae57.jpeg\",\"contentUrl\":\"https:\/\/vosgesinfo.fr\/app\/uploads\/sites\/2\/2024\/07\/202306316b32d2-fc3f-4daf-ae62-bdc0d493ae57.jpeg\",\"width\":800,\"height\":600},{\"@type\":\"BreadcrumbList\",\"@id\":\"https:\/\/vosgesinfo.fr\/laplainedesvosgesinfo\/2023\/06\/la-journee-nationale-du-don-dorganes-sorganise-au-chov-de-neufchateau-et-vittel\/#breadcrumb\",\"itemListElement\":[{\"@type\":\"ListItem\",\"position\":1,\"name\":\"Home\",\"item\":\"https:\/\/vosgesinfo.fr\/laplainedesvosgesinfo\/\"},{\"@type\":\"ListItem\",\"position\":2,\"name\":\"La journ\u00e9e nationale du don d\u2019organes s\u2019organise au CHOV de Neufch\u00e2teau et Vittel\"}]},{\"@type\":\"WebSite\",\"@id\":\"https:\/\/vosgesinfo.fr\/laplainedesvosgesinfo\/#website\",\"url\":\"https:\/\/vosgesinfo.fr\/laplainedesvosgesinfo\/\",\"name\":\"La Plaine des Vosges\",\"description\":\"Toute l&#039;actualit\u00e9 de la plaine de Vosges\",\"publisher\":{\"@id\":\"https:\/\/vosgesinfo.fr\/laplainedesvosgesinfo\/#organization\"},\"alternateName\":\"Toute l'actualit\u00e9 de la plaine des Vosges\",\"potentialAction\":[{\"@type\":\"SearchAction\",\"target\":{\"@type\":\"EntryPoint\",\"urlTemplate\":\"https:\/\/vosgesinfo.fr\/laplainedesvosgesinfo\/?s={search_term_string}\"},\"query-input\":\"required name=search_term_string\"}],\"inLanguage\":\"fr-FR\"},{\"@type\":\"Organization\",\"@id\":\"https:\/\/vosgesinfo.fr\/laplainedesvosgesinfo\/#organization\",\"name\":\"La Plaine des Vosges\",\"url\":\"https:\/\/vosgesinfo.fr\/laplainedesvosgesinfo\/\",\"logo\":{\"@type\":\"ImageObject\",\"inLanguage\":\"fr-FR\",\"@id\":\"https:\/\/vosgesinfo.fr\/laplainedesvosgesinfo\/#\/schema\/logo\/image\/\",\"url\":\"https:\/\/vosgesinfo.fr\/app\/uploads\/sites\/2\/2023\/08\/logo-laplaineinfo.svg\",\"contentUrl\":\"https:\/\/vosgesinfo.fr\/app\/uploads\/sites\/2\/2023\/08\/logo-laplaineinfo.svg\",\"width\":1,\"height\":1,\"caption\":\"La Plaine des Vosges\"},\"image\":{\"@id\":\"https:\/\/vosgesinfo.fr\/laplainedesvosgesinfo\/#\/schema\/logo\/image\/\"},\"sameAs\":[\"https:\/\/www.facebook.com\/laplainedesvosges\",\"https:\/\/x.com\/VosgesInfo88\",\"https:\/\/www.youtube.com\/@vosgesinfo\"]},{\"@type\":\"Person\",\"@id\":\"https:\/\/vosgesinfo.fr\/laplainedesvosgesinfo\/#\/schema\/person\/79e32bebcee803e323d575130a214cb1\",\"name\":\"F L\",\"image\":{\"@type\":\"ImageObject\",\"inLanguage\":\"fr-FR\",\"@id\":\"https:\/\/vosgesinfo.fr\/laplainedesvosgesinfo\/#\/schema\/person\/image\/\",\"url\":\"https:\/\/secure.gravatar.com\/avatar\/d357c72e152089867fde6ef62184057ee532a6f21b254c937a932e835554cfb3?s=96&d=mm&r=g\",\"contentUrl\":\"https:\/\/secure.gravatar.com\/avatar\/d357c72e152089867fde6ef62184057ee532a6f21b254c937a932e835554cfb3?s=96&d=mm&r=g\",\"caption\":\"F L\"},\"url\":\"https:\/\/vosgesinfo.fr\/laplainedesvosgesinfo\/author\/frlevyp88\/\"}]}<\/script>\n<!-- \/ Yoast SEO plugin. -->","yoast_head_json":{"title":"La journ\u00e9e nationale du don d\u2019organes s\u2019organise au CHOV de Neufch\u00e2teau et Vittel - La Plaine des Vosges","robots":{"index":"index","follow":"follow","max-snippet":"max-snippet:-1","max-image-preview":"max-image-preview:large","max-video-preview":"max-video-preview:-1"},"canonical":"https:\/\/vosgesinfo.fr\/laplainedesvosgesinfo\/2023\/06\/la-journee-nationale-du-don-dorganes-sorganise-au-chov-de-neufchateau-et-vittel\/","twitter_card":"summary_large_image","twitter_title":"La journ\u00e9e nationale du don d\u2019organes s\u2019organise au CHOV de Neufch\u00e2teau et Vittel - La Plaine des Vosges","twitter_description":"La\u00a0Journ\u00e9e nationale de r\u00e9flexion sur le don d\u2019organes et la greffe, se d\u00e9roulera cette ann\u00e9e au CHOV de Neufch\u00e2teau et [&hellip;]","twitter_image":"https:\/\/vosgesinfo.fr\/app\/uploads\/sites\/2\/2024\/07\/202306316b32d2-fc3f-4daf-ae62-bdc0d493ae57.jpeg","twitter_creator":"@VosgesInfo88","twitter_site":"@VosgesInfo88","twitter_misc":{"\u00c9crit par":"F L","Dur\u00e9e de lecture estim\u00e9e":"2 minutes"},"schema":{"@context":"https:\/\/schema.org","@graph":[{"@type":"Article","@id":"https:\/\/vosgesinfo.fr\/laplainedesvosgesinfo\/2023\/06\/la-journee-nationale-du-don-dorganes-sorganise-au-chov-de-neufchateau-et-vittel\/#article","isPartOf":{"@id":"https:\/\/vosgesinfo.fr\/laplainedesvosgesinfo\/2023\/06\/la-journee-nationale-du-don-dorganes-sorganise-au-chov-de-neufchateau-et-vittel\/"},"author":{"name":"F L","@id":"https:\/\/vosgesinfo.fr\/laplainedesvosgesinfo\/#\/schema\/person\/79e32bebcee803e323d575130a214cb1"},"headline":"La journ\u00e9e nationale du don d\u2019organes s\u2019organise au CHOV de Neufch\u00e2teau et Vittel","datePublished":"2023-06-21T14:48:20+00:00","dateModified":"2023-06-21T14:48:20+00:00","mainEntityOfPage":{"@id":"https:\/\/vosgesinfo.fr\/laplainedesvosgesinfo\/2023\/06\/la-journee-nationale-du-don-dorganes-sorganise-au-chov-de-neufchateau-et-vittel\/"},"wordCount":388,"commentCount":0,"publisher":{"@id":"https:\/\/vosgesinfo.fr\/laplainedesvosgesinfo\/#organization"},"image":{"@id":"https:\/\/vosgesinfo.fr\/laplainedesvosgesinfo\/2023\/06\/la-journee-nationale-du-don-dorganes-sorganise-au-chov-de-neufchateau-et-vittel\/#primaryimage"},"thumbnailUrl":"https:\/\/vosgesinfo.fr\/app\/uploads\/sites\/2\/2024\/07\/202306316b32d2-fc3f-4daf-ae62-bdc0d493ae57.jpeg","keywords":["CHOV de l'Ouest Vosgien","Journ\u00e9e du don d\u2019organes"],"articleSection":["A la Une","La Plaine","Sant\u00e9","Vittel"],"inLanguage":"fr-FR","potentialAction":[{"@type":"CommentAction","name":"Comment","target":["https:\/\/vosgesinfo.fr\/laplainedesvosgesinfo\/2023\/06\/la-journee-nationale-du-don-dorganes-sorganise-au-chov-de-neufchateau-et-vittel\/#respond"]}]},{"@type":"WebPage","@id":"https:\/\/vosgesinfo.fr\/laplainedesvosgesinfo\/2023\/06\/la-journee-nationale-du-don-dorganes-sorganise-au-chov-de-neufchateau-et-vittel\/","url":"https:\/\/vosgesinfo.fr\/laplainedesvosgesinfo\/2023\/06\/la-journee-nationale-du-don-dorganes-sorganise-au-chov-de-neufchateau-et-vittel\/","name":"La journ\u00e9e nationale du don d\u2019organes s\u2019organise au CHOV de Neufch\u00e2teau et Vittel - La Plaine des Vosges","isPartOf":{"@id":"https:\/\/vosgesinfo.fr\/laplainedesvosgesinfo\/#website"},"primaryImageOfPage":{"@id":"https:\/\/vosgesinfo.fr\/laplainedesvosgesinfo\/2023\/06\/la-journee-nationale-du-don-dorganes-sorganise-au-chov-de-neufchateau-et-vittel\/#primaryimage"},"image":{"@id":"https:\/\/vosgesinfo.fr\/laplainedesvosgesinfo\/2023\/06\/la-journee-nationale-du-don-dorganes-sorganise-au-chov-de-neufchateau-et-vittel\/#primaryimage"},"thumbnailUrl":"https:\/\/vosgesinfo.fr\/app\/uploads\/sites\/2\/2024\/07\/202306316b32d2-fc3f-4daf-ae62-bdc0d493ae57.jpeg","datePublished":"2023-06-21T14:48:20+00:00","dateModified":"2023-06-21T14:48:20+00:00","breadcrumb":{"@id":"https:\/\/vosgesinfo.fr\/laplainedesvosgesinfo\/2023\/06\/la-journee-nationale-du-don-dorganes-sorganise-au-chov-de-neufchateau-et-vittel\/#breadcrumb"},"inLanguage":"fr-FR","potentialAction":[{"@type":"ReadAction","target":["https:\/\/vosgesinfo.fr\/laplainedesvosgesinfo\/2023\/06\/la-journee-nationale-du-don-dorganes-sorganise-au-chov-de-neufchateau-et-vittel\/"]}]},{"@type":"ImageObject","inLanguage":"fr-FR","@id":"https:\/\/vosgesinfo.fr\/laplainedesvosgesinfo\/2023\/06\/la-journee-nationale-du-don-dorganes-sorganise-au-chov-de-neufchateau-et-vittel\/#primaryimage","url":"https:\/\/vosgesinfo.fr\/app\/uploads\/sites\/2\/2024\/07\/202306316b32d2-fc3f-4daf-ae62-bdc0d493ae57.jpeg","contentUrl":"https:\/\/vosgesinfo.fr\/app\/uploads\/sites\/2\/2024\/07\/202306316b32d2-fc3f-4daf-ae62-bdc0d493ae57.jpeg","width":800,"height":600},{"@type":"BreadcrumbList","@id":"https:\/\/vosgesinfo.fr\/laplainedesvosgesinfo\/2023\/06\/la-journee-nationale-du-don-dorganes-sorganise-au-chov-de-neufchateau-et-vittel\/#breadcrumb","itemListElement":[{"@type":"ListItem","position":1,"name":"Home","item":"https:\/\/vosgesinfo.fr\/laplainedesvosgesinfo\/"},{"@type":"ListItem","position":2,"name":"La journ\u00e9e nationale du don d\u2019organes s\u2019organise au CHOV de Neufch\u00e2teau et Vittel"}]},{"@type":"WebSite","@id":"https:\/\/vosgesinfo.fr\/laplainedesvosgesinfo\/#website","url":"https:\/\/vosgesinfo.fr\/laplainedesvosgesinfo\/","name":"La Plaine des Vosges","description":"Toute l&#039;actualit\u00e9 de la plaine de Vosges","publisher":{"@id":"https:\/\/vosgesinfo.fr\/laplainedesvosgesinfo\/#organization"},"alternateName":"Toute l'actualit\u00e9 de la plaine des Vosges","potentialAction":[{"@type":"SearchAction","target":{"@type":"EntryPoint","urlTemplate":"https:\/\/vosgesinfo.fr\/laplainedesvosgesinfo\/?s={search_term_string}"},"query-input":"required name=search_term_string"}],"inLanguage":"fr-FR"},{"@type":"Organization","@id":"https:\/\/vosgesinfo.fr\/laplainedesvosgesinfo\/#organization","name":"La Plaine des Vosges","url":"https:\/\/vosgesinfo.fr\/laplainedesvosgesinfo\/","logo":{"@type":"ImageObject","inLanguage":"fr-FR","@id":"https:\/\/vosgesinfo.fr\/laplainedesvosgesinfo\/#\/schema\/logo\/image\/","url":"https:\/\/vosgesinfo.fr\/app\/uploads\/sites\/2\/2023\/08\/logo-laplaineinfo.svg","contentUrl":"https:\/\/vosgesinfo.fr\/app\/uploads\/sites\/2\/2023\/08\/logo-laplaineinfo.svg","width":1,"height":1,"caption":"La Plaine des Vosges"},"image":{"@id":"https:\/\/vosgesinfo.fr\/laplainedesvosgesinfo\/#\/schema\/logo\/image\/"},"sameAs":["https:\/\/www.facebook.com\/laplainedesvosges","https:\/\/x.com\/VosgesInfo88","https:\/\/www.youtube.com\/@vosgesinfo"]},{"@type":"Person","@id":"https:\/\/vosgesinfo.fr\/laplainedesvosgesinfo\/#\/schema\/person\/79e32bebcee803e323d575130a214cb1","name":"F L","image":{"@type":"ImageObject","inLanguage":"fr-FR","@id":"https:\/\/vosgesinfo.fr\/laplainedesvosgesinfo\/#\/schema\/person\/image\/","url":"https:\/\/secure.gravatar.com\/avatar\/d357c72e152089867fde6ef62184057ee532a6f21b254c937a932e835554cfb3?s=96&d=mm&r=g","contentUrl":"https:\/\/secure.gravatar.com\/avatar\/d357c72e152089867fde6ef62184057ee532a6f21b254c937a932e835554cfb3?s=96&d=mm&r=g","caption":"F L"},"url":"https:\/\/vosgesinfo.fr\/laplainedesvosgesinfo\/author\/frlevyp88\/"}]}},"_links":{"self":[{"href":"https:\/\/vosgesinfo.fr\/laplainedesvosgesinfo\/wp-json\/wp\/v2\/posts\/26131","targetHints":{"allow":["GET"]}}],"collection":[{"href":"https:\/\/vosgesinfo.fr\/laplainedesvosgesinfo\/wp-json\/wp\/v2\/posts"}],"about":[{"href":"https:\/\/vosgesinfo.fr\/laplainedesvosgesinfo\/wp-json\/wp\/v2\/types\/post"}],"author":[{"embeddable":true,"href":"https:\/\/vosgesinfo.fr\/laplainedesvosgesinfo\/wp-json\/wp\/v2\/users\/128"}],"replies":[{"embeddable":true,"href":"https:\/\/vosgesinfo.fr\/laplainedesvosgesinfo\/wp-json\/wp\/v2\/comments?post=26131"}],"version-history":[{"count":0,"href":"https:\/\/vosgesinfo.fr\/laplainedesvosgesinfo\/wp-json\/wp\/v2\/posts\/26131\/revisions"}],"wp:featuredmedia":[{"embeddable":true,"href":"https:\/\/vosgesinfo.fr\/laplainedesvosgesinfo\/wp-json\/wp\/v2\/media\/26132"}],"wp:attachment":[{"href":"https:\/\/vosgesinfo.fr\/laplainedesvosgesinfo\/wp-json\/wp\/v2\/media?parent=26131"}],"wp:term":[{"taxonomy":"category","embeddable":true,"href":"https:\/\/vosgesinfo.fr\/laplainedesvosgesinfo\/wp-json\/wp\/v2\/categories?post=26131"},{"taxonomy":"post_tag","embeddable":true,"href":"https:\/\/vosgesinfo.fr\/laplainedesvosgesinfo\/wp-json\/wp\/v2\/tags?post=26131"}],"curies":[{"name":"wp","href":"https:\/\/api.w.org\/{rel}","templated":true}]}}