{"id":26142,"date":"2023-06-22T09:08:39","date_gmt":"2023-06-22T07:08:39","guid":{"rendered":"https:\/\/vosgesinfo.fr\/laplainedesvosgesinfo\/2023\/06\/casting-court-metrage-dans-le-secteur-de-la-plaine\/"},"modified":"2023-06-22T09:08:39","modified_gmt":"2023-06-22T07:08:39","slug":"casting-court-metrage-dans-le-secteur-de-la-plaine","status":"publish","type":"post","link":"https:\/\/vosgesinfo.fr\/laplainedesvosgesinfo\/2023\/06\/casting-court-metrage-dans-le-secteur-de-la-plaine\/","title":{"rendered":"Casting &#8211; court m\u00e9trage dans le secteur de la Plaine"},"content":{"rendered":"<p style=\"text-align: center;\">CASTING SILHOUETTE | Court m\u00e9trage | Vosges<\/p>\n<p>&nbsp;<\/p>\n<p>Projet : Blanche<\/p>\n<p>R\u00e9alisatrice : Joanne Rakotoarisoa<\/p>\n<p>Production : Le D\u00e9tour<\/p>\n<p>Directeur de casting : Florian Delhormeau<\/p>\n<p>Lieux : Plaine des Vosges<\/p>\n<p>Dates de tournage pr\u00e9vues : Du 6 au 13 juillet 2023.<\/p>\n<p>&nbsp;<\/p>\n<p>\u2192 RECHERCHE<\/p>\n<p>Pour les besoins du film, la production est \u00e0 la recherche de plusieurs profils\u00a0: (pas d\u2019exp\u00e9rience de jeu requise)<\/p>\n<p>&nbsp;<\/p>\n<p>&nbsp;<\/p>\n<p>FIGURATION R\u00c9MUN\u00c9R\u00c9E\u00a0:<\/p>\n<p>\u25ba CORPS D\u00c9FUNTE : 80-90 ans.<\/p>\n<p>&nbsp;<\/p>\n<p>FIGURATION NON R\u00c9MUN\u00c9R\u00c9E\u00a0:<\/p>\n<p>\u25ba homme pompes fun\u00e8bres : tout \u00e2ge<\/p>\n<p>\u25ba vieille dame : 70-90 ans<\/p>\n<p>\u25ba voisin : +50 ans<\/p>\n<p>\u25ba villageois : adultes (majoritairement senior)<\/p>\n<p>&nbsp;<\/p>\n<p>\u2192 CANDIDATURES<\/p>\n<p>Pour postuler, merci d\u2019envoyer votre candidature \u00e0 l\u2019adresse mail suivante : \u25ba <a href=\"mailto:blanche.lefilm@gmail.com\">blanche.lefilm@gmail.com<\/a> \u25c4<\/p>\n<p>Merci de vous munir des \u00e9l\u00e9ments suivants :<\/p>\n<p>&#8211; 2 photos (1 portrait + 1 pied).<\/p>\n<p>&#8211; Coordonn\u00e9es (adresse, t\u00e9l\u00e9phone, email).<\/p>\n<p>&nbsp;<\/p>\n<p>\u2192 CONDITIONS<\/p>\n<p>&#8211; Pas d\u2019exp\u00e9rience de jeu requise.<\/p>\n<p>&#8211; Le tournage fera l\u2019objet d\u2019une r\u00e9mun\u00e9ration.<\/p>\n<p>&#8211; &#8211; &#8211; &#8211; &#8211;<\/p>\n<p>Le projet est soutenu par <a href=\"https:\/\/www.facebook.com\/regiongrandest?__cft__%5b0%5d=AZXUzbm3ni6Ku-hpDC_PoDXieWy5Jqp8qvwFex4UcPqin6jZFLu4PyUvLmYwDNyfMqElfP2vPNyHugPjdfSpuLbdpJFv_Yaj9rst9mcxkXa7ZxRa3E87KqI7hOKXlJmbIK1QJqPxnfm2HvwauJYu-QNfomMGLfivlnEyubqZnOeUiFvIzkZLY6DH4pONyi73luI&amp;__tn__=-%5dK-R\" data-saferedirecturl=\"https:\/\/www.google.com\/url?q=https:\/\/www.facebook.com\/regiongrandest?__cft__%255b0%255d%3DAZXUzbm3ni6Ku-hpDC_PoDXieWy5Jqp8qvwFex4UcPqin6jZFLu4PyUvLmYwDNyfMqElfP2vPNyHugPjdfSpuLbdpJFv_Yaj9rst9mcxkXa7ZxRa3E87KqI7hOKXlJmbIK1QJqPxnfm2HvwauJYu-QNfomMGLfivlnEyubqZnOeUiFvIzkZLY6DH4pONyi73luI%26__tn__%3D-%255dK-R&amp;source=gmail&amp;ust=1687509715838000&amp;usg=AOvVaw00xo0A_fB_XaSZlb_RcQk5\"> R\u00e9gion Grand Est<\/a> , ainsi que le Conseil d\u00e9partemental des Vosges dans le cadre du r\u00e9seau Plato, en partenariat avec le CNC. Il est \u00e9galement accompagn\u00e9 par le Bureau des images.<\/p>\n<p>&#8211; &#8211; &#8211; &#8211; &#8211;<\/p>\n","protected":false},"excerpt":{"rendered":"<p>CASTING SILHOUETTE | Court m\u00e9trage | Vosges &nbsp; Projet : Blanche R\u00e9alisatrice : Joanne Rakotoarisoa Production : Le D\u00e9tour Directeur [&hellip;]<\/p>\n","protected":false},"author":42,"featured_media":423,"comment_status":"open","ping_status":"open","sticky":false,"template":"","format":"standard","meta":{"footnotes":""},"categories":[29,4,18],"tags":[],"class_list":["post-26142","post","type-post","status-publish","format-standard","has-post-thumbnail","hentry","category-a-la-une","category-culture","category-vosges"],"acf":[],"yoast_head":"<!-- This site is optimized with the Yoast SEO plugin v22.5 - https:\/\/yoast.com\/wordpress\/plugins\/seo\/ -->\n<title>Casting - court m\u00e9trage dans le secteur de la Plaine - La Plaine des Vosges<\/title>\n<meta name=\"robots\" content=\"index, follow, max-snippet:-1, max-image-preview:large, max-video-preview:-1\" \/>\n<link rel=\"canonical\" href=\"https:\/\/vosgesinfo.fr\/laplainedesvosgesinfo\/2023\/06\/casting-court-metrage-dans-le-secteur-de-la-plaine\/\" \/>\n<meta name=\"twitter:card\" content=\"summary_large_image\" \/>\n<meta name=\"twitter:title\" content=\"Casting - court m\u00e9trage dans le secteur de la Plaine - La Plaine des Vosges\" \/>\n<meta name=\"twitter:description\" content=\"CASTING SILHOUETTE | Court m\u00e9trage | Vosges &nbsp; Projet : Blanche R\u00e9alisatrice : Joanne Rakotoarisoa Production : Le D\u00e9tour Directeur [&hellip;]\" \/>\n<meta name=\"twitter:image\" content=\"https:\/\/vosgesinfo.fr\/app\/uploads\/sites\/2\/2016\/09\/casting.jpg\" \/>\n<meta name=\"twitter:creator\" content=\"@VosgesInfo88\" \/>\n<meta name=\"twitter:site\" content=\"@VosgesInfo88\" \/>\n<meta name=\"twitter:label1\" content=\"\u00c9crit par\" \/>\n\t<meta name=\"twitter:data1\" content=\"QG\" \/>\n\t<meta name=\"twitter:label2\" content=\"Dur\u00e9e de lecture estim\u00e9e\" \/>\n\t<meta name=\"twitter:data2\" content=\"1 minute\" \/>\n<script type=\"application\/ld+json\" class=\"yoast-schema-graph\">{\"@context\":\"https:\/\/schema.org\",\"@graph\":[{\"@type\":\"Article\",\"@id\":\"https:\/\/vosgesinfo.fr\/laplainedesvosgesinfo\/2023\/06\/casting-court-metrage-dans-le-secteur-de-la-plaine\/#article\",\"isPartOf\":{\"@id\":\"https:\/\/vosgesinfo.fr\/laplainedesvosgesinfo\/2023\/06\/casting-court-metrage-dans-le-secteur-de-la-plaine\/\"},\"author\":{\"name\":\"QG\",\"@id\":\"https:\/\/vosgesinfo.fr\/laplainedesvosgesinfo\/#\/schema\/person\/db5605779a843dad16b5368f3e7613a5\"},\"headline\":\"Casting &#8211; court m\u00e9trage dans le secteur de la Plaine\",\"datePublished\":\"2023-06-22T07:08:39+00:00\",\"dateModified\":\"2023-06-22T07:08:39+00:00\",\"mainEntityOfPage\":{\"@id\":\"https:\/\/vosgesinfo.fr\/laplainedesvosgesinfo\/2023\/06\/casting-court-metrage-dans-le-secteur-de-la-plaine\/\"},\"wordCount\":207,\"commentCount\":0,\"publisher\":{\"@id\":\"https:\/\/vosgesinfo.fr\/laplainedesvosgesinfo\/#organization\"},\"image\":{\"@id\":\"https:\/\/vosgesinfo.fr\/laplainedesvosgesinfo\/2023\/06\/casting-court-metrage-dans-le-secteur-de-la-plaine\/#primaryimage\"},\"thumbnailUrl\":\"https:\/\/vosgesinfo.fr\/app\/uploads\/sites\/2\/2016\/09\/casting.jpg\",\"articleSection\":[\"A la Une\",\"Culture\",\"Vosges\"],\"inLanguage\":\"fr-FR\",\"potentialAction\":[{\"@type\":\"CommentAction\",\"name\":\"Comment\",\"target\":[\"https:\/\/vosgesinfo.fr\/laplainedesvosgesinfo\/2023\/06\/casting-court-metrage-dans-le-secteur-de-la-plaine\/#respond\"]}]},{\"@type\":\"WebPage\",\"@id\":\"https:\/\/vosgesinfo.fr\/laplainedesvosgesinfo\/2023\/06\/casting-court-metrage-dans-le-secteur-de-la-plaine\/\",\"url\":\"https:\/\/vosgesinfo.fr\/laplainedesvosgesinfo\/2023\/06\/casting-court-metrage-dans-le-secteur-de-la-plaine\/\",\"name\":\"Casting - court m\u00e9trage dans le secteur de la Plaine - La Plaine des Vosges\",\"isPartOf\":{\"@id\":\"https:\/\/vosgesinfo.fr\/laplainedesvosgesinfo\/#website\"},\"primaryImageOfPage\":{\"@id\":\"https:\/\/vosgesinfo.fr\/laplainedesvosgesinfo\/2023\/06\/casting-court-metrage-dans-le-secteur-de-la-plaine\/#primaryimage\"},\"image\":{\"@id\":\"https:\/\/vosgesinfo.fr\/laplainedesvosgesinfo\/2023\/06\/casting-court-metrage-dans-le-secteur-de-la-plaine\/#primaryimage\"},\"thumbnailUrl\":\"https:\/\/vosgesinfo.fr\/app\/uploads\/sites\/2\/2016\/09\/casting.jpg\",\"datePublished\":\"2023-06-22T07:08:39+00:00\",\"dateModified\":\"2023-06-22T07:08:39+00:00\",\"breadcrumb\":{\"@id\":\"https:\/\/vosgesinfo.fr\/laplainedesvosgesinfo\/2023\/06\/casting-court-metrage-dans-le-secteur-de-la-plaine\/#breadcrumb\"},\"inLanguage\":\"fr-FR\",\"potentialAction\":[{\"@type\":\"ReadAction\",\"target\":[\"https:\/\/vosgesinfo.fr\/laplainedesvosgesinfo\/2023\/06\/casting-court-metrage-dans-le-secteur-de-la-plaine\/\"]}]},{\"@type\":\"ImageObject\",\"inLanguage\":\"fr-FR\",\"@id\":\"https:\/\/vosgesinfo.fr\/laplainedesvosgesinfo\/2023\/06\/casting-court-metrage-dans-le-secteur-de-la-plaine\/#primaryimage\",\"url\":\"https:\/\/vosgesinfo.fr\/app\/uploads\/sites\/2\/2016\/09\/casting.jpg\",\"contentUrl\":\"https:\/\/vosgesinfo.fr\/app\/uploads\/sites\/2\/2016\/09\/casting.jpg\",\"width\":640,\"height\":641},{\"@type\":\"BreadcrumbList\",\"@id\":\"https:\/\/vosgesinfo.fr\/laplainedesvosgesinfo\/2023\/06\/casting-court-metrage-dans-le-secteur-de-la-plaine\/#breadcrumb\",\"itemListElement\":[{\"@type\":\"ListItem\",\"position\":1,\"name\":\"Home\",\"item\":\"https:\/\/vosgesinfo.fr\/laplainedesvosgesinfo\/\"},{\"@type\":\"ListItem\",\"position\":2,\"name\":\"Casting &#8211; court m\u00e9trage dans le secteur de la Plaine\"}]},{\"@type\":\"WebSite\",\"@id\":\"https:\/\/vosgesinfo.fr\/laplainedesvosgesinfo\/#website\",\"url\":\"https:\/\/vosgesinfo.fr\/laplainedesvosgesinfo\/\",\"name\":\"La Plaine des Vosges\",\"description\":\"Toute l&#039;actualit\u00e9 de la plaine de Vosges\",\"publisher\":{\"@id\":\"https:\/\/vosgesinfo.fr\/laplainedesvosgesinfo\/#organization\"},\"alternateName\":\"Toute l'actualit\u00e9 de la plaine des Vosges\",\"potentialAction\":[{\"@type\":\"SearchAction\",\"target\":{\"@type\":\"EntryPoint\",\"urlTemplate\":\"https:\/\/vosgesinfo.fr\/laplainedesvosgesinfo\/?s={search_term_string}\"},\"query-input\":\"required name=search_term_string\"}],\"inLanguage\":\"fr-FR\"},{\"@type\":\"Organization\",\"@id\":\"https:\/\/vosgesinfo.fr\/laplainedesvosgesinfo\/#organization\",\"name\":\"La Plaine des Vosges\",\"url\":\"https:\/\/vosgesinfo.fr\/laplainedesvosgesinfo\/\",\"logo\":{\"@type\":\"ImageObject\",\"inLanguage\":\"fr-FR\",\"@id\":\"https:\/\/vosgesinfo.fr\/laplainedesvosgesinfo\/#\/schema\/logo\/image\/\",\"url\":\"https:\/\/vosgesinfo.fr\/app\/uploads\/sites\/2\/2023\/08\/logo-laplaineinfo.svg\",\"contentUrl\":\"https:\/\/vosgesinfo.fr\/app\/uploads\/sites\/2\/2023\/08\/logo-laplaineinfo.svg\",\"width\":1,\"height\":1,\"caption\":\"La Plaine des Vosges\"},\"image\":{\"@id\":\"https:\/\/vosgesinfo.fr\/laplainedesvosgesinfo\/#\/schema\/logo\/image\/\"},\"sameAs\":[\"https:\/\/www.facebook.com\/laplainedesvosges\",\"https:\/\/x.com\/VosgesInfo88\",\"https:\/\/www.youtube.com\/@vosgesinfo\"]},{\"@type\":\"Person\",\"@id\":\"https:\/\/vosgesinfo.fr\/laplainedesvosgesinfo\/#\/schema\/person\/db5605779a843dad16b5368f3e7613a5\",\"name\":\"QG\",\"image\":{\"@type\":\"ImageObject\",\"inLanguage\":\"fr-FR\",\"@id\":\"https:\/\/vosgesinfo.fr\/laplainedesvosgesinfo\/#\/schema\/person\/image\/\",\"url\":\"https:\/\/secure.gravatar.com\/avatar\/ea80c42c204b534408512832fde52504ecabb9706bcb6151cf6175e5b64e6793?s=96&d=mm&r=g\",\"contentUrl\":\"https:\/\/secure.gravatar.com\/avatar\/ea80c42c204b534408512832fde52504ecabb9706bcb6151cf6175e5b64e6793?s=96&d=mm&r=g\",\"caption\":\"QG\"},\"url\":\"https:\/\/vosgesinfo.fr\/laplainedesvosgesinfo\/author\/quentin88\/\"}]}<\/script>\n<!-- \/ Yoast SEO plugin. -->","yoast_head_json":{"title":"Casting - court m\u00e9trage dans le secteur de la Plaine - La Plaine des Vosges","robots":{"index":"index","follow":"follow","max-snippet":"max-snippet:-1","max-image-preview":"max-image-preview:large","max-video-preview":"max-video-preview:-1"},"canonical":"https:\/\/vosgesinfo.fr\/laplainedesvosgesinfo\/2023\/06\/casting-court-metrage-dans-le-secteur-de-la-plaine\/","twitter_card":"summary_large_image","twitter_title":"Casting - court m\u00e9trage dans le secteur de la Plaine - La Plaine des Vosges","twitter_description":"CASTING SILHOUETTE | Court m\u00e9trage | Vosges &nbsp; Projet : Blanche R\u00e9alisatrice : Joanne Rakotoarisoa Production : Le D\u00e9tour Directeur [&hellip;]","twitter_image":"https:\/\/vosgesinfo.fr\/app\/uploads\/sites\/2\/2016\/09\/casting.jpg","twitter_creator":"@VosgesInfo88","twitter_site":"@VosgesInfo88","twitter_misc":{"\u00c9crit par":"QG","Dur\u00e9e de lecture estim\u00e9e":"1 minute"},"schema":{"@context":"https:\/\/schema.org","@graph":[{"@type":"Article","@id":"https:\/\/vosgesinfo.fr\/laplainedesvosgesinfo\/2023\/06\/casting-court-metrage-dans-le-secteur-de-la-plaine\/#article","isPartOf":{"@id":"https:\/\/vosgesinfo.fr\/laplainedesvosgesinfo\/2023\/06\/casting-court-metrage-dans-le-secteur-de-la-plaine\/"},"author":{"name":"QG","@id":"https:\/\/vosgesinfo.fr\/laplainedesvosgesinfo\/#\/schema\/person\/db5605779a843dad16b5368f3e7613a5"},"headline":"Casting &#8211; court m\u00e9trage dans le secteur de la Plaine","datePublished":"2023-06-22T07:08:39+00:00","dateModified":"2023-06-22T07:08:39+00:00","mainEntityOfPage":{"@id":"https:\/\/vosgesinfo.fr\/laplainedesvosgesinfo\/2023\/06\/casting-court-metrage-dans-le-secteur-de-la-plaine\/"},"wordCount":207,"commentCount":0,"publisher":{"@id":"https:\/\/vosgesinfo.fr\/laplainedesvosgesinfo\/#organization"},"image":{"@id":"https:\/\/vosgesinfo.fr\/laplainedesvosgesinfo\/2023\/06\/casting-court-metrage-dans-le-secteur-de-la-plaine\/#primaryimage"},"thumbnailUrl":"https:\/\/vosgesinfo.fr\/app\/uploads\/sites\/2\/2016\/09\/casting.jpg","articleSection":["A la Une","Culture","Vosges"],"inLanguage":"fr-FR","potentialAction":[{"@type":"CommentAction","name":"Comment","target":["https:\/\/vosgesinfo.fr\/laplainedesvosgesinfo\/2023\/06\/casting-court-metrage-dans-le-secteur-de-la-plaine\/#respond"]}]},{"@type":"WebPage","@id":"https:\/\/vosgesinfo.fr\/laplainedesvosgesinfo\/2023\/06\/casting-court-metrage-dans-le-secteur-de-la-plaine\/","url":"https:\/\/vosgesinfo.fr\/laplainedesvosgesinfo\/2023\/06\/casting-court-metrage-dans-le-secteur-de-la-plaine\/","name":"Casting - court m\u00e9trage dans le secteur de la Plaine - La Plaine des Vosges","isPartOf":{"@id":"https:\/\/vosgesinfo.fr\/laplainedesvosgesinfo\/#website"},"primaryImageOfPage":{"@id":"https:\/\/vosgesinfo.fr\/laplainedesvosgesinfo\/2023\/06\/casting-court-metrage-dans-le-secteur-de-la-plaine\/#primaryimage"},"image":{"@id":"https:\/\/vosgesinfo.fr\/laplainedesvosgesinfo\/2023\/06\/casting-court-metrage-dans-le-secteur-de-la-plaine\/#primaryimage"},"thumbnailUrl":"https:\/\/vosgesinfo.fr\/app\/uploads\/sites\/2\/2016\/09\/casting.jpg","datePublished":"2023-06-22T07:08:39+00:00","dateModified":"2023-06-22T07:08:39+00:00","breadcrumb":{"@id":"https:\/\/vosgesinfo.fr\/laplainedesvosgesinfo\/2023\/06\/casting-court-metrage-dans-le-secteur-de-la-plaine\/#breadcrumb"},"inLanguage":"fr-FR","potentialAction":[{"@type":"ReadAction","target":["https:\/\/vosgesinfo.fr\/laplainedesvosgesinfo\/2023\/06\/casting-court-metrage-dans-le-secteur-de-la-plaine\/"]}]},{"@type":"ImageObject","inLanguage":"fr-FR","@id":"https:\/\/vosgesinfo.fr\/laplainedesvosgesinfo\/2023\/06\/casting-court-metrage-dans-le-secteur-de-la-plaine\/#primaryimage","url":"https:\/\/vosgesinfo.fr\/app\/uploads\/sites\/2\/2016\/09\/casting.jpg","contentUrl":"https:\/\/vosgesinfo.fr\/app\/uploads\/sites\/2\/2016\/09\/casting.jpg","width":640,"height":641},{"@type":"BreadcrumbList","@id":"https:\/\/vosgesinfo.fr\/laplainedesvosgesinfo\/2023\/06\/casting-court-metrage-dans-le-secteur-de-la-plaine\/#breadcrumb","itemListElement":[{"@type":"ListItem","position":1,"name":"Home","item":"https:\/\/vosgesinfo.fr\/laplainedesvosgesinfo\/"},{"@type":"ListItem","position":2,"name":"Casting &#8211; court m\u00e9trage dans le secteur de la Plaine"}]},{"@type":"WebSite","@id":"https:\/\/vosgesinfo.fr\/laplainedesvosgesinfo\/#website","url":"https:\/\/vosgesinfo.fr\/laplainedesvosgesinfo\/","name":"La Plaine des Vosges","description":"Toute l&#039;actualit\u00e9 de la plaine de Vosges","publisher":{"@id":"https:\/\/vosgesinfo.fr\/laplainedesvosgesinfo\/#organization"},"alternateName":"Toute l'actualit\u00e9 de la plaine des Vosges","potentialAction":[{"@type":"SearchAction","target":{"@type":"EntryPoint","urlTemplate":"https:\/\/vosgesinfo.fr\/laplainedesvosgesinfo\/?s={search_term_string}"},"query-input":"required name=search_term_string"}],"inLanguage":"fr-FR"},{"@type":"Organization","@id":"https:\/\/vosgesinfo.fr\/laplainedesvosgesinfo\/#organization","name":"La Plaine des Vosges","url":"https:\/\/vosgesinfo.fr\/laplainedesvosgesinfo\/","logo":{"@type":"ImageObject","inLanguage":"fr-FR","@id":"https:\/\/vosgesinfo.fr\/laplainedesvosgesinfo\/#\/schema\/logo\/image\/","url":"https:\/\/vosgesinfo.fr\/app\/uploads\/sites\/2\/2023\/08\/logo-laplaineinfo.svg","contentUrl":"https:\/\/vosgesinfo.fr\/app\/uploads\/sites\/2\/2023\/08\/logo-laplaineinfo.svg","width":1,"height":1,"caption":"La Plaine des Vosges"},"image":{"@id":"https:\/\/vosgesinfo.fr\/laplainedesvosgesinfo\/#\/schema\/logo\/image\/"},"sameAs":["https:\/\/www.facebook.com\/laplainedesvosges","https:\/\/x.com\/VosgesInfo88","https:\/\/www.youtube.com\/@vosgesinfo"]},{"@type":"Person","@id":"https:\/\/vosgesinfo.fr\/laplainedesvosgesinfo\/#\/schema\/person\/db5605779a843dad16b5368f3e7613a5","name":"QG","image":{"@type":"ImageObject","inLanguage":"fr-FR","@id":"https:\/\/vosgesinfo.fr\/laplainedesvosgesinfo\/#\/schema\/person\/image\/","url":"https:\/\/secure.gravatar.com\/avatar\/ea80c42c204b534408512832fde52504ecabb9706bcb6151cf6175e5b64e6793?s=96&d=mm&r=g","contentUrl":"https:\/\/secure.gravatar.com\/avatar\/ea80c42c204b534408512832fde52504ecabb9706bcb6151cf6175e5b64e6793?s=96&d=mm&r=g","caption":"QG"},"url":"https:\/\/vosgesinfo.fr\/laplainedesvosgesinfo\/author\/quentin88\/"}]}},"_links":{"self":[{"href":"https:\/\/vosgesinfo.fr\/laplainedesvosgesinfo\/wp-json\/wp\/v2\/posts\/26142","targetHints":{"allow":["GET"]}}],"collection":[{"href":"https:\/\/vosgesinfo.fr\/laplainedesvosgesinfo\/wp-json\/wp\/v2\/posts"}],"about":[{"href":"https:\/\/vosgesinfo.fr\/laplainedesvosgesinfo\/wp-json\/wp\/v2\/types\/post"}],"author":[{"embeddable":true,"href":"https:\/\/vosgesinfo.fr\/laplainedesvosgesinfo\/wp-json\/wp\/v2\/users\/42"}],"replies":[{"embeddable":true,"href":"https:\/\/vosgesinfo.fr\/laplainedesvosgesinfo\/wp-json\/wp\/v2\/comments?post=26142"}],"version-history":[{"count":0,"href":"https:\/\/vosgesinfo.fr\/laplainedesvosgesinfo\/wp-json\/wp\/v2\/posts\/26142\/revisions"}],"wp:featuredmedia":[{"embeddable":true,"href":"https:\/\/vosgesinfo.fr\/laplainedesvosgesinfo\/wp-json\/wp\/v2\/media\/423"}],"wp:attachment":[{"href":"https:\/\/vosgesinfo.fr\/laplainedesvosgesinfo\/wp-json\/wp\/v2\/media?parent=26142"}],"wp:term":[{"taxonomy":"category","embeddable":true,"href":"https:\/\/vosgesinfo.fr\/laplainedesvosgesinfo\/wp-json\/wp\/v2\/categories?post=26142"},{"taxonomy":"post_tag","embeddable":true,"href":"https:\/\/vosgesinfo.fr\/laplainedesvosgesinfo\/wp-json\/wp\/v2\/tags?post=26142"}],"curies":[{"name":"wp","href":"https:\/\/api.w.org\/{rel}","templated":true}]}}