{"id":26179,"date":"2023-06-29T15:12:25","date_gmt":"2023-06-29T13:12:25","guid":{"rendered":"https:\/\/vosgesinfo.fr\/laplainedesvosgesinfo\/2023\/06\/importante-reunion-a-vittel-pour-la-reouverture-de-la-ligne-14\/"},"modified":"2023-06-29T15:12:25","modified_gmt":"2023-06-29T13:12:25","slug":"importante-reunion-a-vittel-pour-la-reouverture-de-la-ligne-14","status":"publish","type":"post","link":"https:\/\/vosgesinfo.fr\/laplainedesvosgesinfo\/2023\/06\/importante-reunion-a-vittel-pour-la-reouverture-de-la-ligne-14\/","title":{"rendered":"Importante r\u00e9union \u00e0 Vittel pour la r\u00e9ouverture de la ligne 14"},"content":{"rendered":"\n<p><strong>C\u2019est dans l\u2019\u00e9crin rouge de la salle de cin\u00e9ma de l\u2019Alhambra \u00e0 Vittel, que s\u2019est tenue une importante r\u00e9union concernant la r\u00e9ouverture de la ligne 14 ce vendredi 23 juin 2023 en fin d\u2019apr\u00e8s -midi. Cette r\u00e9union \u00e9tait pr\u00e9sid\u00e9e par David Valence, d\u00e9put\u00e9 de la deuxi\u00e8me circonscription des Vosges et Pr\u00e9sident de la Commission Transport au Conseil r\u00e9gional.<\/strong><\/p>\n<p>Avec le projet \u00ab Vittel\u00a0Horizon 2030 \u00bb et l\u2019arriv\u00e9e en d\u00e9but d\u2019ann\u00e9e du groupe France Thermes dans la cit\u00e9 thermale, le retour du train rev\u00eat une importance capitale pour le d\u00e9veloppement du tourisme \u00e0 Vittel. Ce vendredi 23 juin \u00e9tait donc d\u2019importance pour \u00e9voquer \u00e0 nouveau la r\u00e9ouverture de la ligne 14, suivant un calendrier que les Vittellois\u00a0et les touristes souhaitant se rendre \u00e0 Vittel\u00a0esp\u00e8rent rapide. En pr\u00e9sence de Franck Perry Maire de Vittel et Vice &#8211; Pr\u00e9sident du Consiel d\u00e9partemental des Vosges, se tenaient en rangs serr\u00e9s Jean Jacques Gaultier, D\u00e9put\u00e9 de la 4\u00e8me circonscription des Vosges et Patrick Floquet, repr\u00e9sentant la R\u00e9gion Grand Est. Cette r\u00e9union a \u00e9t\u00e9 l\u2019occasion d\u2019un bel \u00e9change entre David Valence et les \u00e9lus vittellois qui ont\u00a0pu\u00a0\u00e0 cette occasion, confirmer le volontarisme de la R\u00e9gion Grand Est dans la r\u00e9ouverture de la ligne 14.<\/p>\n<p><em>\u00ab La question de la r\u00e9ouverture de la ligne 14 se pose \u00e0 nouveau avec force aujourd\u2019hui. Le retour du train \u00e0 Vittel est essentiel dans le projet de d\u00e9veloppement \u00a0touristique de la ville, pour les ann\u00e9es \u00e0 venir et dans le cadre du projet \u00ab Vittel, Horizon 2030 \u00bb. Nous devons tout faire pour voir rapidement le retour du train, avec la r\u00e9ouverture de la ligne 14 entre Vittel et Nancy. Il est important d\u2019en pr\u00e9ciser les modalit\u00e9s et le calendrier \u00bb,\u00a0<\/em>d\u00e9clare Franck Perry, Maire de Vittel.<\/p>\n","protected":false},"excerpt":{"rendered":"<p>C\u2019est dans l\u2019\u00e9crin rouge de la salle de cin\u00e9ma de l\u2019Alhambra \u00e0 Vittel, que s\u2019est tenue une importante r\u00e9union concernant [&hellip;]<\/p>\n","protected":false},"author":128,"featured_media":26180,"comment_status":"open","ping_status":"open","sticky":false,"template":"","format":"standard","meta":{"footnotes":""},"categories":[29,37,38,18],"tags":[1675,39,122,36],"class_list":["post-26179","post","type-post","status-publish","format-standard","has-post-thumbnail","hentry","category-a-la-une","category-la-plaine","category-vittel-la-plaine","category-vosges","tag-david-valence","tag-franck-perry","tag-patrick-floquet","tag-ville-de-vittel"],"acf":[],"yoast_head":"<!-- This site is optimized with the Yoast SEO plugin v22.5 - https:\/\/yoast.com\/wordpress\/plugins\/seo\/ -->\n<title>Importante r\u00e9union \u00e0 Vittel pour la r\u00e9ouverture de la ligne 14 - La Plaine des Vosges<\/title>\n<meta name=\"robots\" content=\"index, follow, max-snippet:-1, max-image-preview:large, max-video-preview:-1\" \/>\n<link rel=\"canonical\" href=\"https:\/\/vosgesinfo.fr\/laplainedesvosgesinfo\/2023\/06\/importante-reunion-a-vittel-pour-la-reouverture-de-la-ligne-14\/\" \/>\n<meta name=\"twitter:card\" content=\"summary_large_image\" \/>\n<meta name=\"twitter:title\" content=\"Importante r\u00e9union \u00e0 Vittel pour la r\u00e9ouverture de la ligne 14 - La Plaine des Vosges\" \/>\n<meta name=\"twitter:description\" content=\"C\u2019est dans l\u2019\u00e9crin rouge de la salle de cin\u00e9ma de l\u2019Alhambra \u00e0 Vittel, que s\u2019est tenue une importante r\u00e9union concernant [&hellip;]\" \/>\n<meta name=\"twitter:image\" content=\"https:\/\/vosgesinfo.fr\/app\/uploads\/sites\/2\/2024\/07\/2023068119dd10-4b11-460c-a93d-052e3b6b9a6c.jpeg\" \/>\n<meta name=\"twitter:creator\" content=\"@VosgesInfo88\" \/>\n<meta name=\"twitter:site\" content=\"@VosgesInfo88\" \/>\n<meta name=\"twitter:label1\" content=\"\u00c9crit par\" \/>\n\t<meta name=\"twitter:data1\" content=\"F L\" \/>\n\t<meta name=\"twitter:label2\" content=\"Dur\u00e9e de lecture estim\u00e9e\" \/>\n\t<meta name=\"twitter:data2\" content=\"2 minutes\" \/>\n<script type=\"application\/ld+json\" class=\"yoast-schema-graph\">{\"@context\":\"https:\/\/schema.org\",\"@graph\":[{\"@type\":\"Article\",\"@id\":\"https:\/\/vosgesinfo.fr\/laplainedesvosgesinfo\/2023\/06\/importante-reunion-a-vittel-pour-la-reouverture-de-la-ligne-14\/#article\",\"isPartOf\":{\"@id\":\"https:\/\/vosgesinfo.fr\/laplainedesvosgesinfo\/2023\/06\/importante-reunion-a-vittel-pour-la-reouverture-de-la-ligne-14\/\"},\"author\":{\"name\":\"F L\",\"@id\":\"https:\/\/vosgesinfo.fr\/laplainedesvosgesinfo\/#\/schema\/person\/79e32bebcee803e323d575130a214cb1\"},\"headline\":\"Importante r\u00e9union \u00e0 Vittel pour la r\u00e9ouverture de la ligne 14\",\"datePublished\":\"2023-06-29T13:12:25+00:00\",\"dateModified\":\"2023-06-29T13:12:25+00:00\",\"mainEntityOfPage\":{\"@id\":\"https:\/\/vosgesinfo.fr\/laplainedesvosgesinfo\/2023\/06\/importante-reunion-a-vittel-pour-la-reouverture-de-la-ligne-14\/\"},\"wordCount\":330,\"commentCount\":0,\"publisher\":{\"@id\":\"https:\/\/vosgesinfo.fr\/laplainedesvosgesinfo\/#organization\"},\"image\":{\"@id\":\"https:\/\/vosgesinfo.fr\/laplainedesvosgesinfo\/2023\/06\/importante-reunion-a-vittel-pour-la-reouverture-de-la-ligne-14\/#primaryimage\"},\"thumbnailUrl\":\"https:\/\/vosgesinfo.fr\/app\/uploads\/sites\/2\/2024\/07\/2023068119dd10-4b11-460c-a93d-052e3b6b9a6c.jpeg\",\"keywords\":[\"DAvid Valence\",\"Franck Perry\",\"Patrick Floquet\",\"Ville de Vittel\"],\"articleSection\":[\"A la Une\",\"La Plaine\",\"Vittel\",\"Vosges\"],\"inLanguage\":\"fr-FR\",\"potentialAction\":[{\"@type\":\"CommentAction\",\"name\":\"Comment\",\"target\":[\"https:\/\/vosgesinfo.fr\/laplainedesvosgesinfo\/2023\/06\/importante-reunion-a-vittel-pour-la-reouverture-de-la-ligne-14\/#respond\"]}]},{\"@type\":\"WebPage\",\"@id\":\"https:\/\/vosgesinfo.fr\/laplainedesvosgesinfo\/2023\/06\/importante-reunion-a-vittel-pour-la-reouverture-de-la-ligne-14\/\",\"url\":\"https:\/\/vosgesinfo.fr\/laplainedesvosgesinfo\/2023\/06\/importante-reunion-a-vittel-pour-la-reouverture-de-la-ligne-14\/\",\"name\":\"Importante r\u00e9union \u00e0 Vittel pour la r\u00e9ouverture de la ligne 14 - La Plaine des Vosges\",\"isPartOf\":{\"@id\":\"https:\/\/vosgesinfo.fr\/laplainedesvosgesinfo\/#website\"},\"primaryImageOfPage\":{\"@id\":\"https:\/\/vosgesinfo.fr\/laplainedesvosgesinfo\/2023\/06\/importante-reunion-a-vittel-pour-la-reouverture-de-la-ligne-14\/#primaryimage\"},\"image\":{\"@id\":\"https:\/\/vosgesinfo.fr\/laplainedesvosgesinfo\/2023\/06\/importante-reunion-a-vittel-pour-la-reouverture-de-la-ligne-14\/#primaryimage\"},\"thumbnailUrl\":\"https:\/\/vosgesinfo.fr\/app\/uploads\/sites\/2\/2024\/07\/2023068119dd10-4b11-460c-a93d-052e3b6b9a6c.jpeg\",\"datePublished\":\"2023-06-29T13:12:25+00:00\",\"dateModified\":\"2023-06-29T13:12:25+00:00\",\"breadcrumb\":{\"@id\":\"https:\/\/vosgesinfo.fr\/laplainedesvosgesinfo\/2023\/06\/importante-reunion-a-vittel-pour-la-reouverture-de-la-ligne-14\/#breadcrumb\"},\"inLanguage\":\"fr-FR\",\"potentialAction\":[{\"@type\":\"ReadAction\",\"target\":[\"https:\/\/vosgesinfo.fr\/laplainedesvosgesinfo\/2023\/06\/importante-reunion-a-vittel-pour-la-reouverture-de-la-ligne-14\/\"]}]},{\"@type\":\"ImageObject\",\"inLanguage\":\"fr-FR\",\"@id\":\"https:\/\/vosgesinfo.fr\/laplainedesvosgesinfo\/2023\/06\/importante-reunion-a-vittel-pour-la-reouverture-de-la-ligne-14\/#primaryimage\",\"url\":\"https:\/\/vosgesinfo.fr\/app\/uploads\/sites\/2\/2024\/07\/2023068119dd10-4b11-460c-a93d-052e3b6b9a6c.jpeg\",\"contentUrl\":\"https:\/\/vosgesinfo.fr\/app\/uploads\/sites\/2\/2024\/07\/2023068119dd10-4b11-460c-a93d-052e3b6b9a6c.jpeg\",\"width\":800,\"height\":450},{\"@type\":\"BreadcrumbList\",\"@id\":\"https:\/\/vosgesinfo.fr\/laplainedesvosgesinfo\/2023\/06\/importante-reunion-a-vittel-pour-la-reouverture-de-la-ligne-14\/#breadcrumb\",\"itemListElement\":[{\"@type\":\"ListItem\",\"position\":1,\"name\":\"Home\",\"item\":\"https:\/\/vosgesinfo.fr\/laplainedesvosgesinfo\/\"},{\"@type\":\"ListItem\",\"position\":2,\"name\":\"Importante r\u00e9union \u00e0 Vittel pour la r\u00e9ouverture de la ligne 14\"}]},{\"@type\":\"WebSite\",\"@id\":\"https:\/\/vosgesinfo.fr\/laplainedesvosgesinfo\/#website\",\"url\":\"https:\/\/vosgesinfo.fr\/laplainedesvosgesinfo\/\",\"name\":\"La Plaine des Vosges\",\"description\":\"Toute l&#039;actualit\u00e9 de la plaine de Vosges\",\"publisher\":{\"@id\":\"https:\/\/vosgesinfo.fr\/laplainedesvosgesinfo\/#organization\"},\"alternateName\":\"Toute l'actualit\u00e9 de la plaine des Vosges\",\"potentialAction\":[{\"@type\":\"SearchAction\",\"target\":{\"@type\":\"EntryPoint\",\"urlTemplate\":\"https:\/\/vosgesinfo.fr\/laplainedesvosgesinfo\/?s={search_term_string}\"},\"query-input\":\"required name=search_term_string\"}],\"inLanguage\":\"fr-FR\"},{\"@type\":\"Organization\",\"@id\":\"https:\/\/vosgesinfo.fr\/laplainedesvosgesinfo\/#organization\",\"name\":\"La Plaine des Vosges\",\"url\":\"https:\/\/vosgesinfo.fr\/laplainedesvosgesinfo\/\",\"logo\":{\"@type\":\"ImageObject\",\"inLanguage\":\"fr-FR\",\"@id\":\"https:\/\/vosgesinfo.fr\/laplainedesvosgesinfo\/#\/schema\/logo\/image\/\",\"url\":\"https:\/\/vosgesinfo.fr\/app\/uploads\/sites\/2\/2023\/08\/logo-laplaineinfo.svg\",\"contentUrl\":\"https:\/\/vosgesinfo.fr\/app\/uploads\/sites\/2\/2023\/08\/logo-laplaineinfo.svg\",\"width\":1,\"height\":1,\"caption\":\"La Plaine des Vosges\"},\"image\":{\"@id\":\"https:\/\/vosgesinfo.fr\/laplainedesvosgesinfo\/#\/schema\/logo\/image\/\"},\"sameAs\":[\"https:\/\/www.facebook.com\/laplainedesvosges\",\"https:\/\/x.com\/VosgesInfo88\",\"https:\/\/www.youtube.com\/@vosgesinfo\"]},{\"@type\":\"Person\",\"@id\":\"https:\/\/vosgesinfo.fr\/laplainedesvosgesinfo\/#\/schema\/person\/79e32bebcee803e323d575130a214cb1\",\"name\":\"F L\",\"image\":{\"@type\":\"ImageObject\",\"inLanguage\":\"fr-FR\",\"@id\":\"https:\/\/vosgesinfo.fr\/laplainedesvosgesinfo\/#\/schema\/person\/image\/\",\"url\":\"https:\/\/secure.gravatar.com\/avatar\/d357c72e152089867fde6ef62184057ee532a6f21b254c937a932e835554cfb3?s=96&d=mm&r=g\",\"contentUrl\":\"https:\/\/secure.gravatar.com\/avatar\/d357c72e152089867fde6ef62184057ee532a6f21b254c937a932e835554cfb3?s=96&d=mm&r=g\",\"caption\":\"F L\"},\"url\":\"https:\/\/vosgesinfo.fr\/laplainedesvosgesinfo\/author\/frlevyp88\/\"}]}<\/script>\n<!-- \/ Yoast SEO plugin. -->","yoast_head_json":{"title":"Importante r\u00e9union \u00e0 Vittel pour la r\u00e9ouverture de la ligne 14 - La Plaine des Vosges","robots":{"index":"index","follow":"follow","max-snippet":"max-snippet:-1","max-image-preview":"max-image-preview:large","max-video-preview":"max-video-preview:-1"},"canonical":"https:\/\/vosgesinfo.fr\/laplainedesvosgesinfo\/2023\/06\/importante-reunion-a-vittel-pour-la-reouverture-de-la-ligne-14\/","twitter_card":"summary_large_image","twitter_title":"Importante r\u00e9union \u00e0 Vittel pour la r\u00e9ouverture de la ligne 14 - La Plaine des Vosges","twitter_description":"C\u2019est dans l\u2019\u00e9crin rouge de la salle de cin\u00e9ma de l\u2019Alhambra \u00e0 Vittel, que s\u2019est tenue une importante r\u00e9union concernant [&hellip;]","twitter_image":"https:\/\/vosgesinfo.fr\/app\/uploads\/sites\/2\/2024\/07\/2023068119dd10-4b11-460c-a93d-052e3b6b9a6c.jpeg","twitter_creator":"@VosgesInfo88","twitter_site":"@VosgesInfo88","twitter_misc":{"\u00c9crit par":"F L","Dur\u00e9e de lecture estim\u00e9e":"2 minutes"},"schema":{"@context":"https:\/\/schema.org","@graph":[{"@type":"Article","@id":"https:\/\/vosgesinfo.fr\/laplainedesvosgesinfo\/2023\/06\/importante-reunion-a-vittel-pour-la-reouverture-de-la-ligne-14\/#article","isPartOf":{"@id":"https:\/\/vosgesinfo.fr\/laplainedesvosgesinfo\/2023\/06\/importante-reunion-a-vittel-pour-la-reouverture-de-la-ligne-14\/"},"author":{"name":"F L","@id":"https:\/\/vosgesinfo.fr\/laplainedesvosgesinfo\/#\/schema\/person\/79e32bebcee803e323d575130a214cb1"},"headline":"Importante r\u00e9union \u00e0 Vittel pour la r\u00e9ouverture de la ligne 14","datePublished":"2023-06-29T13:12:25+00:00","dateModified":"2023-06-29T13:12:25+00:00","mainEntityOfPage":{"@id":"https:\/\/vosgesinfo.fr\/laplainedesvosgesinfo\/2023\/06\/importante-reunion-a-vittel-pour-la-reouverture-de-la-ligne-14\/"},"wordCount":330,"commentCount":0,"publisher":{"@id":"https:\/\/vosgesinfo.fr\/laplainedesvosgesinfo\/#organization"},"image":{"@id":"https:\/\/vosgesinfo.fr\/laplainedesvosgesinfo\/2023\/06\/importante-reunion-a-vittel-pour-la-reouverture-de-la-ligne-14\/#primaryimage"},"thumbnailUrl":"https:\/\/vosgesinfo.fr\/app\/uploads\/sites\/2\/2024\/07\/2023068119dd10-4b11-460c-a93d-052e3b6b9a6c.jpeg","keywords":["DAvid Valence","Franck Perry","Patrick Floquet","Ville de Vittel"],"articleSection":["A la Une","La Plaine","Vittel","Vosges"],"inLanguage":"fr-FR","potentialAction":[{"@type":"CommentAction","name":"Comment","target":["https:\/\/vosgesinfo.fr\/laplainedesvosgesinfo\/2023\/06\/importante-reunion-a-vittel-pour-la-reouverture-de-la-ligne-14\/#respond"]}]},{"@type":"WebPage","@id":"https:\/\/vosgesinfo.fr\/laplainedesvosgesinfo\/2023\/06\/importante-reunion-a-vittel-pour-la-reouverture-de-la-ligne-14\/","url":"https:\/\/vosgesinfo.fr\/laplainedesvosgesinfo\/2023\/06\/importante-reunion-a-vittel-pour-la-reouverture-de-la-ligne-14\/","name":"Importante r\u00e9union \u00e0 Vittel pour la r\u00e9ouverture de la ligne 14 - La Plaine des Vosges","isPartOf":{"@id":"https:\/\/vosgesinfo.fr\/laplainedesvosgesinfo\/#website"},"primaryImageOfPage":{"@id":"https:\/\/vosgesinfo.fr\/laplainedesvosgesinfo\/2023\/06\/importante-reunion-a-vittel-pour-la-reouverture-de-la-ligne-14\/#primaryimage"},"image":{"@id":"https:\/\/vosgesinfo.fr\/laplainedesvosgesinfo\/2023\/06\/importante-reunion-a-vittel-pour-la-reouverture-de-la-ligne-14\/#primaryimage"},"thumbnailUrl":"https:\/\/vosgesinfo.fr\/app\/uploads\/sites\/2\/2024\/07\/2023068119dd10-4b11-460c-a93d-052e3b6b9a6c.jpeg","datePublished":"2023-06-29T13:12:25+00:00","dateModified":"2023-06-29T13:12:25+00:00","breadcrumb":{"@id":"https:\/\/vosgesinfo.fr\/laplainedesvosgesinfo\/2023\/06\/importante-reunion-a-vittel-pour-la-reouverture-de-la-ligne-14\/#breadcrumb"},"inLanguage":"fr-FR","potentialAction":[{"@type":"ReadAction","target":["https:\/\/vosgesinfo.fr\/laplainedesvosgesinfo\/2023\/06\/importante-reunion-a-vittel-pour-la-reouverture-de-la-ligne-14\/"]}]},{"@type":"ImageObject","inLanguage":"fr-FR","@id":"https:\/\/vosgesinfo.fr\/laplainedesvosgesinfo\/2023\/06\/importante-reunion-a-vittel-pour-la-reouverture-de-la-ligne-14\/#primaryimage","url":"https:\/\/vosgesinfo.fr\/app\/uploads\/sites\/2\/2024\/07\/2023068119dd10-4b11-460c-a93d-052e3b6b9a6c.jpeg","contentUrl":"https:\/\/vosgesinfo.fr\/app\/uploads\/sites\/2\/2024\/07\/2023068119dd10-4b11-460c-a93d-052e3b6b9a6c.jpeg","width":800,"height":450},{"@type":"BreadcrumbList","@id":"https:\/\/vosgesinfo.fr\/laplainedesvosgesinfo\/2023\/06\/importante-reunion-a-vittel-pour-la-reouverture-de-la-ligne-14\/#breadcrumb","itemListElement":[{"@type":"ListItem","position":1,"name":"Home","item":"https:\/\/vosgesinfo.fr\/laplainedesvosgesinfo\/"},{"@type":"ListItem","position":2,"name":"Importante r\u00e9union \u00e0 Vittel pour la r\u00e9ouverture de la ligne 14"}]},{"@type":"WebSite","@id":"https:\/\/vosgesinfo.fr\/laplainedesvosgesinfo\/#website","url":"https:\/\/vosgesinfo.fr\/laplainedesvosgesinfo\/","name":"La Plaine des Vosges","description":"Toute l&#039;actualit\u00e9 de la plaine de Vosges","publisher":{"@id":"https:\/\/vosgesinfo.fr\/laplainedesvosgesinfo\/#organization"},"alternateName":"Toute l'actualit\u00e9 de la plaine des Vosges","potentialAction":[{"@type":"SearchAction","target":{"@type":"EntryPoint","urlTemplate":"https:\/\/vosgesinfo.fr\/laplainedesvosgesinfo\/?s={search_term_string}"},"query-input":"required name=search_term_string"}],"inLanguage":"fr-FR"},{"@type":"Organization","@id":"https:\/\/vosgesinfo.fr\/laplainedesvosgesinfo\/#organization","name":"La Plaine des Vosges","url":"https:\/\/vosgesinfo.fr\/laplainedesvosgesinfo\/","logo":{"@type":"ImageObject","inLanguage":"fr-FR","@id":"https:\/\/vosgesinfo.fr\/laplainedesvosgesinfo\/#\/schema\/logo\/image\/","url":"https:\/\/vosgesinfo.fr\/app\/uploads\/sites\/2\/2023\/08\/logo-laplaineinfo.svg","contentUrl":"https:\/\/vosgesinfo.fr\/app\/uploads\/sites\/2\/2023\/08\/logo-laplaineinfo.svg","width":1,"height":1,"caption":"La Plaine des Vosges"},"image":{"@id":"https:\/\/vosgesinfo.fr\/laplainedesvosgesinfo\/#\/schema\/logo\/image\/"},"sameAs":["https:\/\/www.facebook.com\/laplainedesvosges","https:\/\/x.com\/VosgesInfo88","https:\/\/www.youtube.com\/@vosgesinfo"]},{"@type":"Person","@id":"https:\/\/vosgesinfo.fr\/laplainedesvosgesinfo\/#\/schema\/person\/79e32bebcee803e323d575130a214cb1","name":"F L","image":{"@type":"ImageObject","inLanguage":"fr-FR","@id":"https:\/\/vosgesinfo.fr\/laplainedesvosgesinfo\/#\/schema\/person\/image\/","url":"https:\/\/secure.gravatar.com\/avatar\/d357c72e152089867fde6ef62184057ee532a6f21b254c937a932e835554cfb3?s=96&d=mm&r=g","contentUrl":"https:\/\/secure.gravatar.com\/avatar\/d357c72e152089867fde6ef62184057ee532a6f21b254c937a932e835554cfb3?s=96&d=mm&r=g","caption":"F L"},"url":"https:\/\/vosgesinfo.fr\/laplainedesvosgesinfo\/author\/frlevyp88\/"}]}},"_links":{"self":[{"href":"https:\/\/vosgesinfo.fr\/laplainedesvosgesinfo\/wp-json\/wp\/v2\/posts\/26179","targetHints":{"allow":["GET"]}}],"collection":[{"href":"https:\/\/vosgesinfo.fr\/laplainedesvosgesinfo\/wp-json\/wp\/v2\/posts"}],"about":[{"href":"https:\/\/vosgesinfo.fr\/laplainedesvosgesinfo\/wp-json\/wp\/v2\/types\/post"}],"author":[{"embeddable":true,"href":"https:\/\/vosgesinfo.fr\/laplainedesvosgesinfo\/wp-json\/wp\/v2\/users\/128"}],"replies":[{"embeddable":true,"href":"https:\/\/vosgesinfo.fr\/laplainedesvosgesinfo\/wp-json\/wp\/v2\/comments?post=26179"}],"version-history":[{"count":0,"href":"https:\/\/vosgesinfo.fr\/laplainedesvosgesinfo\/wp-json\/wp\/v2\/posts\/26179\/revisions"}],"wp:featuredmedia":[{"embeddable":true,"href":"https:\/\/vosgesinfo.fr\/laplainedesvosgesinfo\/wp-json\/wp\/v2\/media\/26180"}],"wp:attachment":[{"href":"https:\/\/vosgesinfo.fr\/laplainedesvosgesinfo\/wp-json\/wp\/v2\/media?parent=26179"}],"wp:term":[{"taxonomy":"category","embeddable":true,"href":"https:\/\/vosgesinfo.fr\/laplainedesvosgesinfo\/wp-json\/wp\/v2\/categories?post=26179"},{"taxonomy":"post_tag","embeddable":true,"href":"https:\/\/vosgesinfo.fr\/laplainedesvosgesinfo\/wp-json\/wp\/v2\/tags?post=26179"}],"curies":[{"name":"wp","href":"https:\/\/api.w.org\/{rel}","templated":true}]}}