{"id":2624,"date":"2016-02-10T16:53:34","date_gmt":"2016-02-10T15:53:34","guid":{"rendered":"https:\/\/vosgesinfo.fr\/laplainedesvosgesinfo\/2016\/02\/vittel-une-vice-championne-de-lorraine-pour-lassrv\/"},"modified":"2016-02-10T16:53:34","modified_gmt":"2016-02-10T15:53:34","slug":"vittel-une-vice-championne-de-lorraine-pour-lassrv","status":"publish","type":"post","link":"https:\/\/vosgesinfo.fr\/laplainedesvosgesinfo\/2016\/02\/vittel-une-vice-championne-de-lorraine-pour-lassrv\/","title":{"rendered":"Vittel &#8211; Une vice-championne de Lorraine pour l&rsquo;ASSRV"},"content":{"rendered":"<p>Le championnat de Cross de Lorraine s&rsquo;est tenu le samedi 31 janvier sur l&rsquo;hippodrome de Vandoeuvre-l\u00e8s-Nancy. De nombreux athl\u00e8tes de l&rsquo;AS Saint-R\u00e9my Athl\u00e9tisme \u00e9taient pr\u00e9sents. Au total, cette comp\u00e9tition a rassembl\u00e9e plus de 1000 participants.<\/p>\n<p><strong>Cl\u00e9mence Choffel, concourant pour les couleurs vittelloises, termine deuxi\u00e8me et remporte donc le titre de vice-championne de Lorraine en cat\u00e9gorie benjamine avec un temps de 9&rsquo;57\u00a0\u00bb sur une distance de 2350m.<\/strong><\/p>\n<p>Maryse Mougeot attrape la 3\u00e8 place en cross court de 3100m et 13&rsquo;36\u00a0\u00bb.<\/p>\n<div id=\"attachment_72484\" style=\"width: 620px\" class=\"wp-caption aligncenter\"><a href=\"\/2016\/02\/Cross_lorraine_clemence-2.jpg\"><img decoding=\"async\" aria-describedby=\"caption-attachment-72484\" class=\" wp-image-72484\" src=\"\/2016\/02\/Cross_lorraine_clemence-2.jpg\" alt=\"Cl\u00e9mence Choffel (au centre)\" width=\"610\" height=\"366\" \/><\/a><p id=\"caption-attachment-72484\" class=\"wp-caption-text\">Cl\u00e9mence Choffel (au centre)<\/p><\/div>\n<p>D&rsquo;autres athl\u00e8tes de l&rsquo;AS Saint-R\u00e9my se sont qualifi\u00e9s durant ce week-end. Le samedi 30 janviers avait lieu le Championnat performance de Lorraine en salle \u00e0 Metz.<\/p>\n<p>En hauteur, avec un saut d&rsquo;1,80m, Florian Gehin prend la deuxi\u00e8me place en cat\u00e9gorie cadet.<\/p>\n<p>En perche, Florence Lassausse se place en 6\u00e8 position avec un saut \u00e0 3,24m et bute sur une barre relev\u00e9e de 10cm \u00e0 3,34m. Elle se place tout de m\u00eame deuxi\u00e8me en cat\u00e9gorie S\u00e9niore.<\/p>\n<div id=\"attachment_72485\" style=\"width: 621px\" class=\"wp-caption aligncenter\"><a href=\"\/2016\/02\/florian-aux-lorraine-2.jpg\"><img decoding=\"async\" aria-describedby=\"caption-attachment-72485\" class=\"wp-image-72485\" src=\"\/2016\/02\/florian-aux-lorraine-2.jpg\" alt=\"florian aux lorraine (2)\" width=\"611\" height=\"458\" \/><\/a><p id=\"caption-attachment-72485\" class=\"wp-caption-text\">Florian Gehin<\/p><\/div>\n<p>&nbsp;<\/p>\n<p>A.J.<\/p>\n","protected":false},"excerpt":{"rendered":"<p>Le championnat de Cross de Lorraine s&rsquo;est tenu le samedi 31 janvier sur l&rsquo;hippodrome de Vandoeuvre-l\u00e8s-Nancy. De nombreux athl\u00e8tes de [&hellip;]<\/p>\n","protected":false},"author":1,"featured_media":2625,"comment_status":"open","ping_status":"open","sticky":false,"template":"","format":"standard","meta":{"footnotes":""},"categories":[29,14],"tags":[],"class_list":["post-2624","post","type-post","status-publish","format-standard","has-post-thumbnail","hentry","category-a-la-une","category-sport"],"acf":[],"yoast_head":"<!-- This site is optimized with the Yoast SEO plugin v22.5 - https:\/\/yoast.com\/wordpress\/plugins\/seo\/ -->\n<title>Vittel - Une vice-championne de Lorraine pour l&#039;ASSRV - La Plaine des Vosges<\/title>\n<meta name=\"robots\" content=\"index, follow, max-snippet:-1, max-image-preview:large, max-video-preview:-1\" \/>\n<link rel=\"canonical\" href=\"https:\/\/vosgesinfo.fr\/laplainedesvosgesinfo\/2016\/02\/vittel-une-vice-championne-de-lorraine-pour-lassrv\/\" \/>\n<meta name=\"twitter:card\" content=\"summary_large_image\" \/>\n<meta name=\"twitter:title\" content=\"Vittel - Une vice-championne de Lorraine pour l&#039;ASSRV - La Plaine des Vosges\" \/>\n<meta name=\"twitter:description\" content=\"Le championnat de Cross de Lorraine s&rsquo;est tenu le samedi 31 janvier sur l&rsquo;hippodrome de Vandoeuvre-l\u00e8s-Nancy. De nombreux athl\u00e8tes de [&hellip;]\" \/>\n<meta name=\"twitter:image\" content=\"https:\/\/vosgesinfo.fr\/app\/uploads\/sites\/2\/2024\/06\/201602cross-lorraine-clemence-2.jpg\" \/>\n<meta name=\"twitter:creator\" content=\"@VosgesInfo88\" \/>\n<meta name=\"twitter:site\" content=\"@VosgesInfo88\" \/>\n<meta name=\"twitter:label1\" content=\"\u00c9crit par\" \/>\n\t<meta name=\"twitter:data1\" content=\"qs_admin\" \/>\n\t<meta name=\"twitter:label2\" content=\"Dur\u00e9e de lecture estim\u00e9e\" \/>\n\t<meta name=\"twitter:data2\" content=\"1 minute\" \/>\n<script type=\"application\/ld+json\" class=\"yoast-schema-graph\">{\"@context\":\"https:\/\/schema.org\",\"@graph\":[{\"@type\":\"Article\",\"@id\":\"https:\/\/vosgesinfo.fr\/laplainedesvosgesinfo\/2016\/02\/vittel-une-vice-championne-de-lorraine-pour-lassrv\/#article\",\"isPartOf\":{\"@id\":\"https:\/\/vosgesinfo.fr\/laplainedesvosgesinfo\/2016\/02\/vittel-une-vice-championne-de-lorraine-pour-lassrv\/\"},\"author\":{\"name\":\"qs_admin\",\"@id\":\"https:\/\/vosgesinfo.fr\/laplainedesvosgesinfo\/#\/schema\/person\/bc5d02d71e6932e81b6dadb7386667b1\"},\"headline\":\"Vittel &#8211; Une vice-championne de Lorraine pour l&rsquo;ASSRV\",\"datePublished\":\"2016-02-10T15:53:34+00:00\",\"dateModified\":\"2016-02-10T15:53:34+00:00\",\"mainEntityOfPage\":{\"@id\":\"https:\/\/vosgesinfo.fr\/laplainedesvosgesinfo\/2016\/02\/vittel-une-vice-championne-de-lorraine-pour-lassrv\/\"},\"wordCount\":203,\"commentCount\":0,\"publisher\":{\"@id\":\"https:\/\/vosgesinfo.fr\/laplainedesvosgesinfo\/#organization\"},\"image\":{\"@id\":\"https:\/\/vosgesinfo.fr\/laplainedesvosgesinfo\/2016\/02\/vittel-une-vice-championne-de-lorraine-pour-lassrv\/#primaryimage\"},\"thumbnailUrl\":\"https:\/\/vosgesinfo.fr\/app\/uploads\/sites\/2\/2024\/06\/201602cross-lorraine-clemence-2.jpg\",\"articleSection\":[\"A la Une\",\"Sport\"],\"inLanguage\":\"fr-FR\",\"potentialAction\":[{\"@type\":\"CommentAction\",\"name\":\"Comment\",\"target\":[\"https:\/\/vosgesinfo.fr\/laplainedesvosgesinfo\/2016\/02\/vittel-une-vice-championne-de-lorraine-pour-lassrv\/#respond\"]}]},{\"@type\":\"WebPage\",\"@id\":\"https:\/\/vosgesinfo.fr\/laplainedesvosgesinfo\/2016\/02\/vittel-une-vice-championne-de-lorraine-pour-lassrv\/\",\"url\":\"https:\/\/vosgesinfo.fr\/laplainedesvosgesinfo\/2016\/02\/vittel-une-vice-championne-de-lorraine-pour-lassrv\/\",\"name\":\"Vittel - Une vice-championne de Lorraine pour l'ASSRV - La Plaine des Vosges\",\"isPartOf\":{\"@id\":\"https:\/\/vosgesinfo.fr\/laplainedesvosgesinfo\/#website\"},\"primaryImageOfPage\":{\"@id\":\"https:\/\/vosgesinfo.fr\/laplainedesvosgesinfo\/2016\/02\/vittel-une-vice-championne-de-lorraine-pour-lassrv\/#primaryimage\"},\"image\":{\"@id\":\"https:\/\/vosgesinfo.fr\/laplainedesvosgesinfo\/2016\/02\/vittel-une-vice-championne-de-lorraine-pour-lassrv\/#primaryimage\"},\"thumbnailUrl\":\"https:\/\/vosgesinfo.fr\/app\/uploads\/sites\/2\/2024\/06\/201602cross-lorraine-clemence-2.jpg\",\"datePublished\":\"2016-02-10T15:53:34+00:00\",\"dateModified\":\"2016-02-10T15:53:34+00:00\",\"breadcrumb\":{\"@id\":\"https:\/\/vosgesinfo.fr\/laplainedesvosgesinfo\/2016\/02\/vittel-une-vice-championne-de-lorraine-pour-lassrv\/#breadcrumb\"},\"inLanguage\":\"fr-FR\",\"potentialAction\":[{\"@type\":\"ReadAction\",\"target\":[\"https:\/\/vosgesinfo.fr\/laplainedesvosgesinfo\/2016\/02\/vittel-une-vice-championne-de-lorraine-pour-lassrv\/\"]}]},{\"@type\":\"ImageObject\",\"inLanguage\":\"fr-FR\",\"@id\":\"https:\/\/vosgesinfo.fr\/laplainedesvosgesinfo\/2016\/02\/vittel-une-vice-championne-de-lorraine-pour-lassrv\/#primaryimage\",\"url\":\"https:\/\/vosgesinfo.fr\/app\/uploads\/sites\/2\/2024\/06\/201602cross-lorraine-clemence-2.jpg\",\"contentUrl\":\"https:\/\/vosgesinfo.fr\/app\/uploads\/sites\/2\/2024\/06\/201602cross-lorraine-clemence-2.jpg\",\"width\":800,\"height\":480},{\"@type\":\"BreadcrumbList\",\"@id\":\"https:\/\/vosgesinfo.fr\/laplainedesvosgesinfo\/2016\/02\/vittel-une-vice-championne-de-lorraine-pour-lassrv\/#breadcrumb\",\"itemListElement\":[{\"@type\":\"ListItem\",\"position\":1,\"name\":\"Home\",\"item\":\"https:\/\/vosgesinfo.fr\/laplainedesvosgesinfo\/\"},{\"@type\":\"ListItem\",\"position\":2,\"name\":\"Vittel &#8211; Une vice-championne de Lorraine pour l&rsquo;ASSRV\"}]},{\"@type\":\"WebSite\",\"@id\":\"https:\/\/vosgesinfo.fr\/laplainedesvosgesinfo\/#website\",\"url\":\"https:\/\/vosgesinfo.fr\/laplainedesvosgesinfo\/\",\"name\":\"La Plaine des Vosges\",\"description\":\"Toute l&#039;actualit\u00e9 de la plaine de Vosges\",\"publisher\":{\"@id\":\"https:\/\/vosgesinfo.fr\/laplainedesvosgesinfo\/#organization\"},\"alternateName\":\"Toute l'actualit\u00e9 de la plaine des Vosges\",\"potentialAction\":[{\"@type\":\"SearchAction\",\"target\":{\"@type\":\"EntryPoint\",\"urlTemplate\":\"https:\/\/vosgesinfo.fr\/laplainedesvosgesinfo\/?s={search_term_string}\"},\"query-input\":\"required name=search_term_string\"}],\"inLanguage\":\"fr-FR\"},{\"@type\":\"Organization\",\"@id\":\"https:\/\/vosgesinfo.fr\/laplainedesvosgesinfo\/#organization\",\"name\":\"La Plaine des Vosges\",\"url\":\"https:\/\/vosgesinfo.fr\/laplainedesvosgesinfo\/\",\"logo\":{\"@type\":\"ImageObject\",\"inLanguage\":\"fr-FR\",\"@id\":\"https:\/\/vosgesinfo.fr\/laplainedesvosgesinfo\/#\/schema\/logo\/image\/\",\"url\":\"https:\/\/vosgesinfo.fr\/app\/uploads\/sites\/2\/2023\/08\/logo-laplaineinfo.svg\",\"contentUrl\":\"https:\/\/vosgesinfo.fr\/app\/uploads\/sites\/2\/2023\/08\/logo-laplaineinfo.svg\",\"width\":1,\"height\":1,\"caption\":\"La Plaine des Vosges\"},\"image\":{\"@id\":\"https:\/\/vosgesinfo.fr\/laplainedesvosgesinfo\/#\/schema\/logo\/image\/\"},\"sameAs\":[\"https:\/\/www.facebook.com\/laplainedesvosges\",\"https:\/\/x.com\/VosgesInfo88\",\"https:\/\/www.youtube.com\/@vosgesinfo\"]},{\"@type\":\"Person\",\"@id\":\"https:\/\/vosgesinfo.fr\/laplainedesvosgesinfo\/#\/schema\/person\/bc5d02d71e6932e81b6dadb7386667b1\",\"name\":\"qs_admin\",\"image\":{\"@type\":\"ImageObject\",\"inLanguage\":\"fr-FR\",\"@id\":\"https:\/\/vosgesinfo.fr\/laplainedesvosgesinfo\/#\/schema\/person\/image\/\",\"url\":\"https:\/\/secure.gravatar.com\/avatar\/94b18ee0ed79e4a42ea2f2931277b6841a8999fc6fde214600c78057cf1fe1de?s=96&d=mm&r=g\",\"contentUrl\":\"https:\/\/secure.gravatar.com\/avatar\/94b18ee0ed79e4a42ea2f2931277b6841a8999fc6fde214600c78057cf1fe1de?s=96&d=mm&r=g\",\"caption\":\"qs_admin\"},\"sameAs\":[\"https:\/\/vosgesinfo.fr\/wp\"],\"url\":\"https:\/\/vosgesinfo.fr\/laplainedesvosgesinfo\/author\/qs_admin\/\"}]}<\/script>\n<!-- \/ Yoast SEO plugin. -->","yoast_head_json":{"title":"Vittel - Une vice-championne de Lorraine pour l'ASSRV - La Plaine des Vosges","robots":{"index":"index","follow":"follow","max-snippet":"max-snippet:-1","max-image-preview":"max-image-preview:large","max-video-preview":"max-video-preview:-1"},"canonical":"https:\/\/vosgesinfo.fr\/laplainedesvosgesinfo\/2016\/02\/vittel-une-vice-championne-de-lorraine-pour-lassrv\/","twitter_card":"summary_large_image","twitter_title":"Vittel - Une vice-championne de Lorraine pour l'ASSRV - La Plaine des Vosges","twitter_description":"Le championnat de Cross de Lorraine s&rsquo;est tenu le samedi 31 janvier sur l&rsquo;hippodrome de Vandoeuvre-l\u00e8s-Nancy. De nombreux athl\u00e8tes de [&hellip;]","twitter_image":"https:\/\/vosgesinfo.fr\/app\/uploads\/sites\/2\/2024\/06\/201602cross-lorraine-clemence-2.jpg","twitter_creator":"@VosgesInfo88","twitter_site":"@VosgesInfo88","twitter_misc":{"\u00c9crit par":"qs_admin","Dur\u00e9e de lecture estim\u00e9e":"1 minute"},"schema":{"@context":"https:\/\/schema.org","@graph":[{"@type":"Article","@id":"https:\/\/vosgesinfo.fr\/laplainedesvosgesinfo\/2016\/02\/vittel-une-vice-championne-de-lorraine-pour-lassrv\/#article","isPartOf":{"@id":"https:\/\/vosgesinfo.fr\/laplainedesvosgesinfo\/2016\/02\/vittel-une-vice-championne-de-lorraine-pour-lassrv\/"},"author":{"name":"qs_admin","@id":"https:\/\/vosgesinfo.fr\/laplainedesvosgesinfo\/#\/schema\/person\/bc5d02d71e6932e81b6dadb7386667b1"},"headline":"Vittel &#8211; Une vice-championne de Lorraine pour l&rsquo;ASSRV","datePublished":"2016-02-10T15:53:34+00:00","dateModified":"2016-02-10T15:53:34+00:00","mainEntityOfPage":{"@id":"https:\/\/vosgesinfo.fr\/laplainedesvosgesinfo\/2016\/02\/vittel-une-vice-championne-de-lorraine-pour-lassrv\/"},"wordCount":203,"commentCount":0,"publisher":{"@id":"https:\/\/vosgesinfo.fr\/laplainedesvosgesinfo\/#organization"},"image":{"@id":"https:\/\/vosgesinfo.fr\/laplainedesvosgesinfo\/2016\/02\/vittel-une-vice-championne-de-lorraine-pour-lassrv\/#primaryimage"},"thumbnailUrl":"https:\/\/vosgesinfo.fr\/app\/uploads\/sites\/2\/2024\/06\/201602cross-lorraine-clemence-2.jpg","articleSection":["A la Une","Sport"],"inLanguage":"fr-FR","potentialAction":[{"@type":"CommentAction","name":"Comment","target":["https:\/\/vosgesinfo.fr\/laplainedesvosgesinfo\/2016\/02\/vittel-une-vice-championne-de-lorraine-pour-lassrv\/#respond"]}]},{"@type":"WebPage","@id":"https:\/\/vosgesinfo.fr\/laplainedesvosgesinfo\/2016\/02\/vittel-une-vice-championne-de-lorraine-pour-lassrv\/","url":"https:\/\/vosgesinfo.fr\/laplainedesvosgesinfo\/2016\/02\/vittel-une-vice-championne-de-lorraine-pour-lassrv\/","name":"Vittel - Une vice-championne de Lorraine pour l'ASSRV - La Plaine des Vosges","isPartOf":{"@id":"https:\/\/vosgesinfo.fr\/laplainedesvosgesinfo\/#website"},"primaryImageOfPage":{"@id":"https:\/\/vosgesinfo.fr\/laplainedesvosgesinfo\/2016\/02\/vittel-une-vice-championne-de-lorraine-pour-lassrv\/#primaryimage"},"image":{"@id":"https:\/\/vosgesinfo.fr\/laplainedesvosgesinfo\/2016\/02\/vittel-une-vice-championne-de-lorraine-pour-lassrv\/#primaryimage"},"thumbnailUrl":"https:\/\/vosgesinfo.fr\/app\/uploads\/sites\/2\/2024\/06\/201602cross-lorraine-clemence-2.jpg","datePublished":"2016-02-10T15:53:34+00:00","dateModified":"2016-02-10T15:53:34+00:00","breadcrumb":{"@id":"https:\/\/vosgesinfo.fr\/laplainedesvosgesinfo\/2016\/02\/vittel-une-vice-championne-de-lorraine-pour-lassrv\/#breadcrumb"},"inLanguage":"fr-FR","potentialAction":[{"@type":"ReadAction","target":["https:\/\/vosgesinfo.fr\/laplainedesvosgesinfo\/2016\/02\/vittel-une-vice-championne-de-lorraine-pour-lassrv\/"]}]},{"@type":"ImageObject","inLanguage":"fr-FR","@id":"https:\/\/vosgesinfo.fr\/laplainedesvosgesinfo\/2016\/02\/vittel-une-vice-championne-de-lorraine-pour-lassrv\/#primaryimage","url":"https:\/\/vosgesinfo.fr\/app\/uploads\/sites\/2\/2024\/06\/201602cross-lorraine-clemence-2.jpg","contentUrl":"https:\/\/vosgesinfo.fr\/app\/uploads\/sites\/2\/2024\/06\/201602cross-lorraine-clemence-2.jpg","width":800,"height":480},{"@type":"BreadcrumbList","@id":"https:\/\/vosgesinfo.fr\/laplainedesvosgesinfo\/2016\/02\/vittel-une-vice-championne-de-lorraine-pour-lassrv\/#breadcrumb","itemListElement":[{"@type":"ListItem","position":1,"name":"Home","item":"https:\/\/vosgesinfo.fr\/laplainedesvosgesinfo\/"},{"@type":"ListItem","position":2,"name":"Vittel &#8211; Une vice-championne de Lorraine pour l&rsquo;ASSRV"}]},{"@type":"WebSite","@id":"https:\/\/vosgesinfo.fr\/laplainedesvosgesinfo\/#website","url":"https:\/\/vosgesinfo.fr\/laplainedesvosgesinfo\/","name":"La Plaine des Vosges","description":"Toute l&#039;actualit\u00e9 de la plaine de Vosges","publisher":{"@id":"https:\/\/vosgesinfo.fr\/laplainedesvosgesinfo\/#organization"},"alternateName":"Toute l'actualit\u00e9 de la plaine des Vosges","potentialAction":[{"@type":"SearchAction","target":{"@type":"EntryPoint","urlTemplate":"https:\/\/vosgesinfo.fr\/laplainedesvosgesinfo\/?s={search_term_string}"},"query-input":"required name=search_term_string"}],"inLanguage":"fr-FR"},{"@type":"Organization","@id":"https:\/\/vosgesinfo.fr\/laplainedesvosgesinfo\/#organization","name":"La Plaine des Vosges","url":"https:\/\/vosgesinfo.fr\/laplainedesvosgesinfo\/","logo":{"@type":"ImageObject","inLanguage":"fr-FR","@id":"https:\/\/vosgesinfo.fr\/laplainedesvosgesinfo\/#\/schema\/logo\/image\/","url":"https:\/\/vosgesinfo.fr\/app\/uploads\/sites\/2\/2023\/08\/logo-laplaineinfo.svg","contentUrl":"https:\/\/vosgesinfo.fr\/app\/uploads\/sites\/2\/2023\/08\/logo-laplaineinfo.svg","width":1,"height":1,"caption":"La Plaine des Vosges"},"image":{"@id":"https:\/\/vosgesinfo.fr\/laplainedesvosgesinfo\/#\/schema\/logo\/image\/"},"sameAs":["https:\/\/www.facebook.com\/laplainedesvosges","https:\/\/x.com\/VosgesInfo88","https:\/\/www.youtube.com\/@vosgesinfo"]},{"@type":"Person","@id":"https:\/\/vosgesinfo.fr\/laplainedesvosgesinfo\/#\/schema\/person\/bc5d02d71e6932e81b6dadb7386667b1","name":"qs_admin","image":{"@type":"ImageObject","inLanguage":"fr-FR","@id":"https:\/\/vosgesinfo.fr\/laplainedesvosgesinfo\/#\/schema\/person\/image\/","url":"https:\/\/secure.gravatar.com\/avatar\/94b18ee0ed79e4a42ea2f2931277b6841a8999fc6fde214600c78057cf1fe1de?s=96&d=mm&r=g","contentUrl":"https:\/\/secure.gravatar.com\/avatar\/94b18ee0ed79e4a42ea2f2931277b6841a8999fc6fde214600c78057cf1fe1de?s=96&d=mm&r=g","caption":"qs_admin"},"sameAs":["https:\/\/vosgesinfo.fr\/wp"],"url":"https:\/\/vosgesinfo.fr\/laplainedesvosgesinfo\/author\/qs_admin\/"}]}},"_links":{"self":[{"href":"https:\/\/vosgesinfo.fr\/laplainedesvosgesinfo\/wp-json\/wp\/v2\/posts\/2624","targetHints":{"allow":["GET"]}}],"collection":[{"href":"https:\/\/vosgesinfo.fr\/laplainedesvosgesinfo\/wp-json\/wp\/v2\/posts"}],"about":[{"href":"https:\/\/vosgesinfo.fr\/laplainedesvosgesinfo\/wp-json\/wp\/v2\/types\/post"}],"author":[{"embeddable":true,"href":"https:\/\/vosgesinfo.fr\/laplainedesvosgesinfo\/wp-json\/wp\/v2\/users\/1"}],"replies":[{"embeddable":true,"href":"https:\/\/vosgesinfo.fr\/laplainedesvosgesinfo\/wp-json\/wp\/v2\/comments?post=2624"}],"version-history":[{"count":0,"href":"https:\/\/vosgesinfo.fr\/laplainedesvosgesinfo\/wp-json\/wp\/v2\/posts\/2624\/revisions"}],"wp:featuredmedia":[{"embeddable":true,"href":"https:\/\/vosgesinfo.fr\/laplainedesvosgesinfo\/wp-json\/wp\/v2\/media\/2625"}],"wp:attachment":[{"href":"https:\/\/vosgesinfo.fr\/laplainedesvosgesinfo\/wp-json\/wp\/v2\/media?parent=2624"}],"wp:term":[{"taxonomy":"category","embeddable":true,"href":"https:\/\/vosgesinfo.fr\/laplainedesvosgesinfo\/wp-json\/wp\/v2\/categories?post=2624"},{"taxonomy":"post_tag","embeddable":true,"href":"https:\/\/vosgesinfo.fr\/laplainedesvosgesinfo\/wp-json\/wp\/v2\/tags?post=2624"}],"curies":[{"name":"wp","href":"https:\/\/api.w.org\/{rel}","templated":true}]}}