{"id":26278,"date":"2023-07-08T06:27:22","date_gmt":"2023-07-08T04:27:22","guid":{"rendered":"https:\/\/vosgesinfo.fr\/laplainedesvosgesinfo\/2023\/07\/nathalie-dumas-dans-les-starting-blocks-pour-le-37eme-salon-de-vittel\/"},"modified":"2023-07-08T06:27:22","modified_gmt":"2023-07-08T04:27:22","slug":"nathalie-dumas-dans-les-starting-blocks-pour-le-37eme-salon-de-vittel","status":"publish","type":"post","link":"https:\/\/vosgesinfo.fr\/laplainedesvosgesinfo\/2023\/07\/nathalie-dumas-dans-les-starting-blocks-pour-le-37eme-salon-de-vittel\/","title":{"rendered":"Nathalie Dumas dans les starting &#8211; blocks pour le 37\u00e8me salon de Vittel"},"content":{"rendered":"<p><strong><a href=\"\/2023\/07\/9E7A3CEC-179C-4668-82EC-FCFADCC48797.jpeg\"><img decoding=\"async\" class=\"aligncenter size-full wp-image-139767\" src=\"\/2023\/07\/9E7A3CEC-179C-4668-82EC-FCFADCC48797.jpeg\" alt=\"Nathalie Dumas photographe\" width=\"800\" height=\"767\" \/><\/a><br \/>\nDerni\u00e8re ligne droite pour l\u2019installation du 37\u00e8me Salon de Peintures et Sculptures de Vittel, ce vendredi 7 juillet 2023. Les derniers accrochages ont \u00e9t\u00e9 termin\u00e9s t\u00f4t dans la matin\u00e9e avant l\u2019ouverture du salon, pr\u00e9vue samedi 8 juillet. La photographie s\u2019est \u00e9galement invit\u00e9e pour cette \u00e9dition 2023. Nathalie Dumas, photographe europ\u00e9enne et M\u00e9daille d\u2019Or de la photographie au Grand Palais, expose plusieurs \u0153uvres, tant au Palais des Congr\u00e8s qu\u2019\u00e0 la M\u00e9diath\u00e8que de la ville.<\/strong><\/p>\n<p><b>Quel est votre parcours ?<\/b><\/p>\n<p><i>\u00ab Je suis originaire de Neufch\u00e2teau et je suis parti faire mes \u00e9tudes \u00e0 Paris dans une \u00e9cole de photographie, le CE3P \u00e0\u00a0\u00a0Ivry &#8211; sur &#8211; Seine en 1990. Je suis depuis photographe professionnelle depuis 1990 et j\u2019expose mon travail depuis les ann\u00e9es 2000 dans des galeries en France et \u00e0 l\u2019\u00e9tranger. Je participe \u00e9galement \u00e0 de nombreux salons et expositions \u00bb.<\/i><\/p>\n<p><strong>Votre studio est aujourd\u2019hui \u00e0 Neufch\u00e2teau ?<\/strong><\/p>\n<p><em>\u00ab Apr\u00e8s avoir pass\u00e9 trente ann\u00e9es de ma vie en r\u00e9gion parisienne, j\u2019ai d\u00e9cid\u00e9 il y a quatre ans maintenant de revenir dans ma r\u00e9gion. Je trouve ici le calme et la paix propices \u00e0 mon travail. Je peux tranquillement organiser mes s\u00e9ances de photos studio \u00bb.<\/em><\/p>\n<p><strong>Vous exposez dans de nombreuses galeries et salons ?<\/strong><\/p>\n<p><em>J\u2019ai en effet particip\u00e9 \u00e0 de nombreuses expositions lors de salons internationaux et dans de nombreuses\u00a0galeries. Tout s\u2019est enchain\u00e9 rapidement apr\u00e8s avoir re\u00e7u la M\u00e9daille\u00a0d\u2019Or de la photographie lors d\u2019une exposition au Grand Palais. C\u2019est la seconde ann\u00e9e que j\u2019expose au Salon de Vittel. De nombreux amis photographes m\u2019ont rejoint cette ann\u00e9e et\u00a0le public attendu nombreux, pourra d\u00e9couvrir une section d\u00e9di\u00e9e \u00e0 la photographie. Nous sommes six cette ann\u00e9e, et nous esp\u00e9rons \u00eatre encore plus nombreux dans les prochaines \u00e9ditions \u00bb.<\/em><\/p>\n<p><strong>Quelles sont les dates du Salon de Vittel ?<\/strong><\/p>\n<p><em>\u00ab Le salon sera ouvert au public du 8 au 23 juillet. Plus de 200 artistes seront pr\u00e9sents durant ces deux semaines. De nombreux prix seront d\u00e9cern\u00e9s \u00e0 cette occasion. Le salon de Vittel est un des plus importants de la R\u00e9gion Grand Est. et attire lors de chacune de ses \u00e9ditions un large public. Cette ann\u00e9e, une exposition est \u00e9galement organis\u00e9e \u00e0 la M\u00e9diath\u00e8que de Vittel du 8 juillet au 30 ao\u00fbt \u00bb.<\/em><\/p>\n","protected":false},"excerpt":{"rendered":"<p>Derni\u00e8re ligne droite pour l\u2019installation du 37\u00e8me Salon de Peintures et Sculptures de Vittel, ce vendredi 7 juillet 2023. Les [&hellip;]<\/p>\n","protected":false},"author":128,"featured_media":26279,"comment_status":"open","ping_status":"open","sticky":false,"template":"","format":"standard","meta":{"footnotes":""},"categories":[29,4,37,38,18],"tags":[7244,72,7245,36],"class_list":["post-26278","post","type-post","status-publish","format-standard","has-post-thumbnail","hentry","category-a-la-une","category-culture","category-la-plaine","category-vittel-la-plaine","category-vosges","tag-nathalie-dumas-photographe","tag-palais-des-congres-de-vittel","tag-salon-peinture-vittel","tag-ville-de-vittel"],"acf":[],"yoast_head":"<!-- This site is optimized with the Yoast SEO plugin v22.5 - https:\/\/yoast.com\/wordpress\/plugins\/seo\/ -->\n<title>Nathalie Dumas dans les starting - blocks pour le 37\u00e8me salon de Vittel - La Plaine des Vosges<\/title>\n<meta name=\"robots\" content=\"index, follow, max-snippet:-1, max-image-preview:large, max-video-preview:-1\" \/>\n<link rel=\"canonical\" href=\"https:\/\/vosgesinfo.fr\/laplainedesvosgesinfo\/2023\/07\/nathalie-dumas-dans-les-starting-blocks-pour-le-37eme-salon-de-vittel\/\" \/>\n<meta name=\"twitter:card\" content=\"summary_large_image\" \/>\n<meta name=\"twitter:title\" content=\"Nathalie Dumas dans les starting - blocks pour le 37\u00e8me salon de Vittel - La Plaine des Vosges\" \/>\n<meta name=\"twitter:description\" content=\"Derni\u00e8re ligne droite pour l\u2019installation du 37\u00e8me Salon de Peintures et Sculptures de Vittel, ce vendredi 7 juillet 2023. Les [&hellip;]\" \/>\n<meta name=\"twitter:image\" content=\"https:\/\/vosgesinfo.fr\/app\/uploads\/sites\/2\/2024\/07\/2023079e7a3cec-179c-4668-82ec-fcfadcc48797.jpeg\" \/>\n<meta name=\"twitter:creator\" content=\"@VosgesInfo88\" \/>\n<meta name=\"twitter:site\" content=\"@VosgesInfo88\" \/>\n<meta name=\"twitter:label1\" content=\"\u00c9crit par\" \/>\n\t<meta name=\"twitter:data1\" content=\"F L\" \/>\n\t<meta name=\"twitter:label2\" content=\"Dur\u00e9e de lecture estim\u00e9e\" \/>\n\t<meta name=\"twitter:data2\" content=\"2 minutes\" \/>\n<script type=\"application\/ld+json\" class=\"yoast-schema-graph\">{\"@context\":\"https:\/\/schema.org\",\"@graph\":[{\"@type\":\"Article\",\"@id\":\"https:\/\/vosgesinfo.fr\/laplainedesvosgesinfo\/2023\/07\/nathalie-dumas-dans-les-starting-blocks-pour-le-37eme-salon-de-vittel\/#article\",\"isPartOf\":{\"@id\":\"https:\/\/vosgesinfo.fr\/laplainedesvosgesinfo\/2023\/07\/nathalie-dumas-dans-les-starting-blocks-pour-le-37eme-salon-de-vittel\/\"},\"author\":{\"name\":\"F L\",\"@id\":\"https:\/\/vosgesinfo.fr\/laplainedesvosgesinfo\/#\/schema\/person\/79e32bebcee803e323d575130a214cb1\"},\"headline\":\"Nathalie Dumas dans les starting &#8211; blocks pour le 37\u00e8me salon de Vittel\",\"datePublished\":\"2023-07-08T04:27:22+00:00\",\"dateModified\":\"2023-07-08T04:27:22+00:00\",\"mainEntityOfPage\":{\"@id\":\"https:\/\/vosgesinfo.fr\/laplainedesvosgesinfo\/2023\/07\/nathalie-dumas-dans-les-starting-blocks-pour-le-37eme-salon-de-vittel\/\"},\"wordCount\":406,\"commentCount\":0,\"publisher\":{\"@id\":\"https:\/\/vosgesinfo.fr\/laplainedesvosgesinfo\/#organization\"},\"image\":{\"@id\":\"https:\/\/vosgesinfo.fr\/laplainedesvosgesinfo\/2023\/07\/nathalie-dumas-dans-les-starting-blocks-pour-le-37eme-salon-de-vittel\/#primaryimage\"},\"thumbnailUrl\":\"https:\/\/vosgesinfo.fr\/app\/uploads\/sites\/2\/2024\/07\/2023079e7a3cec-179c-4668-82ec-fcfadcc48797.jpeg\",\"keywords\":[\"Nathalie Dumas photographe\",\"Palais des congr\u00e8s de Vittel\",\"Salon peinture Vittel\",\"Ville de Vittel\"],\"articleSection\":[\"A la Une\",\"Culture\",\"La Plaine\",\"Vittel\",\"Vosges\"],\"inLanguage\":\"fr-FR\",\"potentialAction\":[{\"@type\":\"CommentAction\",\"name\":\"Comment\",\"target\":[\"https:\/\/vosgesinfo.fr\/laplainedesvosgesinfo\/2023\/07\/nathalie-dumas-dans-les-starting-blocks-pour-le-37eme-salon-de-vittel\/#respond\"]}]},{\"@type\":\"WebPage\",\"@id\":\"https:\/\/vosgesinfo.fr\/laplainedesvosgesinfo\/2023\/07\/nathalie-dumas-dans-les-starting-blocks-pour-le-37eme-salon-de-vittel\/\",\"url\":\"https:\/\/vosgesinfo.fr\/laplainedesvosgesinfo\/2023\/07\/nathalie-dumas-dans-les-starting-blocks-pour-le-37eme-salon-de-vittel\/\",\"name\":\"Nathalie Dumas dans les starting - blocks pour le 37\u00e8me salon de Vittel - La Plaine des Vosges\",\"isPartOf\":{\"@id\":\"https:\/\/vosgesinfo.fr\/laplainedesvosgesinfo\/#website\"},\"primaryImageOfPage\":{\"@id\":\"https:\/\/vosgesinfo.fr\/laplainedesvosgesinfo\/2023\/07\/nathalie-dumas-dans-les-starting-blocks-pour-le-37eme-salon-de-vittel\/#primaryimage\"},\"image\":{\"@id\":\"https:\/\/vosgesinfo.fr\/laplainedesvosgesinfo\/2023\/07\/nathalie-dumas-dans-les-starting-blocks-pour-le-37eme-salon-de-vittel\/#primaryimage\"},\"thumbnailUrl\":\"https:\/\/vosgesinfo.fr\/app\/uploads\/sites\/2\/2024\/07\/2023079e7a3cec-179c-4668-82ec-fcfadcc48797.jpeg\",\"datePublished\":\"2023-07-08T04:27:22+00:00\",\"dateModified\":\"2023-07-08T04:27:22+00:00\",\"breadcrumb\":{\"@id\":\"https:\/\/vosgesinfo.fr\/laplainedesvosgesinfo\/2023\/07\/nathalie-dumas-dans-les-starting-blocks-pour-le-37eme-salon-de-vittel\/#breadcrumb\"},\"inLanguage\":\"fr-FR\",\"potentialAction\":[{\"@type\":\"ReadAction\",\"target\":[\"https:\/\/vosgesinfo.fr\/laplainedesvosgesinfo\/2023\/07\/nathalie-dumas-dans-les-starting-blocks-pour-le-37eme-salon-de-vittel\/\"]}]},{\"@type\":\"ImageObject\",\"inLanguage\":\"fr-FR\",\"@id\":\"https:\/\/vosgesinfo.fr\/laplainedesvosgesinfo\/2023\/07\/nathalie-dumas-dans-les-starting-blocks-pour-le-37eme-salon-de-vittel\/#primaryimage\",\"url\":\"https:\/\/vosgesinfo.fr\/app\/uploads\/sites\/2\/2024\/07\/2023079e7a3cec-179c-4668-82ec-fcfadcc48797.jpeg\",\"contentUrl\":\"https:\/\/vosgesinfo.fr\/app\/uploads\/sites\/2\/2024\/07\/2023079e7a3cec-179c-4668-82ec-fcfadcc48797.jpeg\",\"width\":800,\"height\":767},{\"@type\":\"BreadcrumbList\",\"@id\":\"https:\/\/vosgesinfo.fr\/laplainedesvosgesinfo\/2023\/07\/nathalie-dumas-dans-les-starting-blocks-pour-le-37eme-salon-de-vittel\/#breadcrumb\",\"itemListElement\":[{\"@type\":\"ListItem\",\"position\":1,\"name\":\"Home\",\"item\":\"https:\/\/vosgesinfo.fr\/laplainedesvosgesinfo\/\"},{\"@type\":\"ListItem\",\"position\":2,\"name\":\"Nathalie Dumas dans les starting &#8211; blocks pour le 37\u00e8me salon de Vittel\"}]},{\"@type\":\"WebSite\",\"@id\":\"https:\/\/vosgesinfo.fr\/laplainedesvosgesinfo\/#website\",\"url\":\"https:\/\/vosgesinfo.fr\/laplainedesvosgesinfo\/\",\"name\":\"La Plaine des Vosges\",\"description\":\"Toute l&#039;actualit\u00e9 de la plaine de Vosges\",\"publisher\":{\"@id\":\"https:\/\/vosgesinfo.fr\/laplainedesvosgesinfo\/#organization\"},\"alternateName\":\"Toute l'actualit\u00e9 de la plaine des Vosges\",\"potentialAction\":[{\"@type\":\"SearchAction\",\"target\":{\"@type\":\"EntryPoint\",\"urlTemplate\":\"https:\/\/vosgesinfo.fr\/laplainedesvosgesinfo\/?s={search_term_string}\"},\"query-input\":\"required name=search_term_string\"}],\"inLanguage\":\"fr-FR\"},{\"@type\":\"Organization\",\"@id\":\"https:\/\/vosgesinfo.fr\/laplainedesvosgesinfo\/#organization\",\"name\":\"La Plaine des Vosges\",\"url\":\"https:\/\/vosgesinfo.fr\/laplainedesvosgesinfo\/\",\"logo\":{\"@type\":\"ImageObject\",\"inLanguage\":\"fr-FR\",\"@id\":\"https:\/\/vosgesinfo.fr\/laplainedesvosgesinfo\/#\/schema\/logo\/image\/\",\"url\":\"https:\/\/vosgesinfo.fr\/app\/uploads\/sites\/2\/2023\/08\/logo-laplaineinfo.svg\",\"contentUrl\":\"https:\/\/vosgesinfo.fr\/app\/uploads\/sites\/2\/2023\/08\/logo-laplaineinfo.svg\",\"width\":1,\"height\":1,\"caption\":\"La Plaine des Vosges\"},\"image\":{\"@id\":\"https:\/\/vosgesinfo.fr\/laplainedesvosgesinfo\/#\/schema\/logo\/image\/\"},\"sameAs\":[\"https:\/\/www.facebook.com\/laplainedesvosges\",\"https:\/\/x.com\/VosgesInfo88\",\"https:\/\/www.youtube.com\/@vosgesinfo\"]},{\"@type\":\"Person\",\"@id\":\"https:\/\/vosgesinfo.fr\/laplainedesvosgesinfo\/#\/schema\/person\/79e32bebcee803e323d575130a214cb1\",\"name\":\"F L\",\"image\":{\"@type\":\"ImageObject\",\"inLanguage\":\"fr-FR\",\"@id\":\"https:\/\/vosgesinfo.fr\/laplainedesvosgesinfo\/#\/schema\/person\/image\/\",\"url\":\"https:\/\/secure.gravatar.com\/avatar\/d357c72e152089867fde6ef62184057ee532a6f21b254c937a932e835554cfb3?s=96&d=mm&r=g\",\"contentUrl\":\"https:\/\/secure.gravatar.com\/avatar\/d357c72e152089867fde6ef62184057ee532a6f21b254c937a932e835554cfb3?s=96&d=mm&r=g\",\"caption\":\"F L\"},\"url\":\"https:\/\/vosgesinfo.fr\/laplainedesvosgesinfo\/author\/frlevyp88\/\"}]}<\/script>\n<!-- \/ Yoast SEO plugin. -->","yoast_head_json":{"title":"Nathalie Dumas dans les starting - blocks pour le 37\u00e8me salon de Vittel - La Plaine des Vosges","robots":{"index":"index","follow":"follow","max-snippet":"max-snippet:-1","max-image-preview":"max-image-preview:large","max-video-preview":"max-video-preview:-1"},"canonical":"https:\/\/vosgesinfo.fr\/laplainedesvosgesinfo\/2023\/07\/nathalie-dumas-dans-les-starting-blocks-pour-le-37eme-salon-de-vittel\/","twitter_card":"summary_large_image","twitter_title":"Nathalie Dumas dans les starting - blocks pour le 37\u00e8me salon de Vittel - La Plaine des Vosges","twitter_description":"Derni\u00e8re ligne droite pour l\u2019installation du 37\u00e8me Salon de Peintures et Sculptures de Vittel, ce vendredi 7 juillet 2023. Les [&hellip;]","twitter_image":"https:\/\/vosgesinfo.fr\/app\/uploads\/sites\/2\/2024\/07\/2023079e7a3cec-179c-4668-82ec-fcfadcc48797.jpeg","twitter_creator":"@VosgesInfo88","twitter_site":"@VosgesInfo88","twitter_misc":{"\u00c9crit par":"F L","Dur\u00e9e de lecture estim\u00e9e":"2 minutes"},"schema":{"@context":"https:\/\/schema.org","@graph":[{"@type":"Article","@id":"https:\/\/vosgesinfo.fr\/laplainedesvosgesinfo\/2023\/07\/nathalie-dumas-dans-les-starting-blocks-pour-le-37eme-salon-de-vittel\/#article","isPartOf":{"@id":"https:\/\/vosgesinfo.fr\/laplainedesvosgesinfo\/2023\/07\/nathalie-dumas-dans-les-starting-blocks-pour-le-37eme-salon-de-vittel\/"},"author":{"name":"F L","@id":"https:\/\/vosgesinfo.fr\/laplainedesvosgesinfo\/#\/schema\/person\/79e32bebcee803e323d575130a214cb1"},"headline":"Nathalie Dumas dans les starting &#8211; blocks pour le 37\u00e8me salon de Vittel","datePublished":"2023-07-08T04:27:22+00:00","dateModified":"2023-07-08T04:27:22+00:00","mainEntityOfPage":{"@id":"https:\/\/vosgesinfo.fr\/laplainedesvosgesinfo\/2023\/07\/nathalie-dumas-dans-les-starting-blocks-pour-le-37eme-salon-de-vittel\/"},"wordCount":406,"commentCount":0,"publisher":{"@id":"https:\/\/vosgesinfo.fr\/laplainedesvosgesinfo\/#organization"},"image":{"@id":"https:\/\/vosgesinfo.fr\/laplainedesvosgesinfo\/2023\/07\/nathalie-dumas-dans-les-starting-blocks-pour-le-37eme-salon-de-vittel\/#primaryimage"},"thumbnailUrl":"https:\/\/vosgesinfo.fr\/app\/uploads\/sites\/2\/2024\/07\/2023079e7a3cec-179c-4668-82ec-fcfadcc48797.jpeg","keywords":["Nathalie Dumas photographe","Palais des congr\u00e8s de Vittel","Salon peinture Vittel","Ville de Vittel"],"articleSection":["A la Une","Culture","La Plaine","Vittel","Vosges"],"inLanguage":"fr-FR","potentialAction":[{"@type":"CommentAction","name":"Comment","target":["https:\/\/vosgesinfo.fr\/laplainedesvosgesinfo\/2023\/07\/nathalie-dumas-dans-les-starting-blocks-pour-le-37eme-salon-de-vittel\/#respond"]}]},{"@type":"WebPage","@id":"https:\/\/vosgesinfo.fr\/laplainedesvosgesinfo\/2023\/07\/nathalie-dumas-dans-les-starting-blocks-pour-le-37eme-salon-de-vittel\/","url":"https:\/\/vosgesinfo.fr\/laplainedesvosgesinfo\/2023\/07\/nathalie-dumas-dans-les-starting-blocks-pour-le-37eme-salon-de-vittel\/","name":"Nathalie Dumas dans les starting - blocks pour le 37\u00e8me salon de Vittel - La Plaine des Vosges","isPartOf":{"@id":"https:\/\/vosgesinfo.fr\/laplainedesvosgesinfo\/#website"},"primaryImageOfPage":{"@id":"https:\/\/vosgesinfo.fr\/laplainedesvosgesinfo\/2023\/07\/nathalie-dumas-dans-les-starting-blocks-pour-le-37eme-salon-de-vittel\/#primaryimage"},"image":{"@id":"https:\/\/vosgesinfo.fr\/laplainedesvosgesinfo\/2023\/07\/nathalie-dumas-dans-les-starting-blocks-pour-le-37eme-salon-de-vittel\/#primaryimage"},"thumbnailUrl":"https:\/\/vosgesinfo.fr\/app\/uploads\/sites\/2\/2024\/07\/2023079e7a3cec-179c-4668-82ec-fcfadcc48797.jpeg","datePublished":"2023-07-08T04:27:22+00:00","dateModified":"2023-07-08T04:27:22+00:00","breadcrumb":{"@id":"https:\/\/vosgesinfo.fr\/laplainedesvosgesinfo\/2023\/07\/nathalie-dumas-dans-les-starting-blocks-pour-le-37eme-salon-de-vittel\/#breadcrumb"},"inLanguage":"fr-FR","potentialAction":[{"@type":"ReadAction","target":["https:\/\/vosgesinfo.fr\/laplainedesvosgesinfo\/2023\/07\/nathalie-dumas-dans-les-starting-blocks-pour-le-37eme-salon-de-vittel\/"]}]},{"@type":"ImageObject","inLanguage":"fr-FR","@id":"https:\/\/vosgesinfo.fr\/laplainedesvosgesinfo\/2023\/07\/nathalie-dumas-dans-les-starting-blocks-pour-le-37eme-salon-de-vittel\/#primaryimage","url":"https:\/\/vosgesinfo.fr\/app\/uploads\/sites\/2\/2024\/07\/2023079e7a3cec-179c-4668-82ec-fcfadcc48797.jpeg","contentUrl":"https:\/\/vosgesinfo.fr\/app\/uploads\/sites\/2\/2024\/07\/2023079e7a3cec-179c-4668-82ec-fcfadcc48797.jpeg","width":800,"height":767},{"@type":"BreadcrumbList","@id":"https:\/\/vosgesinfo.fr\/laplainedesvosgesinfo\/2023\/07\/nathalie-dumas-dans-les-starting-blocks-pour-le-37eme-salon-de-vittel\/#breadcrumb","itemListElement":[{"@type":"ListItem","position":1,"name":"Home","item":"https:\/\/vosgesinfo.fr\/laplainedesvosgesinfo\/"},{"@type":"ListItem","position":2,"name":"Nathalie Dumas dans les starting &#8211; blocks pour le 37\u00e8me salon de Vittel"}]},{"@type":"WebSite","@id":"https:\/\/vosgesinfo.fr\/laplainedesvosgesinfo\/#website","url":"https:\/\/vosgesinfo.fr\/laplainedesvosgesinfo\/","name":"La Plaine des Vosges","description":"Toute l&#039;actualit\u00e9 de la plaine de Vosges","publisher":{"@id":"https:\/\/vosgesinfo.fr\/laplainedesvosgesinfo\/#organization"},"alternateName":"Toute l'actualit\u00e9 de la plaine des Vosges","potentialAction":[{"@type":"SearchAction","target":{"@type":"EntryPoint","urlTemplate":"https:\/\/vosgesinfo.fr\/laplainedesvosgesinfo\/?s={search_term_string}"},"query-input":"required name=search_term_string"}],"inLanguage":"fr-FR"},{"@type":"Organization","@id":"https:\/\/vosgesinfo.fr\/laplainedesvosgesinfo\/#organization","name":"La Plaine des Vosges","url":"https:\/\/vosgesinfo.fr\/laplainedesvosgesinfo\/","logo":{"@type":"ImageObject","inLanguage":"fr-FR","@id":"https:\/\/vosgesinfo.fr\/laplainedesvosgesinfo\/#\/schema\/logo\/image\/","url":"https:\/\/vosgesinfo.fr\/app\/uploads\/sites\/2\/2023\/08\/logo-laplaineinfo.svg","contentUrl":"https:\/\/vosgesinfo.fr\/app\/uploads\/sites\/2\/2023\/08\/logo-laplaineinfo.svg","width":1,"height":1,"caption":"La Plaine des Vosges"},"image":{"@id":"https:\/\/vosgesinfo.fr\/laplainedesvosgesinfo\/#\/schema\/logo\/image\/"},"sameAs":["https:\/\/www.facebook.com\/laplainedesvosges","https:\/\/x.com\/VosgesInfo88","https:\/\/www.youtube.com\/@vosgesinfo"]},{"@type":"Person","@id":"https:\/\/vosgesinfo.fr\/laplainedesvosgesinfo\/#\/schema\/person\/79e32bebcee803e323d575130a214cb1","name":"F L","image":{"@type":"ImageObject","inLanguage":"fr-FR","@id":"https:\/\/vosgesinfo.fr\/laplainedesvosgesinfo\/#\/schema\/person\/image\/","url":"https:\/\/secure.gravatar.com\/avatar\/d357c72e152089867fde6ef62184057ee532a6f21b254c937a932e835554cfb3?s=96&d=mm&r=g","contentUrl":"https:\/\/secure.gravatar.com\/avatar\/d357c72e152089867fde6ef62184057ee532a6f21b254c937a932e835554cfb3?s=96&d=mm&r=g","caption":"F L"},"url":"https:\/\/vosgesinfo.fr\/laplainedesvosgesinfo\/author\/frlevyp88\/"}]}},"_links":{"self":[{"href":"https:\/\/vosgesinfo.fr\/laplainedesvosgesinfo\/wp-json\/wp\/v2\/posts\/26278","targetHints":{"allow":["GET"]}}],"collection":[{"href":"https:\/\/vosgesinfo.fr\/laplainedesvosgesinfo\/wp-json\/wp\/v2\/posts"}],"about":[{"href":"https:\/\/vosgesinfo.fr\/laplainedesvosgesinfo\/wp-json\/wp\/v2\/types\/post"}],"author":[{"embeddable":true,"href":"https:\/\/vosgesinfo.fr\/laplainedesvosgesinfo\/wp-json\/wp\/v2\/users\/128"}],"replies":[{"embeddable":true,"href":"https:\/\/vosgesinfo.fr\/laplainedesvosgesinfo\/wp-json\/wp\/v2\/comments?post=26278"}],"version-history":[{"count":0,"href":"https:\/\/vosgesinfo.fr\/laplainedesvosgesinfo\/wp-json\/wp\/v2\/posts\/26278\/revisions"}],"wp:featuredmedia":[{"embeddable":true,"href":"https:\/\/vosgesinfo.fr\/laplainedesvosgesinfo\/wp-json\/wp\/v2\/media\/26279"}],"wp:attachment":[{"href":"https:\/\/vosgesinfo.fr\/laplainedesvosgesinfo\/wp-json\/wp\/v2\/media?parent=26278"}],"wp:term":[{"taxonomy":"category","embeddable":true,"href":"https:\/\/vosgesinfo.fr\/laplainedesvosgesinfo\/wp-json\/wp\/v2\/categories?post=26278"},{"taxonomy":"post_tag","embeddable":true,"href":"https:\/\/vosgesinfo.fr\/laplainedesvosgesinfo\/wp-json\/wp\/v2\/tags?post=26278"}],"curies":[{"name":"wp","href":"https:\/\/api.w.org\/{rel}","templated":true}]}}